{"id":58296,"date":"2017-06-07T09:04:42","date_gmt":"2017-06-07T09:04:42","guid":{"rendered":"https:\/\/clone.gimnasticdetarragona.cat\/esgotades-les-entrades-de-preferent-i-oberta-la-preferent-superior\/"},"modified":"2017-06-07T09:04:42","modified_gmt":"2017-06-07T09:04:42","slug":"esgotades-les-entrades-de-preferent-i-oberta-la-preferent-superior","status":"publish","type":"post","link":"https:\/\/gimnasticdetarragona.cat\/es\/esgotades-les-entrades-de-preferent-i-oberta-la-preferent-superior\/","title":{"rendered":"Agotadas las entradas de Preferente y abierta la Preferente Superior"},"content":{"rendered":"<p style=\"text-align: justify;\">El Gimn\u00e0stic de Tarragona, SAD informa que se han agotado las localidades a la venta de Preferente y Tribuna. Con motivo del buen ritmo de venta de entradas, para este partido se volver\u00e1 a abrir la grada de Preferente Superior por los aficionados del N\u00e0stic.<\/p>\n<p style=\"text-align: justify;\">\u00danicamente hay disponibles entradas a las zonas de Gol y Preferente Superior para todos aquellos socios que quieran conseguir entradas extra por 5 euros por encuentro del pr\u00f3ximo s\u00e1bado 10 de junio, a las 20.30 horas, en el Nou Estadi, entre el N\u00e0stic y el UCAM Murcia CF. Los socios de Gol las pueden retirar de su respectiva zona, mientras que los socios de Tribuna y Preferente las pueden comprar de cualquiera de las dos zonas con disponibilidad; Gol y Preferente Superior. Esta promoci\u00f3n est\u00e1 limitada al n\u00famero de entradas disponibles, por el aforo, en cada una de las zonas del Nou Estadi.<\/p>\n<p style=\"text-align: justify;\">El precio de las entradas para este \u00faltimo partido de liga en las zonas de Gol y Preferente Superior es de 15 \u20ac.<\/p>\n<p style=\"text-align: justify;\">Por otra parte, recordamos las promociones para los socios y aficionados a la N\u00e0stic Hummel Store. Todos los aficionados que hagan una compra superior a 15 euros en la tienda obtendr\u00e1n una entrada de Gol o Preferente Superior. Adem\u00e1s, con la compra de una de las camisetas oficial del N\u00e0stic de esta temporada, al precio de 35 euros, significar\u00e1 dos entradas gratis en la zona de Gol o Preferente Superior.<\/p>\n<p style=\"text-align: justify;\">Recordemos que el horario de las oficinas es de lunes a viernes, de 9 a 13.30 horas y de 16 a 19 horas y los d\u00edas de partido dos horas antes de comenzar el encuentro. La N\u00e0stic Hummel Store est\u00e1 abierta de lunes a viernes de 10 a 13.30 y de 17 a 20 horas; mientras que el d\u00eda de partido abrir\u00e1 dos horas antes de iniciarse el encuentro.<\/p>\n","protected":false},"excerpt":{"rendered":"<p>El Gimn\u00e0stic de Tarragona, SAD informa que se han agotado las localidades a la venta de Preferente y Tribuna. Con motivo del buen ritmo de venta de entradas, para este partido se volver\u00e1 a abrir la grada de Preferente Superior por los aficionados del N\u00e0stic.<\/p>\n","protected":false},"author":1,"featured_media":58293,"comment_status":"open","ping_status":"open","sticky":false,"template":"","format":"standard","meta":{"_acf_changed":false,"footnotes":""},"categories":[113,121],"tags":[],"class_list":["post-58296","post","type-post","status-publish","format-standard","has-post-thumbnail","hentry","category-actualidad","category-home"],"acf":[],"yoast_head":"<!-- This site is optimized with the Yoast SEO plugin v27.3 - https:\/\/yoast.com\/product\/yoast-seo-wordpress\/ -->\n<title>Agotadas las entradas de Preferente y abierta la Preferente Superior - Gimn\u00e0stic de Tarragona SAD<\/title>\n<meta name=\"robots\" content=\"index, follow, max-snippet:-1, max-image-preview:large, max-video-preview:-1\" \/>\n<link rel=\"canonical\" href=\"https:\/\/gimnasticdetarragona.cat\/es\/esgotades-les-entrades-de-preferent-i-oberta-la-preferent-superior\/\" \/>\n<meta property=\"og:locale\" content=\"es_ES\" \/>\n<meta property=\"og:type\" content=\"article\" \/>\n<meta property=\"og:title\" content=\"Agotadas las entradas de Preferente y abierta la Preferente Superior - Gimn\u00e0stic de Tarragona SAD\" \/>\n<meta property=\"og:description\" content=\"El Gimn\u00e0stic de Tarragona, SAD informa que se han agotado las localidades a la venta de Preferente y Tribuna. Con motivo del buen ritmo de venta de entradas, para este partido se volver\u00e1 a abrir la grada de Preferente Superior por los aficionados del N\u00e0stic.\" \/>\n<meta property=\"og:url\" content=\"https:\/\/gimnasticdetarragona.cat\/es\/esgotades-les-entrades-de-preferent-i-oberta-la-preferent-superior\/\" \/>\n<meta property=\"og:site_name\" content=\"Gimn\u00e0stic de Tarragona SAD\" \/>\n<meta property=\"article:published_time\" content=\"2017-06-07T09:04:42+00:00\" \/>\n<meta property=\"og:image\" content=\"https:\/\/gimnasticdetarragona.cat\/wp-content\/uploads\/2022\/06\/05235802122232.png\" \/>\n\t<meta property=\"og:image:width\" content=\"1200\" \/>\n\t<meta property=\"og:image:height\" content=\"627\" \/>\n\t<meta property=\"og:image:type\" content=\"image\/png\" \/>\n<meta name=\"author\" content=\"desarrollo\" \/>\n<meta name=\"twitter:card\" content=\"summary_large_image\" \/>\n<meta name=\"twitter:creator\" content=\"@NASTICTARRAGONA\" \/>\n<meta name=\"twitter:site\" content=\"@NASTICTARRAGONA\" \/>\n<meta name=\"twitter:label1\" content=\"Escrito por\" \/>\n\t<meta name=\"twitter:data1\" content=\"desarrollo\" \/>\n\t<meta name=\"twitter:label2\" content=\"Tiempo de lectura\" \/>\n\t<meta name=\"twitter:data2\" content=\"2 minutos\" \/>\n<script type=\"application\/ld+json\" class=\"yoast-schema-graph\">{\"@context\":\"https:\\\/\\\/schema.org\",\"@graph\":[{\"@type\":\"Article\",\"@id\":\"https:\\\/\\\/gimnasticdetarragona.cat\\\/es\\\/esgotades-les-entrades-de-preferent-i-oberta-la-preferent-superior\\\/#article\",\"isPartOf\":{\"@id\":\"https:\\\/\\\/gimnasticdetarragona.cat\\\/es\\\/esgotades-les-entrades-de-preferent-i-oberta-la-preferent-superior\\\/\"},\"author\":{\"name\":\"desarrollo\",\"@id\":\"https:\\\/\\\/gimnasticdetarragona.cat\\\/es\\\/#\\\/schema\\\/person\\\/47b6a637abf88f9bd835540f20ea069e\"},\"headline\":\"Agotadas las entradas de Preferente y abierta la Preferente Superior\",\"datePublished\":\"2017-06-07T09:04:42+00:00\",\"mainEntityOfPage\":{\"@id\":\"https:\\\/\\\/gimnasticdetarragona.cat\\\/es\\\/esgotades-les-entrades-de-preferent-i-oberta-la-preferent-superior\\\/\"},\"wordCount\":319,\"commentCount\":0,\"publisher\":{\"@id\":\"https:\\\/\\\/gimnasticdetarragona.cat\\\/es\\\/#organization\"},\"image\":{\"@id\":\"https:\\\/\\\/gimnasticdetarragona.cat\\\/es\\\/esgotades-les-entrades-de-preferent-i-oberta-la-preferent-superior\\\/#primaryimage\"},\"thumbnailUrl\":\"https:\\\/\\\/gimnasticdetarragona.cat\\\/wp-content\\\/uploads\\\/2022\\\/06\\\/05235802122232.png\",\"articleSection\":[\"Actualidad\",\"Home\"],\"inLanguage\":\"es\"},{\"@type\":\"WebPage\",\"@id\":\"https:\\\/\\\/gimnasticdetarragona.cat\\\/es\\\/esgotades-les-entrades-de-preferent-i-oberta-la-preferent-superior\\\/\",\"url\":\"https:\\\/\\\/gimnasticdetarragona.cat\\\/es\\\/esgotades-les-entrades-de-preferent-i-oberta-la-preferent-superior\\\/\",\"name\":\"Agotadas las entradas de Preferente y abierta la Preferente Superior - Gimn\u00e0stic de Tarragona SAD\",\"isPartOf\":{\"@id\":\"https:\\\/\\\/gimnasticdetarragona.cat\\\/es\\\/#website\"},\"primaryImageOfPage\":{\"@id\":\"https:\\\/\\\/gimnasticdetarragona.cat\\\/es\\\/esgotades-les-entrades-de-preferent-i-oberta-la-preferent-superior\\\/#primaryimage\"},\"image\":{\"@id\":\"https:\\\/\\\/gimnasticdetarragona.cat\\\/es\\\/esgotades-les-entrades-de-preferent-i-oberta-la-preferent-superior\\\/#primaryimage\"},\"thumbnailUrl\":\"https:\\\/\\\/gimnasticdetarragona.cat\\\/wp-content\\\/uploads\\\/2022\\\/06\\\/05235802122232.png\",\"datePublished\":\"2017-06-07T09:04:42+00:00\",\"breadcrumb\":{\"@id\":\"https:\\\/\\\/gimnasticdetarragona.cat\\\/es\\\/esgotades-les-entrades-de-preferent-i-oberta-la-preferent-superior\\\/#breadcrumb\"},\"inLanguage\":\"es\",\"potentialAction\":[{\"@type\":\"ReadAction\",\"target\":[\"https:\\\/\\\/gimnasticdetarragona.cat\\\/es\\\/esgotades-les-entrades-de-preferent-i-oberta-la-preferent-superior\\\/\"]}]},{\"@type\":\"ImageObject\",\"inLanguage\":\"es\",\"@id\":\"https:\\\/\\\/gimnasticdetarragona.cat\\\/es\\\/esgotades-les-entrades-de-preferent-i-oberta-la-preferent-superior\\\/#primaryimage\",\"url\":\"https:\\\/\\\/gimnasticdetarragona.cat\\\/wp-content\\\/uploads\\\/2022\\\/06\\\/05235802122232.png\",\"contentUrl\":\"https:\\\/\\\/gimnasticdetarragona.cat\\\/wp-content\\\/uploads\\\/2022\\\/06\\\/05235802122232.png\",\"width\":1200,\"height\":627},{\"@type\":\"BreadcrumbList\",\"@id\":\"https:\\\/\\\/gimnasticdetarragona.cat\\\/es\\\/esgotades-les-entrades-de-preferent-i-oberta-la-preferent-superior\\\/#breadcrumb\",\"itemListElement\":[{\"@type\":\"ListItem\",\"position\":1,\"name\":\"Inici\",\"item\":\"https:\\\/\\\/gimnasticdetarragona.cat\\\/es\\\/nastic\\\/\"},{\"@type\":\"ListItem\",\"position\":2,\"name\":\"Agotadas las entradas de Preferente y abierta la Preferente Superior\"}]},{\"@type\":\"WebSite\",\"@id\":\"https:\\\/\\\/gimnasticdetarragona.cat\\\/es\\\/#website\",\"url\":\"https:\\\/\\\/gimnasticdetarragona.cat\\\/es\\\/\",\"name\":\"Gimn\u00e0stic de Tarragona SAD\",\"description\":\"Gimn\u00e0stic de Tarragona\",\"publisher\":{\"@id\":\"https:\\\/\\\/gimnasticdetarragona.cat\\\/es\\\/#organization\"},\"potentialAction\":[{\"@type\":\"SearchAction\",\"target\":{\"@type\":\"EntryPoint\",\"urlTemplate\":\"https:\\\/\\\/gimnasticdetarragona.cat\\\/es\\\/?s={search_term_string}\"},\"query-input\":{\"@type\":\"PropertyValueSpecification\",\"valueRequired\":true,\"valueName\":\"search_term_string\"}}],\"inLanguage\":\"es\"},{\"@type\":\"Organization\",\"@id\":\"https:\\\/\\\/gimnasticdetarragona.cat\\\/es\\\/#organization\",\"name\":\"GIMN\u00c0STIC DE TARRAGONA\",\"alternateName\":\"N\u00c0STIC\",\"url\":\"https:\\\/\\\/gimnasticdetarragona.cat\\\/es\\\/\",\"logo\":{\"@type\":\"ImageObject\",\"inLanguage\":\"es\",\"@id\":\"https:\\\/\\\/gimnasticdetarragona.cat\\\/es\\\/#\\\/schema\\\/logo\\\/image\\\/\",\"url\":\"https:\\\/\\\/gimnasticdetarragona.cat\\\/wp-content\\\/uploads\\\/2022\\\/06\\\/cropped-logo-gimnastic.png\",\"contentUrl\":\"https:\\\/\\\/gimnasticdetarragona.cat\\\/wp-content\\\/uploads\\\/2022\\\/06\\\/cropped-logo-gimnastic.png\",\"width\":224,\"height\":83,\"caption\":\"GIMN\u00c0STIC DE TARRAGONA\"},\"image\":{\"@id\":\"https:\\\/\\\/gimnasticdetarragona.cat\\\/es\\\/#\\\/schema\\\/logo\\\/image\\\/\"},\"sameAs\":[\"https:\\\/\\\/x.com\\\/NASTICTARRAGONA\",\"https:\\\/\\\/www.instagram.com\\\/nastictarragona\\\/\"]},{\"@type\":\"Person\",\"@id\":\"https:\\\/\\\/gimnasticdetarragona.cat\\\/es\\\/#\\\/schema\\\/person\\\/47b6a637abf88f9bd835540f20ea069e\",\"name\":\"desarrollo\",\"sameAs\":[\"https:\\\/\\\/clone.gimnasticdetarragona.cat\"]}]}<\/script>\n<!-- \/ Yoast SEO plugin. -->","yoast_head_json":{"title":"Agotadas las entradas de Preferente y abierta la Preferente Superior - Gimn\u00e0stic de Tarragona SAD","robots":{"index":"index","follow":"follow","max-snippet":"max-snippet:-1","max-image-preview":"max-image-preview:large","max-video-preview":"max-video-preview:-1"},"canonical":"https:\/\/gimnasticdetarragona.cat\/es\/esgotades-les-entrades-de-preferent-i-oberta-la-preferent-superior\/","og_locale":"es_ES","og_type":"article","og_title":"Agotadas las entradas de Preferente y abierta la Preferente Superior - Gimn\u00e0stic de Tarragona SAD","og_description":"El Gimn\u00e0stic de Tarragona, SAD informa que se han agotado las localidades a la venta de Preferente y Tribuna. Con motivo del buen ritmo de venta de entradas, para este partido se volver\u00e1 a abrir la grada de Preferente Superior por los aficionados del N\u00e0stic.","og_url":"https:\/\/gimnasticdetarragona.cat\/es\/esgotades-les-entrades-de-preferent-i-oberta-la-preferent-superior\/","og_site_name":"Gimn\u00e0stic de Tarragona SAD","article_published_time":"2017-06-07T09:04:42+00:00","og_image":[{"width":1200,"height":627,"url":"https:\/\/gimnasticdetarragona.cat\/wp-content\/uploads\/2022\/06\/05235802122232.png","type":"image\/png"}],"author":"desarrollo","twitter_card":"summary_large_image","twitter_creator":"@NASTICTARRAGONA","twitter_site":"@NASTICTARRAGONA","twitter_misc":{"Escrito por":"desarrollo","Tiempo de lectura":"2 minutos"},"schema":{"@context":"https:\/\/schema.org","@graph":[{"@type":"Article","@id":"https:\/\/gimnasticdetarragona.cat\/es\/esgotades-les-entrades-de-preferent-i-oberta-la-preferent-superior\/#article","isPartOf":{"@id":"https:\/\/gimnasticdetarragona.cat\/es\/esgotades-les-entrades-de-preferent-i-oberta-la-preferent-superior\/"},"author":{"name":"desarrollo","@id":"https:\/\/gimnasticdetarragona.cat\/es\/#\/schema\/person\/47b6a637abf88f9bd835540f20ea069e"},"headline":"Agotadas las entradas de Preferente y abierta la Preferente Superior","datePublished":"2017-06-07T09:04:42+00:00","mainEntityOfPage":{"@id":"https:\/\/gimnasticdetarragona.cat\/es\/esgotades-les-entrades-de-preferent-i-oberta-la-preferent-superior\/"},"wordCount":319,"commentCount":0,"publisher":{"@id":"https:\/\/gimnasticdetarragona.cat\/es\/#organization"},"image":{"@id":"https:\/\/gimnasticdetarragona.cat\/es\/esgotades-les-entrades-de-preferent-i-oberta-la-preferent-superior\/#primaryimage"},"thumbnailUrl":"https:\/\/gimnasticdetarragona.cat\/wp-content\/uploads\/2022\/06\/05235802122232.png","articleSection":["Actualidad","Home"],"inLanguage":"es"},{"@type":"WebPage","@id":"https:\/\/gimnasticdetarragona.cat\/es\/esgotades-les-entrades-de-preferent-i-oberta-la-preferent-superior\/","url":"https:\/\/gimnasticdetarragona.cat\/es\/esgotades-les-entrades-de-preferent-i-oberta-la-preferent-superior\/","name":"Agotadas las entradas de Preferente y abierta la Preferente Superior - Gimn\u00e0stic de Tarragona SAD","isPartOf":{"@id":"https:\/\/gimnasticdetarragona.cat\/es\/#website"},"primaryImageOfPage":{"@id":"https:\/\/gimnasticdetarragona.cat\/es\/esgotades-les-entrades-de-preferent-i-oberta-la-preferent-superior\/#primaryimage"},"image":{"@id":"https:\/\/gimnasticdetarragona.cat\/es\/esgotades-les-entrades-de-preferent-i-oberta-la-preferent-superior\/#primaryimage"},"thumbnailUrl":"https:\/\/gimnasticdetarragona.cat\/wp-content\/uploads\/2022\/06\/05235802122232.png","datePublished":"2017-06-07T09:04:42+00:00","breadcrumb":{"@id":"https:\/\/gimnasticdetarragona.cat\/es\/esgotades-les-entrades-de-preferent-i-oberta-la-preferent-superior\/#breadcrumb"},"inLanguage":"es","potentialAction":[{"@type":"ReadAction","target":["https:\/\/gimnasticdetarragona.cat\/es\/esgotades-les-entrades-de-preferent-i-oberta-la-preferent-superior\/"]}]},{"@type":"ImageObject","inLanguage":"es","@id":"https:\/\/gimnasticdetarragona.cat\/es\/esgotades-les-entrades-de-preferent-i-oberta-la-preferent-superior\/#primaryimage","url":"https:\/\/gimnasticdetarragona.cat\/wp-content\/uploads\/2022\/06\/05235802122232.png","contentUrl":"https:\/\/gimnasticdetarragona.cat\/wp-content\/uploads\/2022\/06\/05235802122232.png","width":1200,"height":627},{"@type":"BreadcrumbList","@id":"https:\/\/gimnasticdetarragona.cat\/es\/esgotades-les-entrades-de-preferent-i-oberta-la-preferent-superior\/#breadcrumb","itemListElement":[{"@type":"ListItem","position":1,"name":"Inici","item":"https:\/\/gimnasticdetarragona.cat\/es\/nastic\/"},{"@type":"ListItem","position":2,"name":"Agotadas las entradas de Preferente y abierta la Preferente Superior"}]},{"@type":"WebSite","@id":"https:\/\/gimnasticdetarragona.cat\/es\/#website","url":"https:\/\/gimnasticdetarragona.cat\/es\/","name":"Gimn\u00e0stic de Tarragona SAD","description":"Gimn\u00e0stic de Tarragona","publisher":{"@id":"https:\/\/gimnasticdetarragona.cat\/es\/#organization"},"potentialAction":[{"@type":"SearchAction","target":{"@type":"EntryPoint","urlTemplate":"https:\/\/gimnasticdetarragona.cat\/es\/?s={search_term_string}"},"query-input":{"@type":"PropertyValueSpecification","valueRequired":true,"valueName":"search_term_string"}}],"inLanguage":"es"},{"@type":"Organization","@id":"https:\/\/gimnasticdetarragona.cat\/es\/#organization","name":"GIMN\u00c0STIC DE TARRAGONA","alternateName":"N\u00c0STIC","url":"https:\/\/gimnasticdetarragona.cat\/es\/","logo":{"@type":"ImageObject","inLanguage":"es","@id":"https:\/\/gimnasticdetarragona.cat\/es\/#\/schema\/logo\/image\/","url":"https:\/\/gimnasticdetarragona.cat\/wp-content\/uploads\/2022\/06\/cropped-logo-gimnastic.png","contentUrl":"https:\/\/gimnasticdetarragona.cat\/wp-content\/uploads\/2022\/06\/cropped-logo-gimnastic.png","width":224,"height":83,"caption":"GIMN\u00c0STIC DE TARRAGONA"},"image":{"@id":"https:\/\/gimnasticdetarragona.cat\/es\/#\/schema\/logo\/image\/"},"sameAs":["https:\/\/x.com\/NASTICTARRAGONA","https:\/\/www.instagram.com\/nastictarragona\/"]},{"@type":"Person","@id":"https:\/\/gimnasticdetarragona.cat\/es\/#\/schema\/person\/47b6a637abf88f9bd835540f20ea069e","name":"desarrollo","sameAs":["https:\/\/clone.gimnasticdetarragona.cat"]}]}},"_links":{"self":[{"href":"https:\/\/gimnasticdetarragona.cat\/es\/wp-json\/wp\/v2\/posts\/58296","targetHints":{"allow":["GET"]}}],"collection":[{"href":"https:\/\/gimnasticdetarragona.cat\/es\/wp-json\/wp\/v2\/posts"}],"about":[{"href":"https:\/\/gimnasticdetarragona.cat\/es\/wp-json\/wp\/v2\/types\/post"}],"author":[{"embeddable":true,"href":"https:\/\/gimnasticdetarragona.cat\/es\/wp-json\/wp\/v2\/users\/1"}],"replies":[{"embeddable":true,"href":"https:\/\/gimnasticdetarragona.cat\/es\/wp-json\/wp\/v2\/comments?post=58296"}],"version-history":[{"count":0,"href":"https:\/\/gimnasticdetarragona.cat\/es\/wp-json\/wp\/v2\/posts\/58296\/revisions"}],"wp:featuredmedia":[{"embeddable":true,"href":"https:\/\/gimnasticdetarragona.cat\/es\/wp-json\/wp\/v2\/media\/58293"}],"wp:attachment":[{"href":"https:\/\/gimnasticdetarragona.cat\/es\/wp-json\/wp\/v2\/media?parent=58296"}],"wp:term":[{"taxonomy":"category","embeddable":true,"href":"https:\/\/gimnasticdetarragona.cat\/es\/wp-json\/wp\/v2\/categories?post=58296"},{"taxonomy":"post_tag","embeddable":true,"href":"https:\/\/gimnasticdetarragona.cat\/es\/wp-json\/wp\/v2\/tags?post=58296"}],"curies":[{"name":"wp","href":"https:\/\/api.w.org\/{rel}","templated":true}]}}