{"id":58547,"date":"2017-05-10T19:11:02","date_gmt":"2017-05-10T19:11:02","guid":{"rendered":"https:\/\/clone.gimnasticdetarragona.cat\/junts-barris-bbva-cx-arriba-a-sant-pere-i-sant-pau\/"},"modified":"2017-05-10T19:11:02","modified_gmt":"2017-05-10T19:11:02","slug":"junts-barris-bbva-cx-arriba-a-sant-pere-i-sant-pau","status":"publish","type":"post","link":"https:\/\/gimnasticdetarragona.cat\/es\/junts-barris-bbva-cx-arriba-a-sant-pere-i-sant-pau\/","title":{"rendered":"\u2018Junts Barris BBVA CX\u2019 llega a Sant Pere i Sant Pau"},"content":{"rendered":"<p style=\"text-align: justify;\">El primer equipo del N\u00e0stic ha realizado hoy, mi\u00e9rcoles, la cuarta salida del proyecto &#8216;Junts Barris BBVA CX&#8217;. Cinco jugadores grana han visitado, repartidos en dos grupos, la escuela Sant Pere\u00a0i Sant Pau y los j\u00f3venes jugadores del Club Escola de Futbol SP i SP.<\/p>\n<p style=\"text-align: justify;\">La primera salida, programada a las 15.15 horas, ha sido con los jugadores Stephane Eman\u00e1, Daisuke Suzuki y Juan Delgado. Los futbolistas han compartido m\u00e1s de una hora con los alumnos de la escuela del barrio tarraconense. Un total de 275 ni\u00f1as y ni\u00f1os, repartidos entre las diferentes clases del centro escolar, han podido preguntar sus inquietudes a sus \u00eddolos grana. Adem\u00e1s, tambi\u00e9n han tenido tiempo para las fotograf\u00edas y los m\u00e1s preparados han conseguido los aut\u00f3grafos. Cabe destacar que el japon\u00e9s Suzuki ha sido aclamado en numerosas ocasiones; para finalizar el acto, a las 16.30 horas, el grupo de alumnos mayores del colegio han dado \u00e1nimos a los jugadores para buscar la victoria en el enfrentamiento del s\u00e1bado en el Nou Estadi, donde muchos de estos j\u00f3venes estar\u00e1n presentes.<\/p>\n<p style=\"text-align: justify;\">Mientras que a partir de las 18 horas, Mossa, Cordero y Uche han sido los representantes del N\u00e0stic que se han acercado hasta el campo de f\u00fatbol municipal de Sant Pere\u00a0i Sant Pau. Los tres integrantes de la disciplina nastiquera han firmado cientos de aut\u00f3grafos; en las camisetas, botas de f\u00fatbol, postales y, incluso los brazos de los ni\u00f1os, se han impregnado con las firmas de algunos de sus \u00eddolos grana. Aparte, tambi\u00e9n se han realizado las fotograf\u00edas protocolarias y las que los padres de los ni\u00f1os de la base han realizado para el recuerdo de sus hijos.<\/p>\n<p style=\"text-align: justify;\">Las dos visitas se han realizado en dos escenarios diferentes del barrio tarraconense, dentro de una nueva visita del presente proyecto &#8216;Junts Barris BBVA CX&#8217;. Tambi\u00e9n cabe destacar la asistencia de Jordi Ruiz, responsable del \u00c1rea Social grana; Anna Penalba, directora de la oficina BBVA CX de Sant Pere\u00a0i Sant Pau; y Enric Pujol, miembro de BBVA CX en Tarragona.<\/p>\n","protected":false},"excerpt":{"rendered":"<p>El primer equipo del N\u00e0stic ha realizado hoy, mi\u00e9rcoles, la cuarta salida del proyecto &#8216;Junts Barris BBVA CX&#8217;. Cinco jugadores grana han visitado, repartidos en dos grupos, la escuela Sant Pere i Sant Pau y los j\u00f3venes jugadores del Club Escola de Futbol SP i SP.<\/p>\n","protected":false},"author":1,"featured_media":58544,"comment_status":"open","ping_status":"open","sticky":false,"template":"","format":"standard","meta":{"_acf_changed":false,"footnotes":""},"categories":[113,139],"tags":[],"class_list":["post-58547","post","type-post","status-publish","format-standard","has-post-thumbnail","hentry","category-actualidad","category-social"],"acf":[],"yoast_head":"<!-- This site is optimized with the Yoast SEO plugin v27.3 - https:\/\/yoast.com\/product\/yoast-seo-wordpress\/ -->\n<title>\u2018Junts Barris BBVA CX\u2019 llega a Sant Pere i Sant Pau - Gimn\u00e0stic de Tarragona SAD<\/title>\n<meta name=\"robots\" content=\"index, follow, max-snippet:-1, max-image-preview:large, max-video-preview:-1\" \/>\n<link rel=\"canonical\" href=\"https:\/\/gimnasticdetarragona.cat\/es\/junts-barris-bbva-cx-arriba-a-sant-pere-i-sant-pau\/\" \/>\n<meta property=\"og:locale\" content=\"es_ES\" \/>\n<meta property=\"og:type\" content=\"article\" \/>\n<meta property=\"og:title\" content=\"\u2018Junts Barris BBVA CX\u2019 llega a Sant Pere i Sant Pau - Gimn\u00e0stic de Tarragona SAD\" \/>\n<meta property=\"og:description\" content=\"El primer equipo del N\u00e0stic ha realizado hoy, mi\u00e9rcoles, la cuarta salida del proyecto &#039;Junts Barris BBVA CX&#039;. Cinco jugadores grana han visitado, repartidos en dos grupos, la escuela Sant Pere i Sant Pau y los j\u00f3venes jugadores del Club Escola de Futbol SP i SP.\" \/>\n<meta property=\"og:url\" content=\"https:\/\/gimnasticdetarragona.cat\/es\/junts-barris-bbva-cx-arriba-a-sant-pere-i-sant-pau\/\" \/>\n<meta property=\"og:site_name\" content=\"Gimn\u00e0stic de Tarragona SAD\" \/>\n<meta property=\"article:published_time\" content=\"2017-05-10T19:11:02+00:00\" \/>\n<meta property=\"og:image\" content=\"https:\/\/gimnasticdetarragona.cat\/wp-content\/uploads\/2022\/06\/05235533121291-scaled.jpg\" \/>\n\t<meta property=\"og:image:width\" content=\"2560\" \/>\n\t<meta property=\"og:image:height\" content=\"1707\" \/>\n\t<meta property=\"og:image:type\" content=\"image\/jpeg\" \/>\n<meta name=\"author\" content=\"desarrollo\" \/>\n<meta name=\"twitter:card\" content=\"summary_large_image\" \/>\n<meta name=\"twitter:creator\" content=\"@NASTICTARRAGONA\" \/>\n<meta name=\"twitter:site\" content=\"@NASTICTARRAGONA\" \/>\n<meta name=\"twitter:label1\" content=\"Escrito por\" \/>\n\t<meta name=\"twitter:data1\" content=\"desarrollo\" \/>\n\t<meta name=\"twitter:label2\" content=\"Tiempo de lectura\" \/>\n\t<meta name=\"twitter:data2\" content=\"2 minutos\" \/>\n<script type=\"application\/ld+json\" class=\"yoast-schema-graph\">{\"@context\":\"https:\\\/\\\/schema.org\",\"@graph\":[{\"@type\":\"Article\",\"@id\":\"https:\\\/\\\/gimnasticdetarragona.cat\\\/es\\\/junts-barris-bbva-cx-arriba-a-sant-pere-i-sant-pau\\\/#article\",\"isPartOf\":{\"@id\":\"https:\\\/\\\/gimnasticdetarragona.cat\\\/es\\\/junts-barris-bbva-cx-arriba-a-sant-pere-i-sant-pau\\\/\"},\"author\":{\"name\":\"desarrollo\",\"@id\":\"https:\\\/\\\/gimnasticdetarragona.cat\\\/es\\\/#\\\/schema\\\/person\\\/47b6a637abf88f9bd835540f20ea069e\"},\"headline\":\"\u2018Junts Barris BBVA CX\u2019 llega a Sant Pere i Sant Pau\",\"datePublished\":\"2017-05-10T19:11:02+00:00\",\"mainEntityOfPage\":{\"@id\":\"https:\\\/\\\/gimnasticdetarragona.cat\\\/es\\\/junts-barris-bbva-cx-arriba-a-sant-pere-i-sant-pau\\\/\"},\"wordCount\":367,\"commentCount\":0,\"publisher\":{\"@id\":\"https:\\\/\\\/gimnasticdetarragona.cat\\\/es\\\/#organization\"},\"image\":{\"@id\":\"https:\\\/\\\/gimnasticdetarragona.cat\\\/es\\\/junts-barris-bbva-cx-arriba-a-sant-pere-i-sant-pau\\\/#primaryimage\"},\"thumbnailUrl\":\"https:\\\/\\\/gimnasticdetarragona.cat\\\/wp-content\\\/uploads\\\/2022\\\/06\\\/05235533121291-scaled.jpg\",\"articleSection\":[\"Actualidad\",\"Social\"],\"inLanguage\":\"es\"},{\"@type\":\"WebPage\",\"@id\":\"https:\\\/\\\/gimnasticdetarragona.cat\\\/es\\\/junts-barris-bbva-cx-arriba-a-sant-pere-i-sant-pau\\\/\",\"url\":\"https:\\\/\\\/gimnasticdetarragona.cat\\\/es\\\/junts-barris-bbva-cx-arriba-a-sant-pere-i-sant-pau\\\/\",\"name\":\"\u2018Junts Barris BBVA CX\u2019 llega a Sant Pere i Sant Pau - Gimn\u00e0stic de Tarragona SAD\",\"isPartOf\":{\"@id\":\"https:\\\/\\\/gimnasticdetarragona.cat\\\/es\\\/#website\"},\"primaryImageOfPage\":{\"@id\":\"https:\\\/\\\/gimnasticdetarragona.cat\\\/es\\\/junts-barris-bbva-cx-arriba-a-sant-pere-i-sant-pau\\\/#primaryimage\"},\"image\":{\"@id\":\"https:\\\/\\\/gimnasticdetarragona.cat\\\/es\\\/junts-barris-bbva-cx-arriba-a-sant-pere-i-sant-pau\\\/#primaryimage\"},\"thumbnailUrl\":\"https:\\\/\\\/gimnasticdetarragona.cat\\\/wp-content\\\/uploads\\\/2022\\\/06\\\/05235533121291-scaled.jpg\",\"datePublished\":\"2017-05-10T19:11:02+00:00\",\"breadcrumb\":{\"@id\":\"https:\\\/\\\/gimnasticdetarragona.cat\\\/es\\\/junts-barris-bbva-cx-arriba-a-sant-pere-i-sant-pau\\\/#breadcrumb\"},\"inLanguage\":\"es\",\"potentialAction\":[{\"@type\":\"ReadAction\",\"target\":[\"https:\\\/\\\/gimnasticdetarragona.cat\\\/es\\\/junts-barris-bbva-cx-arriba-a-sant-pere-i-sant-pau\\\/\"]}]},{\"@type\":\"ImageObject\",\"inLanguage\":\"es\",\"@id\":\"https:\\\/\\\/gimnasticdetarragona.cat\\\/es\\\/junts-barris-bbva-cx-arriba-a-sant-pere-i-sant-pau\\\/#primaryimage\",\"url\":\"https:\\\/\\\/gimnasticdetarragona.cat\\\/wp-content\\\/uploads\\\/2022\\\/06\\\/05235533121291-scaled.jpg\",\"contentUrl\":\"https:\\\/\\\/gimnasticdetarragona.cat\\\/wp-content\\\/uploads\\\/2022\\\/06\\\/05235533121291-scaled.jpg\",\"width\":2560,\"height\":1707},{\"@type\":\"BreadcrumbList\",\"@id\":\"https:\\\/\\\/gimnasticdetarragona.cat\\\/es\\\/junts-barris-bbva-cx-arriba-a-sant-pere-i-sant-pau\\\/#breadcrumb\",\"itemListElement\":[{\"@type\":\"ListItem\",\"position\":1,\"name\":\"Inici\",\"item\":\"https:\\\/\\\/gimnasticdetarragona.cat\\\/es\\\/nastic\\\/\"},{\"@type\":\"ListItem\",\"position\":2,\"name\":\"\u2018Junts Barris BBVA CX\u2019 llega a Sant Pere i Sant Pau\"}]},{\"@type\":\"WebSite\",\"@id\":\"https:\\\/\\\/gimnasticdetarragona.cat\\\/es\\\/#website\",\"url\":\"https:\\\/\\\/gimnasticdetarragona.cat\\\/es\\\/\",\"name\":\"Gimn\u00e0stic de Tarragona SAD\",\"description\":\"Gimn\u00e0stic de Tarragona\",\"publisher\":{\"@id\":\"https:\\\/\\\/gimnasticdetarragona.cat\\\/es\\\/#organization\"},\"potentialAction\":[{\"@type\":\"SearchAction\",\"target\":{\"@type\":\"EntryPoint\",\"urlTemplate\":\"https:\\\/\\\/gimnasticdetarragona.cat\\\/es\\\/?s={search_term_string}\"},\"query-input\":{\"@type\":\"PropertyValueSpecification\",\"valueRequired\":true,\"valueName\":\"search_term_string\"}}],\"inLanguage\":\"es\"},{\"@type\":\"Organization\",\"@id\":\"https:\\\/\\\/gimnasticdetarragona.cat\\\/es\\\/#organization\",\"name\":\"GIMN\u00c0STIC DE TARRAGONA\",\"alternateName\":\"N\u00c0STIC\",\"url\":\"https:\\\/\\\/gimnasticdetarragona.cat\\\/es\\\/\",\"logo\":{\"@type\":\"ImageObject\",\"inLanguage\":\"es\",\"@id\":\"https:\\\/\\\/gimnasticdetarragona.cat\\\/es\\\/#\\\/schema\\\/logo\\\/image\\\/\",\"url\":\"https:\\\/\\\/gimnasticdetarragona.cat\\\/wp-content\\\/uploads\\\/2022\\\/06\\\/cropped-logo-gimnastic.png\",\"contentUrl\":\"https:\\\/\\\/gimnasticdetarragona.cat\\\/wp-content\\\/uploads\\\/2022\\\/06\\\/cropped-logo-gimnastic.png\",\"width\":224,\"height\":83,\"caption\":\"GIMN\u00c0STIC DE TARRAGONA\"},\"image\":{\"@id\":\"https:\\\/\\\/gimnasticdetarragona.cat\\\/es\\\/#\\\/schema\\\/logo\\\/image\\\/\"},\"sameAs\":[\"https:\\\/\\\/x.com\\\/NASTICTARRAGONA\",\"https:\\\/\\\/www.instagram.com\\\/nastictarragona\\\/\"]},{\"@type\":\"Person\",\"@id\":\"https:\\\/\\\/gimnasticdetarragona.cat\\\/es\\\/#\\\/schema\\\/person\\\/47b6a637abf88f9bd835540f20ea069e\",\"name\":\"desarrollo\",\"sameAs\":[\"https:\\\/\\\/clone.gimnasticdetarragona.cat\"]}]}<\/script>\n<!-- \/ Yoast SEO plugin. -->","yoast_head_json":{"title":"\u2018Junts Barris BBVA CX\u2019 llega a Sant Pere i Sant Pau - Gimn\u00e0stic de Tarragona SAD","robots":{"index":"index","follow":"follow","max-snippet":"max-snippet:-1","max-image-preview":"max-image-preview:large","max-video-preview":"max-video-preview:-1"},"canonical":"https:\/\/gimnasticdetarragona.cat\/es\/junts-barris-bbva-cx-arriba-a-sant-pere-i-sant-pau\/","og_locale":"es_ES","og_type":"article","og_title":"\u2018Junts Barris BBVA CX\u2019 llega a Sant Pere i Sant Pau - Gimn\u00e0stic de Tarragona SAD","og_description":"El primer equipo del N\u00e0stic ha realizado hoy, mi\u00e9rcoles, la cuarta salida del proyecto 'Junts Barris BBVA CX'. Cinco jugadores grana han visitado, repartidos en dos grupos, la escuela Sant Pere i Sant Pau y los j\u00f3venes jugadores del Club Escola de Futbol SP i SP.","og_url":"https:\/\/gimnasticdetarragona.cat\/es\/junts-barris-bbva-cx-arriba-a-sant-pere-i-sant-pau\/","og_site_name":"Gimn\u00e0stic de Tarragona SAD","article_published_time":"2017-05-10T19:11:02+00:00","og_image":[{"width":2560,"height":1707,"url":"https:\/\/gimnasticdetarragona.cat\/wp-content\/uploads\/2022\/06\/05235533121291-scaled.jpg","type":"image\/jpeg"}],"author":"desarrollo","twitter_card":"summary_large_image","twitter_creator":"@NASTICTARRAGONA","twitter_site":"@NASTICTARRAGONA","twitter_misc":{"Escrito por":"desarrollo","Tiempo de lectura":"2 minutos"},"schema":{"@context":"https:\/\/schema.org","@graph":[{"@type":"Article","@id":"https:\/\/gimnasticdetarragona.cat\/es\/junts-barris-bbva-cx-arriba-a-sant-pere-i-sant-pau\/#article","isPartOf":{"@id":"https:\/\/gimnasticdetarragona.cat\/es\/junts-barris-bbva-cx-arriba-a-sant-pere-i-sant-pau\/"},"author":{"name":"desarrollo","@id":"https:\/\/gimnasticdetarragona.cat\/es\/#\/schema\/person\/47b6a637abf88f9bd835540f20ea069e"},"headline":"\u2018Junts Barris BBVA CX\u2019 llega a Sant Pere i Sant Pau","datePublished":"2017-05-10T19:11:02+00:00","mainEntityOfPage":{"@id":"https:\/\/gimnasticdetarragona.cat\/es\/junts-barris-bbva-cx-arriba-a-sant-pere-i-sant-pau\/"},"wordCount":367,"commentCount":0,"publisher":{"@id":"https:\/\/gimnasticdetarragona.cat\/es\/#organization"},"image":{"@id":"https:\/\/gimnasticdetarragona.cat\/es\/junts-barris-bbva-cx-arriba-a-sant-pere-i-sant-pau\/#primaryimage"},"thumbnailUrl":"https:\/\/gimnasticdetarragona.cat\/wp-content\/uploads\/2022\/06\/05235533121291-scaled.jpg","articleSection":["Actualidad","Social"],"inLanguage":"es"},{"@type":"WebPage","@id":"https:\/\/gimnasticdetarragona.cat\/es\/junts-barris-bbva-cx-arriba-a-sant-pere-i-sant-pau\/","url":"https:\/\/gimnasticdetarragona.cat\/es\/junts-barris-bbva-cx-arriba-a-sant-pere-i-sant-pau\/","name":"\u2018Junts Barris BBVA CX\u2019 llega a Sant Pere i Sant Pau - Gimn\u00e0stic de Tarragona SAD","isPartOf":{"@id":"https:\/\/gimnasticdetarragona.cat\/es\/#website"},"primaryImageOfPage":{"@id":"https:\/\/gimnasticdetarragona.cat\/es\/junts-barris-bbva-cx-arriba-a-sant-pere-i-sant-pau\/#primaryimage"},"image":{"@id":"https:\/\/gimnasticdetarragona.cat\/es\/junts-barris-bbva-cx-arriba-a-sant-pere-i-sant-pau\/#primaryimage"},"thumbnailUrl":"https:\/\/gimnasticdetarragona.cat\/wp-content\/uploads\/2022\/06\/05235533121291-scaled.jpg","datePublished":"2017-05-10T19:11:02+00:00","breadcrumb":{"@id":"https:\/\/gimnasticdetarragona.cat\/es\/junts-barris-bbva-cx-arriba-a-sant-pere-i-sant-pau\/#breadcrumb"},"inLanguage":"es","potentialAction":[{"@type":"ReadAction","target":["https:\/\/gimnasticdetarragona.cat\/es\/junts-barris-bbva-cx-arriba-a-sant-pere-i-sant-pau\/"]}]},{"@type":"ImageObject","inLanguage":"es","@id":"https:\/\/gimnasticdetarragona.cat\/es\/junts-barris-bbva-cx-arriba-a-sant-pere-i-sant-pau\/#primaryimage","url":"https:\/\/gimnasticdetarragona.cat\/wp-content\/uploads\/2022\/06\/05235533121291-scaled.jpg","contentUrl":"https:\/\/gimnasticdetarragona.cat\/wp-content\/uploads\/2022\/06\/05235533121291-scaled.jpg","width":2560,"height":1707},{"@type":"BreadcrumbList","@id":"https:\/\/gimnasticdetarragona.cat\/es\/junts-barris-bbva-cx-arriba-a-sant-pere-i-sant-pau\/#breadcrumb","itemListElement":[{"@type":"ListItem","position":1,"name":"Inici","item":"https:\/\/gimnasticdetarragona.cat\/es\/nastic\/"},{"@type":"ListItem","position":2,"name":"\u2018Junts Barris BBVA CX\u2019 llega a Sant Pere i Sant Pau"}]},{"@type":"WebSite","@id":"https:\/\/gimnasticdetarragona.cat\/es\/#website","url":"https:\/\/gimnasticdetarragona.cat\/es\/","name":"Gimn\u00e0stic de Tarragona SAD","description":"Gimn\u00e0stic de Tarragona","publisher":{"@id":"https:\/\/gimnasticdetarragona.cat\/es\/#organization"},"potentialAction":[{"@type":"SearchAction","target":{"@type":"EntryPoint","urlTemplate":"https:\/\/gimnasticdetarragona.cat\/es\/?s={search_term_string}"},"query-input":{"@type":"PropertyValueSpecification","valueRequired":true,"valueName":"search_term_string"}}],"inLanguage":"es"},{"@type":"Organization","@id":"https:\/\/gimnasticdetarragona.cat\/es\/#organization","name":"GIMN\u00c0STIC DE TARRAGONA","alternateName":"N\u00c0STIC","url":"https:\/\/gimnasticdetarragona.cat\/es\/","logo":{"@type":"ImageObject","inLanguage":"es","@id":"https:\/\/gimnasticdetarragona.cat\/es\/#\/schema\/logo\/image\/","url":"https:\/\/gimnasticdetarragona.cat\/wp-content\/uploads\/2022\/06\/cropped-logo-gimnastic.png","contentUrl":"https:\/\/gimnasticdetarragona.cat\/wp-content\/uploads\/2022\/06\/cropped-logo-gimnastic.png","width":224,"height":83,"caption":"GIMN\u00c0STIC DE TARRAGONA"},"image":{"@id":"https:\/\/gimnasticdetarragona.cat\/es\/#\/schema\/logo\/image\/"},"sameAs":["https:\/\/x.com\/NASTICTARRAGONA","https:\/\/www.instagram.com\/nastictarragona\/"]},{"@type":"Person","@id":"https:\/\/gimnasticdetarragona.cat\/es\/#\/schema\/person\/47b6a637abf88f9bd835540f20ea069e","name":"desarrollo","sameAs":["https:\/\/clone.gimnasticdetarragona.cat"]}]}},"_links":{"self":[{"href":"https:\/\/gimnasticdetarragona.cat\/es\/wp-json\/wp\/v2\/posts\/58547","targetHints":{"allow":["GET"]}}],"collection":[{"href":"https:\/\/gimnasticdetarragona.cat\/es\/wp-json\/wp\/v2\/posts"}],"about":[{"href":"https:\/\/gimnasticdetarragona.cat\/es\/wp-json\/wp\/v2\/types\/post"}],"author":[{"embeddable":true,"href":"https:\/\/gimnasticdetarragona.cat\/es\/wp-json\/wp\/v2\/users\/1"}],"replies":[{"embeddable":true,"href":"https:\/\/gimnasticdetarragona.cat\/es\/wp-json\/wp\/v2\/comments?post=58547"}],"version-history":[{"count":0,"href":"https:\/\/gimnasticdetarragona.cat\/es\/wp-json\/wp\/v2\/posts\/58547\/revisions"}],"wp:featuredmedia":[{"embeddable":true,"href":"https:\/\/gimnasticdetarragona.cat\/es\/wp-json\/wp\/v2\/media\/58544"}],"wp:attachment":[{"href":"https:\/\/gimnasticdetarragona.cat\/es\/wp-json\/wp\/v2\/media?parent=58547"}],"wp:term":[{"taxonomy":"category","embeddable":true,"href":"https:\/\/gimnasticdetarragona.cat\/es\/wp-json\/wp\/v2\/categories?post=58547"},{"taxonomy":"post_tag","embeddable":true,"href":"https:\/\/gimnasticdetarragona.cat\/es\/wp-json\/wp\/v2\/tags?post=58547"}],"curies":[{"name":"wp","href":"https:\/\/api.w.org\/{rel}","templated":true}]}}