{"id":58765,"date":"2017-04-14T16:38:46","date_gmt":"2017-04-14T16:38:46","guid":{"rendered":"https:\/\/clone.gimnasticdetarragona.cat\/exito-absoluto-en-el-debut-en-partido-oficial-del-nastic-genuine\/"},"modified":"2017-04-14T16:38:46","modified_gmt":"2017-04-14T16:38:46","slug":"exito-absoluto-en-el-debut-en-partido-oficial-del-nastic-genuine","status":"publish","type":"post","link":"https:\/\/gimnasticdetarragona.cat\/es\/exito-absoluto-en-el-debut-en-partido-oficial-del-nastic-genuine\/","title":{"rendered":"\u00c9xito absoluto en el debut en partido oficial del N\u00e0stic Genuine"},"content":{"rendered":"<p style=\"text-align: justify;\">Los grana han participado en la quinta edici&oacute;n del torneo MIC Integra, que se lleva a cabo anualmente en tierras gerundenses.<\/p>\n<p style=\"text-align: justify;\">El equipo para ni&ntilde;os y ni&ntilde;os con DI del N&agrave;stic, ha disputado hoy tres partidos contra otros equipos formados &iacute;ntegramente por jugadores con discapacidad intelectual. Este torneo, ha supuesto el debut oficial del equipo del N&agrave;stic Genuine.<\/p>\n<p style=\"text-align: justify;\">Los de Rafael Magriny&agrave; se desplazaron el jueves a tierras gerundenses para poder encarar con energ&iacute;a una jornada intensa y llena de emociones. Los nuestros han vibrado al saltar por primera vez al c&eacute;sped enfund&aacute;ndose la camiseta del N&agrave;stic. Defender los colores de nuestro equipo, como lo hacen cada semana Reina, Molina, Tejera y compa&ntilde;&iacute;a, ha sido para los chicos una experiencia maravillosa, como demostraban sus caras de alegr&iacute;a.<\/p>\n<p style=\"text-align: justify;\">La competici&oacute;n ha comenzado con un tempranero partido contra el equipo de las Pe&ntilde;as del Bar&ccedil;a del Empord&agrave;. El segundo encuentro ha sido contra el CA la Garrotxa, y por la tarde los tarraconenses han jugado contra el Cornell&agrave;. La diversi&oacute;n, el buen juego, los goles y las celebraciones han sido los protagonistas de una competici&oacute;n en que lo de menos era el marcador.<\/p>\n<p style=\"text-align: justify;\">La comitiva grana, formada por una veintena de personas, entre jugadores y cuerpo t&eacute;cnico, ha sido arropada en todo momento por el Presidente del N&agrave;stic, el Sr. Josep Maria Andreu, as&iacute; como varios miembros del Consejo de Administraci&oacute;n de la entidad.<\/p>\n<p style=\"text-align: justify;\">El debut oficial de hoy es un paso m&aacute;s para el proyecto N&agrave;stic Genuine que no ha parado de crecer desde el primer entrenamiento, hace casi un a&ntilde;o, y que culminar&aacute; con Laliga Genuine que debe arrancar la pr&oacute;xima temporada.<\/p>\n","protected":false},"excerpt":{"rendered":"<p>Los grana han participado en la quinta edici\u00f3n del torneo MIC Integra, que se lleva a cabo anualmente en tierras gerundenses.<\/p>\n","protected":false},"author":1,"featured_media":58762,"comment_status":"open","ping_status":"open","sticky":false,"template":"","format":"standard","meta":{"_acf_changed":false,"footnotes":""},"categories":[113,117,119],"tags":[],"class_list":["post-58765","post","type-post","status-publish","format-standard","has-post-thumbnail","hentry","category-actualidad","category-futbol-base","category-genuine-1"],"acf":[],"yoast_head":"<!-- This site is optimized with the Yoast SEO plugin v27.3 - https:\/\/yoast.com\/product\/yoast-seo-wordpress\/ -->\n<title>\u00c9xito absoluto en el debut en partido oficial del N\u00e0stic Genuine - Gimn\u00e0stic de Tarragona SAD<\/title>\n<meta name=\"robots\" content=\"index, follow, max-snippet:-1, max-image-preview:large, max-video-preview:-1\" \/>\n<link rel=\"canonical\" href=\"https:\/\/gimnasticdetarragona.cat\/exit-absolut-en-el-debut-en-partit-oficial-del-nastic-genuine\/\" \/>\n<meta property=\"og:locale\" content=\"es_ES\" \/>\n<meta property=\"og:type\" content=\"article\" \/>\n<meta property=\"og:title\" content=\"\u00c9xito absoluto en el debut en partido oficial del N\u00e0stic Genuine - Gimn\u00e0stic de Tarragona SAD\" \/>\n<meta property=\"og:description\" content=\"Los grana han participado en la quinta edici\u00f3n del torneo MIC Integra, que se lleva a cabo anualmente en tierras gerundenses.\" \/>\n<meta property=\"og:url\" content=\"https:\/\/gimnasticdetarragona.cat\/exit-absolut-en-el-debut-en-partit-oficial-del-nastic-genuine\/\" \/>\n<meta property=\"og:site_name\" content=\"Gimn\u00e0stic de Tarragona SAD\" \/>\n<meta property=\"article:published_time\" content=\"2017-04-14T16:38:46+00:00\" \/>\n<meta property=\"og:image\" content=\"https:\/\/gimnasticdetarragona.cat\/wp-content\/uploads\/2022\/06\/05235446120584.jpg\" \/>\n\t<meta property=\"og:image:width\" content=\"1600\" \/>\n\t<meta property=\"og:image:height\" content=\"1200\" \/>\n\t<meta property=\"og:image:type\" content=\"image\/jpeg\" \/>\n<meta name=\"author\" content=\"desarrollo\" \/>\n<meta name=\"twitter:card\" content=\"summary_large_image\" \/>\n<meta name=\"twitter:creator\" content=\"@NASTICTARRAGONA\" \/>\n<meta name=\"twitter:site\" content=\"@NASTICTARRAGONA\" \/>\n<meta name=\"twitter:label1\" content=\"Escrito por\" \/>\n\t<meta name=\"twitter:data1\" content=\"desarrollo\" \/>\n\t<meta name=\"twitter:label2\" content=\"Tiempo de lectura\" \/>\n\t<meta name=\"twitter:data2\" content=\"2 minutos\" \/>\n<script type=\"application\/ld+json\" class=\"yoast-schema-graph\">{\"@context\":\"https:\\\/\\\/schema.org\",\"@graph\":[{\"@type\":\"Article\",\"@id\":\"https:\\\/\\\/gimnasticdetarragona.cat\\\/exit-absolut-en-el-debut-en-partit-oficial-del-nastic-genuine\\\/#article\",\"isPartOf\":{\"@id\":\"https:\\\/\\\/gimnasticdetarragona.cat\\\/exit-absolut-en-el-debut-en-partit-oficial-del-nastic-genuine\\\/\"},\"author\":{\"name\":\"desarrollo\",\"@id\":\"https:\\\/\\\/gimnasticdetarragona.cat\\\/es\\\/#\\\/schema\\\/person\\\/47b6a637abf88f9bd835540f20ea069e\"},\"headline\":\"\u00c9xito absoluto en el debut en partido oficial del N\u00e0stic Genuine\",\"datePublished\":\"2017-04-14T16:38:46+00:00\",\"mainEntityOfPage\":{\"@id\":\"https:\\\/\\\/gimnasticdetarragona.cat\\\/exit-absolut-en-el-debut-en-partit-oficial-del-nastic-genuine\\\/\"},\"wordCount\":337,\"commentCount\":0,\"publisher\":{\"@id\":\"https:\\\/\\\/gimnasticdetarragona.cat\\\/es\\\/#organization\"},\"image\":{\"@id\":\"https:\\\/\\\/gimnasticdetarragona.cat\\\/exit-absolut-en-el-debut-en-partit-oficial-del-nastic-genuine\\\/#primaryimage\"},\"thumbnailUrl\":\"https:\\\/\\\/gimnasticdetarragona.cat\\\/wp-content\\\/uploads\\\/2022\\\/06\\\/05235446120584.jpg\",\"articleSection\":[\"Actualidad\",\"F\u00fatbol Base\",\"Genuine\"],\"inLanguage\":\"es\"},{\"@type\":\"WebPage\",\"@id\":\"https:\\\/\\\/gimnasticdetarragona.cat\\\/exit-absolut-en-el-debut-en-partit-oficial-del-nastic-genuine\\\/\",\"url\":\"https:\\\/\\\/gimnasticdetarragona.cat\\\/exit-absolut-en-el-debut-en-partit-oficial-del-nastic-genuine\\\/\",\"name\":\"\u00c9xito absoluto en el debut en partido oficial del N\u00e0stic Genuine - Gimn\u00e0stic de Tarragona SAD\",\"isPartOf\":{\"@id\":\"https:\\\/\\\/gimnasticdetarragona.cat\\\/es\\\/#website\"},\"primaryImageOfPage\":{\"@id\":\"https:\\\/\\\/gimnasticdetarragona.cat\\\/exit-absolut-en-el-debut-en-partit-oficial-del-nastic-genuine\\\/#primaryimage\"},\"image\":{\"@id\":\"https:\\\/\\\/gimnasticdetarragona.cat\\\/exit-absolut-en-el-debut-en-partit-oficial-del-nastic-genuine\\\/#primaryimage\"},\"thumbnailUrl\":\"https:\\\/\\\/gimnasticdetarragona.cat\\\/wp-content\\\/uploads\\\/2022\\\/06\\\/05235446120584.jpg\",\"datePublished\":\"2017-04-14T16:38:46+00:00\",\"breadcrumb\":{\"@id\":\"https:\\\/\\\/gimnasticdetarragona.cat\\\/exit-absolut-en-el-debut-en-partit-oficial-del-nastic-genuine\\\/#breadcrumb\"},\"inLanguage\":\"es\",\"potentialAction\":[{\"@type\":\"ReadAction\",\"target\":[\"https:\\\/\\\/gimnasticdetarragona.cat\\\/exit-absolut-en-el-debut-en-partit-oficial-del-nastic-genuine\\\/\"]}]},{\"@type\":\"ImageObject\",\"inLanguage\":\"es\",\"@id\":\"https:\\\/\\\/gimnasticdetarragona.cat\\\/exit-absolut-en-el-debut-en-partit-oficial-del-nastic-genuine\\\/#primaryimage\",\"url\":\"https:\\\/\\\/gimnasticdetarragona.cat\\\/wp-content\\\/uploads\\\/2022\\\/06\\\/05235446120584.jpg\",\"contentUrl\":\"https:\\\/\\\/gimnasticdetarragona.cat\\\/wp-content\\\/uploads\\\/2022\\\/06\\\/05235446120584.jpg\",\"width\":1600,\"height\":1200},{\"@type\":\"BreadcrumbList\",\"@id\":\"https:\\\/\\\/gimnasticdetarragona.cat\\\/exit-absolut-en-el-debut-en-partit-oficial-del-nastic-genuine\\\/#breadcrumb\",\"itemListElement\":[{\"@type\":\"ListItem\",\"position\":1,\"name\":\"Inici\",\"item\":\"https:\\\/\\\/gimnasticdetarragona.cat\\\/es\\\/nastic\\\/\"},{\"@type\":\"ListItem\",\"position\":2,\"name\":\"\u00c9xito absoluto en el debut en partido oficial del N\u00e0stic Genuine\"}]},{\"@type\":\"WebSite\",\"@id\":\"https:\\\/\\\/gimnasticdetarragona.cat\\\/es\\\/#website\",\"url\":\"https:\\\/\\\/gimnasticdetarragona.cat\\\/es\\\/\",\"name\":\"Gimn\u00e0stic de Tarragona SAD\",\"description\":\"Gimn\u00e0stic de Tarragona\",\"publisher\":{\"@id\":\"https:\\\/\\\/gimnasticdetarragona.cat\\\/es\\\/#organization\"},\"potentialAction\":[{\"@type\":\"SearchAction\",\"target\":{\"@type\":\"EntryPoint\",\"urlTemplate\":\"https:\\\/\\\/gimnasticdetarragona.cat\\\/es\\\/?s={search_term_string}\"},\"query-input\":{\"@type\":\"PropertyValueSpecification\",\"valueRequired\":true,\"valueName\":\"search_term_string\"}}],\"inLanguage\":\"es\"},{\"@type\":\"Organization\",\"@id\":\"https:\\\/\\\/gimnasticdetarragona.cat\\\/es\\\/#organization\",\"name\":\"GIMN\u00c0STIC DE TARRAGONA\",\"alternateName\":\"N\u00c0STIC\",\"url\":\"https:\\\/\\\/gimnasticdetarragona.cat\\\/es\\\/\",\"logo\":{\"@type\":\"ImageObject\",\"inLanguage\":\"es\",\"@id\":\"https:\\\/\\\/gimnasticdetarragona.cat\\\/es\\\/#\\\/schema\\\/logo\\\/image\\\/\",\"url\":\"https:\\\/\\\/gimnasticdetarragona.cat\\\/wp-content\\\/uploads\\\/2022\\\/06\\\/cropped-logo-gimnastic.png\",\"contentUrl\":\"https:\\\/\\\/gimnasticdetarragona.cat\\\/wp-content\\\/uploads\\\/2022\\\/06\\\/cropped-logo-gimnastic.png\",\"width\":224,\"height\":83,\"caption\":\"GIMN\u00c0STIC DE TARRAGONA\"},\"image\":{\"@id\":\"https:\\\/\\\/gimnasticdetarragona.cat\\\/es\\\/#\\\/schema\\\/logo\\\/image\\\/\"},\"sameAs\":[\"https:\\\/\\\/x.com\\\/NASTICTARRAGONA\",\"https:\\\/\\\/www.instagram.com\\\/nastictarragona\\\/\"]},{\"@type\":\"Person\",\"@id\":\"https:\\\/\\\/gimnasticdetarragona.cat\\\/es\\\/#\\\/schema\\\/person\\\/47b6a637abf88f9bd835540f20ea069e\",\"name\":\"desarrollo\",\"sameAs\":[\"https:\\\/\\\/clone.gimnasticdetarragona.cat\"]}]}<\/script>\n<!-- \/ Yoast SEO plugin. -->","yoast_head_json":{"title":"\u00c9xito absoluto en el debut en partido oficial del N\u00e0stic Genuine - Gimn\u00e0stic de Tarragona SAD","robots":{"index":"index","follow":"follow","max-snippet":"max-snippet:-1","max-image-preview":"max-image-preview:large","max-video-preview":"max-video-preview:-1"},"canonical":"https:\/\/gimnasticdetarragona.cat\/exit-absolut-en-el-debut-en-partit-oficial-del-nastic-genuine\/","og_locale":"es_ES","og_type":"article","og_title":"\u00c9xito absoluto en el debut en partido oficial del N\u00e0stic Genuine - Gimn\u00e0stic de Tarragona SAD","og_description":"Los grana han participado en la quinta edici\u00f3n del torneo MIC Integra, que se lleva a cabo anualmente en tierras gerundenses.","og_url":"https:\/\/gimnasticdetarragona.cat\/exit-absolut-en-el-debut-en-partit-oficial-del-nastic-genuine\/","og_site_name":"Gimn\u00e0stic de Tarragona SAD","article_published_time":"2017-04-14T16:38:46+00:00","og_image":[{"width":1600,"height":1200,"url":"https:\/\/gimnasticdetarragona.cat\/wp-content\/uploads\/2022\/06\/05235446120584.jpg","type":"image\/jpeg"}],"author":"desarrollo","twitter_card":"summary_large_image","twitter_creator":"@NASTICTARRAGONA","twitter_site":"@NASTICTARRAGONA","twitter_misc":{"Escrito por":"desarrollo","Tiempo de lectura":"2 minutos"},"schema":{"@context":"https:\/\/schema.org","@graph":[{"@type":"Article","@id":"https:\/\/gimnasticdetarragona.cat\/exit-absolut-en-el-debut-en-partit-oficial-del-nastic-genuine\/#article","isPartOf":{"@id":"https:\/\/gimnasticdetarragona.cat\/exit-absolut-en-el-debut-en-partit-oficial-del-nastic-genuine\/"},"author":{"name":"desarrollo","@id":"https:\/\/gimnasticdetarragona.cat\/es\/#\/schema\/person\/47b6a637abf88f9bd835540f20ea069e"},"headline":"\u00c9xito absoluto en el debut en partido oficial del N\u00e0stic Genuine","datePublished":"2017-04-14T16:38:46+00:00","mainEntityOfPage":{"@id":"https:\/\/gimnasticdetarragona.cat\/exit-absolut-en-el-debut-en-partit-oficial-del-nastic-genuine\/"},"wordCount":337,"commentCount":0,"publisher":{"@id":"https:\/\/gimnasticdetarragona.cat\/es\/#organization"},"image":{"@id":"https:\/\/gimnasticdetarragona.cat\/exit-absolut-en-el-debut-en-partit-oficial-del-nastic-genuine\/#primaryimage"},"thumbnailUrl":"https:\/\/gimnasticdetarragona.cat\/wp-content\/uploads\/2022\/06\/05235446120584.jpg","articleSection":["Actualidad","F\u00fatbol Base","Genuine"],"inLanguage":"es"},{"@type":"WebPage","@id":"https:\/\/gimnasticdetarragona.cat\/exit-absolut-en-el-debut-en-partit-oficial-del-nastic-genuine\/","url":"https:\/\/gimnasticdetarragona.cat\/exit-absolut-en-el-debut-en-partit-oficial-del-nastic-genuine\/","name":"\u00c9xito absoluto en el debut en partido oficial del N\u00e0stic Genuine - Gimn\u00e0stic de Tarragona SAD","isPartOf":{"@id":"https:\/\/gimnasticdetarragona.cat\/es\/#website"},"primaryImageOfPage":{"@id":"https:\/\/gimnasticdetarragona.cat\/exit-absolut-en-el-debut-en-partit-oficial-del-nastic-genuine\/#primaryimage"},"image":{"@id":"https:\/\/gimnasticdetarragona.cat\/exit-absolut-en-el-debut-en-partit-oficial-del-nastic-genuine\/#primaryimage"},"thumbnailUrl":"https:\/\/gimnasticdetarragona.cat\/wp-content\/uploads\/2022\/06\/05235446120584.jpg","datePublished":"2017-04-14T16:38:46+00:00","breadcrumb":{"@id":"https:\/\/gimnasticdetarragona.cat\/exit-absolut-en-el-debut-en-partit-oficial-del-nastic-genuine\/#breadcrumb"},"inLanguage":"es","potentialAction":[{"@type":"ReadAction","target":["https:\/\/gimnasticdetarragona.cat\/exit-absolut-en-el-debut-en-partit-oficial-del-nastic-genuine\/"]}]},{"@type":"ImageObject","inLanguage":"es","@id":"https:\/\/gimnasticdetarragona.cat\/exit-absolut-en-el-debut-en-partit-oficial-del-nastic-genuine\/#primaryimage","url":"https:\/\/gimnasticdetarragona.cat\/wp-content\/uploads\/2022\/06\/05235446120584.jpg","contentUrl":"https:\/\/gimnasticdetarragona.cat\/wp-content\/uploads\/2022\/06\/05235446120584.jpg","width":1600,"height":1200},{"@type":"BreadcrumbList","@id":"https:\/\/gimnasticdetarragona.cat\/exit-absolut-en-el-debut-en-partit-oficial-del-nastic-genuine\/#breadcrumb","itemListElement":[{"@type":"ListItem","position":1,"name":"Inici","item":"https:\/\/gimnasticdetarragona.cat\/es\/nastic\/"},{"@type":"ListItem","position":2,"name":"\u00c9xito absoluto en el debut en partido oficial del N\u00e0stic Genuine"}]},{"@type":"WebSite","@id":"https:\/\/gimnasticdetarragona.cat\/es\/#website","url":"https:\/\/gimnasticdetarragona.cat\/es\/","name":"Gimn\u00e0stic de Tarragona SAD","description":"Gimn\u00e0stic de Tarragona","publisher":{"@id":"https:\/\/gimnasticdetarragona.cat\/es\/#organization"},"potentialAction":[{"@type":"SearchAction","target":{"@type":"EntryPoint","urlTemplate":"https:\/\/gimnasticdetarragona.cat\/es\/?s={search_term_string}"},"query-input":{"@type":"PropertyValueSpecification","valueRequired":true,"valueName":"search_term_string"}}],"inLanguage":"es"},{"@type":"Organization","@id":"https:\/\/gimnasticdetarragona.cat\/es\/#organization","name":"GIMN\u00c0STIC DE TARRAGONA","alternateName":"N\u00c0STIC","url":"https:\/\/gimnasticdetarragona.cat\/es\/","logo":{"@type":"ImageObject","inLanguage":"es","@id":"https:\/\/gimnasticdetarragona.cat\/es\/#\/schema\/logo\/image\/","url":"https:\/\/gimnasticdetarragona.cat\/wp-content\/uploads\/2022\/06\/cropped-logo-gimnastic.png","contentUrl":"https:\/\/gimnasticdetarragona.cat\/wp-content\/uploads\/2022\/06\/cropped-logo-gimnastic.png","width":224,"height":83,"caption":"GIMN\u00c0STIC DE TARRAGONA"},"image":{"@id":"https:\/\/gimnasticdetarragona.cat\/es\/#\/schema\/logo\/image\/"},"sameAs":["https:\/\/x.com\/NASTICTARRAGONA","https:\/\/www.instagram.com\/nastictarragona\/"]},{"@type":"Person","@id":"https:\/\/gimnasticdetarragona.cat\/es\/#\/schema\/person\/47b6a637abf88f9bd835540f20ea069e","name":"desarrollo","sameAs":["https:\/\/clone.gimnasticdetarragona.cat"]}]}},"_links":{"self":[{"href":"https:\/\/gimnasticdetarragona.cat\/es\/wp-json\/wp\/v2\/posts\/58765","targetHints":{"allow":["GET"]}}],"collection":[{"href":"https:\/\/gimnasticdetarragona.cat\/es\/wp-json\/wp\/v2\/posts"}],"about":[{"href":"https:\/\/gimnasticdetarragona.cat\/es\/wp-json\/wp\/v2\/types\/post"}],"author":[{"embeddable":true,"href":"https:\/\/gimnasticdetarragona.cat\/es\/wp-json\/wp\/v2\/users\/1"}],"replies":[{"embeddable":true,"href":"https:\/\/gimnasticdetarragona.cat\/es\/wp-json\/wp\/v2\/comments?post=58765"}],"version-history":[{"count":0,"href":"https:\/\/gimnasticdetarragona.cat\/es\/wp-json\/wp\/v2\/posts\/58765\/revisions"}],"wp:featuredmedia":[{"embeddable":true,"href":"https:\/\/gimnasticdetarragona.cat\/es\/wp-json\/wp\/v2\/media\/58762"}],"wp:attachment":[{"href":"https:\/\/gimnasticdetarragona.cat\/es\/wp-json\/wp\/v2\/media?parent=58765"}],"wp:term":[{"taxonomy":"category","embeddable":true,"href":"https:\/\/gimnasticdetarragona.cat\/es\/wp-json\/wp\/v2\/categories?post=58765"},{"taxonomy":"post_tag","embeddable":true,"href":"https:\/\/gimnasticdetarragona.cat\/es\/wp-json\/wp\/v2\/tags?post=58765"}],"curies":[{"name":"wp","href":"https:\/\/api.w.org\/{rel}","templated":true}]}}