{"id":58860,"date":"2017-04-04T11:21:57","date_gmt":"2017-04-04T11:21:57","guid":{"rendered":"https:\/\/clone.gimnasticdetarragona.cat\/suzuki-rep-al-planter-de-ladelante-fc\/"},"modified":"2017-04-04T11:21:57","modified_gmt":"2017-04-04T11:21:57","slug":"suzuki-rep-al-planter-de-ladelante-fc","status":"publish","type":"post","link":"https:\/\/gimnasticdetarragona.cat\/es\/suzuki-rep-al-planter-de-ladelante-fc\/","title":{"rendered":"Suzuki recibe a la cantera del Adelante FC"},"content":{"rendered":"<p style=\"text-align: justify;\">El jugador Daisuke Suzuki recibi\u00f3 ayer, tras el entrenamiento, la visita de 17 jugadores japoneses en las instalaciones del Nou Estadi.<\/p>\n<p style=\"text-align: justify;\">El j\u00f3venes futbolistas de Hiroshima, jugadores del Adelante FC y tambi\u00e9n del Gramigo Mikasa FC, presenciaron la sesi\u00f3n preparatoria del primer equipo en el campo anexo al Nou Estadi y posteriormente estuvieron con uno de sus \u00eddolos, el nip\u00f3n &#8216;Dai&#8217;.<\/p>\n<p style=\"text-align: justify;\">La juventud llegada del continente asi\u00e1tico, que realiza una breve estancia deportiva y cultural en\u00a0tierras catalanas durante esta semana, conocieron a Suzuki en la sala de prensa del Nou\u00a0Estadi; donde ordenadamente le preguntaron todo tipo de cuestiones sobre su momento en el N\u00e0stic y en Tarragona. Despu\u00e9s de 30 minutos de di\u00e1logo y alguna que otra broma, todos saltaron al terreno de juego grana para inmortalizar la foto conjunta sobre el c\u00e9sped. Adem\u00e1s, los diferentes miembros de la cantera del Adelante FC recibieron una camiseta grana de manos del mismo Dai.<\/p>\n<p style=\"text-align: justify;\">La jornada matinal finaliz\u00f3 en el Bar de l&#8217;Estadi, donde todos juntos tomaron un peque\u00f1o aperitivo para coger fuerzas para la tarde. A partir de las 17 horas, ya sin Suzuki, los jugadores japoneses realizaron un entrenamiento conjunto con el f\u00fatbol base del N\u00e0stic, para compartido todos juntos trabajo de tecnificaci\u00f3n y aplicar diferentes metodolog\u00edas de entrenamiento en j\u00f3venes jugadores. La jornada finaliz\u00f3 en un partido, con los jugadores repartidos, con el infantil &#8216;D&#8217;. La academia del Adelante FC finalizar\u00e1 hoy su estancia en Tarragona, cuando se enfrentar\u00e1n en partido amistoso ante el Infantil &#8216;D&#8217;, en este caso, cada uno\u00a0defensando su escudo.<\/p>\n","protected":false},"excerpt":{"rendered":"<p>El jugador Daisuke Suzuki recibi\u00f3 ayer, tras el entrenamiento, la visita de 17 jugadores japoneses en las instalaciones del Nou Estadi.<\/p>\n","protected":false},"author":1,"featured_media":58857,"comment_status":"open","ping_status":"open","sticky":false,"template":"","format":"standard","meta":{"_acf_changed":false,"footnotes":""},"categories":[113,121],"tags":[],"class_list":["post-58860","post","type-post","status-publish","format-standard","has-post-thumbnail","hentry","category-actualidad","category-home"],"acf":[],"yoast_head":"<!-- This site is optimized with the Yoast SEO plugin v27.3 - https:\/\/yoast.com\/product\/yoast-seo-wordpress\/ -->\n<title>Suzuki recibe a la cantera del Adelante FC - Gimn\u00e0stic de Tarragona SAD<\/title>\n<meta name=\"robots\" content=\"index, follow, max-snippet:-1, max-image-preview:large, max-video-preview:-1\" \/>\n<link rel=\"canonical\" href=\"https:\/\/gimnasticdetarragona.cat\/es\/suzuki-rep-al-planter-de-ladelante-fc\/\" \/>\n<meta property=\"og:locale\" content=\"es_ES\" \/>\n<meta property=\"og:type\" content=\"article\" \/>\n<meta property=\"og:title\" content=\"Suzuki recibe a la cantera del Adelante FC - Gimn\u00e0stic de Tarragona SAD\" \/>\n<meta property=\"og:description\" content=\"El jugador Daisuke Suzuki recibi\u00f3 ayer, tras el entrenamiento, la visita de 17 jugadores japoneses en las instalaciones del Nou Estadi.\" \/>\n<meta property=\"og:url\" content=\"https:\/\/gimnasticdetarragona.cat\/es\/suzuki-rep-al-planter-de-ladelante-fc\/\" \/>\n<meta property=\"og:site_name\" content=\"Gimn\u00e0stic de Tarragona SAD\" \/>\n<meta property=\"article:published_time\" content=\"2017-04-04T11:21:57+00:00\" \/>\n<meta property=\"og:image\" content=\"https:\/\/gimnasticdetarragona.cat\/wp-content\/uploads\/2022\/06\/05235425120277.jpg\" \/>\n\t<meta property=\"og:image:width\" content=\"1200\" \/>\n\t<meta property=\"og:image:height\" content=\"649\" \/>\n\t<meta property=\"og:image:type\" content=\"image\/jpeg\" \/>\n<meta name=\"author\" content=\"desarrollo\" \/>\n<meta name=\"twitter:card\" content=\"summary_large_image\" \/>\n<meta name=\"twitter:creator\" content=\"@NASTICTARRAGONA\" \/>\n<meta name=\"twitter:site\" content=\"@NASTICTARRAGONA\" \/>\n<meta name=\"twitter:label1\" content=\"Escrito por\" \/>\n\t<meta name=\"twitter:data1\" content=\"desarrollo\" \/>\n\t<meta name=\"twitter:label2\" content=\"Tiempo de lectura\" \/>\n\t<meta name=\"twitter:data2\" content=\"1 minuto\" \/>\n<script type=\"application\/ld+json\" class=\"yoast-schema-graph\">{\"@context\":\"https:\\\/\\\/schema.org\",\"@graph\":[{\"@type\":\"Article\",\"@id\":\"https:\\\/\\\/gimnasticdetarragona.cat\\\/es\\\/suzuki-rep-al-planter-de-ladelante-fc\\\/#article\",\"isPartOf\":{\"@id\":\"https:\\\/\\\/gimnasticdetarragona.cat\\\/es\\\/suzuki-rep-al-planter-de-ladelante-fc\\\/\"},\"author\":{\"name\":\"desarrollo\",\"@id\":\"https:\\\/\\\/gimnasticdetarragona.cat\\\/es\\\/#\\\/schema\\\/person\\\/47b6a637abf88f9bd835540f20ea069e\"},\"headline\":\"Suzuki recibe a la cantera del Adelante FC\",\"datePublished\":\"2017-04-04T11:21:57+00:00\",\"mainEntityOfPage\":{\"@id\":\"https:\\\/\\\/gimnasticdetarragona.cat\\\/es\\\/suzuki-rep-al-planter-de-ladelante-fc\\\/\"},\"wordCount\":280,\"commentCount\":0,\"publisher\":{\"@id\":\"https:\\\/\\\/gimnasticdetarragona.cat\\\/es\\\/#organization\"},\"image\":{\"@id\":\"https:\\\/\\\/gimnasticdetarragona.cat\\\/es\\\/suzuki-rep-al-planter-de-ladelante-fc\\\/#primaryimage\"},\"thumbnailUrl\":\"https:\\\/\\\/gimnasticdetarragona.cat\\\/wp-content\\\/uploads\\\/2022\\\/06\\\/05235425120277.jpg\",\"articleSection\":[\"Actualidad\",\"Home\"],\"inLanguage\":\"es\"},{\"@type\":\"WebPage\",\"@id\":\"https:\\\/\\\/gimnasticdetarragona.cat\\\/es\\\/suzuki-rep-al-planter-de-ladelante-fc\\\/\",\"url\":\"https:\\\/\\\/gimnasticdetarragona.cat\\\/es\\\/suzuki-rep-al-planter-de-ladelante-fc\\\/\",\"name\":\"Suzuki recibe a la cantera del Adelante FC - Gimn\u00e0stic de Tarragona SAD\",\"isPartOf\":{\"@id\":\"https:\\\/\\\/gimnasticdetarragona.cat\\\/es\\\/#website\"},\"primaryImageOfPage\":{\"@id\":\"https:\\\/\\\/gimnasticdetarragona.cat\\\/es\\\/suzuki-rep-al-planter-de-ladelante-fc\\\/#primaryimage\"},\"image\":{\"@id\":\"https:\\\/\\\/gimnasticdetarragona.cat\\\/es\\\/suzuki-rep-al-planter-de-ladelante-fc\\\/#primaryimage\"},\"thumbnailUrl\":\"https:\\\/\\\/gimnasticdetarragona.cat\\\/wp-content\\\/uploads\\\/2022\\\/06\\\/05235425120277.jpg\",\"datePublished\":\"2017-04-04T11:21:57+00:00\",\"breadcrumb\":{\"@id\":\"https:\\\/\\\/gimnasticdetarragona.cat\\\/es\\\/suzuki-rep-al-planter-de-ladelante-fc\\\/#breadcrumb\"},\"inLanguage\":\"es\",\"potentialAction\":[{\"@type\":\"ReadAction\",\"target\":[\"https:\\\/\\\/gimnasticdetarragona.cat\\\/es\\\/suzuki-rep-al-planter-de-ladelante-fc\\\/\"]}]},{\"@type\":\"ImageObject\",\"inLanguage\":\"es\",\"@id\":\"https:\\\/\\\/gimnasticdetarragona.cat\\\/es\\\/suzuki-rep-al-planter-de-ladelante-fc\\\/#primaryimage\",\"url\":\"https:\\\/\\\/gimnasticdetarragona.cat\\\/wp-content\\\/uploads\\\/2022\\\/06\\\/05235425120277.jpg\",\"contentUrl\":\"https:\\\/\\\/gimnasticdetarragona.cat\\\/wp-content\\\/uploads\\\/2022\\\/06\\\/05235425120277.jpg\",\"width\":1200,\"height\":649},{\"@type\":\"BreadcrumbList\",\"@id\":\"https:\\\/\\\/gimnasticdetarragona.cat\\\/es\\\/suzuki-rep-al-planter-de-ladelante-fc\\\/#breadcrumb\",\"itemListElement\":[{\"@type\":\"ListItem\",\"position\":1,\"name\":\"Inici\",\"item\":\"https:\\\/\\\/gimnasticdetarragona.cat\\\/es\\\/nastic\\\/\"},{\"@type\":\"ListItem\",\"position\":2,\"name\":\"Suzuki recibe a la cantera del Adelante FC\"}]},{\"@type\":\"WebSite\",\"@id\":\"https:\\\/\\\/gimnasticdetarragona.cat\\\/es\\\/#website\",\"url\":\"https:\\\/\\\/gimnasticdetarragona.cat\\\/es\\\/\",\"name\":\"Gimn\u00e0stic de Tarragona SAD\",\"description\":\"Gimn\u00e0stic de Tarragona\",\"publisher\":{\"@id\":\"https:\\\/\\\/gimnasticdetarragona.cat\\\/es\\\/#organization\"},\"potentialAction\":[{\"@type\":\"SearchAction\",\"target\":{\"@type\":\"EntryPoint\",\"urlTemplate\":\"https:\\\/\\\/gimnasticdetarragona.cat\\\/es\\\/?s={search_term_string}\"},\"query-input\":{\"@type\":\"PropertyValueSpecification\",\"valueRequired\":true,\"valueName\":\"search_term_string\"}}],\"inLanguage\":\"es\"},{\"@type\":\"Organization\",\"@id\":\"https:\\\/\\\/gimnasticdetarragona.cat\\\/es\\\/#organization\",\"name\":\"GIMN\u00c0STIC DE TARRAGONA\",\"alternateName\":\"N\u00c0STIC\",\"url\":\"https:\\\/\\\/gimnasticdetarragona.cat\\\/es\\\/\",\"logo\":{\"@type\":\"ImageObject\",\"inLanguage\":\"es\",\"@id\":\"https:\\\/\\\/gimnasticdetarragona.cat\\\/es\\\/#\\\/schema\\\/logo\\\/image\\\/\",\"url\":\"https:\\\/\\\/gimnasticdetarragona.cat\\\/wp-content\\\/uploads\\\/2022\\\/06\\\/cropped-logo-gimnastic.png\",\"contentUrl\":\"https:\\\/\\\/gimnasticdetarragona.cat\\\/wp-content\\\/uploads\\\/2022\\\/06\\\/cropped-logo-gimnastic.png\",\"width\":224,\"height\":83,\"caption\":\"GIMN\u00c0STIC DE TARRAGONA\"},\"image\":{\"@id\":\"https:\\\/\\\/gimnasticdetarragona.cat\\\/es\\\/#\\\/schema\\\/logo\\\/image\\\/\"},\"sameAs\":[\"https:\\\/\\\/x.com\\\/NASTICTARRAGONA\",\"https:\\\/\\\/www.instagram.com\\\/nastictarragona\\\/\"]},{\"@type\":\"Person\",\"@id\":\"https:\\\/\\\/gimnasticdetarragona.cat\\\/es\\\/#\\\/schema\\\/person\\\/47b6a637abf88f9bd835540f20ea069e\",\"name\":\"desarrollo\",\"sameAs\":[\"https:\\\/\\\/clone.gimnasticdetarragona.cat\"]}]}<\/script>\n<!-- \/ Yoast SEO plugin. -->","yoast_head_json":{"title":"Suzuki recibe a la cantera del Adelante FC - Gimn\u00e0stic de Tarragona SAD","robots":{"index":"index","follow":"follow","max-snippet":"max-snippet:-1","max-image-preview":"max-image-preview:large","max-video-preview":"max-video-preview:-1"},"canonical":"https:\/\/gimnasticdetarragona.cat\/es\/suzuki-rep-al-planter-de-ladelante-fc\/","og_locale":"es_ES","og_type":"article","og_title":"Suzuki recibe a la cantera del Adelante FC - Gimn\u00e0stic de Tarragona SAD","og_description":"El jugador Daisuke Suzuki recibi\u00f3 ayer, tras el entrenamiento, la visita de 17 jugadores japoneses en las instalaciones del Nou Estadi.","og_url":"https:\/\/gimnasticdetarragona.cat\/es\/suzuki-rep-al-planter-de-ladelante-fc\/","og_site_name":"Gimn\u00e0stic de Tarragona SAD","article_published_time":"2017-04-04T11:21:57+00:00","og_image":[{"width":1200,"height":649,"url":"https:\/\/gimnasticdetarragona.cat\/wp-content\/uploads\/2022\/06\/05235425120277.jpg","type":"image\/jpeg"}],"author":"desarrollo","twitter_card":"summary_large_image","twitter_creator":"@NASTICTARRAGONA","twitter_site":"@NASTICTARRAGONA","twitter_misc":{"Escrito por":"desarrollo","Tiempo de lectura":"1 minuto"},"schema":{"@context":"https:\/\/schema.org","@graph":[{"@type":"Article","@id":"https:\/\/gimnasticdetarragona.cat\/es\/suzuki-rep-al-planter-de-ladelante-fc\/#article","isPartOf":{"@id":"https:\/\/gimnasticdetarragona.cat\/es\/suzuki-rep-al-planter-de-ladelante-fc\/"},"author":{"name":"desarrollo","@id":"https:\/\/gimnasticdetarragona.cat\/es\/#\/schema\/person\/47b6a637abf88f9bd835540f20ea069e"},"headline":"Suzuki recibe a la cantera del Adelante FC","datePublished":"2017-04-04T11:21:57+00:00","mainEntityOfPage":{"@id":"https:\/\/gimnasticdetarragona.cat\/es\/suzuki-rep-al-planter-de-ladelante-fc\/"},"wordCount":280,"commentCount":0,"publisher":{"@id":"https:\/\/gimnasticdetarragona.cat\/es\/#organization"},"image":{"@id":"https:\/\/gimnasticdetarragona.cat\/es\/suzuki-rep-al-planter-de-ladelante-fc\/#primaryimage"},"thumbnailUrl":"https:\/\/gimnasticdetarragona.cat\/wp-content\/uploads\/2022\/06\/05235425120277.jpg","articleSection":["Actualidad","Home"],"inLanguage":"es"},{"@type":"WebPage","@id":"https:\/\/gimnasticdetarragona.cat\/es\/suzuki-rep-al-planter-de-ladelante-fc\/","url":"https:\/\/gimnasticdetarragona.cat\/es\/suzuki-rep-al-planter-de-ladelante-fc\/","name":"Suzuki recibe a la cantera del Adelante FC - Gimn\u00e0stic de Tarragona SAD","isPartOf":{"@id":"https:\/\/gimnasticdetarragona.cat\/es\/#website"},"primaryImageOfPage":{"@id":"https:\/\/gimnasticdetarragona.cat\/es\/suzuki-rep-al-planter-de-ladelante-fc\/#primaryimage"},"image":{"@id":"https:\/\/gimnasticdetarragona.cat\/es\/suzuki-rep-al-planter-de-ladelante-fc\/#primaryimage"},"thumbnailUrl":"https:\/\/gimnasticdetarragona.cat\/wp-content\/uploads\/2022\/06\/05235425120277.jpg","datePublished":"2017-04-04T11:21:57+00:00","breadcrumb":{"@id":"https:\/\/gimnasticdetarragona.cat\/es\/suzuki-rep-al-planter-de-ladelante-fc\/#breadcrumb"},"inLanguage":"es","potentialAction":[{"@type":"ReadAction","target":["https:\/\/gimnasticdetarragona.cat\/es\/suzuki-rep-al-planter-de-ladelante-fc\/"]}]},{"@type":"ImageObject","inLanguage":"es","@id":"https:\/\/gimnasticdetarragona.cat\/es\/suzuki-rep-al-planter-de-ladelante-fc\/#primaryimage","url":"https:\/\/gimnasticdetarragona.cat\/wp-content\/uploads\/2022\/06\/05235425120277.jpg","contentUrl":"https:\/\/gimnasticdetarragona.cat\/wp-content\/uploads\/2022\/06\/05235425120277.jpg","width":1200,"height":649},{"@type":"BreadcrumbList","@id":"https:\/\/gimnasticdetarragona.cat\/es\/suzuki-rep-al-planter-de-ladelante-fc\/#breadcrumb","itemListElement":[{"@type":"ListItem","position":1,"name":"Inici","item":"https:\/\/gimnasticdetarragona.cat\/es\/nastic\/"},{"@type":"ListItem","position":2,"name":"Suzuki recibe a la cantera del Adelante FC"}]},{"@type":"WebSite","@id":"https:\/\/gimnasticdetarragona.cat\/es\/#website","url":"https:\/\/gimnasticdetarragona.cat\/es\/","name":"Gimn\u00e0stic de Tarragona SAD","description":"Gimn\u00e0stic de Tarragona","publisher":{"@id":"https:\/\/gimnasticdetarragona.cat\/es\/#organization"},"potentialAction":[{"@type":"SearchAction","target":{"@type":"EntryPoint","urlTemplate":"https:\/\/gimnasticdetarragona.cat\/es\/?s={search_term_string}"},"query-input":{"@type":"PropertyValueSpecification","valueRequired":true,"valueName":"search_term_string"}}],"inLanguage":"es"},{"@type":"Organization","@id":"https:\/\/gimnasticdetarragona.cat\/es\/#organization","name":"GIMN\u00c0STIC DE TARRAGONA","alternateName":"N\u00c0STIC","url":"https:\/\/gimnasticdetarragona.cat\/es\/","logo":{"@type":"ImageObject","inLanguage":"es","@id":"https:\/\/gimnasticdetarragona.cat\/es\/#\/schema\/logo\/image\/","url":"https:\/\/gimnasticdetarragona.cat\/wp-content\/uploads\/2022\/06\/cropped-logo-gimnastic.png","contentUrl":"https:\/\/gimnasticdetarragona.cat\/wp-content\/uploads\/2022\/06\/cropped-logo-gimnastic.png","width":224,"height":83,"caption":"GIMN\u00c0STIC DE TARRAGONA"},"image":{"@id":"https:\/\/gimnasticdetarragona.cat\/es\/#\/schema\/logo\/image\/"},"sameAs":["https:\/\/x.com\/NASTICTARRAGONA","https:\/\/www.instagram.com\/nastictarragona\/"]},{"@type":"Person","@id":"https:\/\/gimnasticdetarragona.cat\/es\/#\/schema\/person\/47b6a637abf88f9bd835540f20ea069e","name":"desarrollo","sameAs":["https:\/\/clone.gimnasticdetarragona.cat"]}]}},"_links":{"self":[{"href":"https:\/\/gimnasticdetarragona.cat\/es\/wp-json\/wp\/v2\/posts\/58860","targetHints":{"allow":["GET"]}}],"collection":[{"href":"https:\/\/gimnasticdetarragona.cat\/es\/wp-json\/wp\/v2\/posts"}],"about":[{"href":"https:\/\/gimnasticdetarragona.cat\/es\/wp-json\/wp\/v2\/types\/post"}],"author":[{"embeddable":true,"href":"https:\/\/gimnasticdetarragona.cat\/es\/wp-json\/wp\/v2\/users\/1"}],"replies":[{"embeddable":true,"href":"https:\/\/gimnasticdetarragona.cat\/es\/wp-json\/wp\/v2\/comments?post=58860"}],"version-history":[{"count":0,"href":"https:\/\/gimnasticdetarragona.cat\/es\/wp-json\/wp\/v2\/posts\/58860\/revisions"}],"wp:featuredmedia":[{"embeddable":true,"href":"https:\/\/gimnasticdetarragona.cat\/es\/wp-json\/wp\/v2\/media\/58857"}],"wp:attachment":[{"href":"https:\/\/gimnasticdetarragona.cat\/es\/wp-json\/wp\/v2\/media?parent=58860"}],"wp:term":[{"taxonomy":"category","embeddable":true,"href":"https:\/\/gimnasticdetarragona.cat\/es\/wp-json\/wp\/v2\/categories?post=58860"},{"taxonomy":"post_tag","embeddable":true,"href":"https:\/\/gimnasticdetarragona.cat\/es\/wp-json\/wp\/v2\/tags?post=58860"}],"curies":[{"name":"wp","href":"https:\/\/api.w.org\/{rel}","templated":true}]}}