{"id":58934,"date":"2017-03-28T20:24:20","date_gmt":"2017-03-28T20:24:20","guid":{"rendered":"https:\/\/clone.gimnasticdetarragona.cat\/campions-de-la-copa-catalunya\/"},"modified":"2017-03-28T20:24:20","modified_gmt":"2017-03-28T20:24:20","slug":"campions-de-la-copa-catalunya","status":"publish","type":"post","link":"https:\/\/gimnasticdetarragona.cat\/es\/campions-de-la-copa-catalunya\/","title":{"rendered":"Campeones de la Copa Catalunya"},"content":{"rendered":"<p style=\"text-align: justify;\">El N\u00e0stic gana la Copa Catalunya contra el Girona en la tanda de penaltis. La parada de Perales en el \u00faltimo lanzamiento gerundense, y el gol de Ferran Giner, han proclamado como campeones al conjunto grana.<\/p>\n<p style=\"text-align: justify;\">El N\u00e0stic llegaba al partido con un 11 con muchos cambios respecto al \u00faltimo partido de liga contra el Valladolid. Merino ha hecho saltar de inicio a hombres menos habituales y dos jugadores del filial, como son Vadillo y Ruxi. La primera mitad fue muy igualada, con unos primeros minutos t\u00edmidos, con alguna llegada sin mucho peligro de los grana. La primera ocasi\u00f3n clara fue para el Girona con un disparo de Aray que no encontr\u00f3 la porter\u00eda. En el minuto 8, Vadillo ha intentado sorprender con un centro que ha atrapado Ren\u00e9, y en el minuto 10 la asistencia de Jean Luc para Uche la ha cortado el portero gerundense antes de que el nigeriano pudiera rematar. En el minuto 14, los grana han dispuesto de una ocasi\u00f3n muy clara con una falta servida de forma magistral por Juan Mu\u00f1iz, pero el remate de Uche lo envi\u00f3 a c\u00f3rner el portero. La ocasi\u00f3n m\u00e1s clara para los gerundenses ha llegado en el minuto 29. Tras un error defensivo, los de Mach\u00edn han montado una r\u00e1pida contra, que ha culminado con un disparo de Eloi Amagat que Perales, providencial, ha enviado a c\u00f3rner. La \u00faltima ocasi\u00f3n de la primera mitad fue para Jean Luc pero el centro del extremo grana lo envi\u00f3 a c\u00f3rner la defensa. Al descanso se lleg\u00f3 con el 0 a 0 inicial.<\/p>\n<p style=\"text-align: justify;\">La segunda mitad comenz\u00f3 con una ocasi\u00f3n muy clara de Uche. El disparo del delantero grana lo envi\u00f3 a c\u00f3rner Ren\u00e9 con una buena estirada. Y en el minuto 49, ha sido Jos\u00e9 Carlos quien lo ha probado. Despu\u00e9s de una buena jugada de combinaci\u00f3n del N\u00e0stic, el bal\u00f3n cay\u00f3 a pies de Jos\u00e9 Carlos, quien busc\u00f3 superar al portero con un disparo colocado al palo derecho, que se march\u00f3 fuera por poco. En el 57&#8242; lo ha probado C\u00e1mara con un disparo lejano que se march\u00f3 alto. Y en el 63&#8242; lleg\u00f3 la respuesta grana con un centro de Jean Luc que ha enviado a c\u00f3rner el portero gerundense. La igualdad segu\u00eda siendo la protagonista entre dos conjuntos que buscaban sus ocasiones, pero sin acierto en los metros finales. En el 86&#8242;, el N\u00e0stic ha montado una r\u00e1pida contra que ha finalizado Juan Mu\u00f1iz con un disparo que se march\u00f3 por encima del larguero de la porter\u00eda de Ren\u00e9. Y en el minuto 90, de nuevo Juan Mu\u00f1iz, ha buscado romper el empate con un disparo de falta magistral que ha enviado a c\u00f3rner Ren\u00e9. Tras 94 minutos de juego, la igualdad se ha mantenido en el marcador y la final ha ido a los penaltis.<\/p>\n<p style=\"text-align: justify;\">Desde los 11 metros los grana han estado m\u00e1s acertados. Jos\u00e9 Perales ha parado el \u00faltimo penalti gerundense, adivinando las intenciones de Pablo Mar\u00ed; y el gol de Ferran Giner ha proclamado al N\u00e0stic campe\u00f3n de la Copa Catalunya.<\/p>\n<p style=\"text-align: justify;\">El pr\u00f3ximo enfrentamiento del N\u00e0stic ser\u00e1 el domingo 1 de mayo, a las 12 horas, en el Nou Estadi, contra la UD Almer\u00eda; en el partido correspondiente a la jornada 32 de Laliga 1|2|3.<\/p>\n<p><strong>Alineaciones<\/strong><\/p>\n<p>N\u00e0stic: Perales, Valent\u00edn (Gabri, 76\u2019), Molina, Ruxi (Roger Figueras, 72\u2019), Ferran G.P, Vadillo, Zahibo, Juan Mu\u00f1iz, Jean Luc, Jos\u00e9 Carlos i Uche.<\/p>\n<p>Girona FC: Ren\u00e9, Pablo Mar\u00ed, Eloi, Aday (G\u00f3mez, 80\u2019), Alcaraz (Longo, 80\u2019), Herrera (Portu, 80\u2019), Cifuentes (Granell, 80\u2019), Sanch\u00f3n (Cor\u00eds 65\u2019), Olivas, C\u00e1mara (Sandaza, 65\u2019) i Carb\u00f3.<\/p>\n<p><strong>Goles<\/strong><br \/>\n0-1 (Granell), 0-2 (Sandaza), 1-2 (Juan Mu\u00f1iz), 2-2 (Jos\u00e9 Carlos), 2-3 (Amat), 3-3 (Xavi Molina), 4-3 (Ferran G.P.)<\/p>\n<p><strong>Tarjetas<\/strong><br \/>\nSandaza (84\u2019), Jos\u00e9 Carlos (88\u2019)<\/p>\n<p>Partido correspondiente a la Final de la Copa Catalunya. Estadio Municipal de Olot. 3317 espectadores.<\/p>\n","protected":false},"excerpt":{"rendered":"<p>El N\u00e0stic gana la Copa Catalunya contra el Girona en la tanda de penaltis. La parada de Perales en el \u00faltimo lanzamiento gerundense, y el gol de Ferran Giner, han proclamado como campeones al conjunto grana.<\/p>\n","protected":false},"author":1,"featured_media":58931,"comment_status":"open","ping_status":"open","sticky":false,"template":"","format":"standard","meta":{"_acf_changed":false,"footnotes":""},"categories":[113,121,126],"tags":[],"class_list":["post-58934","post","type-post","status-publish","format-standard","has-post-thumbnail","hentry","category-actualidad","category-home","category-primer-equipo"],"acf":[],"yoast_head":"<!-- This site is optimized with the Yoast SEO plugin v27.3 - https:\/\/yoast.com\/product\/yoast-seo-wordpress\/ -->\n<title>Campeones de la Copa Catalunya - Gimn\u00e0stic de Tarragona SAD<\/title>\n<meta name=\"robots\" content=\"index, follow, max-snippet:-1, max-image-preview:large, max-video-preview:-1\" \/>\n<link rel=\"canonical\" href=\"https:\/\/gimnasticdetarragona.cat\/campions-de-la-copa-catalunya\/\" \/>\n<meta property=\"og:locale\" content=\"es_ES\" \/>\n<meta property=\"og:type\" content=\"article\" \/>\n<meta property=\"og:title\" content=\"Campeones de la Copa Catalunya - Gimn\u00e0stic de Tarragona SAD\" \/>\n<meta property=\"og:description\" content=\"El N\u00e0stic gana la Copa Catalunya contra el Girona en la tanda de penaltis. La parada de Perales en el \u00faltimo lanzamiento gerundense, y el gol de Ferran Giner, han proclamado como campeones al conjunto grana.\" \/>\n<meta property=\"og:url\" content=\"https:\/\/gimnasticdetarragona.cat\/campions-de-la-copa-catalunya\/\" \/>\n<meta property=\"og:site_name\" content=\"Gimn\u00e0stic de Tarragona SAD\" \/>\n<meta property=\"article:published_time\" content=\"2017-03-28T20:24:20+00:00\" \/>\n<meta property=\"og:image\" content=\"https:\/\/gimnasticdetarragona.cat\/wp-content\/uploads\/2022\/06\/05235411120040.jpg\" \/>\n\t<meta property=\"og:image:width\" content=\"1600\" \/>\n\t<meta property=\"og:image:height\" content=\"1066\" \/>\n\t<meta property=\"og:image:type\" content=\"image\/jpeg\" \/>\n<meta name=\"author\" content=\"desarrollo\" \/>\n<meta name=\"twitter:card\" content=\"summary_large_image\" \/>\n<meta name=\"twitter:creator\" content=\"@NASTICTARRAGONA\" \/>\n<meta name=\"twitter:site\" content=\"@NASTICTARRAGONA\" \/>\n<meta name=\"twitter:label1\" content=\"Escrito por\" \/>\n\t<meta name=\"twitter:data1\" content=\"desarrollo\" \/>\n\t<meta name=\"twitter:label2\" content=\"Tiempo de lectura\" \/>\n\t<meta name=\"twitter:data2\" content=\"3 minutos\" \/>\n<script type=\"application\/ld+json\" class=\"yoast-schema-graph\">{\"@context\":\"https:\\\/\\\/schema.org\",\"@graph\":[{\"@type\":\"Article\",\"@id\":\"https:\\\/\\\/gimnasticdetarragona.cat\\\/campions-de-la-copa-catalunya\\\/#article\",\"isPartOf\":{\"@id\":\"https:\\\/\\\/gimnasticdetarragona.cat\\\/campions-de-la-copa-catalunya\\\/\"},\"author\":{\"name\":\"desarrollo\",\"@id\":\"https:\\\/\\\/gimnasticdetarragona.cat\\\/es\\\/#\\\/schema\\\/person\\\/47b6a637abf88f9bd835540f20ea069e\"},\"headline\":\"Campeones de la Copa Catalunya\",\"datePublished\":\"2017-03-28T20:24:20+00:00\",\"mainEntityOfPage\":{\"@id\":\"https:\\\/\\\/gimnasticdetarragona.cat\\\/campions-de-la-copa-catalunya\\\/\"},\"wordCount\":654,\"commentCount\":0,\"publisher\":{\"@id\":\"https:\\\/\\\/gimnasticdetarragona.cat\\\/es\\\/#organization\"},\"image\":{\"@id\":\"https:\\\/\\\/gimnasticdetarragona.cat\\\/campions-de-la-copa-catalunya\\\/#primaryimage\"},\"thumbnailUrl\":\"https:\\\/\\\/gimnasticdetarragona.cat\\\/wp-content\\\/uploads\\\/2022\\\/06\\\/05235411120040.jpg\",\"articleSection\":[\"Actualidad\",\"Home\",\"Primer Equipo\"],\"inLanguage\":\"es\"},{\"@type\":\"WebPage\",\"@id\":\"https:\\\/\\\/gimnasticdetarragona.cat\\\/campions-de-la-copa-catalunya\\\/\",\"url\":\"https:\\\/\\\/gimnasticdetarragona.cat\\\/campions-de-la-copa-catalunya\\\/\",\"name\":\"Campeones de la Copa Catalunya - Gimn\u00e0stic de Tarragona SAD\",\"isPartOf\":{\"@id\":\"https:\\\/\\\/gimnasticdetarragona.cat\\\/es\\\/#website\"},\"primaryImageOfPage\":{\"@id\":\"https:\\\/\\\/gimnasticdetarragona.cat\\\/campions-de-la-copa-catalunya\\\/#primaryimage\"},\"image\":{\"@id\":\"https:\\\/\\\/gimnasticdetarragona.cat\\\/campions-de-la-copa-catalunya\\\/#primaryimage\"},\"thumbnailUrl\":\"https:\\\/\\\/gimnasticdetarragona.cat\\\/wp-content\\\/uploads\\\/2022\\\/06\\\/05235411120040.jpg\",\"datePublished\":\"2017-03-28T20:24:20+00:00\",\"breadcrumb\":{\"@id\":\"https:\\\/\\\/gimnasticdetarragona.cat\\\/campions-de-la-copa-catalunya\\\/#breadcrumb\"},\"inLanguage\":\"es\",\"potentialAction\":[{\"@type\":\"ReadAction\",\"target\":[\"https:\\\/\\\/gimnasticdetarragona.cat\\\/campions-de-la-copa-catalunya\\\/\"]}]},{\"@type\":\"ImageObject\",\"inLanguage\":\"es\",\"@id\":\"https:\\\/\\\/gimnasticdetarragona.cat\\\/campions-de-la-copa-catalunya\\\/#primaryimage\",\"url\":\"https:\\\/\\\/gimnasticdetarragona.cat\\\/wp-content\\\/uploads\\\/2022\\\/06\\\/05235411120040.jpg\",\"contentUrl\":\"https:\\\/\\\/gimnasticdetarragona.cat\\\/wp-content\\\/uploads\\\/2022\\\/06\\\/05235411120040.jpg\",\"width\":1600,\"height\":1066},{\"@type\":\"BreadcrumbList\",\"@id\":\"https:\\\/\\\/gimnasticdetarragona.cat\\\/campions-de-la-copa-catalunya\\\/#breadcrumb\",\"itemListElement\":[{\"@type\":\"ListItem\",\"position\":1,\"name\":\"Inici\",\"item\":\"https:\\\/\\\/gimnasticdetarragona.cat\\\/es\\\/nastic\\\/\"},{\"@type\":\"ListItem\",\"position\":2,\"name\":\"Campeones de la Copa Catalunya\"}]},{\"@type\":\"WebSite\",\"@id\":\"https:\\\/\\\/gimnasticdetarragona.cat\\\/es\\\/#website\",\"url\":\"https:\\\/\\\/gimnasticdetarragona.cat\\\/es\\\/\",\"name\":\"Gimn\u00e0stic de Tarragona SAD\",\"description\":\"Gimn\u00e0stic de Tarragona\",\"publisher\":{\"@id\":\"https:\\\/\\\/gimnasticdetarragona.cat\\\/es\\\/#organization\"},\"potentialAction\":[{\"@type\":\"SearchAction\",\"target\":{\"@type\":\"EntryPoint\",\"urlTemplate\":\"https:\\\/\\\/gimnasticdetarragona.cat\\\/es\\\/?s={search_term_string}\"},\"query-input\":{\"@type\":\"PropertyValueSpecification\",\"valueRequired\":true,\"valueName\":\"search_term_string\"}}],\"inLanguage\":\"es\"},{\"@type\":\"Organization\",\"@id\":\"https:\\\/\\\/gimnasticdetarragona.cat\\\/es\\\/#organization\",\"name\":\"GIMN\u00c0STIC DE TARRAGONA\",\"alternateName\":\"N\u00c0STIC\",\"url\":\"https:\\\/\\\/gimnasticdetarragona.cat\\\/es\\\/\",\"logo\":{\"@type\":\"ImageObject\",\"inLanguage\":\"es\",\"@id\":\"https:\\\/\\\/gimnasticdetarragona.cat\\\/es\\\/#\\\/schema\\\/logo\\\/image\\\/\",\"url\":\"https:\\\/\\\/gimnasticdetarragona.cat\\\/wp-content\\\/uploads\\\/2022\\\/06\\\/cropped-logo-gimnastic.png\",\"contentUrl\":\"https:\\\/\\\/gimnasticdetarragona.cat\\\/wp-content\\\/uploads\\\/2022\\\/06\\\/cropped-logo-gimnastic.png\",\"width\":224,\"height\":83,\"caption\":\"GIMN\u00c0STIC DE TARRAGONA\"},\"image\":{\"@id\":\"https:\\\/\\\/gimnasticdetarragona.cat\\\/es\\\/#\\\/schema\\\/logo\\\/image\\\/\"},\"sameAs\":[\"https:\\\/\\\/x.com\\\/NASTICTARRAGONA\",\"https:\\\/\\\/www.instagram.com\\\/nastictarragona\\\/\"]},{\"@type\":\"Person\",\"@id\":\"https:\\\/\\\/gimnasticdetarragona.cat\\\/es\\\/#\\\/schema\\\/person\\\/47b6a637abf88f9bd835540f20ea069e\",\"name\":\"desarrollo\",\"sameAs\":[\"https:\\\/\\\/clone.gimnasticdetarragona.cat\"]}]}<\/script>\n<!-- \/ Yoast SEO plugin. -->","yoast_head_json":{"title":"Campeones de la Copa Catalunya - Gimn\u00e0stic de Tarragona SAD","robots":{"index":"index","follow":"follow","max-snippet":"max-snippet:-1","max-image-preview":"max-image-preview:large","max-video-preview":"max-video-preview:-1"},"canonical":"https:\/\/gimnasticdetarragona.cat\/campions-de-la-copa-catalunya\/","og_locale":"es_ES","og_type":"article","og_title":"Campeones de la Copa Catalunya - Gimn\u00e0stic de Tarragona SAD","og_description":"El N\u00e0stic gana la Copa Catalunya contra el Girona en la tanda de penaltis. La parada de Perales en el \u00faltimo lanzamiento gerundense, y el gol de Ferran Giner, han proclamado como campeones al conjunto grana.","og_url":"https:\/\/gimnasticdetarragona.cat\/campions-de-la-copa-catalunya\/","og_site_name":"Gimn\u00e0stic de Tarragona SAD","article_published_time":"2017-03-28T20:24:20+00:00","og_image":[{"width":1600,"height":1066,"url":"https:\/\/gimnasticdetarragona.cat\/wp-content\/uploads\/2022\/06\/05235411120040.jpg","type":"image\/jpeg"}],"author":"desarrollo","twitter_card":"summary_large_image","twitter_creator":"@NASTICTARRAGONA","twitter_site":"@NASTICTARRAGONA","twitter_misc":{"Escrito por":"desarrollo","Tiempo de lectura":"3 minutos"},"schema":{"@context":"https:\/\/schema.org","@graph":[{"@type":"Article","@id":"https:\/\/gimnasticdetarragona.cat\/campions-de-la-copa-catalunya\/#article","isPartOf":{"@id":"https:\/\/gimnasticdetarragona.cat\/campions-de-la-copa-catalunya\/"},"author":{"name":"desarrollo","@id":"https:\/\/gimnasticdetarragona.cat\/es\/#\/schema\/person\/47b6a637abf88f9bd835540f20ea069e"},"headline":"Campeones de la Copa Catalunya","datePublished":"2017-03-28T20:24:20+00:00","mainEntityOfPage":{"@id":"https:\/\/gimnasticdetarragona.cat\/campions-de-la-copa-catalunya\/"},"wordCount":654,"commentCount":0,"publisher":{"@id":"https:\/\/gimnasticdetarragona.cat\/es\/#organization"},"image":{"@id":"https:\/\/gimnasticdetarragona.cat\/campions-de-la-copa-catalunya\/#primaryimage"},"thumbnailUrl":"https:\/\/gimnasticdetarragona.cat\/wp-content\/uploads\/2022\/06\/05235411120040.jpg","articleSection":["Actualidad","Home","Primer Equipo"],"inLanguage":"es"},{"@type":"WebPage","@id":"https:\/\/gimnasticdetarragona.cat\/campions-de-la-copa-catalunya\/","url":"https:\/\/gimnasticdetarragona.cat\/campions-de-la-copa-catalunya\/","name":"Campeones de la Copa Catalunya - Gimn\u00e0stic de Tarragona SAD","isPartOf":{"@id":"https:\/\/gimnasticdetarragona.cat\/es\/#website"},"primaryImageOfPage":{"@id":"https:\/\/gimnasticdetarragona.cat\/campions-de-la-copa-catalunya\/#primaryimage"},"image":{"@id":"https:\/\/gimnasticdetarragona.cat\/campions-de-la-copa-catalunya\/#primaryimage"},"thumbnailUrl":"https:\/\/gimnasticdetarragona.cat\/wp-content\/uploads\/2022\/06\/05235411120040.jpg","datePublished":"2017-03-28T20:24:20+00:00","breadcrumb":{"@id":"https:\/\/gimnasticdetarragona.cat\/campions-de-la-copa-catalunya\/#breadcrumb"},"inLanguage":"es","potentialAction":[{"@type":"ReadAction","target":["https:\/\/gimnasticdetarragona.cat\/campions-de-la-copa-catalunya\/"]}]},{"@type":"ImageObject","inLanguage":"es","@id":"https:\/\/gimnasticdetarragona.cat\/campions-de-la-copa-catalunya\/#primaryimage","url":"https:\/\/gimnasticdetarragona.cat\/wp-content\/uploads\/2022\/06\/05235411120040.jpg","contentUrl":"https:\/\/gimnasticdetarragona.cat\/wp-content\/uploads\/2022\/06\/05235411120040.jpg","width":1600,"height":1066},{"@type":"BreadcrumbList","@id":"https:\/\/gimnasticdetarragona.cat\/campions-de-la-copa-catalunya\/#breadcrumb","itemListElement":[{"@type":"ListItem","position":1,"name":"Inici","item":"https:\/\/gimnasticdetarragona.cat\/es\/nastic\/"},{"@type":"ListItem","position":2,"name":"Campeones de la Copa Catalunya"}]},{"@type":"WebSite","@id":"https:\/\/gimnasticdetarragona.cat\/es\/#website","url":"https:\/\/gimnasticdetarragona.cat\/es\/","name":"Gimn\u00e0stic de Tarragona SAD","description":"Gimn\u00e0stic de Tarragona","publisher":{"@id":"https:\/\/gimnasticdetarragona.cat\/es\/#organization"},"potentialAction":[{"@type":"SearchAction","target":{"@type":"EntryPoint","urlTemplate":"https:\/\/gimnasticdetarragona.cat\/es\/?s={search_term_string}"},"query-input":{"@type":"PropertyValueSpecification","valueRequired":true,"valueName":"search_term_string"}}],"inLanguage":"es"},{"@type":"Organization","@id":"https:\/\/gimnasticdetarragona.cat\/es\/#organization","name":"GIMN\u00c0STIC DE TARRAGONA","alternateName":"N\u00c0STIC","url":"https:\/\/gimnasticdetarragona.cat\/es\/","logo":{"@type":"ImageObject","inLanguage":"es","@id":"https:\/\/gimnasticdetarragona.cat\/es\/#\/schema\/logo\/image\/","url":"https:\/\/gimnasticdetarragona.cat\/wp-content\/uploads\/2022\/06\/cropped-logo-gimnastic.png","contentUrl":"https:\/\/gimnasticdetarragona.cat\/wp-content\/uploads\/2022\/06\/cropped-logo-gimnastic.png","width":224,"height":83,"caption":"GIMN\u00c0STIC DE TARRAGONA"},"image":{"@id":"https:\/\/gimnasticdetarragona.cat\/es\/#\/schema\/logo\/image\/"},"sameAs":["https:\/\/x.com\/NASTICTARRAGONA","https:\/\/www.instagram.com\/nastictarragona\/"]},{"@type":"Person","@id":"https:\/\/gimnasticdetarragona.cat\/es\/#\/schema\/person\/47b6a637abf88f9bd835540f20ea069e","name":"desarrollo","sameAs":["https:\/\/clone.gimnasticdetarragona.cat"]}]}},"_links":{"self":[{"href":"https:\/\/gimnasticdetarragona.cat\/es\/wp-json\/wp\/v2\/posts\/58934","targetHints":{"allow":["GET"]}}],"collection":[{"href":"https:\/\/gimnasticdetarragona.cat\/es\/wp-json\/wp\/v2\/posts"}],"about":[{"href":"https:\/\/gimnasticdetarragona.cat\/es\/wp-json\/wp\/v2\/types\/post"}],"author":[{"embeddable":true,"href":"https:\/\/gimnasticdetarragona.cat\/es\/wp-json\/wp\/v2\/users\/1"}],"replies":[{"embeddable":true,"href":"https:\/\/gimnasticdetarragona.cat\/es\/wp-json\/wp\/v2\/comments?post=58934"}],"version-history":[{"count":0,"href":"https:\/\/gimnasticdetarragona.cat\/es\/wp-json\/wp\/v2\/posts\/58934\/revisions"}],"wp:featuredmedia":[{"embeddable":true,"href":"https:\/\/gimnasticdetarragona.cat\/es\/wp-json\/wp\/v2\/media\/58931"}],"wp:attachment":[{"href":"https:\/\/gimnasticdetarragona.cat\/es\/wp-json\/wp\/v2\/media?parent=58934"}],"wp:term":[{"taxonomy":"category","embeddable":true,"href":"https:\/\/gimnasticdetarragona.cat\/es\/wp-json\/wp\/v2\/categories?post=58934"},{"taxonomy":"post_tag","embeddable":true,"href":"https:\/\/gimnasticdetarragona.cat\/es\/wp-json\/wp\/v2\/tags?post=58934"}],"curies":[{"name":"wp","href":"https:\/\/api.w.org\/{rel}","templated":true}]}}