{"id":59014,"date":"2017-03-20T14:21:00","date_gmt":"2017-03-20T14:21:00","guid":{"rendered":"https:\/\/clone.gimnasticdetarragona.cat\/si-ets-soci-vine-a-la-final-de-copa-catalunya-de-franc\/"},"modified":"2017-03-20T14:21:00","modified_gmt":"2017-03-20T14:21:00","slug":"si-ets-soci-vine-a-la-final-de-copa-catalunya-de-franc","status":"publish","type":"post","link":"https:\/\/gimnasticdetarragona.cat\/es\/si-ets-soci-vine-a-la-final-de-copa-catalunya-de-franc\/","title":{"rendered":"Si eres socio, ven a la final de la Copa Catalunya gratis"},"content":{"rendered":"<p style=\"text-align: justify;\">El Gimn\u00e0stic de Tarragona, SAD y la Federaci\u00f3n Catalana de F\u00fatbol facilitan 250 entradas, con viaje en autocar incluido, a los socios abonados de la entidad grana. La final se disputar\u00e1 el martes 28, a las 19 horas, en el Municipal de Olot.<\/p>\n<p style=\"text-align: justify;\">El N\u00e0stic buscar\u00e1 el t\u00edtulo de la 28\u00aa Copa Catalunya Absoluta ante el Girona FC y sumar as\u00ed un nuevo trofeo catal\u00e1n al palmar\u00e9s grana. Todos los socios que se apunten en las oficinas del N\u00e0stic, hasta cubrir las 250 plazas disponibles, podr\u00e1n animar a nuestros jugadores en esta final a partido \u00fanico. Hay que recordar que en los cuartos de final del torneo los nastiquers superaron a la UE Sant Andreu, y al CF Gav\u00e0 en las semifinales.<\/p>\n<p style=\"text-align: justify;\">La salida del autocar se realizar\u00e1 el mismo martes a las 15.15 horas desde la plaza Imperial Tarraco y a las 15.30 h desde las instalaciones del Nou Estadi. Los socios tambi\u00e9n podr\u00e1n escoger la opci\u00f3n de retirar s\u00f3lo la entrada para desplazarse en su veh\u00edculo particular.<\/p>\n<p style=\"text-align: justify;\">Esta promoci\u00f3n es exclusiva para socios. Cada abonado podr\u00e1 retirar un m\u00e1ximo de dos entradas y la promoci\u00f3n est\u00e1 limitada a las 250 localidades facilitadas por la FCF del municipal de Olot. Los socios que se desplacen se determinar\u00e1 por el orden en que hagan su inscripci\u00f3n en las oficinas del N\u00e0stic. Recordamos que el horario es de lunes a viernes, de 9 a 13:30 horas y de 16 a 19 horas.<\/p>\n","protected":false},"excerpt":{"rendered":"<p>El Gimn\u00e0stic de Tarragona, SAD y la Federaci\u00f3n Catalana de F\u00fatbol facilitan 250 entradas, con viaje en autocar incluido, a los socios abonados de la entidad grana. La final se disputar\u00e1 el martes 28, a las 19 horas, en el Municipal de Olot.<\/p>\n","protected":false},"author":1,"featured_media":59011,"comment_status":"open","ping_status":"open","sticky":false,"template":"","format":"standard","meta":{"_acf_changed":false,"footnotes":""},"categories":[113,126],"tags":[],"class_list":["post-59014","post","type-post","status-publish","format-standard","has-post-thumbnail","hentry","category-actualidad","category-primer-equipo"],"acf":[],"yoast_head":"<!-- This site is optimized with the Yoast SEO plugin v27.3 - https:\/\/yoast.com\/product\/yoast-seo-wordpress\/ -->\n<title>Si eres socio, ven a la final de la Copa Catalunya gratis - Gimn\u00e0stic de Tarragona SAD<\/title>\n<meta name=\"robots\" content=\"index, follow, max-snippet:-1, max-image-preview:large, max-video-preview:-1\" \/>\n<link rel=\"canonical\" href=\"https:\/\/gimnasticdetarragona.cat\/es\/si-ets-soci-vine-a-la-final-de-copa-catalunya-de-franc\/\" \/>\n<meta property=\"og:locale\" content=\"es_ES\" \/>\n<meta property=\"og:type\" content=\"article\" \/>\n<meta property=\"og:title\" content=\"Si eres socio, ven a la final de la Copa Catalunya gratis - Gimn\u00e0stic de Tarragona SAD\" \/>\n<meta property=\"og:description\" content=\"El Gimn\u00e0stic de Tarragona, SAD y la Federaci\u00f3n Catalana de F\u00fatbol facilitan 250 entradas, con viaje en autocar incluido, a los socios abonados de la entidad grana. La final se disputar\u00e1 el martes 28, a las 19 horas, en el Municipal de Olot.\" \/>\n<meta property=\"og:url\" content=\"https:\/\/gimnasticdetarragona.cat\/es\/si-ets-soci-vine-a-la-final-de-copa-catalunya-de-franc\/\" \/>\n<meta property=\"og:site_name\" content=\"Gimn\u00e0stic de Tarragona SAD\" \/>\n<meta property=\"article:published_time\" content=\"2017-03-20T14:21:00+00:00\" \/>\n<meta property=\"og:image\" content=\"https:\/\/gimnasticdetarragona.cat\/wp-content\/uploads\/2022\/06\/05234633119662.png\" \/>\n\t<meta property=\"og:image:width\" content=\"1200\" \/>\n\t<meta property=\"og:image:height\" content=\"457\" \/>\n\t<meta property=\"og:image:type\" content=\"image\/png\" \/>\n<meta name=\"author\" content=\"desarrollo\" \/>\n<meta name=\"twitter:card\" content=\"summary_large_image\" \/>\n<meta name=\"twitter:creator\" content=\"@NASTICTARRAGONA\" \/>\n<meta name=\"twitter:site\" content=\"@NASTICTARRAGONA\" \/>\n<meta name=\"twitter:label1\" content=\"Escrito por\" \/>\n\t<meta name=\"twitter:data1\" content=\"desarrollo\" \/>\n\t<meta name=\"twitter:label2\" content=\"Tiempo de lectura\" \/>\n\t<meta name=\"twitter:data2\" content=\"1 minuto\" \/>\n<script type=\"application\/ld+json\" class=\"yoast-schema-graph\">{\"@context\":\"https:\\\/\\\/schema.org\",\"@graph\":[{\"@type\":\"Article\",\"@id\":\"https:\\\/\\\/gimnasticdetarragona.cat\\\/es\\\/si-ets-soci-vine-a-la-final-de-copa-catalunya-de-franc\\\/#article\",\"isPartOf\":{\"@id\":\"https:\\\/\\\/gimnasticdetarragona.cat\\\/es\\\/si-ets-soci-vine-a-la-final-de-copa-catalunya-de-franc\\\/\"},\"author\":{\"name\":\"desarrollo\",\"@id\":\"https:\\\/\\\/gimnasticdetarragona.cat\\\/es\\\/#\\\/schema\\\/person\\\/47b6a637abf88f9bd835540f20ea069e\"},\"headline\":\"Si eres socio, ven a la final de la Copa Catalunya gratis\",\"datePublished\":\"2017-03-20T14:21:00+00:00\",\"mainEntityOfPage\":{\"@id\":\"https:\\\/\\\/gimnasticdetarragona.cat\\\/es\\\/si-ets-soci-vine-a-la-final-de-copa-catalunya-de-franc\\\/\"},\"wordCount\":260,\"commentCount\":0,\"publisher\":{\"@id\":\"https:\\\/\\\/gimnasticdetarragona.cat\\\/es\\\/#organization\"},\"image\":{\"@id\":\"https:\\\/\\\/gimnasticdetarragona.cat\\\/es\\\/si-ets-soci-vine-a-la-final-de-copa-catalunya-de-franc\\\/#primaryimage\"},\"thumbnailUrl\":\"https:\\\/\\\/gimnasticdetarragona.cat\\\/wp-content\\\/uploads\\\/2022\\\/06\\\/05234633119662.png\",\"articleSection\":[\"Actualidad\",\"Primer Equipo\"],\"inLanguage\":\"es\"},{\"@type\":\"WebPage\",\"@id\":\"https:\\\/\\\/gimnasticdetarragona.cat\\\/es\\\/si-ets-soci-vine-a-la-final-de-copa-catalunya-de-franc\\\/\",\"url\":\"https:\\\/\\\/gimnasticdetarragona.cat\\\/es\\\/si-ets-soci-vine-a-la-final-de-copa-catalunya-de-franc\\\/\",\"name\":\"Si eres socio, ven a la final de la Copa Catalunya gratis - Gimn\u00e0stic de Tarragona SAD\",\"isPartOf\":{\"@id\":\"https:\\\/\\\/gimnasticdetarragona.cat\\\/es\\\/#website\"},\"primaryImageOfPage\":{\"@id\":\"https:\\\/\\\/gimnasticdetarragona.cat\\\/es\\\/si-ets-soci-vine-a-la-final-de-copa-catalunya-de-franc\\\/#primaryimage\"},\"image\":{\"@id\":\"https:\\\/\\\/gimnasticdetarragona.cat\\\/es\\\/si-ets-soci-vine-a-la-final-de-copa-catalunya-de-franc\\\/#primaryimage\"},\"thumbnailUrl\":\"https:\\\/\\\/gimnasticdetarragona.cat\\\/wp-content\\\/uploads\\\/2022\\\/06\\\/05234633119662.png\",\"datePublished\":\"2017-03-20T14:21:00+00:00\",\"breadcrumb\":{\"@id\":\"https:\\\/\\\/gimnasticdetarragona.cat\\\/es\\\/si-ets-soci-vine-a-la-final-de-copa-catalunya-de-franc\\\/#breadcrumb\"},\"inLanguage\":\"es\",\"potentialAction\":[{\"@type\":\"ReadAction\",\"target\":[\"https:\\\/\\\/gimnasticdetarragona.cat\\\/es\\\/si-ets-soci-vine-a-la-final-de-copa-catalunya-de-franc\\\/\"]}]},{\"@type\":\"ImageObject\",\"inLanguage\":\"es\",\"@id\":\"https:\\\/\\\/gimnasticdetarragona.cat\\\/es\\\/si-ets-soci-vine-a-la-final-de-copa-catalunya-de-franc\\\/#primaryimage\",\"url\":\"https:\\\/\\\/gimnasticdetarragona.cat\\\/wp-content\\\/uploads\\\/2022\\\/06\\\/05234633119662.png\",\"contentUrl\":\"https:\\\/\\\/gimnasticdetarragona.cat\\\/wp-content\\\/uploads\\\/2022\\\/06\\\/05234633119662.png\",\"width\":1200,\"height\":457},{\"@type\":\"BreadcrumbList\",\"@id\":\"https:\\\/\\\/gimnasticdetarragona.cat\\\/es\\\/si-ets-soci-vine-a-la-final-de-copa-catalunya-de-franc\\\/#breadcrumb\",\"itemListElement\":[{\"@type\":\"ListItem\",\"position\":1,\"name\":\"Inici\",\"item\":\"https:\\\/\\\/gimnasticdetarragona.cat\\\/es\\\/nastic\\\/\"},{\"@type\":\"ListItem\",\"position\":2,\"name\":\"Si eres socio, ven a la final de la Copa Catalunya gratis\"}]},{\"@type\":\"WebSite\",\"@id\":\"https:\\\/\\\/gimnasticdetarragona.cat\\\/es\\\/#website\",\"url\":\"https:\\\/\\\/gimnasticdetarragona.cat\\\/es\\\/\",\"name\":\"Gimn\u00e0stic de Tarragona SAD\",\"description\":\"Gimn\u00e0stic de Tarragona\",\"publisher\":{\"@id\":\"https:\\\/\\\/gimnasticdetarragona.cat\\\/es\\\/#organization\"},\"potentialAction\":[{\"@type\":\"SearchAction\",\"target\":{\"@type\":\"EntryPoint\",\"urlTemplate\":\"https:\\\/\\\/gimnasticdetarragona.cat\\\/es\\\/?s={search_term_string}\"},\"query-input\":{\"@type\":\"PropertyValueSpecification\",\"valueRequired\":true,\"valueName\":\"search_term_string\"}}],\"inLanguage\":\"es\"},{\"@type\":\"Organization\",\"@id\":\"https:\\\/\\\/gimnasticdetarragona.cat\\\/es\\\/#organization\",\"name\":\"GIMN\u00c0STIC DE TARRAGONA\",\"alternateName\":\"N\u00c0STIC\",\"url\":\"https:\\\/\\\/gimnasticdetarragona.cat\\\/es\\\/\",\"logo\":{\"@type\":\"ImageObject\",\"inLanguage\":\"es\",\"@id\":\"https:\\\/\\\/gimnasticdetarragona.cat\\\/es\\\/#\\\/schema\\\/logo\\\/image\\\/\",\"url\":\"https:\\\/\\\/gimnasticdetarragona.cat\\\/wp-content\\\/uploads\\\/2022\\\/06\\\/cropped-logo-gimnastic.png\",\"contentUrl\":\"https:\\\/\\\/gimnasticdetarragona.cat\\\/wp-content\\\/uploads\\\/2022\\\/06\\\/cropped-logo-gimnastic.png\",\"width\":224,\"height\":83,\"caption\":\"GIMN\u00c0STIC DE TARRAGONA\"},\"image\":{\"@id\":\"https:\\\/\\\/gimnasticdetarragona.cat\\\/es\\\/#\\\/schema\\\/logo\\\/image\\\/\"},\"sameAs\":[\"https:\\\/\\\/x.com\\\/NASTICTARRAGONA\",\"https:\\\/\\\/www.instagram.com\\\/nastictarragona\\\/\"]},{\"@type\":\"Person\",\"@id\":\"https:\\\/\\\/gimnasticdetarragona.cat\\\/es\\\/#\\\/schema\\\/person\\\/47b6a637abf88f9bd835540f20ea069e\",\"name\":\"desarrollo\",\"sameAs\":[\"https:\\\/\\\/clone.gimnasticdetarragona.cat\"]}]}<\/script>\n<!-- \/ Yoast SEO plugin. -->","yoast_head_json":{"title":"Si eres socio, ven a la final de la Copa Catalunya gratis - Gimn\u00e0stic de Tarragona SAD","robots":{"index":"index","follow":"follow","max-snippet":"max-snippet:-1","max-image-preview":"max-image-preview:large","max-video-preview":"max-video-preview:-1"},"canonical":"https:\/\/gimnasticdetarragona.cat\/es\/si-ets-soci-vine-a-la-final-de-copa-catalunya-de-franc\/","og_locale":"es_ES","og_type":"article","og_title":"Si eres socio, ven a la final de la Copa Catalunya gratis - Gimn\u00e0stic de Tarragona SAD","og_description":"El Gimn\u00e0stic de Tarragona, SAD y la Federaci\u00f3n Catalana de F\u00fatbol facilitan 250 entradas, con viaje en autocar incluido, a los socios abonados de la entidad grana. La final se disputar\u00e1 el martes 28, a las 19 horas, en el Municipal de Olot.","og_url":"https:\/\/gimnasticdetarragona.cat\/es\/si-ets-soci-vine-a-la-final-de-copa-catalunya-de-franc\/","og_site_name":"Gimn\u00e0stic de Tarragona SAD","article_published_time":"2017-03-20T14:21:00+00:00","og_image":[{"width":1200,"height":457,"url":"https:\/\/gimnasticdetarragona.cat\/wp-content\/uploads\/2022\/06\/05234633119662.png","type":"image\/png"}],"author":"desarrollo","twitter_card":"summary_large_image","twitter_creator":"@NASTICTARRAGONA","twitter_site":"@NASTICTARRAGONA","twitter_misc":{"Escrito por":"desarrollo","Tiempo de lectura":"1 minuto"},"schema":{"@context":"https:\/\/schema.org","@graph":[{"@type":"Article","@id":"https:\/\/gimnasticdetarragona.cat\/es\/si-ets-soci-vine-a-la-final-de-copa-catalunya-de-franc\/#article","isPartOf":{"@id":"https:\/\/gimnasticdetarragona.cat\/es\/si-ets-soci-vine-a-la-final-de-copa-catalunya-de-franc\/"},"author":{"name":"desarrollo","@id":"https:\/\/gimnasticdetarragona.cat\/es\/#\/schema\/person\/47b6a637abf88f9bd835540f20ea069e"},"headline":"Si eres socio, ven a la final de la Copa Catalunya gratis","datePublished":"2017-03-20T14:21:00+00:00","mainEntityOfPage":{"@id":"https:\/\/gimnasticdetarragona.cat\/es\/si-ets-soci-vine-a-la-final-de-copa-catalunya-de-franc\/"},"wordCount":260,"commentCount":0,"publisher":{"@id":"https:\/\/gimnasticdetarragona.cat\/es\/#organization"},"image":{"@id":"https:\/\/gimnasticdetarragona.cat\/es\/si-ets-soci-vine-a-la-final-de-copa-catalunya-de-franc\/#primaryimage"},"thumbnailUrl":"https:\/\/gimnasticdetarragona.cat\/wp-content\/uploads\/2022\/06\/05234633119662.png","articleSection":["Actualidad","Primer Equipo"],"inLanguage":"es"},{"@type":"WebPage","@id":"https:\/\/gimnasticdetarragona.cat\/es\/si-ets-soci-vine-a-la-final-de-copa-catalunya-de-franc\/","url":"https:\/\/gimnasticdetarragona.cat\/es\/si-ets-soci-vine-a-la-final-de-copa-catalunya-de-franc\/","name":"Si eres socio, ven a la final de la Copa Catalunya gratis - Gimn\u00e0stic de Tarragona SAD","isPartOf":{"@id":"https:\/\/gimnasticdetarragona.cat\/es\/#website"},"primaryImageOfPage":{"@id":"https:\/\/gimnasticdetarragona.cat\/es\/si-ets-soci-vine-a-la-final-de-copa-catalunya-de-franc\/#primaryimage"},"image":{"@id":"https:\/\/gimnasticdetarragona.cat\/es\/si-ets-soci-vine-a-la-final-de-copa-catalunya-de-franc\/#primaryimage"},"thumbnailUrl":"https:\/\/gimnasticdetarragona.cat\/wp-content\/uploads\/2022\/06\/05234633119662.png","datePublished":"2017-03-20T14:21:00+00:00","breadcrumb":{"@id":"https:\/\/gimnasticdetarragona.cat\/es\/si-ets-soci-vine-a-la-final-de-copa-catalunya-de-franc\/#breadcrumb"},"inLanguage":"es","potentialAction":[{"@type":"ReadAction","target":["https:\/\/gimnasticdetarragona.cat\/es\/si-ets-soci-vine-a-la-final-de-copa-catalunya-de-franc\/"]}]},{"@type":"ImageObject","inLanguage":"es","@id":"https:\/\/gimnasticdetarragona.cat\/es\/si-ets-soci-vine-a-la-final-de-copa-catalunya-de-franc\/#primaryimage","url":"https:\/\/gimnasticdetarragona.cat\/wp-content\/uploads\/2022\/06\/05234633119662.png","contentUrl":"https:\/\/gimnasticdetarragona.cat\/wp-content\/uploads\/2022\/06\/05234633119662.png","width":1200,"height":457},{"@type":"BreadcrumbList","@id":"https:\/\/gimnasticdetarragona.cat\/es\/si-ets-soci-vine-a-la-final-de-copa-catalunya-de-franc\/#breadcrumb","itemListElement":[{"@type":"ListItem","position":1,"name":"Inici","item":"https:\/\/gimnasticdetarragona.cat\/es\/nastic\/"},{"@type":"ListItem","position":2,"name":"Si eres socio, ven a la final de la Copa Catalunya gratis"}]},{"@type":"WebSite","@id":"https:\/\/gimnasticdetarragona.cat\/es\/#website","url":"https:\/\/gimnasticdetarragona.cat\/es\/","name":"Gimn\u00e0stic de Tarragona SAD","description":"Gimn\u00e0stic de Tarragona","publisher":{"@id":"https:\/\/gimnasticdetarragona.cat\/es\/#organization"},"potentialAction":[{"@type":"SearchAction","target":{"@type":"EntryPoint","urlTemplate":"https:\/\/gimnasticdetarragona.cat\/es\/?s={search_term_string}"},"query-input":{"@type":"PropertyValueSpecification","valueRequired":true,"valueName":"search_term_string"}}],"inLanguage":"es"},{"@type":"Organization","@id":"https:\/\/gimnasticdetarragona.cat\/es\/#organization","name":"GIMN\u00c0STIC DE TARRAGONA","alternateName":"N\u00c0STIC","url":"https:\/\/gimnasticdetarragona.cat\/es\/","logo":{"@type":"ImageObject","inLanguage":"es","@id":"https:\/\/gimnasticdetarragona.cat\/es\/#\/schema\/logo\/image\/","url":"https:\/\/gimnasticdetarragona.cat\/wp-content\/uploads\/2022\/06\/cropped-logo-gimnastic.png","contentUrl":"https:\/\/gimnasticdetarragona.cat\/wp-content\/uploads\/2022\/06\/cropped-logo-gimnastic.png","width":224,"height":83,"caption":"GIMN\u00c0STIC DE TARRAGONA"},"image":{"@id":"https:\/\/gimnasticdetarragona.cat\/es\/#\/schema\/logo\/image\/"},"sameAs":["https:\/\/x.com\/NASTICTARRAGONA","https:\/\/www.instagram.com\/nastictarragona\/"]},{"@type":"Person","@id":"https:\/\/gimnasticdetarragona.cat\/es\/#\/schema\/person\/47b6a637abf88f9bd835540f20ea069e","name":"desarrollo","sameAs":["https:\/\/clone.gimnasticdetarragona.cat"]}]}},"_links":{"self":[{"href":"https:\/\/gimnasticdetarragona.cat\/es\/wp-json\/wp\/v2\/posts\/59014","targetHints":{"allow":["GET"]}}],"collection":[{"href":"https:\/\/gimnasticdetarragona.cat\/es\/wp-json\/wp\/v2\/posts"}],"about":[{"href":"https:\/\/gimnasticdetarragona.cat\/es\/wp-json\/wp\/v2\/types\/post"}],"author":[{"embeddable":true,"href":"https:\/\/gimnasticdetarragona.cat\/es\/wp-json\/wp\/v2\/users\/1"}],"replies":[{"embeddable":true,"href":"https:\/\/gimnasticdetarragona.cat\/es\/wp-json\/wp\/v2\/comments?post=59014"}],"version-history":[{"count":0,"href":"https:\/\/gimnasticdetarragona.cat\/es\/wp-json\/wp\/v2\/posts\/59014\/revisions"}],"wp:featuredmedia":[{"embeddable":true,"href":"https:\/\/gimnasticdetarragona.cat\/es\/wp-json\/wp\/v2\/media\/59011"}],"wp:attachment":[{"href":"https:\/\/gimnasticdetarragona.cat\/es\/wp-json\/wp\/v2\/media?parent=59014"}],"wp:term":[{"taxonomy":"category","embeddable":true,"href":"https:\/\/gimnasticdetarragona.cat\/es\/wp-json\/wp\/v2\/categories?post=59014"},{"taxonomy":"post_tag","embeddable":true,"href":"https:\/\/gimnasticdetarragona.cat\/es\/wp-json\/wp\/v2\/tags?post=59014"}],"curies":[{"name":"wp","href":"https:\/\/api.w.org\/{rel}","templated":true}]}}