{"id":59088,"date":"2017-03-13T15:39:18","date_gmt":"2017-03-13T15:39:18","guid":{"rendered":"https:\/\/clone.gimnasticdetarragona.cat\/empat-agredolc-pel-juvenil-b-2\/"},"modified":"2017-03-13T15:39:18","modified_gmt":"2017-03-13T15:39:18","slug":"empat-agredolc-pel-juvenil-b-2","status":"publish","type":"post","link":"https:\/\/gimnasticdetarragona.cat\/es\/empat-agredolc-pel-juvenil-b-2\/","title":{"rendered":"Empate agridulce por el Juvenil B"},"content":{"rendered":"<p style=\"text-align: justify;\">El Juvenil B de Daniel Vidal sum\u00f3 un buen punto en el campo del Manresa, equipo que marca la zona de descenso.<\/p>\n<p style=\"text-align: justify;\">Los grana llegaban a la capital del Bages con un objetivo muy claro, evitar que los locales no les recortaran puntos en la clasificaci\u00f3n. Con todo, los de Vidal quer\u00edan aprovechar para hacer a\u00fan m\u00e1s grande la distancia entre ellos y el descenso, y esa fue la actitud del equipo en todo momento.<\/p>\n<p style=\"text-align: justify;\">La primera mitad fue muy igualada y sin ocasiones claras para ninguno de los dos equipos. La posesi\u00f3n la dominaba el N\u00e0stic, reduciendo las opciones de los locales a alguna contra aislada, y muy bien defendida, y a las jugadas a bal\u00f3n parado. Justo antes del descanso, los grana montaron una r\u00e1pida contra, tras una pelota robada, y Mart\u00ednez encar\u00f3 al portero. Cuando\u00a0el delantero tarraconense estaba armando el disparo fue cazado por detr\u00e1s, con falta, por uno de los defensores del Manresa, que vio la roja directa. La falta la sirvi\u00f3 el mismo Mart\u00ednez con un remate colocado que se march\u00f3 rozando el palo. A la media parte\u00a0se lleg\u00f3 con empate a 0 en el marcador.<\/p>\n<p style=\"text-align: justify;\">En la segunda la superioridad grana fue absoluta, frente a un Manresa que, con un hombre menos, se cerr\u00f3 manteniendo siempre los 10 jugadores en campo propio. El N\u00e0stic buscaba, a base de un buen juego de combinaci\u00f3n, encontrar los espacios entre las l\u00edneas rivales, y los de Vidal llegaron a disfrutar de tres ocasiones muy claras de gol. El portero manresano se erigi\u00f3 como el salvador de los suyos evitando el gol de la victoria tarraconense. Al final, empate y reparto de puntos que beneficia a los nuestros ya que se mantendr\u00e1n, una jornada m\u00e1s, a 9 puntos de las plazas de descenso.<\/p>\n<p style=\"text-align: justify;\">El t\u00e9cnico del Juvenil B, Daniel Vidal, valoraba al final del partido el punto conseguido. \u00abHabr\u00edamos podido ganar, hemos tenido ocasiones claras pero su portero ha sido brillante. Es una l\u00e1stima no sumar los 3 puntos pero el empate mantiene al Manresa a 9 puntos a falta de una jornada menos para el final. Debemos valorar el punto conseguido. Sab\u00edamos que con 10 ellos se cerrar\u00edan y corr\u00edamos el riesgo de ir demasiado al ataque y descuidar las espaldas, dando opciones al Manresa a la contra. As\u00ed que, hemos tenido que encontrar el equilibrio para evitar la derrota que hubiera supuesto que nos recortaran tres puntos en la clasificaci\u00f3n. Al final, insisto, creo que es un buen punto, es una liga muy igualada, cuesta mucho ganar fuera y con el empate se mantienen las cosas como estaban. Ahora nos toca sumar en casa y dar a\u00fan m\u00e1s valor al empate de hoy \u00ab.<\/p>\n","protected":false},"excerpt":{"rendered":"<p>El Juvenil B de Daniel Vidal sum\u00f3 un buen punto en el campo del Manresa, equipo que marca la zona de descenso.<\/p>\n","protected":false},"author":1,"featured_media":59085,"comment_status":"open","ping_status":"open","sticky":false,"template":"","format":"standard","meta":{"_acf_changed":false,"footnotes":""},"categories":[113,117],"tags":[],"class_list":["post-59088","post","type-post","status-publish","format-standard","has-post-thumbnail","hentry","category-actualidad","category-futbol-base"],"acf":[],"yoast_head":"<!-- This site is optimized with the Yoast SEO plugin v27.3 - https:\/\/yoast.com\/product\/yoast-seo-wordpress\/ -->\n<title>Empate agridulce por el Juvenil B - Gimn\u00e0stic de Tarragona SAD<\/title>\n<meta name=\"robots\" content=\"index, follow, max-snippet:-1, max-image-preview:large, max-video-preview:-1\" \/>\n<link rel=\"canonical\" href=\"https:\/\/gimnasticdetarragona.cat\/es\/empat-agredolc-pel-juvenil-b-2\/\" \/>\n<meta property=\"og:locale\" content=\"es_ES\" \/>\n<meta property=\"og:type\" content=\"article\" \/>\n<meta property=\"og:title\" content=\"Empate agridulce por el Juvenil B - Gimn\u00e0stic de Tarragona SAD\" \/>\n<meta property=\"og:description\" content=\"El Juvenil B de Daniel Vidal sum\u00f3 un buen punto en el campo del Manresa, equipo que marca la zona de descenso.\" \/>\n<meta property=\"og:url\" content=\"https:\/\/gimnasticdetarragona.cat\/es\/empat-agredolc-pel-juvenil-b-2\/\" \/>\n<meta property=\"og:site_name\" content=\"Gimn\u00e0stic de Tarragona SAD\" \/>\n<meta property=\"article:published_time\" content=\"2017-03-13T15:39:18+00:00\" \/>\n<meta property=\"og:image\" content=\"https:\/\/gimnasticdetarragona.cat\/wp-content\/uploads\/2022\/06\/05235116119426.jpg\" \/>\n\t<meta property=\"og:image:width\" content=\"660\" \/>\n\t<meta property=\"og:image:height\" content=\"330\" \/>\n\t<meta property=\"og:image:type\" content=\"image\/jpeg\" \/>\n<meta name=\"author\" content=\"desarrollo\" \/>\n<meta name=\"twitter:card\" content=\"summary_large_image\" \/>\n<meta name=\"twitter:creator\" content=\"@NASTICTARRAGONA\" \/>\n<meta name=\"twitter:site\" content=\"@NASTICTARRAGONA\" \/>\n<meta name=\"twitter:label1\" content=\"Escrito por\" \/>\n\t<meta name=\"twitter:data1\" content=\"desarrollo\" \/>\n\t<meta name=\"twitter:label2\" content=\"Tiempo de lectura\" \/>\n\t<meta name=\"twitter:data2\" content=\"2 minutos\" \/>\n<script type=\"application\/ld+json\" class=\"yoast-schema-graph\">{\"@context\":\"https:\\\/\\\/schema.org\",\"@graph\":[{\"@type\":\"Article\",\"@id\":\"https:\\\/\\\/gimnasticdetarragona.cat\\\/es\\\/empat-agredolc-pel-juvenil-b-2\\\/#article\",\"isPartOf\":{\"@id\":\"https:\\\/\\\/gimnasticdetarragona.cat\\\/es\\\/empat-agredolc-pel-juvenil-b-2\\\/\"},\"author\":{\"name\":\"desarrollo\",\"@id\":\"https:\\\/\\\/gimnasticdetarragona.cat\\\/es\\\/#\\\/schema\\\/person\\\/47b6a637abf88f9bd835540f20ea069e\"},\"headline\":\"Empate agridulce por el Juvenil B\",\"datePublished\":\"2017-03-13T15:39:18+00:00\",\"mainEntityOfPage\":{\"@id\":\"https:\\\/\\\/gimnasticdetarragona.cat\\\/es\\\/empat-agredolc-pel-juvenil-b-2\\\/\"},\"wordCount\":474,\"commentCount\":0,\"publisher\":{\"@id\":\"https:\\\/\\\/gimnasticdetarragona.cat\\\/es\\\/#organization\"},\"image\":{\"@id\":\"https:\\\/\\\/gimnasticdetarragona.cat\\\/es\\\/empat-agredolc-pel-juvenil-b-2\\\/#primaryimage\"},\"thumbnailUrl\":\"https:\\\/\\\/gimnasticdetarragona.cat\\\/wp-content\\\/uploads\\\/2022\\\/06\\\/05235116119426.jpg\",\"articleSection\":[\"Actualidad\",\"F\u00fatbol Base\"],\"inLanguage\":\"es\"},{\"@type\":\"WebPage\",\"@id\":\"https:\\\/\\\/gimnasticdetarragona.cat\\\/es\\\/empat-agredolc-pel-juvenil-b-2\\\/\",\"url\":\"https:\\\/\\\/gimnasticdetarragona.cat\\\/es\\\/empat-agredolc-pel-juvenil-b-2\\\/\",\"name\":\"Empate agridulce por el Juvenil B - Gimn\u00e0stic de Tarragona SAD\",\"isPartOf\":{\"@id\":\"https:\\\/\\\/gimnasticdetarragona.cat\\\/es\\\/#website\"},\"primaryImageOfPage\":{\"@id\":\"https:\\\/\\\/gimnasticdetarragona.cat\\\/es\\\/empat-agredolc-pel-juvenil-b-2\\\/#primaryimage\"},\"image\":{\"@id\":\"https:\\\/\\\/gimnasticdetarragona.cat\\\/es\\\/empat-agredolc-pel-juvenil-b-2\\\/#primaryimage\"},\"thumbnailUrl\":\"https:\\\/\\\/gimnasticdetarragona.cat\\\/wp-content\\\/uploads\\\/2022\\\/06\\\/05235116119426.jpg\",\"datePublished\":\"2017-03-13T15:39:18+00:00\",\"breadcrumb\":{\"@id\":\"https:\\\/\\\/gimnasticdetarragona.cat\\\/es\\\/empat-agredolc-pel-juvenil-b-2\\\/#breadcrumb\"},\"inLanguage\":\"es\",\"potentialAction\":[{\"@type\":\"ReadAction\",\"target\":[\"https:\\\/\\\/gimnasticdetarragona.cat\\\/es\\\/empat-agredolc-pel-juvenil-b-2\\\/\"]}]},{\"@type\":\"ImageObject\",\"inLanguage\":\"es\",\"@id\":\"https:\\\/\\\/gimnasticdetarragona.cat\\\/es\\\/empat-agredolc-pel-juvenil-b-2\\\/#primaryimage\",\"url\":\"https:\\\/\\\/gimnasticdetarragona.cat\\\/wp-content\\\/uploads\\\/2022\\\/06\\\/05235116119426.jpg\",\"contentUrl\":\"https:\\\/\\\/gimnasticdetarragona.cat\\\/wp-content\\\/uploads\\\/2022\\\/06\\\/05235116119426.jpg\",\"width\":660,\"height\":330},{\"@type\":\"BreadcrumbList\",\"@id\":\"https:\\\/\\\/gimnasticdetarragona.cat\\\/es\\\/empat-agredolc-pel-juvenil-b-2\\\/#breadcrumb\",\"itemListElement\":[{\"@type\":\"ListItem\",\"position\":1,\"name\":\"Inici\",\"item\":\"https:\\\/\\\/gimnasticdetarragona.cat\\\/es\\\/nastic\\\/\"},{\"@type\":\"ListItem\",\"position\":2,\"name\":\"Empate agridulce por el Juvenil B\"}]},{\"@type\":\"WebSite\",\"@id\":\"https:\\\/\\\/gimnasticdetarragona.cat\\\/es\\\/#website\",\"url\":\"https:\\\/\\\/gimnasticdetarragona.cat\\\/es\\\/\",\"name\":\"Gimn\u00e0stic de Tarragona SAD\",\"description\":\"Gimn\u00e0stic de Tarragona\",\"publisher\":{\"@id\":\"https:\\\/\\\/gimnasticdetarragona.cat\\\/es\\\/#organization\"},\"potentialAction\":[{\"@type\":\"SearchAction\",\"target\":{\"@type\":\"EntryPoint\",\"urlTemplate\":\"https:\\\/\\\/gimnasticdetarragona.cat\\\/es\\\/?s={search_term_string}\"},\"query-input\":{\"@type\":\"PropertyValueSpecification\",\"valueRequired\":true,\"valueName\":\"search_term_string\"}}],\"inLanguage\":\"es\"},{\"@type\":\"Organization\",\"@id\":\"https:\\\/\\\/gimnasticdetarragona.cat\\\/es\\\/#organization\",\"name\":\"GIMN\u00c0STIC DE TARRAGONA\",\"alternateName\":\"N\u00c0STIC\",\"url\":\"https:\\\/\\\/gimnasticdetarragona.cat\\\/es\\\/\",\"logo\":{\"@type\":\"ImageObject\",\"inLanguage\":\"es\",\"@id\":\"https:\\\/\\\/gimnasticdetarragona.cat\\\/es\\\/#\\\/schema\\\/logo\\\/image\\\/\",\"url\":\"https:\\\/\\\/gimnasticdetarragona.cat\\\/wp-content\\\/uploads\\\/2022\\\/06\\\/cropped-logo-gimnastic.png\",\"contentUrl\":\"https:\\\/\\\/gimnasticdetarragona.cat\\\/wp-content\\\/uploads\\\/2022\\\/06\\\/cropped-logo-gimnastic.png\",\"width\":224,\"height\":83,\"caption\":\"GIMN\u00c0STIC DE TARRAGONA\"},\"image\":{\"@id\":\"https:\\\/\\\/gimnasticdetarragona.cat\\\/es\\\/#\\\/schema\\\/logo\\\/image\\\/\"},\"sameAs\":[\"https:\\\/\\\/x.com\\\/NASTICTARRAGONA\",\"https:\\\/\\\/www.instagram.com\\\/nastictarragona\\\/\"]},{\"@type\":\"Person\",\"@id\":\"https:\\\/\\\/gimnasticdetarragona.cat\\\/es\\\/#\\\/schema\\\/person\\\/47b6a637abf88f9bd835540f20ea069e\",\"name\":\"desarrollo\",\"sameAs\":[\"https:\\\/\\\/clone.gimnasticdetarragona.cat\"]}]}<\/script>\n<!-- \/ Yoast SEO plugin. -->","yoast_head_json":{"title":"Empate agridulce por el Juvenil B - Gimn\u00e0stic de Tarragona SAD","robots":{"index":"index","follow":"follow","max-snippet":"max-snippet:-1","max-image-preview":"max-image-preview:large","max-video-preview":"max-video-preview:-1"},"canonical":"https:\/\/gimnasticdetarragona.cat\/es\/empat-agredolc-pel-juvenil-b-2\/","og_locale":"es_ES","og_type":"article","og_title":"Empate agridulce por el Juvenil B - Gimn\u00e0stic de Tarragona SAD","og_description":"El Juvenil B de Daniel Vidal sum\u00f3 un buen punto en el campo del Manresa, equipo que marca la zona de descenso.","og_url":"https:\/\/gimnasticdetarragona.cat\/es\/empat-agredolc-pel-juvenil-b-2\/","og_site_name":"Gimn\u00e0stic de Tarragona SAD","article_published_time":"2017-03-13T15:39:18+00:00","og_image":[{"width":660,"height":330,"url":"https:\/\/gimnasticdetarragona.cat\/wp-content\/uploads\/2022\/06\/05235116119426.jpg","type":"image\/jpeg"}],"author":"desarrollo","twitter_card":"summary_large_image","twitter_creator":"@NASTICTARRAGONA","twitter_site":"@NASTICTARRAGONA","twitter_misc":{"Escrito por":"desarrollo","Tiempo de lectura":"2 minutos"},"schema":{"@context":"https:\/\/schema.org","@graph":[{"@type":"Article","@id":"https:\/\/gimnasticdetarragona.cat\/es\/empat-agredolc-pel-juvenil-b-2\/#article","isPartOf":{"@id":"https:\/\/gimnasticdetarragona.cat\/es\/empat-agredolc-pel-juvenil-b-2\/"},"author":{"name":"desarrollo","@id":"https:\/\/gimnasticdetarragona.cat\/es\/#\/schema\/person\/47b6a637abf88f9bd835540f20ea069e"},"headline":"Empate agridulce por el Juvenil B","datePublished":"2017-03-13T15:39:18+00:00","mainEntityOfPage":{"@id":"https:\/\/gimnasticdetarragona.cat\/es\/empat-agredolc-pel-juvenil-b-2\/"},"wordCount":474,"commentCount":0,"publisher":{"@id":"https:\/\/gimnasticdetarragona.cat\/es\/#organization"},"image":{"@id":"https:\/\/gimnasticdetarragona.cat\/es\/empat-agredolc-pel-juvenil-b-2\/#primaryimage"},"thumbnailUrl":"https:\/\/gimnasticdetarragona.cat\/wp-content\/uploads\/2022\/06\/05235116119426.jpg","articleSection":["Actualidad","F\u00fatbol Base"],"inLanguage":"es"},{"@type":"WebPage","@id":"https:\/\/gimnasticdetarragona.cat\/es\/empat-agredolc-pel-juvenil-b-2\/","url":"https:\/\/gimnasticdetarragona.cat\/es\/empat-agredolc-pel-juvenil-b-2\/","name":"Empate agridulce por el Juvenil B - Gimn\u00e0stic de Tarragona SAD","isPartOf":{"@id":"https:\/\/gimnasticdetarragona.cat\/es\/#website"},"primaryImageOfPage":{"@id":"https:\/\/gimnasticdetarragona.cat\/es\/empat-agredolc-pel-juvenil-b-2\/#primaryimage"},"image":{"@id":"https:\/\/gimnasticdetarragona.cat\/es\/empat-agredolc-pel-juvenil-b-2\/#primaryimage"},"thumbnailUrl":"https:\/\/gimnasticdetarragona.cat\/wp-content\/uploads\/2022\/06\/05235116119426.jpg","datePublished":"2017-03-13T15:39:18+00:00","breadcrumb":{"@id":"https:\/\/gimnasticdetarragona.cat\/es\/empat-agredolc-pel-juvenil-b-2\/#breadcrumb"},"inLanguage":"es","potentialAction":[{"@type":"ReadAction","target":["https:\/\/gimnasticdetarragona.cat\/es\/empat-agredolc-pel-juvenil-b-2\/"]}]},{"@type":"ImageObject","inLanguage":"es","@id":"https:\/\/gimnasticdetarragona.cat\/es\/empat-agredolc-pel-juvenil-b-2\/#primaryimage","url":"https:\/\/gimnasticdetarragona.cat\/wp-content\/uploads\/2022\/06\/05235116119426.jpg","contentUrl":"https:\/\/gimnasticdetarragona.cat\/wp-content\/uploads\/2022\/06\/05235116119426.jpg","width":660,"height":330},{"@type":"BreadcrumbList","@id":"https:\/\/gimnasticdetarragona.cat\/es\/empat-agredolc-pel-juvenil-b-2\/#breadcrumb","itemListElement":[{"@type":"ListItem","position":1,"name":"Inici","item":"https:\/\/gimnasticdetarragona.cat\/es\/nastic\/"},{"@type":"ListItem","position":2,"name":"Empate agridulce por el Juvenil B"}]},{"@type":"WebSite","@id":"https:\/\/gimnasticdetarragona.cat\/es\/#website","url":"https:\/\/gimnasticdetarragona.cat\/es\/","name":"Gimn\u00e0stic de Tarragona SAD","description":"Gimn\u00e0stic de Tarragona","publisher":{"@id":"https:\/\/gimnasticdetarragona.cat\/es\/#organization"},"potentialAction":[{"@type":"SearchAction","target":{"@type":"EntryPoint","urlTemplate":"https:\/\/gimnasticdetarragona.cat\/es\/?s={search_term_string}"},"query-input":{"@type":"PropertyValueSpecification","valueRequired":true,"valueName":"search_term_string"}}],"inLanguage":"es"},{"@type":"Organization","@id":"https:\/\/gimnasticdetarragona.cat\/es\/#organization","name":"GIMN\u00c0STIC DE TARRAGONA","alternateName":"N\u00c0STIC","url":"https:\/\/gimnasticdetarragona.cat\/es\/","logo":{"@type":"ImageObject","inLanguage":"es","@id":"https:\/\/gimnasticdetarragona.cat\/es\/#\/schema\/logo\/image\/","url":"https:\/\/gimnasticdetarragona.cat\/wp-content\/uploads\/2022\/06\/cropped-logo-gimnastic.png","contentUrl":"https:\/\/gimnasticdetarragona.cat\/wp-content\/uploads\/2022\/06\/cropped-logo-gimnastic.png","width":224,"height":83,"caption":"GIMN\u00c0STIC DE TARRAGONA"},"image":{"@id":"https:\/\/gimnasticdetarragona.cat\/es\/#\/schema\/logo\/image\/"},"sameAs":["https:\/\/x.com\/NASTICTARRAGONA","https:\/\/www.instagram.com\/nastictarragona\/"]},{"@type":"Person","@id":"https:\/\/gimnasticdetarragona.cat\/es\/#\/schema\/person\/47b6a637abf88f9bd835540f20ea069e","name":"desarrollo","sameAs":["https:\/\/clone.gimnasticdetarragona.cat"]}]}},"_links":{"self":[{"href":"https:\/\/gimnasticdetarragona.cat\/es\/wp-json\/wp\/v2\/posts\/59088","targetHints":{"allow":["GET"]}}],"collection":[{"href":"https:\/\/gimnasticdetarragona.cat\/es\/wp-json\/wp\/v2\/posts"}],"about":[{"href":"https:\/\/gimnasticdetarragona.cat\/es\/wp-json\/wp\/v2\/types\/post"}],"author":[{"embeddable":true,"href":"https:\/\/gimnasticdetarragona.cat\/es\/wp-json\/wp\/v2\/users\/1"}],"replies":[{"embeddable":true,"href":"https:\/\/gimnasticdetarragona.cat\/es\/wp-json\/wp\/v2\/comments?post=59088"}],"version-history":[{"count":0,"href":"https:\/\/gimnasticdetarragona.cat\/es\/wp-json\/wp\/v2\/posts\/59088\/revisions"}],"wp:featuredmedia":[{"embeddable":true,"href":"https:\/\/gimnasticdetarragona.cat\/es\/wp-json\/wp\/v2\/media\/59085"}],"wp:attachment":[{"href":"https:\/\/gimnasticdetarragona.cat\/es\/wp-json\/wp\/v2\/media?parent=59088"}],"wp:term":[{"taxonomy":"category","embeddable":true,"href":"https:\/\/gimnasticdetarragona.cat\/es\/wp-json\/wp\/v2\/categories?post=59088"},{"taxonomy":"post_tag","embeddable":true,"href":"https:\/\/gimnasticdetarragona.cat\/es\/wp-json\/wp\/v2\/tags?post=59088"}],"curies":[{"name":"wp","href":"https:\/\/api.w.org\/{rel}","templated":true}]}}