{"id":59127,"date":"2017-03-09T18:09:12","date_gmt":"2017-03-09T18:09:12","guid":{"rendered":"https:\/\/clone.gimnasticdetarragona.cat\/la-final-de-la-copa-catalunya-es-jugara-el-28-de-marc\/"},"modified":"2017-03-09T18:09:12","modified_gmt":"2017-03-09T18:09:12","slug":"la-final-de-la-copa-catalunya-es-jugara-el-28-de-marc","status":"publish","type":"post","link":"https:\/\/gimnasticdetarragona.cat\/es\/la-final-de-la-copa-catalunya-es-jugara-el-28-de-marc\/","title":{"rendered":"La Final de la Copa Catalunya se jugar\u00e1 el 28 de marzo"},"content":{"rendered":"<p style=\"text-align: justify;\">El Girona FC y el N\u00e0stic disputar\u00e1n la 28\u00aa Final de la Copa Catalunya el pr\u00f3ximo 28 de marzo en el Estadio Municipal de Olot.<\/p>\n<p style=\"text-align: justify;\">En la sede central de la FCF, en Barcelona, ha tenido lugar la reuni\u00f3n con los dos equipos finalistas de la presente edici\u00f3n de la Copa Catalunya Absoluta, donde se ha decidido el escenario del partido que proclamar\u00e1 el nuevo campe\u00f3n. Despu\u00e9s de realizar un sorteo entre el Estadio Municipal de Olot y el Municipal de Asc\u00f3, ambos escenarios propuestos por ambas entidades para acercar esta competici\u00f3n en el territorio catal\u00e1n, la final se jugar\u00e1 en el municipal de Olot.<\/p>\n<p style=\"text-align: justify;\">El encuentro se disputar\u00e1 el martes 28 de marzo, a las 19 horas. A la reuni\u00f3n han asistido el director general del Gimn\u00e0stic de Tarragona, SAD, Llu\u00eds F\u00e0bregas; el presidente de la Federaci\u00f3n Catalana de F\u00fatbol, Andreu Subies; el Secretario General, Oriol Camacho; el director general del Girona FC, Ignasi Mas-Bag\u00e0; y Televisi\u00f3 de Catalunya.<\/p>\n<p style=\"text-align: justify;\">Ante el Girona FC, el equipo grana buscar\u00e1 conseguir una nueva Copa Catalunya en su palmar\u00e9s tras superar en la UE Sant Andreu en los cuartos de final y al CF Gav\u00e0 en las semifinales de la competici\u00f3n catalana.<\/p>\n","protected":false},"excerpt":{"rendered":"<p>El Girona FC y el N\u00e0stic disputar\u00e1n la 28\u00aa Final de la Copa Catalunya el pr\u00f3ximo 28 de marzo en el Estadio Municipal de Olot.<\/p>\n","protected":false},"author":1,"featured_media":59124,"comment_status":"open","ping_status":"open","sticky":false,"template":"","format":"standard","meta":{"_acf_changed":false,"footnotes":""},"categories":[113,126],"tags":[],"class_list":["post-59127","post","type-post","status-publish","format-standard","has-post-thumbnail","hentry","category-actualidad","category-primer-equipo"],"acf":[],"yoast_head":"<!-- This site is optimized with the Yoast SEO plugin v27.3 - https:\/\/yoast.com\/product\/yoast-seo-wordpress\/ -->\n<title>La Final de la Copa Catalunya se jugar\u00e1 el 28 de marzo - Gimn\u00e0stic de Tarragona SAD<\/title>\n<meta name=\"robots\" content=\"index, follow, max-snippet:-1, max-image-preview:large, max-video-preview:-1\" \/>\n<link rel=\"canonical\" href=\"https:\/\/gimnasticdetarragona.cat\/es\/la-final-de-la-copa-catalunya-es-jugara-el-28-de-marc\/\" \/>\n<meta property=\"og:locale\" content=\"es_ES\" \/>\n<meta property=\"og:type\" content=\"article\" \/>\n<meta property=\"og:title\" content=\"La Final de la Copa Catalunya se jugar\u00e1 el 28 de marzo - Gimn\u00e0stic de Tarragona SAD\" \/>\n<meta property=\"og:description\" content=\"El Girona FC y el N\u00e0stic disputar\u00e1n la 28\u00aa Final de la Copa Catalunya el pr\u00f3ximo 28 de marzo en el Estadio Municipal de Olot.\" \/>\n<meta property=\"og:url\" content=\"https:\/\/gimnasticdetarragona.cat\/es\/la-final-de-la-copa-catalunya-es-jugara-el-28-de-marc\/\" \/>\n<meta property=\"og:site_name\" content=\"Gimn\u00e0stic de Tarragona SAD\" \/>\n<meta property=\"article:published_time\" content=\"2017-03-09T18:09:12+00:00\" \/>\n<meta property=\"og:image\" content=\"https:\/\/gimnasticdetarragona.cat\/wp-content\/uploads\/2022\/06\/05235113119303.jpg\" \/>\n\t<meta property=\"og:image:width\" content=\"2144\" \/>\n\t<meta property=\"og:image:height\" content=\"1424\" \/>\n\t<meta property=\"og:image:type\" content=\"image\/jpeg\" \/>\n<meta name=\"author\" content=\"desarrollo\" \/>\n<meta name=\"twitter:card\" content=\"summary_large_image\" \/>\n<meta name=\"twitter:creator\" content=\"@NASTICTARRAGONA\" \/>\n<meta name=\"twitter:site\" content=\"@NASTICTARRAGONA\" \/>\n<meta name=\"twitter:label1\" content=\"Escrito por\" \/>\n\t<meta name=\"twitter:data1\" content=\"desarrollo\" \/>\n\t<meta name=\"twitter:label2\" content=\"Tiempo de lectura\" \/>\n\t<meta name=\"twitter:data2\" content=\"1 minuto\" \/>\n<script type=\"application\/ld+json\" class=\"yoast-schema-graph\">{\"@context\":\"https:\\\/\\\/schema.org\",\"@graph\":[{\"@type\":\"Article\",\"@id\":\"https:\\\/\\\/gimnasticdetarragona.cat\\\/es\\\/la-final-de-la-copa-catalunya-es-jugara-el-28-de-marc\\\/#article\",\"isPartOf\":{\"@id\":\"https:\\\/\\\/gimnasticdetarragona.cat\\\/es\\\/la-final-de-la-copa-catalunya-es-jugara-el-28-de-marc\\\/\"},\"author\":{\"name\":\"desarrollo\",\"@id\":\"https:\\\/\\\/gimnasticdetarragona.cat\\\/es\\\/#\\\/schema\\\/person\\\/47b6a637abf88f9bd835540f20ea069e\"},\"headline\":\"La Final de la Copa Catalunya se jugar\u00e1 el 28 de marzo\",\"datePublished\":\"2017-03-09T18:09:12+00:00\",\"mainEntityOfPage\":{\"@id\":\"https:\\\/\\\/gimnasticdetarragona.cat\\\/es\\\/la-final-de-la-copa-catalunya-es-jugara-el-28-de-marc\\\/\"},\"wordCount\":223,\"commentCount\":0,\"publisher\":{\"@id\":\"https:\\\/\\\/gimnasticdetarragona.cat\\\/es\\\/#organization\"},\"image\":{\"@id\":\"https:\\\/\\\/gimnasticdetarragona.cat\\\/es\\\/la-final-de-la-copa-catalunya-es-jugara-el-28-de-marc\\\/#primaryimage\"},\"thumbnailUrl\":\"https:\\\/\\\/gimnasticdetarragona.cat\\\/wp-content\\\/uploads\\\/2022\\\/06\\\/05235113119303.jpg\",\"articleSection\":[\"Actualidad\",\"Primer Equipo\"],\"inLanguage\":\"es\"},{\"@type\":\"WebPage\",\"@id\":\"https:\\\/\\\/gimnasticdetarragona.cat\\\/es\\\/la-final-de-la-copa-catalunya-es-jugara-el-28-de-marc\\\/\",\"url\":\"https:\\\/\\\/gimnasticdetarragona.cat\\\/es\\\/la-final-de-la-copa-catalunya-es-jugara-el-28-de-marc\\\/\",\"name\":\"La Final de la Copa Catalunya se jugar\u00e1 el 28 de marzo - Gimn\u00e0stic de Tarragona SAD\",\"isPartOf\":{\"@id\":\"https:\\\/\\\/gimnasticdetarragona.cat\\\/es\\\/#website\"},\"primaryImageOfPage\":{\"@id\":\"https:\\\/\\\/gimnasticdetarragona.cat\\\/es\\\/la-final-de-la-copa-catalunya-es-jugara-el-28-de-marc\\\/#primaryimage\"},\"image\":{\"@id\":\"https:\\\/\\\/gimnasticdetarragona.cat\\\/es\\\/la-final-de-la-copa-catalunya-es-jugara-el-28-de-marc\\\/#primaryimage\"},\"thumbnailUrl\":\"https:\\\/\\\/gimnasticdetarragona.cat\\\/wp-content\\\/uploads\\\/2022\\\/06\\\/05235113119303.jpg\",\"datePublished\":\"2017-03-09T18:09:12+00:00\",\"breadcrumb\":{\"@id\":\"https:\\\/\\\/gimnasticdetarragona.cat\\\/es\\\/la-final-de-la-copa-catalunya-es-jugara-el-28-de-marc\\\/#breadcrumb\"},\"inLanguage\":\"es\",\"potentialAction\":[{\"@type\":\"ReadAction\",\"target\":[\"https:\\\/\\\/gimnasticdetarragona.cat\\\/es\\\/la-final-de-la-copa-catalunya-es-jugara-el-28-de-marc\\\/\"]}]},{\"@type\":\"ImageObject\",\"inLanguage\":\"es\",\"@id\":\"https:\\\/\\\/gimnasticdetarragona.cat\\\/es\\\/la-final-de-la-copa-catalunya-es-jugara-el-28-de-marc\\\/#primaryimage\",\"url\":\"https:\\\/\\\/gimnasticdetarragona.cat\\\/wp-content\\\/uploads\\\/2022\\\/06\\\/05235113119303.jpg\",\"contentUrl\":\"https:\\\/\\\/gimnasticdetarragona.cat\\\/wp-content\\\/uploads\\\/2022\\\/06\\\/05235113119303.jpg\",\"width\":2144,\"height\":1424},{\"@type\":\"BreadcrumbList\",\"@id\":\"https:\\\/\\\/gimnasticdetarragona.cat\\\/es\\\/la-final-de-la-copa-catalunya-es-jugara-el-28-de-marc\\\/#breadcrumb\",\"itemListElement\":[{\"@type\":\"ListItem\",\"position\":1,\"name\":\"Inici\",\"item\":\"https:\\\/\\\/gimnasticdetarragona.cat\\\/es\\\/nastic\\\/\"},{\"@type\":\"ListItem\",\"position\":2,\"name\":\"La Final de la Copa Catalunya se jugar\u00e1 el 28 de marzo\"}]},{\"@type\":\"WebSite\",\"@id\":\"https:\\\/\\\/gimnasticdetarragona.cat\\\/es\\\/#website\",\"url\":\"https:\\\/\\\/gimnasticdetarragona.cat\\\/es\\\/\",\"name\":\"Gimn\u00e0stic de Tarragona SAD\",\"description\":\"Gimn\u00e0stic de Tarragona\",\"publisher\":{\"@id\":\"https:\\\/\\\/gimnasticdetarragona.cat\\\/es\\\/#organization\"},\"potentialAction\":[{\"@type\":\"SearchAction\",\"target\":{\"@type\":\"EntryPoint\",\"urlTemplate\":\"https:\\\/\\\/gimnasticdetarragona.cat\\\/es\\\/?s={search_term_string}\"},\"query-input\":{\"@type\":\"PropertyValueSpecification\",\"valueRequired\":true,\"valueName\":\"search_term_string\"}}],\"inLanguage\":\"es\"},{\"@type\":\"Organization\",\"@id\":\"https:\\\/\\\/gimnasticdetarragona.cat\\\/es\\\/#organization\",\"name\":\"GIMN\u00c0STIC DE TARRAGONA\",\"alternateName\":\"N\u00c0STIC\",\"url\":\"https:\\\/\\\/gimnasticdetarragona.cat\\\/es\\\/\",\"logo\":{\"@type\":\"ImageObject\",\"inLanguage\":\"es\",\"@id\":\"https:\\\/\\\/gimnasticdetarragona.cat\\\/es\\\/#\\\/schema\\\/logo\\\/image\\\/\",\"url\":\"https:\\\/\\\/gimnasticdetarragona.cat\\\/wp-content\\\/uploads\\\/2022\\\/06\\\/cropped-logo-gimnastic.png\",\"contentUrl\":\"https:\\\/\\\/gimnasticdetarragona.cat\\\/wp-content\\\/uploads\\\/2022\\\/06\\\/cropped-logo-gimnastic.png\",\"width\":224,\"height\":83,\"caption\":\"GIMN\u00c0STIC DE TARRAGONA\"},\"image\":{\"@id\":\"https:\\\/\\\/gimnasticdetarragona.cat\\\/es\\\/#\\\/schema\\\/logo\\\/image\\\/\"},\"sameAs\":[\"https:\\\/\\\/x.com\\\/NASTICTARRAGONA\",\"https:\\\/\\\/www.instagram.com\\\/nastictarragona\\\/\"]},{\"@type\":\"Person\",\"@id\":\"https:\\\/\\\/gimnasticdetarragona.cat\\\/es\\\/#\\\/schema\\\/person\\\/47b6a637abf88f9bd835540f20ea069e\",\"name\":\"desarrollo\",\"sameAs\":[\"https:\\\/\\\/clone.gimnasticdetarragona.cat\"]}]}<\/script>\n<!-- \/ Yoast SEO plugin. -->","yoast_head_json":{"title":"La Final de la Copa Catalunya se jugar\u00e1 el 28 de marzo - Gimn\u00e0stic de Tarragona SAD","robots":{"index":"index","follow":"follow","max-snippet":"max-snippet:-1","max-image-preview":"max-image-preview:large","max-video-preview":"max-video-preview:-1"},"canonical":"https:\/\/gimnasticdetarragona.cat\/es\/la-final-de-la-copa-catalunya-es-jugara-el-28-de-marc\/","og_locale":"es_ES","og_type":"article","og_title":"La Final de la Copa Catalunya se jugar\u00e1 el 28 de marzo - Gimn\u00e0stic de Tarragona SAD","og_description":"El Girona FC y el N\u00e0stic disputar\u00e1n la 28\u00aa Final de la Copa Catalunya el pr\u00f3ximo 28 de marzo en el Estadio Municipal de Olot.","og_url":"https:\/\/gimnasticdetarragona.cat\/es\/la-final-de-la-copa-catalunya-es-jugara-el-28-de-marc\/","og_site_name":"Gimn\u00e0stic de Tarragona SAD","article_published_time":"2017-03-09T18:09:12+00:00","og_image":[{"width":2144,"height":1424,"url":"https:\/\/gimnasticdetarragona.cat\/wp-content\/uploads\/2022\/06\/05235113119303.jpg","type":"image\/jpeg"}],"author":"desarrollo","twitter_card":"summary_large_image","twitter_creator":"@NASTICTARRAGONA","twitter_site":"@NASTICTARRAGONA","twitter_misc":{"Escrito por":"desarrollo","Tiempo de lectura":"1 minuto"},"schema":{"@context":"https:\/\/schema.org","@graph":[{"@type":"Article","@id":"https:\/\/gimnasticdetarragona.cat\/es\/la-final-de-la-copa-catalunya-es-jugara-el-28-de-marc\/#article","isPartOf":{"@id":"https:\/\/gimnasticdetarragona.cat\/es\/la-final-de-la-copa-catalunya-es-jugara-el-28-de-marc\/"},"author":{"name":"desarrollo","@id":"https:\/\/gimnasticdetarragona.cat\/es\/#\/schema\/person\/47b6a637abf88f9bd835540f20ea069e"},"headline":"La Final de la Copa Catalunya se jugar\u00e1 el 28 de marzo","datePublished":"2017-03-09T18:09:12+00:00","mainEntityOfPage":{"@id":"https:\/\/gimnasticdetarragona.cat\/es\/la-final-de-la-copa-catalunya-es-jugara-el-28-de-marc\/"},"wordCount":223,"commentCount":0,"publisher":{"@id":"https:\/\/gimnasticdetarragona.cat\/es\/#organization"},"image":{"@id":"https:\/\/gimnasticdetarragona.cat\/es\/la-final-de-la-copa-catalunya-es-jugara-el-28-de-marc\/#primaryimage"},"thumbnailUrl":"https:\/\/gimnasticdetarragona.cat\/wp-content\/uploads\/2022\/06\/05235113119303.jpg","articleSection":["Actualidad","Primer Equipo"],"inLanguage":"es"},{"@type":"WebPage","@id":"https:\/\/gimnasticdetarragona.cat\/es\/la-final-de-la-copa-catalunya-es-jugara-el-28-de-marc\/","url":"https:\/\/gimnasticdetarragona.cat\/es\/la-final-de-la-copa-catalunya-es-jugara-el-28-de-marc\/","name":"La Final de la Copa Catalunya se jugar\u00e1 el 28 de marzo - Gimn\u00e0stic de Tarragona SAD","isPartOf":{"@id":"https:\/\/gimnasticdetarragona.cat\/es\/#website"},"primaryImageOfPage":{"@id":"https:\/\/gimnasticdetarragona.cat\/es\/la-final-de-la-copa-catalunya-es-jugara-el-28-de-marc\/#primaryimage"},"image":{"@id":"https:\/\/gimnasticdetarragona.cat\/es\/la-final-de-la-copa-catalunya-es-jugara-el-28-de-marc\/#primaryimage"},"thumbnailUrl":"https:\/\/gimnasticdetarragona.cat\/wp-content\/uploads\/2022\/06\/05235113119303.jpg","datePublished":"2017-03-09T18:09:12+00:00","breadcrumb":{"@id":"https:\/\/gimnasticdetarragona.cat\/es\/la-final-de-la-copa-catalunya-es-jugara-el-28-de-marc\/#breadcrumb"},"inLanguage":"es","potentialAction":[{"@type":"ReadAction","target":["https:\/\/gimnasticdetarragona.cat\/es\/la-final-de-la-copa-catalunya-es-jugara-el-28-de-marc\/"]}]},{"@type":"ImageObject","inLanguage":"es","@id":"https:\/\/gimnasticdetarragona.cat\/es\/la-final-de-la-copa-catalunya-es-jugara-el-28-de-marc\/#primaryimage","url":"https:\/\/gimnasticdetarragona.cat\/wp-content\/uploads\/2022\/06\/05235113119303.jpg","contentUrl":"https:\/\/gimnasticdetarragona.cat\/wp-content\/uploads\/2022\/06\/05235113119303.jpg","width":2144,"height":1424},{"@type":"BreadcrumbList","@id":"https:\/\/gimnasticdetarragona.cat\/es\/la-final-de-la-copa-catalunya-es-jugara-el-28-de-marc\/#breadcrumb","itemListElement":[{"@type":"ListItem","position":1,"name":"Inici","item":"https:\/\/gimnasticdetarragona.cat\/es\/nastic\/"},{"@type":"ListItem","position":2,"name":"La Final de la Copa Catalunya se jugar\u00e1 el 28 de marzo"}]},{"@type":"WebSite","@id":"https:\/\/gimnasticdetarragona.cat\/es\/#website","url":"https:\/\/gimnasticdetarragona.cat\/es\/","name":"Gimn\u00e0stic de Tarragona SAD","description":"Gimn\u00e0stic de Tarragona","publisher":{"@id":"https:\/\/gimnasticdetarragona.cat\/es\/#organization"},"potentialAction":[{"@type":"SearchAction","target":{"@type":"EntryPoint","urlTemplate":"https:\/\/gimnasticdetarragona.cat\/es\/?s={search_term_string}"},"query-input":{"@type":"PropertyValueSpecification","valueRequired":true,"valueName":"search_term_string"}}],"inLanguage":"es"},{"@type":"Organization","@id":"https:\/\/gimnasticdetarragona.cat\/es\/#organization","name":"GIMN\u00c0STIC DE TARRAGONA","alternateName":"N\u00c0STIC","url":"https:\/\/gimnasticdetarragona.cat\/es\/","logo":{"@type":"ImageObject","inLanguage":"es","@id":"https:\/\/gimnasticdetarragona.cat\/es\/#\/schema\/logo\/image\/","url":"https:\/\/gimnasticdetarragona.cat\/wp-content\/uploads\/2022\/06\/cropped-logo-gimnastic.png","contentUrl":"https:\/\/gimnasticdetarragona.cat\/wp-content\/uploads\/2022\/06\/cropped-logo-gimnastic.png","width":224,"height":83,"caption":"GIMN\u00c0STIC DE TARRAGONA"},"image":{"@id":"https:\/\/gimnasticdetarragona.cat\/es\/#\/schema\/logo\/image\/"},"sameAs":["https:\/\/x.com\/NASTICTARRAGONA","https:\/\/www.instagram.com\/nastictarragona\/"]},{"@type":"Person","@id":"https:\/\/gimnasticdetarragona.cat\/es\/#\/schema\/person\/47b6a637abf88f9bd835540f20ea069e","name":"desarrollo","sameAs":["https:\/\/clone.gimnasticdetarragona.cat"]}]}},"_links":{"self":[{"href":"https:\/\/gimnasticdetarragona.cat\/es\/wp-json\/wp\/v2\/posts\/59127","targetHints":{"allow":["GET"]}}],"collection":[{"href":"https:\/\/gimnasticdetarragona.cat\/es\/wp-json\/wp\/v2\/posts"}],"about":[{"href":"https:\/\/gimnasticdetarragona.cat\/es\/wp-json\/wp\/v2\/types\/post"}],"author":[{"embeddable":true,"href":"https:\/\/gimnasticdetarragona.cat\/es\/wp-json\/wp\/v2\/users\/1"}],"replies":[{"embeddable":true,"href":"https:\/\/gimnasticdetarragona.cat\/es\/wp-json\/wp\/v2\/comments?post=59127"}],"version-history":[{"count":0,"href":"https:\/\/gimnasticdetarragona.cat\/es\/wp-json\/wp\/v2\/posts\/59127\/revisions"}],"wp:featuredmedia":[{"embeddable":true,"href":"https:\/\/gimnasticdetarragona.cat\/es\/wp-json\/wp\/v2\/media\/59124"}],"wp:attachment":[{"href":"https:\/\/gimnasticdetarragona.cat\/es\/wp-json\/wp\/v2\/media?parent=59127"}],"wp:term":[{"taxonomy":"category","embeddable":true,"href":"https:\/\/gimnasticdetarragona.cat\/es\/wp-json\/wp\/v2\/categories?post=59127"},{"taxonomy":"post_tag","embeddable":true,"href":"https:\/\/gimnasticdetarragona.cat\/es\/wp-json\/wp\/v2\/tags?post=59127"}],"curies":[{"name":"wp","href":"https:\/\/api.w.org\/{rel}","templated":true}]}}