{"id":59245,"date":"2017-02-27T18:12:53","date_gmt":"2017-02-27T18:12:53","guid":{"rendered":"https:\/\/clone.gimnasticdetarragona.cat\/catalunya-amb-els-tres-grana-a-la-fase-final\/"},"modified":"2017-02-27T18:12:53","modified_gmt":"2017-02-27T18:12:53","slug":"catalunya-amb-els-tres-grana-a-la-fase-final","status":"publish","type":"post","link":"https:\/\/gimnasticdetarragona.cat\/es\/catalunya-amb-els-tres-grana-a-la-fase-final\/","title":{"rendered":"Catalunya, amb els tres grana, a la Fase Final"},"content":{"rendered":"<p>Les Seleccions Catalanes SUb-16 i Sub-18 passen a la seg\u00fcent fase dels Campionats d\u2019Espanya de Seleccions Auton\u00f2miques.<\/p>\n<p style=\"text-align: justify;\">La Selecci\u00f3 Sub-16, amb el grana Chiri coma\u00a0 titular, va guanyar els seus dos enfrontaments d\u2019aquesta segona fase. El combinat catal\u00e0 es va imposar divendres a Val\u00e8ncia per 2 a 0, i diumenge va superar a M\u00farcia per 3 a 1. Amb aquestes dues vict\u00f2ries, els catalans van passar ronda i disputaran, properament, una nova fase del campionat estatal.<\/p>\n<p style=\"text-align: justify;\">De la seva banda, la Selecci\u00f3 Sub-18 tamb\u00e9 es va classificar, si b\u00e9 en aquest cas amb un empat i una vict\u00f2ria. L\u2019equip, que comptava amb els grana Josep Calavera i Xavier Toldr\u00e0, va guanyar divendres a Val\u00e8ncia, per un clar 3 a 1. A la mitja part els catalans ja dominaven amb claredat 3 a 0. En aquest primer partit els dos jugadors del Juvenil A del N\u00e0stic van saltar a la gespa en l\u201911 inicial. El diumenge, contra M\u00farcia, els locals van fer suficient un empat a 1 per passar de ronda. La classificaci\u00f3, per\u00f2, no va ser pas senzilla i \u00e9s que els visitants, molt tancats durant tot el partit, van estar a punt de donar la sorpresa. El poc espai entre les l\u00ednies defensives murcianes feia impossible el joc de combinaci\u00f3 catal\u00e0, a m\u00e9s, un gol en l\u2019\u00fanica aproximaci\u00f3 clara que van tenir, els va posar el partit molt de cara. La convicci\u00f3 dels catalans fins al darrer instant va fer just\u00edcia al joc desplegat amb un empat que donava la classificaci\u00f3.<\/p>\n<p style=\"text-align: justify;\">Els dos representants grana a la Sub-18 valoraven molt positivament el joc de l\u2019equip i la seva participaci\u00f3 amb la Catalana.<\/p>\n<p style=\"text-align: justify;\">Josep Calavera: \u201cHem rendit a un molt bon nivell. Contra Val\u00e8ncia vam fer un molt bon partit contra un rival\u00a0 complicat. I contra M\u00farcia vam haver de suar per aconseguir la classificaci\u00f3. A nivell personal estic molt satisfet amb el meu treball i amb la confian\u00e7a que em d\u00f3na el cos t\u00e8cnic. He estat titular els dos partit, el que em fa estar molt orgull\u00f3s, m\u00e9s tenint en compte que sortia d\u2019una lesi\u00f3. Les sensacions han estat molt bones en tot moment i estic molt content\u201d.<\/p>\n<p style=\"text-align: justify;\">Xavier Toldr\u00e0: \u201cHem estat superiors al rival en els dos partits, si b\u00e9 contra M\u00farcia se\u2019ns va posar la cosa complicada i no vam poder passar de l\u2019empat. Estic molt content d\u2019haver pogut participar una vegada m\u00e9s amb la selecci\u00f3. Sempre \u00e9s bonic representar a Catalunya i \u00e9s tot un plaer poder jugar aquestes fases. Estic content de la participaci\u00f3 i crec que cada vegada em trobo millor amb els companys. Ara toca pensar en el Juvenil del N\u00e0stic i en el partit del cap de setmana en que tan sols ens val la vict\u00f2ria per sortir de la part baixa\u201d.<\/p>\n<p style=\"text-align: justify;\">El representant grana a la Sub-16, Chiri, tamb\u00e9 destacava molt positivament la seva participaci\u00f3. \u201cEstic molt content per haver pogut ajudar a l\u2019equip en la classificaci\u00f3 per la seg\u00fcent fase. Hem fet dos bons partits i hem superat a una de les seleccions m\u00e9s fortes com \u00e9s Val\u00e8ncia. M\u00farcia tampoc ens va posar les coses f\u00e0cils per\u00f2 vam ser capa\u00e7os de fer un bon partit. Estic molt content a m\u00e9s pels minuts que m\u2019han donat, \u00e9s una gran experi\u00e8ncia i espero poder repetir i aportar encara m\u00e9s\u201d.<\/p>\n","protected":false},"excerpt":{"rendered":"<p>Les Seleccions Catalanes SUb-16 i Sub-18 passen a la seg\u00fcent fase dels Campionats d\u2019Espanya de Seleccions Auton\u00f2miques.<\/p>\n","protected":false},"author":1,"featured_media":59242,"comment_status":"open","ping_status":"open","sticky":false,"template":"","format":"standard","meta":{"_acf_changed":false,"footnotes":""},"categories":[113,117],"tags":[],"class_list":["post-59245","post","type-post","status-publish","format-standard","has-post-thumbnail","hentry","category-actualidad","category-futbol-base"],"acf":[],"yoast_head":"<!-- This site is optimized with the Yoast SEO plugin v27.3 - https:\/\/yoast.com\/product\/yoast-seo-wordpress\/ -->\n<title>Catalunya, amb els tres grana, a la Fase Final - Gimn\u00e0stic de Tarragona SAD<\/title>\n<meta name=\"robots\" content=\"index, follow, max-snippet:-1, max-image-preview:large, max-video-preview:-1\" \/>\n<link rel=\"canonical\" href=\"https:\/\/gimnasticdetarragona.cat\/es\/catalunya-amb-els-tres-grana-a-la-fase-final\/\" \/>\n<meta property=\"og:locale\" content=\"es_ES\" \/>\n<meta property=\"og:type\" content=\"article\" \/>\n<meta property=\"og:title\" content=\"Catalunya, amb els tres grana, a la Fase Final - Gimn\u00e0stic de Tarragona SAD\" \/>\n<meta property=\"og:description\" content=\"Les Seleccions Catalanes SUb-16 i Sub-18 passen a la seg\u00fcent fase dels Campionats d\u2019Espanya de Seleccions Auton\u00f2miques.\" \/>\n<meta property=\"og:url\" content=\"https:\/\/gimnasticdetarragona.cat\/es\/catalunya-amb-els-tres-grana-a-la-fase-final\/\" \/>\n<meta property=\"og:site_name\" content=\"Gimn\u00e0stic de Tarragona SAD\" \/>\n<meta property=\"article:published_time\" content=\"2017-02-27T18:12:53+00:00\" \/>\n<meta property=\"og:image\" content=\"https:\/\/gimnasticdetarragona.cat\/wp-content\/uploads\/2022\/06\/05235051118935.jpg\" \/>\n\t<meta property=\"og:image:width\" content=\"1600\" \/>\n\t<meta property=\"og:image:height\" content=\"1067\" \/>\n\t<meta property=\"og:image:type\" content=\"image\/jpeg\" \/>\n<meta name=\"author\" content=\"desarrollo\" \/>\n<meta name=\"twitter:card\" content=\"summary_large_image\" \/>\n<meta name=\"twitter:creator\" content=\"@NASTICTARRAGONA\" \/>\n<meta name=\"twitter:site\" content=\"@NASTICTARRAGONA\" \/>\n<meta name=\"twitter:label1\" content=\"Escrito por\" \/>\n\t<meta name=\"twitter:data1\" content=\"desarrollo\" \/>\n\t<meta name=\"twitter:label2\" content=\"Tiempo de lectura\" \/>\n\t<meta name=\"twitter:data2\" content=\"3 minutos\" \/>\n<script type=\"application\/ld+json\" class=\"yoast-schema-graph\">{\"@context\":\"https:\\\/\\\/schema.org\",\"@graph\":[{\"@type\":\"Article\",\"@id\":\"https:\\\/\\\/gimnasticdetarragona.cat\\\/es\\\/catalunya-amb-els-tres-grana-a-la-fase-final\\\/#article\",\"isPartOf\":{\"@id\":\"https:\\\/\\\/gimnasticdetarragona.cat\\\/es\\\/catalunya-amb-els-tres-grana-a-la-fase-final\\\/\"},\"author\":{\"name\":\"desarrollo\",\"@id\":\"https:\\\/\\\/gimnasticdetarragona.cat\\\/es\\\/#\\\/schema\\\/person\\\/47b6a637abf88f9bd835540f20ea069e\"},\"headline\":\"Catalunya, amb els tres grana, a la Fase Final\",\"datePublished\":\"2017-02-27T18:12:53+00:00\",\"mainEntityOfPage\":{\"@id\":\"https:\\\/\\\/gimnasticdetarragona.cat\\\/es\\\/catalunya-amb-els-tres-grana-a-la-fase-final\\\/\"},\"wordCount\":590,\"commentCount\":0,\"publisher\":{\"@id\":\"https:\\\/\\\/gimnasticdetarragona.cat\\\/es\\\/#organization\"},\"image\":{\"@id\":\"https:\\\/\\\/gimnasticdetarragona.cat\\\/es\\\/catalunya-amb-els-tres-grana-a-la-fase-final\\\/#primaryimage\"},\"thumbnailUrl\":\"https:\\\/\\\/gimnasticdetarragona.cat\\\/wp-content\\\/uploads\\\/2022\\\/06\\\/05235051118935.jpg\",\"articleSection\":[\"Actualidad\",\"F\u00fatbol Base\"],\"inLanguage\":\"es\"},{\"@type\":\"WebPage\",\"@id\":\"https:\\\/\\\/gimnasticdetarragona.cat\\\/es\\\/catalunya-amb-els-tres-grana-a-la-fase-final\\\/\",\"url\":\"https:\\\/\\\/gimnasticdetarragona.cat\\\/es\\\/catalunya-amb-els-tres-grana-a-la-fase-final\\\/\",\"name\":\"Catalunya, amb els tres grana, a la Fase Final - Gimn\u00e0stic de Tarragona SAD\",\"isPartOf\":{\"@id\":\"https:\\\/\\\/gimnasticdetarragona.cat\\\/es\\\/#website\"},\"primaryImageOfPage\":{\"@id\":\"https:\\\/\\\/gimnasticdetarragona.cat\\\/es\\\/catalunya-amb-els-tres-grana-a-la-fase-final\\\/#primaryimage\"},\"image\":{\"@id\":\"https:\\\/\\\/gimnasticdetarragona.cat\\\/es\\\/catalunya-amb-els-tres-grana-a-la-fase-final\\\/#primaryimage\"},\"thumbnailUrl\":\"https:\\\/\\\/gimnasticdetarragona.cat\\\/wp-content\\\/uploads\\\/2022\\\/06\\\/05235051118935.jpg\",\"datePublished\":\"2017-02-27T18:12:53+00:00\",\"breadcrumb\":{\"@id\":\"https:\\\/\\\/gimnasticdetarragona.cat\\\/es\\\/catalunya-amb-els-tres-grana-a-la-fase-final\\\/#breadcrumb\"},\"inLanguage\":\"es\",\"potentialAction\":[{\"@type\":\"ReadAction\",\"target\":[\"https:\\\/\\\/gimnasticdetarragona.cat\\\/es\\\/catalunya-amb-els-tres-grana-a-la-fase-final\\\/\"]}]},{\"@type\":\"ImageObject\",\"inLanguage\":\"es\",\"@id\":\"https:\\\/\\\/gimnasticdetarragona.cat\\\/es\\\/catalunya-amb-els-tres-grana-a-la-fase-final\\\/#primaryimage\",\"url\":\"https:\\\/\\\/gimnasticdetarragona.cat\\\/wp-content\\\/uploads\\\/2022\\\/06\\\/05235051118935.jpg\",\"contentUrl\":\"https:\\\/\\\/gimnasticdetarragona.cat\\\/wp-content\\\/uploads\\\/2022\\\/06\\\/05235051118935.jpg\",\"width\":1600,\"height\":1067},{\"@type\":\"BreadcrumbList\",\"@id\":\"https:\\\/\\\/gimnasticdetarragona.cat\\\/es\\\/catalunya-amb-els-tres-grana-a-la-fase-final\\\/#breadcrumb\",\"itemListElement\":[{\"@type\":\"ListItem\",\"position\":1,\"name\":\"Inici\",\"item\":\"https:\\\/\\\/gimnasticdetarragona.cat\\\/es\\\/nastic\\\/\"},{\"@type\":\"ListItem\",\"position\":2,\"name\":\"Catalunya, amb els tres grana, a la Fase Final\"}]},{\"@type\":\"WebSite\",\"@id\":\"https:\\\/\\\/gimnasticdetarragona.cat\\\/es\\\/#website\",\"url\":\"https:\\\/\\\/gimnasticdetarragona.cat\\\/es\\\/\",\"name\":\"Gimn\u00e0stic de Tarragona SAD\",\"description\":\"Gimn\u00e0stic de Tarragona\",\"publisher\":{\"@id\":\"https:\\\/\\\/gimnasticdetarragona.cat\\\/es\\\/#organization\"},\"potentialAction\":[{\"@type\":\"SearchAction\",\"target\":{\"@type\":\"EntryPoint\",\"urlTemplate\":\"https:\\\/\\\/gimnasticdetarragona.cat\\\/es\\\/?s={search_term_string}\"},\"query-input\":{\"@type\":\"PropertyValueSpecification\",\"valueRequired\":true,\"valueName\":\"search_term_string\"}}],\"inLanguage\":\"es\"},{\"@type\":\"Organization\",\"@id\":\"https:\\\/\\\/gimnasticdetarragona.cat\\\/es\\\/#organization\",\"name\":\"GIMN\u00c0STIC DE TARRAGONA\",\"alternateName\":\"N\u00c0STIC\",\"url\":\"https:\\\/\\\/gimnasticdetarragona.cat\\\/es\\\/\",\"logo\":{\"@type\":\"ImageObject\",\"inLanguage\":\"es\",\"@id\":\"https:\\\/\\\/gimnasticdetarragona.cat\\\/es\\\/#\\\/schema\\\/logo\\\/image\\\/\",\"url\":\"https:\\\/\\\/gimnasticdetarragona.cat\\\/wp-content\\\/uploads\\\/2022\\\/06\\\/cropped-logo-gimnastic.png\",\"contentUrl\":\"https:\\\/\\\/gimnasticdetarragona.cat\\\/wp-content\\\/uploads\\\/2022\\\/06\\\/cropped-logo-gimnastic.png\",\"width\":224,\"height\":83,\"caption\":\"GIMN\u00c0STIC DE TARRAGONA\"},\"image\":{\"@id\":\"https:\\\/\\\/gimnasticdetarragona.cat\\\/es\\\/#\\\/schema\\\/logo\\\/image\\\/\"},\"sameAs\":[\"https:\\\/\\\/x.com\\\/NASTICTARRAGONA\",\"https:\\\/\\\/www.instagram.com\\\/nastictarragona\\\/\"]},{\"@type\":\"Person\",\"@id\":\"https:\\\/\\\/gimnasticdetarragona.cat\\\/es\\\/#\\\/schema\\\/person\\\/47b6a637abf88f9bd835540f20ea069e\",\"name\":\"desarrollo\",\"sameAs\":[\"https:\\\/\\\/clone.gimnasticdetarragona.cat\"]}]}<\/script>\n<!-- \/ Yoast SEO plugin. -->","yoast_head_json":{"title":"Catalunya, amb els tres grana, a la Fase Final - Gimn\u00e0stic de Tarragona SAD","robots":{"index":"index","follow":"follow","max-snippet":"max-snippet:-1","max-image-preview":"max-image-preview:large","max-video-preview":"max-video-preview:-1"},"canonical":"https:\/\/gimnasticdetarragona.cat\/es\/catalunya-amb-els-tres-grana-a-la-fase-final\/","og_locale":"es_ES","og_type":"article","og_title":"Catalunya, amb els tres grana, a la Fase Final - Gimn\u00e0stic de Tarragona SAD","og_description":"Les Seleccions Catalanes SUb-16 i Sub-18 passen a la seg\u00fcent fase dels Campionats d\u2019Espanya de Seleccions Auton\u00f2miques.","og_url":"https:\/\/gimnasticdetarragona.cat\/es\/catalunya-amb-els-tres-grana-a-la-fase-final\/","og_site_name":"Gimn\u00e0stic de Tarragona SAD","article_published_time":"2017-02-27T18:12:53+00:00","og_image":[{"width":1600,"height":1067,"url":"https:\/\/gimnasticdetarragona.cat\/wp-content\/uploads\/2022\/06\/05235051118935.jpg","type":"image\/jpeg"}],"author":"desarrollo","twitter_card":"summary_large_image","twitter_creator":"@NASTICTARRAGONA","twitter_site":"@NASTICTARRAGONA","twitter_misc":{"Escrito por":"desarrollo","Tiempo de lectura":"3 minutos"},"schema":{"@context":"https:\/\/schema.org","@graph":[{"@type":"Article","@id":"https:\/\/gimnasticdetarragona.cat\/es\/catalunya-amb-els-tres-grana-a-la-fase-final\/#article","isPartOf":{"@id":"https:\/\/gimnasticdetarragona.cat\/es\/catalunya-amb-els-tres-grana-a-la-fase-final\/"},"author":{"name":"desarrollo","@id":"https:\/\/gimnasticdetarragona.cat\/es\/#\/schema\/person\/47b6a637abf88f9bd835540f20ea069e"},"headline":"Catalunya, amb els tres grana, a la Fase Final","datePublished":"2017-02-27T18:12:53+00:00","mainEntityOfPage":{"@id":"https:\/\/gimnasticdetarragona.cat\/es\/catalunya-amb-els-tres-grana-a-la-fase-final\/"},"wordCount":590,"commentCount":0,"publisher":{"@id":"https:\/\/gimnasticdetarragona.cat\/es\/#organization"},"image":{"@id":"https:\/\/gimnasticdetarragona.cat\/es\/catalunya-amb-els-tres-grana-a-la-fase-final\/#primaryimage"},"thumbnailUrl":"https:\/\/gimnasticdetarragona.cat\/wp-content\/uploads\/2022\/06\/05235051118935.jpg","articleSection":["Actualidad","F\u00fatbol Base"],"inLanguage":"es"},{"@type":"WebPage","@id":"https:\/\/gimnasticdetarragona.cat\/es\/catalunya-amb-els-tres-grana-a-la-fase-final\/","url":"https:\/\/gimnasticdetarragona.cat\/es\/catalunya-amb-els-tres-grana-a-la-fase-final\/","name":"Catalunya, amb els tres grana, a la Fase Final - Gimn\u00e0stic de Tarragona SAD","isPartOf":{"@id":"https:\/\/gimnasticdetarragona.cat\/es\/#website"},"primaryImageOfPage":{"@id":"https:\/\/gimnasticdetarragona.cat\/es\/catalunya-amb-els-tres-grana-a-la-fase-final\/#primaryimage"},"image":{"@id":"https:\/\/gimnasticdetarragona.cat\/es\/catalunya-amb-els-tres-grana-a-la-fase-final\/#primaryimage"},"thumbnailUrl":"https:\/\/gimnasticdetarragona.cat\/wp-content\/uploads\/2022\/06\/05235051118935.jpg","datePublished":"2017-02-27T18:12:53+00:00","breadcrumb":{"@id":"https:\/\/gimnasticdetarragona.cat\/es\/catalunya-amb-els-tres-grana-a-la-fase-final\/#breadcrumb"},"inLanguage":"es","potentialAction":[{"@type":"ReadAction","target":["https:\/\/gimnasticdetarragona.cat\/es\/catalunya-amb-els-tres-grana-a-la-fase-final\/"]}]},{"@type":"ImageObject","inLanguage":"es","@id":"https:\/\/gimnasticdetarragona.cat\/es\/catalunya-amb-els-tres-grana-a-la-fase-final\/#primaryimage","url":"https:\/\/gimnasticdetarragona.cat\/wp-content\/uploads\/2022\/06\/05235051118935.jpg","contentUrl":"https:\/\/gimnasticdetarragona.cat\/wp-content\/uploads\/2022\/06\/05235051118935.jpg","width":1600,"height":1067},{"@type":"BreadcrumbList","@id":"https:\/\/gimnasticdetarragona.cat\/es\/catalunya-amb-els-tres-grana-a-la-fase-final\/#breadcrumb","itemListElement":[{"@type":"ListItem","position":1,"name":"Inici","item":"https:\/\/gimnasticdetarragona.cat\/es\/nastic\/"},{"@type":"ListItem","position":2,"name":"Catalunya, amb els tres grana, a la Fase Final"}]},{"@type":"WebSite","@id":"https:\/\/gimnasticdetarragona.cat\/es\/#website","url":"https:\/\/gimnasticdetarragona.cat\/es\/","name":"Gimn\u00e0stic de Tarragona SAD","description":"Gimn\u00e0stic de Tarragona","publisher":{"@id":"https:\/\/gimnasticdetarragona.cat\/es\/#organization"},"potentialAction":[{"@type":"SearchAction","target":{"@type":"EntryPoint","urlTemplate":"https:\/\/gimnasticdetarragona.cat\/es\/?s={search_term_string}"},"query-input":{"@type":"PropertyValueSpecification","valueRequired":true,"valueName":"search_term_string"}}],"inLanguage":"es"},{"@type":"Organization","@id":"https:\/\/gimnasticdetarragona.cat\/es\/#organization","name":"GIMN\u00c0STIC DE TARRAGONA","alternateName":"N\u00c0STIC","url":"https:\/\/gimnasticdetarragona.cat\/es\/","logo":{"@type":"ImageObject","inLanguage":"es","@id":"https:\/\/gimnasticdetarragona.cat\/es\/#\/schema\/logo\/image\/","url":"https:\/\/gimnasticdetarragona.cat\/wp-content\/uploads\/2022\/06\/cropped-logo-gimnastic.png","contentUrl":"https:\/\/gimnasticdetarragona.cat\/wp-content\/uploads\/2022\/06\/cropped-logo-gimnastic.png","width":224,"height":83,"caption":"GIMN\u00c0STIC DE TARRAGONA"},"image":{"@id":"https:\/\/gimnasticdetarragona.cat\/es\/#\/schema\/logo\/image\/"},"sameAs":["https:\/\/x.com\/NASTICTARRAGONA","https:\/\/www.instagram.com\/nastictarragona\/"]},{"@type":"Person","@id":"https:\/\/gimnasticdetarragona.cat\/es\/#\/schema\/person\/47b6a637abf88f9bd835540f20ea069e","name":"desarrollo","sameAs":["https:\/\/clone.gimnasticdetarragona.cat"]}]}},"_links":{"self":[{"href":"https:\/\/gimnasticdetarragona.cat\/es\/wp-json\/wp\/v2\/posts\/59245","targetHints":{"allow":["GET"]}}],"collection":[{"href":"https:\/\/gimnasticdetarragona.cat\/es\/wp-json\/wp\/v2\/posts"}],"about":[{"href":"https:\/\/gimnasticdetarragona.cat\/es\/wp-json\/wp\/v2\/types\/post"}],"author":[{"embeddable":true,"href":"https:\/\/gimnasticdetarragona.cat\/es\/wp-json\/wp\/v2\/users\/1"}],"replies":[{"embeddable":true,"href":"https:\/\/gimnasticdetarragona.cat\/es\/wp-json\/wp\/v2\/comments?post=59245"}],"version-history":[{"count":0,"href":"https:\/\/gimnasticdetarragona.cat\/es\/wp-json\/wp\/v2\/posts\/59245\/revisions"}],"wp:featuredmedia":[{"embeddable":true,"href":"https:\/\/gimnasticdetarragona.cat\/es\/wp-json\/wp\/v2\/media\/59242"}],"wp:attachment":[{"href":"https:\/\/gimnasticdetarragona.cat\/es\/wp-json\/wp\/v2\/media?parent=59245"}],"wp:term":[{"taxonomy":"category","embeddable":true,"href":"https:\/\/gimnasticdetarragona.cat\/es\/wp-json\/wp\/v2\/categories?post=59245"},{"taxonomy":"post_tag","embeddable":true,"href":"https:\/\/gimnasticdetarragona.cat\/es\/wp-json\/wp\/v2\/tags?post=59245"}],"curies":[{"name":"wp","href":"https:\/\/api.w.org\/{rel}","templated":true}]}}