{"id":59253,"date":"2017-02-26T23:35:12","date_gmt":"2017-02-26T23:35:12","guid":{"rendered":"https:\/\/clone.gimnasticdetarragona.cat\/real-zaragoza-1-2-nastic\/"},"modified":"2017-02-26T23:35:12","modified_gmt":"2017-02-26T23:35:12","slug":"real-zaragoza-1-2-nastic","status":"publish","type":"post","link":"https:\/\/gimnasticdetarragona.cat\/es\/real-zaragoza-1-2-nastic\/","title":{"rendered":"Real Zaragoza 1 &#8211; 2 N\u00e0stic"},"content":{"rendered":"<p style=\"text-align: justify;\">El N\u00e0stic remonta el tanto inicial del Zaragoza y termina sumando una victoria vital que les permite salir de la zona de descenso.<br \/>\nEl encuentro comenz\u00f3 con un Zaragoza muy enchufado a nivel ofensivo, que ha sabido aprovechar un desajuste de la defensa del N\u00e0stic para hacer subir el 1 a 0 en el marcador. Despu\u00e9s de una pelota recuperada en el medio del campo, \u00c1ngel ha encontrado el espacio a la espalda de los centrales y bati\u00f3 Reina con un disparo raso ajustado al poste derecho de la porter\u00eda. Dos minutos m\u00e1s tarde, en una nueva pase en profundidad, \u00c1ngel ha estado a punto de conseguir el segundo, pero su disparo ha impactado con la base del poste de la porter\u00eda. El N\u00e0stic dominaba la posesi\u00f3n, frente unos aragoneses que, con la ventaja en el marcador esperaban sus ocasiones a la contra.<\/p>\n<p style=\"text-align: justify;\">En el minuto 19, los grana han tenido una doble ocasi\u00f3n, primero con una pelota que no ha conseguido rematar Djetei por poco, y despu\u00e9s con un remate de Eman\u00e1 que el portero local Saja, ex jugador grana, ha enviado a c\u00f3rner. Con el paso de los minutos los tarraconenses han conseguido darle al partido el punto de pausa necesario para evitar las llegadas locales. En el minuto 25, una buena combinaci\u00f3n por banda derecha la ha culminado Delgado con un remate que se march\u00f3 demasiado cruzado a la izquierda del meta argentino. Y en el minuto 28, Eman\u00e1 lo ha probado con un potente disparo de falta que sali\u00f3 desviado. Finalmente, las buenas sensaciones de los de Merino han culminado con el gol del empate en el minuto 30. Un muy buen pase en profundidad de Eman\u00e1 lo ha aprovechado Delgado para batir a Saja con un disparo ajustado que ha entrado rozando el palo. Los grana han dominado la posesi\u00f3n en los minutos posteriores al empate, evitando que los aragoneses llegaran con peligro al \u00e1rea de Reina. En el minuto 45, Juan Merino se ha visto obligado a hacer el primer cambio del partido por la lesi\u00f3n de Luismi, que ha tenido que abandonar el campo. Al descanso se lleg\u00f3 con el empate a 1.<\/p>\n<p style=\"text-align: justify;\">La segunda mitad comenz\u00f3 con el mismo gui\u00f3n, con un N\u00e0stic que dominaba la posesi\u00f3n y que, adem\u00e1s, llegaba con claridad al \u00e1rea de Saja. En el minuto 50, una buena triangulaci\u00f3n entre Madinda, Eman\u00e1 y Lobato ha estado a punto de aprovecharla el catal\u00e1n, pero su control no ha sido bueno y la defensa local ha podido alejar el peligro. La respuesta del Zaragoza ha llegado en el minuto 55, con una gran jugada individual de \u00c1ngel. El disparo del delantero local se march\u00f3 fuera por poco. Y en el minuto 57, tras un error de la defensa en la salida del bal\u00f3n, Djetei ha sido providencial para evitar el gol local, al cortar el bal\u00f3n en el \u00faltimo instante justo antes de que el delantero del equipo ma\u00f1o conectase el remate. El N\u00e0stic se ha sabido rehacer y ha conseguido volver a marcar el ritmo de juego, combinando con claridad, y creando peligro. En el minuto 73, lleg\u00f3 el segundo gol visitante. En una jugada de estrategia a la salida de un c\u00f3rner servido por Tejera, la pelota ha llegado a Suzuki, quien remat\u00f3 anticip\u00e1ndose a su marcador. En el 77&#8242; los de Merino lo han vuelto a probar con un remate de cabeza muy blando de Madinda, directo a las manos de Saja. Los aragoneses han reaccionado y se han volcado al ataque, haciendo enloquecer el partido y obligando a los grana a defender con todo para evitar el gol del empate. Hasta el \u00faltimo instante del encuentro, los locales lo han intentado, topando con el palo, primero, y con un gran Reina, despu\u00e9s, que ha salvado a los suyos en dos ocasiones. Con el pitido final, el equipo y el banquillo tarraconense han estallado de alegr\u00eda conscientes de la importancia de tres puntos que sit\u00faan al N\u00e0stic, por primera vez en muchas jornadas, fuera de la zona de descenso. La afici\u00f3n que se ha desplazado a la Romareda y los jugadores han festejado sobre el c\u00e9sped la victoria, en una comuni\u00f3n que se debe repetir domingo, en el Nou Estadi, en el partido contra el C\u00f3rdoba.<\/p>\n<p style=\"text-align: justify;\">El pr\u00f3ximo partido del N\u00e0stic ser\u00e1 el domingo d\u00eda 5 de marzo, en el Nou Estadi, a partir de las 18 horas. El rival de los grana ser\u00e1 el C\u00f3rdoba, en el partido correspondiente a la jornada 28 de LaLiga 1|2|3.<\/p>\n<p style=\"text-align: justify;\"><strong>Alineaciones<\/strong><br \/>\nReal Zaragoza: Saja, Fran, Cabrera, Cani, \u00c1ngel, Javi Ros, Manu Lanzarote (Samaras, 74&#8242;), Marcelo Silva, Xumetra (Edu Garc\u00eda, 56&#8242;), Zapater y Feltscher.<\/p>\n<p style=\"text-align: justify;\">N\u00e0stic: Reina, Mossa, I. Bouz\u00f3n U.Z, Djetei, Suzuki, Luismi (Xavi Molina, 45&#8242;), Tejera, Lobato, Eman\u00e1 (\u00c0lex L\u00f3pez, 66&#8242;), Madinda (Barreiro, 86&#8242;), y Delgado.<\/p>\n<p style=\"text-align: justify;\"><strong>Goles<\/strong><br \/>\n1-0, \u00c1ngel (5&#8242;); 1-1, Delgado (30&#8242;); 1-2, Suzuki (73&#8242;).<\/p>\n<p style=\"text-align: justify;\"><strong>Tarjetas<\/strong><br \/>\nBouz\u00f3n (15&#8242;), Tejera (24&#8242;), Delgado (77&#8242;), Djetei (79&#8242;), Madinda (86&#8242;).<\/p>\n<p style=\"text-align: justify;\">Partido correspondiente a la jornada 27 de LaLiga 1|2|3. Estadio de La Romareda, Zaragoza.<\/p>\n","protected":false},"excerpt":{"rendered":"<p>El N\u00e0stic remonta el tanto inicial del Zaragoza y termina sumando una victoria vital que les permite salir de la zona de descenso.<\/p>\n","protected":false},"author":1,"featured_media":59250,"comment_status":"open","ping_status":"open","sticky":false,"template":"","format":"standard","meta":{"_acf_changed":false,"footnotes":""},"categories":[113,126],"tags":[],"class_list":["post-59253","post","type-post","status-publish","format-standard","has-post-thumbnail","hentry","category-actualidad","category-primer-equipo"],"acf":[],"yoast_head":"<!-- This site is optimized with the Yoast SEO plugin v27.3 - https:\/\/yoast.com\/product\/yoast-seo-wordpress\/ -->\n<title>Real Zaragoza 1 - 2 N\u00e0stic - Gimn\u00e0stic de Tarragona SAD<\/title>\n<meta name=\"robots\" content=\"index, follow, max-snippet:-1, max-image-preview:large, max-video-preview:-1\" \/>\n<link rel=\"canonical\" href=\"https:\/\/gimnasticdetarragona.cat\/es\/real-zaragoza-1-2-nastic\/\" \/>\n<meta property=\"og:locale\" content=\"es_ES\" \/>\n<meta property=\"og:type\" content=\"article\" \/>\n<meta property=\"og:title\" content=\"Real Zaragoza 1 - 2 N\u00e0stic - Gimn\u00e0stic de Tarragona SAD\" \/>\n<meta property=\"og:description\" content=\"El N\u00e0stic remonta el tanto inicial del Zaragoza y termina sumando una victoria vital que les permite salir de la zona de descenso.\" \/>\n<meta property=\"og:url\" content=\"https:\/\/gimnasticdetarragona.cat\/es\/real-zaragoza-1-2-nastic\/\" \/>\n<meta property=\"og:site_name\" content=\"Gimn\u00e0stic de Tarragona SAD\" \/>\n<meta property=\"article:published_time\" content=\"2017-02-26T23:35:12+00:00\" \/>\n<meta property=\"og:image\" content=\"https:\/\/gimnasticdetarragona.cat\/wp-content\/uploads\/2022\/06\/05235049118865.jpg\" \/>\n\t<meta property=\"og:image:width\" content=\"1104\" \/>\n\t<meta property=\"og:image:height\" content=\"671\" \/>\n\t<meta property=\"og:image:type\" content=\"image\/jpeg\" \/>\n<meta name=\"author\" content=\"desarrollo\" \/>\n<meta name=\"twitter:card\" content=\"summary_large_image\" \/>\n<meta name=\"twitter:creator\" content=\"@NASTICTARRAGONA\" \/>\n<meta name=\"twitter:site\" content=\"@NASTICTARRAGONA\" \/>\n<meta name=\"twitter:label1\" content=\"Escrito por\" \/>\n\t<meta name=\"twitter:data1\" content=\"desarrollo\" \/>\n\t<meta name=\"twitter:label2\" content=\"Tiempo de lectura\" \/>\n\t<meta name=\"twitter:data2\" content=\"4 minutos\" \/>\n<script type=\"application\/ld+json\" class=\"yoast-schema-graph\">{\"@context\":\"https:\\\/\\\/schema.org\",\"@graph\":[{\"@type\":\"Article\",\"@id\":\"https:\\\/\\\/gimnasticdetarragona.cat\\\/es\\\/real-zaragoza-1-2-nastic\\\/#article\",\"isPartOf\":{\"@id\":\"https:\\\/\\\/gimnasticdetarragona.cat\\\/es\\\/real-zaragoza-1-2-nastic\\\/\"},\"author\":{\"name\":\"desarrollo\",\"@id\":\"https:\\\/\\\/gimnasticdetarragona.cat\\\/es\\\/#\\\/schema\\\/person\\\/47b6a637abf88f9bd835540f20ea069e\"},\"headline\":\"Real Zaragoza 1 &#8211; 2 N\u00e0stic\",\"datePublished\":\"2017-02-26T23:35:12+00:00\",\"mainEntityOfPage\":{\"@id\":\"https:\\\/\\\/gimnasticdetarragona.cat\\\/es\\\/real-zaragoza-1-2-nastic\\\/\"},\"wordCount\":849,\"commentCount\":0,\"publisher\":{\"@id\":\"https:\\\/\\\/gimnasticdetarragona.cat\\\/es\\\/#organization\"},\"image\":{\"@id\":\"https:\\\/\\\/gimnasticdetarragona.cat\\\/es\\\/real-zaragoza-1-2-nastic\\\/#primaryimage\"},\"thumbnailUrl\":\"https:\\\/\\\/gimnasticdetarragona.cat\\\/wp-content\\\/uploads\\\/2022\\\/06\\\/05235049118865.jpg\",\"articleSection\":[\"Actualidad\",\"Primer Equipo\"],\"inLanguage\":\"es\"},{\"@type\":\"WebPage\",\"@id\":\"https:\\\/\\\/gimnasticdetarragona.cat\\\/es\\\/real-zaragoza-1-2-nastic\\\/\",\"url\":\"https:\\\/\\\/gimnasticdetarragona.cat\\\/es\\\/real-zaragoza-1-2-nastic\\\/\",\"name\":\"Real Zaragoza 1 - 2 N\u00e0stic - Gimn\u00e0stic de Tarragona SAD\",\"isPartOf\":{\"@id\":\"https:\\\/\\\/gimnasticdetarragona.cat\\\/es\\\/#website\"},\"primaryImageOfPage\":{\"@id\":\"https:\\\/\\\/gimnasticdetarragona.cat\\\/es\\\/real-zaragoza-1-2-nastic\\\/#primaryimage\"},\"image\":{\"@id\":\"https:\\\/\\\/gimnasticdetarragona.cat\\\/es\\\/real-zaragoza-1-2-nastic\\\/#primaryimage\"},\"thumbnailUrl\":\"https:\\\/\\\/gimnasticdetarragona.cat\\\/wp-content\\\/uploads\\\/2022\\\/06\\\/05235049118865.jpg\",\"datePublished\":\"2017-02-26T23:35:12+00:00\",\"breadcrumb\":{\"@id\":\"https:\\\/\\\/gimnasticdetarragona.cat\\\/es\\\/real-zaragoza-1-2-nastic\\\/#breadcrumb\"},\"inLanguage\":\"es\",\"potentialAction\":[{\"@type\":\"ReadAction\",\"target\":[\"https:\\\/\\\/gimnasticdetarragona.cat\\\/es\\\/real-zaragoza-1-2-nastic\\\/\"]}]},{\"@type\":\"ImageObject\",\"inLanguage\":\"es\",\"@id\":\"https:\\\/\\\/gimnasticdetarragona.cat\\\/es\\\/real-zaragoza-1-2-nastic\\\/#primaryimage\",\"url\":\"https:\\\/\\\/gimnasticdetarragona.cat\\\/wp-content\\\/uploads\\\/2022\\\/06\\\/05235049118865.jpg\",\"contentUrl\":\"https:\\\/\\\/gimnasticdetarragona.cat\\\/wp-content\\\/uploads\\\/2022\\\/06\\\/05235049118865.jpg\",\"width\":1104,\"height\":671},{\"@type\":\"BreadcrumbList\",\"@id\":\"https:\\\/\\\/gimnasticdetarragona.cat\\\/es\\\/real-zaragoza-1-2-nastic\\\/#breadcrumb\",\"itemListElement\":[{\"@type\":\"ListItem\",\"position\":1,\"name\":\"Inici\",\"item\":\"https:\\\/\\\/gimnasticdetarragona.cat\\\/es\\\/nastic\\\/\"},{\"@type\":\"ListItem\",\"position\":2,\"name\":\"Real Zaragoza 1 &#8211; 2 N\u00e0stic\"}]},{\"@type\":\"WebSite\",\"@id\":\"https:\\\/\\\/gimnasticdetarragona.cat\\\/es\\\/#website\",\"url\":\"https:\\\/\\\/gimnasticdetarragona.cat\\\/es\\\/\",\"name\":\"Gimn\u00e0stic de Tarragona SAD\",\"description\":\"Gimn\u00e0stic de Tarragona\",\"publisher\":{\"@id\":\"https:\\\/\\\/gimnasticdetarragona.cat\\\/es\\\/#organization\"},\"potentialAction\":[{\"@type\":\"SearchAction\",\"target\":{\"@type\":\"EntryPoint\",\"urlTemplate\":\"https:\\\/\\\/gimnasticdetarragona.cat\\\/es\\\/?s={search_term_string}\"},\"query-input\":{\"@type\":\"PropertyValueSpecification\",\"valueRequired\":true,\"valueName\":\"search_term_string\"}}],\"inLanguage\":\"es\"},{\"@type\":\"Organization\",\"@id\":\"https:\\\/\\\/gimnasticdetarragona.cat\\\/es\\\/#organization\",\"name\":\"GIMN\u00c0STIC DE TARRAGONA\",\"alternateName\":\"N\u00c0STIC\",\"url\":\"https:\\\/\\\/gimnasticdetarragona.cat\\\/es\\\/\",\"logo\":{\"@type\":\"ImageObject\",\"inLanguage\":\"es\",\"@id\":\"https:\\\/\\\/gimnasticdetarragona.cat\\\/es\\\/#\\\/schema\\\/logo\\\/image\\\/\",\"url\":\"https:\\\/\\\/gimnasticdetarragona.cat\\\/wp-content\\\/uploads\\\/2022\\\/06\\\/cropped-logo-gimnastic.png\",\"contentUrl\":\"https:\\\/\\\/gimnasticdetarragona.cat\\\/wp-content\\\/uploads\\\/2022\\\/06\\\/cropped-logo-gimnastic.png\",\"width\":224,\"height\":83,\"caption\":\"GIMN\u00c0STIC DE TARRAGONA\"},\"image\":{\"@id\":\"https:\\\/\\\/gimnasticdetarragona.cat\\\/es\\\/#\\\/schema\\\/logo\\\/image\\\/\"},\"sameAs\":[\"https:\\\/\\\/x.com\\\/NASTICTARRAGONA\",\"https:\\\/\\\/www.instagram.com\\\/nastictarragona\\\/\"]},{\"@type\":\"Person\",\"@id\":\"https:\\\/\\\/gimnasticdetarragona.cat\\\/es\\\/#\\\/schema\\\/person\\\/47b6a637abf88f9bd835540f20ea069e\",\"name\":\"desarrollo\",\"sameAs\":[\"https:\\\/\\\/clone.gimnasticdetarragona.cat\"]}]}<\/script>\n<!-- \/ Yoast SEO plugin. -->","yoast_head_json":{"title":"Real Zaragoza 1 - 2 N\u00e0stic - Gimn\u00e0stic de Tarragona SAD","robots":{"index":"index","follow":"follow","max-snippet":"max-snippet:-1","max-image-preview":"max-image-preview:large","max-video-preview":"max-video-preview:-1"},"canonical":"https:\/\/gimnasticdetarragona.cat\/es\/real-zaragoza-1-2-nastic\/","og_locale":"es_ES","og_type":"article","og_title":"Real Zaragoza 1 - 2 N\u00e0stic - Gimn\u00e0stic de Tarragona SAD","og_description":"El N\u00e0stic remonta el tanto inicial del Zaragoza y termina sumando una victoria vital que les permite salir de la zona de descenso.","og_url":"https:\/\/gimnasticdetarragona.cat\/es\/real-zaragoza-1-2-nastic\/","og_site_name":"Gimn\u00e0stic de Tarragona SAD","article_published_time":"2017-02-26T23:35:12+00:00","og_image":[{"width":1104,"height":671,"url":"https:\/\/gimnasticdetarragona.cat\/wp-content\/uploads\/2022\/06\/05235049118865.jpg","type":"image\/jpeg"}],"author":"desarrollo","twitter_card":"summary_large_image","twitter_creator":"@NASTICTARRAGONA","twitter_site":"@NASTICTARRAGONA","twitter_misc":{"Escrito por":"desarrollo","Tiempo de lectura":"4 minutos"},"schema":{"@context":"https:\/\/schema.org","@graph":[{"@type":"Article","@id":"https:\/\/gimnasticdetarragona.cat\/es\/real-zaragoza-1-2-nastic\/#article","isPartOf":{"@id":"https:\/\/gimnasticdetarragona.cat\/es\/real-zaragoza-1-2-nastic\/"},"author":{"name":"desarrollo","@id":"https:\/\/gimnasticdetarragona.cat\/es\/#\/schema\/person\/47b6a637abf88f9bd835540f20ea069e"},"headline":"Real Zaragoza 1 &#8211; 2 N\u00e0stic","datePublished":"2017-02-26T23:35:12+00:00","mainEntityOfPage":{"@id":"https:\/\/gimnasticdetarragona.cat\/es\/real-zaragoza-1-2-nastic\/"},"wordCount":849,"commentCount":0,"publisher":{"@id":"https:\/\/gimnasticdetarragona.cat\/es\/#organization"},"image":{"@id":"https:\/\/gimnasticdetarragona.cat\/es\/real-zaragoza-1-2-nastic\/#primaryimage"},"thumbnailUrl":"https:\/\/gimnasticdetarragona.cat\/wp-content\/uploads\/2022\/06\/05235049118865.jpg","articleSection":["Actualidad","Primer Equipo"],"inLanguage":"es"},{"@type":"WebPage","@id":"https:\/\/gimnasticdetarragona.cat\/es\/real-zaragoza-1-2-nastic\/","url":"https:\/\/gimnasticdetarragona.cat\/es\/real-zaragoza-1-2-nastic\/","name":"Real Zaragoza 1 - 2 N\u00e0stic - Gimn\u00e0stic de Tarragona SAD","isPartOf":{"@id":"https:\/\/gimnasticdetarragona.cat\/es\/#website"},"primaryImageOfPage":{"@id":"https:\/\/gimnasticdetarragona.cat\/es\/real-zaragoza-1-2-nastic\/#primaryimage"},"image":{"@id":"https:\/\/gimnasticdetarragona.cat\/es\/real-zaragoza-1-2-nastic\/#primaryimage"},"thumbnailUrl":"https:\/\/gimnasticdetarragona.cat\/wp-content\/uploads\/2022\/06\/05235049118865.jpg","datePublished":"2017-02-26T23:35:12+00:00","breadcrumb":{"@id":"https:\/\/gimnasticdetarragona.cat\/es\/real-zaragoza-1-2-nastic\/#breadcrumb"},"inLanguage":"es","potentialAction":[{"@type":"ReadAction","target":["https:\/\/gimnasticdetarragona.cat\/es\/real-zaragoza-1-2-nastic\/"]}]},{"@type":"ImageObject","inLanguage":"es","@id":"https:\/\/gimnasticdetarragona.cat\/es\/real-zaragoza-1-2-nastic\/#primaryimage","url":"https:\/\/gimnasticdetarragona.cat\/wp-content\/uploads\/2022\/06\/05235049118865.jpg","contentUrl":"https:\/\/gimnasticdetarragona.cat\/wp-content\/uploads\/2022\/06\/05235049118865.jpg","width":1104,"height":671},{"@type":"BreadcrumbList","@id":"https:\/\/gimnasticdetarragona.cat\/es\/real-zaragoza-1-2-nastic\/#breadcrumb","itemListElement":[{"@type":"ListItem","position":1,"name":"Inici","item":"https:\/\/gimnasticdetarragona.cat\/es\/nastic\/"},{"@type":"ListItem","position":2,"name":"Real Zaragoza 1 &#8211; 2 N\u00e0stic"}]},{"@type":"WebSite","@id":"https:\/\/gimnasticdetarragona.cat\/es\/#website","url":"https:\/\/gimnasticdetarragona.cat\/es\/","name":"Gimn\u00e0stic de Tarragona SAD","description":"Gimn\u00e0stic de Tarragona","publisher":{"@id":"https:\/\/gimnasticdetarragona.cat\/es\/#organization"},"potentialAction":[{"@type":"SearchAction","target":{"@type":"EntryPoint","urlTemplate":"https:\/\/gimnasticdetarragona.cat\/es\/?s={search_term_string}"},"query-input":{"@type":"PropertyValueSpecification","valueRequired":true,"valueName":"search_term_string"}}],"inLanguage":"es"},{"@type":"Organization","@id":"https:\/\/gimnasticdetarragona.cat\/es\/#organization","name":"GIMN\u00c0STIC DE TARRAGONA","alternateName":"N\u00c0STIC","url":"https:\/\/gimnasticdetarragona.cat\/es\/","logo":{"@type":"ImageObject","inLanguage":"es","@id":"https:\/\/gimnasticdetarragona.cat\/es\/#\/schema\/logo\/image\/","url":"https:\/\/gimnasticdetarragona.cat\/wp-content\/uploads\/2022\/06\/cropped-logo-gimnastic.png","contentUrl":"https:\/\/gimnasticdetarragona.cat\/wp-content\/uploads\/2022\/06\/cropped-logo-gimnastic.png","width":224,"height":83,"caption":"GIMN\u00c0STIC DE TARRAGONA"},"image":{"@id":"https:\/\/gimnasticdetarragona.cat\/es\/#\/schema\/logo\/image\/"},"sameAs":["https:\/\/x.com\/NASTICTARRAGONA","https:\/\/www.instagram.com\/nastictarragona\/"]},{"@type":"Person","@id":"https:\/\/gimnasticdetarragona.cat\/es\/#\/schema\/person\/47b6a637abf88f9bd835540f20ea069e","name":"desarrollo","sameAs":["https:\/\/clone.gimnasticdetarragona.cat"]}]}},"_links":{"self":[{"href":"https:\/\/gimnasticdetarragona.cat\/es\/wp-json\/wp\/v2\/posts\/59253","targetHints":{"allow":["GET"]}}],"collection":[{"href":"https:\/\/gimnasticdetarragona.cat\/es\/wp-json\/wp\/v2\/posts"}],"about":[{"href":"https:\/\/gimnasticdetarragona.cat\/es\/wp-json\/wp\/v2\/types\/post"}],"author":[{"embeddable":true,"href":"https:\/\/gimnasticdetarragona.cat\/es\/wp-json\/wp\/v2\/users\/1"}],"replies":[{"embeddable":true,"href":"https:\/\/gimnasticdetarragona.cat\/es\/wp-json\/wp\/v2\/comments?post=59253"}],"version-history":[{"count":0,"href":"https:\/\/gimnasticdetarragona.cat\/es\/wp-json\/wp\/v2\/posts\/59253\/revisions"}],"wp:featuredmedia":[{"embeddable":true,"href":"https:\/\/gimnasticdetarragona.cat\/es\/wp-json\/wp\/v2\/media\/59250"}],"wp:attachment":[{"href":"https:\/\/gimnasticdetarragona.cat\/es\/wp-json\/wp\/v2\/media?parent=59253"}],"wp:term":[{"taxonomy":"category","embeddable":true,"href":"https:\/\/gimnasticdetarragona.cat\/es\/wp-json\/wp\/v2\/categories?post=59253"},{"taxonomy":"post_tag","embeddable":true,"href":"https:\/\/gimnasticdetarragona.cat\/es\/wp-json\/wp\/v2\/tags?post=59253"}],"curies":[{"name":"wp","href":"https:\/\/api.w.org\/{rel}","templated":true}]}}