{"id":59285,"date":"2017-02-21T15:00:09","date_gmt":"2017-02-21T15:00:09","guid":{"rendered":"https:\/\/clone.gimnasticdetarragona.cat\/col%c2%b7laboracio-entre-el-nastic-i-la-clinica-curull\/"},"modified":"2017-02-21T15:00:09","modified_gmt":"2017-02-21T15:00:09","slug":"col%c2%b7laboracio-entre-el-nastic-i-la-clinica-curull","status":"publish","type":"post","link":"https:\/\/gimnasticdetarragona.cat\/es\/col%c2%b7laboracio-entre-el-nastic-i-la-clinica-curull\/","title":{"rendered":"Colaboraci\u00f3n entre el N\u00e0stic y la Cl\u00ednica Curull"},"content":{"rendered":"<p>El Gimn\u00e0stic de Tarragona, SAD y la Cl\u00ednica Curull cierran un acuerdo de colaboraci\u00f3n por el que queda de curso deportivo. A los jugadores del primer equipo grana les realizar\u00e1n una revisi\u00f3n bucodental para prevenir posibles lesiones musculares, articulares y \u00f3seas.<\/p>\n<p>La entidad grana y la Cl\u00ednica Curull se unen para que todos los jugadores del N\u00e0stic tengan la mejor asistencia y prevenci\u00f3n en su salud bucodental ya que las infecciones en dientes y enc\u00edas aumentan el riesgo de sufrir lesiones musculares y articulares, as\u00ed como recaer de aquellas ya superadas.<\/p>\n<p>La relaci\u00f3n entre la salud dental y el rendimiento deportivo es directa y rec\u00edproca, ya que la dieta y el estr\u00e9s de los deportistas de \u00e9lite repercute en sus dientes y enc\u00edas. La Dra. Conchita Curull afirma que \u00abla mejor manera de evitar lesiones y problemas derivados de patolog\u00edas o enfermedades bucodentales es la prevenci\u00f3n\u00bb, de ah\u00ed que la entidad grana y la Cl\u00ednica Curull velar\u00e1n para tratar a los jugadores grana con especialistas en este \u00e1mbito.<\/p>\n<p>Estas lesiones y patolog\u00edas suceden porque la sangre traslada las bacterias de las infecciones bucodentales en los m\u00fasculos y articulaciones, lo que conlleva p\u00e9rdida de tono fibrilar y provoca un mayor \u00edndice de desgarros en el tejido muscular, dolores en las articulaciones y problemas en los tendones .<\/p>\n<p>La Cl\u00ednica Curull es un centro referente, especializado en la salud y la est\u00e9tica dental avanzada con sede en Tarragona y que pertenece a la Asociaci\u00f3n Americana de Ontolog\u00eda Cosm\u00e9tica. La cl\u00ednica, fundada en 1995, ha tratado a m\u00e1s de 10.000 pacientes y cuenta con un equipo humano formado por Doctores y personal sanitario con una amplia experiencia en implantolog\u00eda, periodoncia, odontolog\u00eda integrada y est\u00e9tica. M\u00e1s informaci\u00f3n en clinicacurull.com o en el tel\u00e9fono 977 241 380.<\/p>\n","protected":false},"excerpt":{"rendered":"<p>El Gimn\u00e0stic de Tarragona, SAD y la Cl\u00ednica Curull cierran un acuerdo de colaboraci\u00f3n por el que queda de curso deportivo. A los jugadores del primer equipo grana les realizar\u00e1n una revisi\u00f3n bucodental para prevenir posibles lesiones musculares, articulares y \u00f3seas<\/p>\n","protected":false},"author":1,"featured_media":59282,"comment_status":"open","ping_status":"open","sticky":false,"template":"","format":"standard","meta":{"_acf_changed":false,"footnotes":""},"categories":[113,116],"tags":[],"class_list":["post-59285","post","type-post","status-publish","format-standard","has-post-thumbnail","hentry","category-actualidad","category-club-empresa"],"acf":[],"yoast_head":"<!-- This site is optimized with the Yoast SEO plugin v27.3 - https:\/\/yoast.com\/product\/yoast-seo-wordpress\/ -->\n<title>Colaboraci\u00f3n entre el N\u00e0stic y la Cl\u00ednica Curull - Gimn\u00e0stic de Tarragona SAD<\/title>\n<meta name=\"robots\" content=\"index, follow, max-snippet:-1, max-image-preview:large, max-video-preview:-1\" \/>\n<link rel=\"canonical\" href=\"https:\/\/gimnasticdetarragona.cat\/es\/col\u00b7laboracio-entre-el-nastic-i-la-clinica-curull\/\" \/>\n<meta property=\"og:locale\" content=\"es_ES\" \/>\n<meta property=\"og:type\" content=\"article\" \/>\n<meta property=\"og:title\" content=\"Colaboraci\u00f3n entre el N\u00e0stic y la Cl\u00ednica Curull - Gimn\u00e0stic de Tarragona SAD\" \/>\n<meta property=\"og:description\" content=\"El Gimn\u00e0stic de Tarragona, SAD y la Cl\u00ednica Curull cierran un acuerdo de colaboraci\u00f3n por el que queda de curso deportivo. A los jugadores del primer equipo grana les realizar\u00e1n una revisi\u00f3n bucodental para prevenir posibles lesiones musculares, articulares y \u00f3seas\" \/>\n<meta property=\"og:url\" content=\"https:\/\/gimnasticdetarragona.cat\/es\/col\u00b7laboracio-entre-el-nastic-i-la-clinica-curull\/\" \/>\n<meta property=\"og:site_name\" content=\"Gimn\u00e0stic de Tarragona SAD\" \/>\n<meta property=\"article:published_time\" content=\"2017-02-21T15:00:09+00:00\" \/>\n<meta property=\"og:image\" content=\"https:\/\/gimnasticdetarragona.cat\/wp-content\/uploads\/2022\/06\/05235045118747-scaled.jpg\" \/>\n\t<meta property=\"og:image:width\" content=\"2560\" \/>\n\t<meta property=\"og:image:height\" content=\"1280\" \/>\n\t<meta property=\"og:image:type\" content=\"image\/jpeg\" \/>\n<meta name=\"author\" content=\"desarrollo\" \/>\n<meta name=\"twitter:card\" content=\"summary_large_image\" \/>\n<meta name=\"twitter:creator\" content=\"@NASTICTARRAGONA\" \/>\n<meta name=\"twitter:site\" content=\"@NASTICTARRAGONA\" \/>\n<meta name=\"twitter:label1\" content=\"Escrito por\" \/>\n\t<meta name=\"twitter:data1\" content=\"desarrollo\" \/>\n\t<meta name=\"twitter:label2\" content=\"Tiempo de lectura\" \/>\n\t<meta name=\"twitter:data2\" content=\"2 minutos\" \/>\n<script type=\"application\/ld+json\" class=\"yoast-schema-graph\">{\"@context\":\"https:\\\/\\\/schema.org\",\"@graph\":[{\"@type\":\"Article\",\"@id\":\"https:\\\/\\\/gimnasticdetarragona.cat\\\/es\\\/col%c2%b7laboracio-entre-el-nastic-i-la-clinica-curull\\\/#article\",\"isPartOf\":{\"@id\":\"https:\\\/\\\/gimnasticdetarragona.cat\\\/es\\\/col%c2%b7laboracio-entre-el-nastic-i-la-clinica-curull\\\/\"},\"author\":{\"name\":\"desarrollo\",\"@id\":\"https:\\\/\\\/gimnasticdetarragona.cat\\\/es\\\/#\\\/schema\\\/person\\\/47b6a637abf88f9bd835540f20ea069e\"},\"headline\":\"Colaboraci\u00f3n entre el N\u00e0stic y la Cl\u00ednica Curull\",\"datePublished\":\"2017-02-21T15:00:09+00:00\",\"mainEntityOfPage\":{\"@id\":\"https:\\\/\\\/gimnasticdetarragona.cat\\\/es\\\/col%c2%b7laboracio-entre-el-nastic-i-la-clinica-curull\\\/\"},\"wordCount\":331,\"commentCount\":0,\"publisher\":{\"@id\":\"https:\\\/\\\/gimnasticdetarragona.cat\\\/es\\\/#organization\"},\"image\":{\"@id\":\"https:\\\/\\\/gimnasticdetarragona.cat\\\/es\\\/col%c2%b7laboracio-entre-el-nastic-i-la-clinica-curull\\\/#primaryimage\"},\"thumbnailUrl\":\"https:\\\/\\\/gimnasticdetarragona.cat\\\/wp-content\\\/uploads\\\/2022\\\/06\\\/05235045118747-scaled.jpg\",\"articleSection\":[\"Actualidad\",\"Club Empresa\"],\"inLanguage\":\"es\"},{\"@type\":\"WebPage\",\"@id\":\"https:\\\/\\\/gimnasticdetarragona.cat\\\/es\\\/col%c2%b7laboracio-entre-el-nastic-i-la-clinica-curull\\\/\",\"url\":\"https:\\\/\\\/gimnasticdetarragona.cat\\\/es\\\/col%c2%b7laboracio-entre-el-nastic-i-la-clinica-curull\\\/\",\"name\":\"Colaboraci\u00f3n entre el N\u00e0stic y la Cl\u00ednica Curull - Gimn\u00e0stic de Tarragona SAD\",\"isPartOf\":{\"@id\":\"https:\\\/\\\/gimnasticdetarragona.cat\\\/es\\\/#website\"},\"primaryImageOfPage\":{\"@id\":\"https:\\\/\\\/gimnasticdetarragona.cat\\\/es\\\/col%c2%b7laboracio-entre-el-nastic-i-la-clinica-curull\\\/#primaryimage\"},\"image\":{\"@id\":\"https:\\\/\\\/gimnasticdetarragona.cat\\\/es\\\/col%c2%b7laboracio-entre-el-nastic-i-la-clinica-curull\\\/#primaryimage\"},\"thumbnailUrl\":\"https:\\\/\\\/gimnasticdetarragona.cat\\\/wp-content\\\/uploads\\\/2022\\\/06\\\/05235045118747-scaled.jpg\",\"datePublished\":\"2017-02-21T15:00:09+00:00\",\"breadcrumb\":{\"@id\":\"https:\\\/\\\/gimnasticdetarragona.cat\\\/es\\\/col%c2%b7laboracio-entre-el-nastic-i-la-clinica-curull\\\/#breadcrumb\"},\"inLanguage\":\"es\",\"potentialAction\":[{\"@type\":\"ReadAction\",\"target\":[\"https:\\\/\\\/gimnasticdetarragona.cat\\\/es\\\/col%c2%b7laboracio-entre-el-nastic-i-la-clinica-curull\\\/\"]}]},{\"@type\":\"ImageObject\",\"inLanguage\":\"es\",\"@id\":\"https:\\\/\\\/gimnasticdetarragona.cat\\\/es\\\/col%c2%b7laboracio-entre-el-nastic-i-la-clinica-curull\\\/#primaryimage\",\"url\":\"https:\\\/\\\/gimnasticdetarragona.cat\\\/wp-content\\\/uploads\\\/2022\\\/06\\\/05235045118747-scaled.jpg\",\"contentUrl\":\"https:\\\/\\\/gimnasticdetarragona.cat\\\/wp-content\\\/uploads\\\/2022\\\/06\\\/05235045118747-scaled.jpg\",\"width\":2560,\"height\":1280},{\"@type\":\"BreadcrumbList\",\"@id\":\"https:\\\/\\\/gimnasticdetarragona.cat\\\/es\\\/col%c2%b7laboracio-entre-el-nastic-i-la-clinica-curull\\\/#breadcrumb\",\"itemListElement\":[{\"@type\":\"ListItem\",\"position\":1,\"name\":\"Inici\",\"item\":\"https:\\\/\\\/gimnasticdetarragona.cat\\\/es\\\/nastic\\\/\"},{\"@type\":\"ListItem\",\"position\":2,\"name\":\"Colaboraci\u00f3n entre el N\u00e0stic y la Cl\u00ednica Curull\"}]},{\"@type\":\"WebSite\",\"@id\":\"https:\\\/\\\/gimnasticdetarragona.cat\\\/es\\\/#website\",\"url\":\"https:\\\/\\\/gimnasticdetarragona.cat\\\/es\\\/\",\"name\":\"Gimn\u00e0stic de Tarragona SAD\",\"description\":\"Gimn\u00e0stic de Tarragona\",\"publisher\":{\"@id\":\"https:\\\/\\\/gimnasticdetarragona.cat\\\/es\\\/#organization\"},\"potentialAction\":[{\"@type\":\"SearchAction\",\"target\":{\"@type\":\"EntryPoint\",\"urlTemplate\":\"https:\\\/\\\/gimnasticdetarragona.cat\\\/es\\\/?s={search_term_string}\"},\"query-input\":{\"@type\":\"PropertyValueSpecification\",\"valueRequired\":true,\"valueName\":\"search_term_string\"}}],\"inLanguage\":\"es\"},{\"@type\":\"Organization\",\"@id\":\"https:\\\/\\\/gimnasticdetarragona.cat\\\/es\\\/#organization\",\"name\":\"GIMN\u00c0STIC DE TARRAGONA\",\"alternateName\":\"N\u00c0STIC\",\"url\":\"https:\\\/\\\/gimnasticdetarragona.cat\\\/es\\\/\",\"logo\":{\"@type\":\"ImageObject\",\"inLanguage\":\"es\",\"@id\":\"https:\\\/\\\/gimnasticdetarragona.cat\\\/es\\\/#\\\/schema\\\/logo\\\/image\\\/\",\"url\":\"https:\\\/\\\/gimnasticdetarragona.cat\\\/wp-content\\\/uploads\\\/2022\\\/06\\\/cropped-logo-gimnastic.png\",\"contentUrl\":\"https:\\\/\\\/gimnasticdetarragona.cat\\\/wp-content\\\/uploads\\\/2022\\\/06\\\/cropped-logo-gimnastic.png\",\"width\":224,\"height\":83,\"caption\":\"GIMN\u00c0STIC DE TARRAGONA\"},\"image\":{\"@id\":\"https:\\\/\\\/gimnasticdetarragona.cat\\\/es\\\/#\\\/schema\\\/logo\\\/image\\\/\"},\"sameAs\":[\"https:\\\/\\\/x.com\\\/NASTICTARRAGONA\",\"https:\\\/\\\/www.instagram.com\\\/nastictarragona\\\/\"]},{\"@type\":\"Person\",\"@id\":\"https:\\\/\\\/gimnasticdetarragona.cat\\\/es\\\/#\\\/schema\\\/person\\\/47b6a637abf88f9bd835540f20ea069e\",\"name\":\"desarrollo\",\"sameAs\":[\"https:\\\/\\\/clone.gimnasticdetarragona.cat\"]}]}<\/script>\n<!-- \/ Yoast SEO plugin. -->","yoast_head_json":{"title":"Colaboraci\u00f3n entre el N\u00e0stic y la Cl\u00ednica Curull - Gimn\u00e0stic de Tarragona SAD","robots":{"index":"index","follow":"follow","max-snippet":"max-snippet:-1","max-image-preview":"max-image-preview:large","max-video-preview":"max-video-preview:-1"},"canonical":"https:\/\/gimnasticdetarragona.cat\/es\/col\u00b7laboracio-entre-el-nastic-i-la-clinica-curull\/","og_locale":"es_ES","og_type":"article","og_title":"Colaboraci\u00f3n entre el N\u00e0stic y la Cl\u00ednica Curull - Gimn\u00e0stic de Tarragona SAD","og_description":"El Gimn\u00e0stic de Tarragona, SAD y la Cl\u00ednica Curull cierran un acuerdo de colaboraci\u00f3n por el que queda de curso deportivo. A los jugadores del primer equipo grana les realizar\u00e1n una revisi\u00f3n bucodental para prevenir posibles lesiones musculares, articulares y \u00f3seas","og_url":"https:\/\/gimnasticdetarragona.cat\/es\/col\u00b7laboracio-entre-el-nastic-i-la-clinica-curull\/","og_site_name":"Gimn\u00e0stic de Tarragona SAD","article_published_time":"2017-02-21T15:00:09+00:00","og_image":[{"width":2560,"height":1280,"url":"https:\/\/gimnasticdetarragona.cat\/wp-content\/uploads\/2022\/06\/05235045118747-scaled.jpg","type":"image\/jpeg"}],"author":"desarrollo","twitter_card":"summary_large_image","twitter_creator":"@NASTICTARRAGONA","twitter_site":"@NASTICTARRAGONA","twitter_misc":{"Escrito por":"desarrollo","Tiempo de lectura":"2 minutos"},"schema":{"@context":"https:\/\/schema.org","@graph":[{"@type":"Article","@id":"https:\/\/gimnasticdetarragona.cat\/es\/col%c2%b7laboracio-entre-el-nastic-i-la-clinica-curull\/#article","isPartOf":{"@id":"https:\/\/gimnasticdetarragona.cat\/es\/col%c2%b7laboracio-entre-el-nastic-i-la-clinica-curull\/"},"author":{"name":"desarrollo","@id":"https:\/\/gimnasticdetarragona.cat\/es\/#\/schema\/person\/47b6a637abf88f9bd835540f20ea069e"},"headline":"Colaboraci\u00f3n entre el N\u00e0stic y la Cl\u00ednica Curull","datePublished":"2017-02-21T15:00:09+00:00","mainEntityOfPage":{"@id":"https:\/\/gimnasticdetarragona.cat\/es\/col%c2%b7laboracio-entre-el-nastic-i-la-clinica-curull\/"},"wordCount":331,"commentCount":0,"publisher":{"@id":"https:\/\/gimnasticdetarragona.cat\/es\/#organization"},"image":{"@id":"https:\/\/gimnasticdetarragona.cat\/es\/col%c2%b7laboracio-entre-el-nastic-i-la-clinica-curull\/#primaryimage"},"thumbnailUrl":"https:\/\/gimnasticdetarragona.cat\/wp-content\/uploads\/2022\/06\/05235045118747-scaled.jpg","articleSection":["Actualidad","Club Empresa"],"inLanguage":"es"},{"@type":"WebPage","@id":"https:\/\/gimnasticdetarragona.cat\/es\/col%c2%b7laboracio-entre-el-nastic-i-la-clinica-curull\/","url":"https:\/\/gimnasticdetarragona.cat\/es\/col%c2%b7laboracio-entre-el-nastic-i-la-clinica-curull\/","name":"Colaboraci\u00f3n entre el N\u00e0stic y la Cl\u00ednica Curull - Gimn\u00e0stic de Tarragona SAD","isPartOf":{"@id":"https:\/\/gimnasticdetarragona.cat\/es\/#website"},"primaryImageOfPage":{"@id":"https:\/\/gimnasticdetarragona.cat\/es\/col%c2%b7laboracio-entre-el-nastic-i-la-clinica-curull\/#primaryimage"},"image":{"@id":"https:\/\/gimnasticdetarragona.cat\/es\/col%c2%b7laboracio-entre-el-nastic-i-la-clinica-curull\/#primaryimage"},"thumbnailUrl":"https:\/\/gimnasticdetarragona.cat\/wp-content\/uploads\/2022\/06\/05235045118747-scaled.jpg","datePublished":"2017-02-21T15:00:09+00:00","breadcrumb":{"@id":"https:\/\/gimnasticdetarragona.cat\/es\/col%c2%b7laboracio-entre-el-nastic-i-la-clinica-curull\/#breadcrumb"},"inLanguage":"es","potentialAction":[{"@type":"ReadAction","target":["https:\/\/gimnasticdetarragona.cat\/es\/col%c2%b7laboracio-entre-el-nastic-i-la-clinica-curull\/"]}]},{"@type":"ImageObject","inLanguage":"es","@id":"https:\/\/gimnasticdetarragona.cat\/es\/col%c2%b7laboracio-entre-el-nastic-i-la-clinica-curull\/#primaryimage","url":"https:\/\/gimnasticdetarragona.cat\/wp-content\/uploads\/2022\/06\/05235045118747-scaled.jpg","contentUrl":"https:\/\/gimnasticdetarragona.cat\/wp-content\/uploads\/2022\/06\/05235045118747-scaled.jpg","width":2560,"height":1280},{"@type":"BreadcrumbList","@id":"https:\/\/gimnasticdetarragona.cat\/es\/col%c2%b7laboracio-entre-el-nastic-i-la-clinica-curull\/#breadcrumb","itemListElement":[{"@type":"ListItem","position":1,"name":"Inici","item":"https:\/\/gimnasticdetarragona.cat\/es\/nastic\/"},{"@type":"ListItem","position":2,"name":"Colaboraci\u00f3n entre el N\u00e0stic y la Cl\u00ednica Curull"}]},{"@type":"WebSite","@id":"https:\/\/gimnasticdetarragona.cat\/es\/#website","url":"https:\/\/gimnasticdetarragona.cat\/es\/","name":"Gimn\u00e0stic de Tarragona SAD","description":"Gimn\u00e0stic de Tarragona","publisher":{"@id":"https:\/\/gimnasticdetarragona.cat\/es\/#organization"},"potentialAction":[{"@type":"SearchAction","target":{"@type":"EntryPoint","urlTemplate":"https:\/\/gimnasticdetarragona.cat\/es\/?s={search_term_string}"},"query-input":{"@type":"PropertyValueSpecification","valueRequired":true,"valueName":"search_term_string"}}],"inLanguage":"es"},{"@type":"Organization","@id":"https:\/\/gimnasticdetarragona.cat\/es\/#organization","name":"GIMN\u00c0STIC DE TARRAGONA","alternateName":"N\u00c0STIC","url":"https:\/\/gimnasticdetarragona.cat\/es\/","logo":{"@type":"ImageObject","inLanguage":"es","@id":"https:\/\/gimnasticdetarragona.cat\/es\/#\/schema\/logo\/image\/","url":"https:\/\/gimnasticdetarragona.cat\/wp-content\/uploads\/2022\/06\/cropped-logo-gimnastic.png","contentUrl":"https:\/\/gimnasticdetarragona.cat\/wp-content\/uploads\/2022\/06\/cropped-logo-gimnastic.png","width":224,"height":83,"caption":"GIMN\u00c0STIC DE TARRAGONA"},"image":{"@id":"https:\/\/gimnasticdetarragona.cat\/es\/#\/schema\/logo\/image\/"},"sameAs":["https:\/\/x.com\/NASTICTARRAGONA","https:\/\/www.instagram.com\/nastictarragona\/"]},{"@type":"Person","@id":"https:\/\/gimnasticdetarragona.cat\/es\/#\/schema\/person\/47b6a637abf88f9bd835540f20ea069e","name":"desarrollo","sameAs":["https:\/\/clone.gimnasticdetarragona.cat"]}]}},"_links":{"self":[{"href":"https:\/\/gimnasticdetarragona.cat\/es\/wp-json\/wp\/v2\/posts\/59285","targetHints":{"allow":["GET"]}}],"collection":[{"href":"https:\/\/gimnasticdetarragona.cat\/es\/wp-json\/wp\/v2\/posts"}],"about":[{"href":"https:\/\/gimnasticdetarragona.cat\/es\/wp-json\/wp\/v2\/types\/post"}],"author":[{"embeddable":true,"href":"https:\/\/gimnasticdetarragona.cat\/es\/wp-json\/wp\/v2\/users\/1"}],"replies":[{"embeddable":true,"href":"https:\/\/gimnasticdetarragona.cat\/es\/wp-json\/wp\/v2\/comments?post=59285"}],"version-history":[{"count":0,"href":"https:\/\/gimnasticdetarragona.cat\/es\/wp-json\/wp\/v2\/posts\/59285\/revisions"}],"wp:featuredmedia":[{"embeddable":true,"href":"https:\/\/gimnasticdetarragona.cat\/es\/wp-json\/wp\/v2\/media\/59282"}],"wp:attachment":[{"href":"https:\/\/gimnasticdetarragona.cat\/es\/wp-json\/wp\/v2\/media?parent=59285"}],"wp:term":[{"taxonomy":"category","embeddable":true,"href":"https:\/\/gimnasticdetarragona.cat\/es\/wp-json\/wp\/v2\/categories?post=59285"},{"taxonomy":"post_tag","embeddable":true,"href":"https:\/\/gimnasticdetarragona.cat\/es\/wp-json\/wp\/v2\/tags?post=59285"}],"curies":[{"name":"wp","href":"https:\/\/api.w.org\/{rel}","templated":true}]}}