{"id":59312,"date":"2017-02-18T20:13:56","date_gmt":"2017-02-18T20:13:56","guid":{"rendered":"https:\/\/clone.gimnasticdetarragona.cat\/nastic-2-0-cd-numacia\/"},"modified":"2017-02-18T20:13:56","modified_gmt":"2017-02-18T20:13:56","slug":"nastic-2-0-cd-numacia","status":"publish","type":"post","link":"https:\/\/gimnasticdetarragona.cat\/es\/nastic-2-0-cd-numacia\/","title":{"rendered":"N\u00e0stic 2 &#8211; 0 CD Numancia"},"content":{"rendered":"<p style=\"text-align: justify;\">El N\u00e0stic ha empezado el partido llegando con peligro al \u00e1rea del Numancia, pero sin lograr finalizar las buenas acciones ofensivas. En el minuto 11, Eman\u00e1 ha estado a punto de conseguir perforar la porter\u00eda de Aitor. Despu\u00e9s de una buena combinaci\u00f3n con Mossa, el camerun\u00e9s se ha plantado ante el portero pero su disparo lo ha desviado la defensa a c\u00f3rner. Durante los primeros treinta minutos de juego el dominio de la posesi\u00f3n ha sido grana, buscando los espacios entre las l\u00edneas de un Numancia muy cerrado en defensa. En el minuto 32, el N\u00e0stic lo intent\u00f3 a bal\u00f3n parado. La centrada de Tejera la ha peinado Eman\u00e1 y el esf\u00e9rico se march\u00f3 desviado a la derecha de la porter\u00eda visitante. Y en el minuto 32 ha llegado la respuesta soriana, con un disparo directo desde la esquina buscando el gol ol\u00edmpico. Y en el 38&#8242;, fueron de nuevo los visitantes, cada vez m\u00e1s ofensivos, los que han vuelto a buscar el gol, con un centro que remat\u00f3 muy forzado Valcarce. En el minuto 40, el Numancia ha tenido la ocasi\u00f3n m\u00e1s clara de la primera mitad con un nuevo remate de Valcarce que se march\u00f3 fuera por poco. La \u00faltima ocasi\u00f3n del primer tiempo ha sido por los tarraconenses con un doble remate, primero de Lobato y despu\u00e9s de\u00a0Eman\u00e1, que rechaz\u00f3 la defensa.<\/p>\n<p style=\"text-align: justify;\">La segunda mitad ha comenzado de la mejor de las maneras. Cuando apenas se llevaban dos minutos de juego, el N\u00e0stic ha trenzado una buena acci\u00f3n ofensiva que culmin\u00f3 con un gran centro de Lobato directo al centro del \u00e1rea del Numancia, donde Cordero, que entr\u00f3\u00a0con convicci\u00f3n, remataba solo haciendo subir el 1 a 0 en el marcador. Tras el gol, el N\u00e0stic ha crecido en moral y los siguientes minutos fueron un ataque constante de los grana. En el minuto 53, Delgado ha probado un remate de chilena que se march\u00f3 demasiado alto por encima la porter\u00eda de Aitor. Y tres minutos m\u00e1s tarde, Tejera ha buscado sorprender con un centro de c\u00f3rner directo a porter\u00eda, que detuvo el portero visitante. El t\u00e9cnico grana ha hecho mover el banquillo dando entrada a Barreiro por Eman\u00e1, y unos minutos m\u00e1s tarde a Djetei por Madinda. Los cambios han permitido al N\u00e0stic mantener la tensi\u00f3n defensiva aprovechando, adem\u00e1s, la altura de Manu para buscar balones largos en ataque. En el minuto 79, el N\u00e0stic ha estado a punto de conseguir el segundo gol. Una buena triangulaci\u00f3n entre Barreiro y Delgado acab\u00f3 a pies de Cordero, quien ha empalmado un potente disparo que se estrell\u00f3 en el poste de la porter\u00eda de Aitor. En los \u00faltimos minutos, los sorianos han volcado al ataque pero los grana, muy seguros atr\u00e1s, alejaban el peligro. Y en el minuto 89 lleg\u00f3 el gol de la tranquilidad. Tejera, muy vivo, aprovech\u00f3 un bal\u00f3n muerto entre dos jugadores visitantes para colarse entre la defensa batiendo el portero y haciendo enloquecer el Nou Estadi.<\/p>\n<p style=\"text-align: justify;\">Al final, victoria y tres puntos vitales para un N\u00e0stic que dormir\u00e1 a dos puntos de la permanencia. El pr\u00f3ximo enfrentamiento de los grana ser\u00e1 el domingo 26 de febrero, a las 20 horas, en La Romareda contra el Real Zaragoza; en el partido correspondiente a la jornada 27 de LaLiga 1|2|3.<\/p>\n<p style=\"text-align: justify;\"><strong>Alineaciones<\/strong><br \/>\nN\u00e0stic: Reina, Mossa, I. Bouz\u00f3n U.Z, Suzuki, Luismi, Madinda (Djetei, 76&#8242;), Tejera, Cordero, C. Lobato, Eman\u00e1 (Barreiro, 63&#8242;) y Juan Delgado (Alex L\u00f3pez, 79&#8242;).<\/p>\n<p style=\"text-align: justify;\">CD Numancia: Aitor Fern\u00e1ndez, Ripa N. (Nacho, 72&#8242;), \u00cd\u00f1igo P\u00e9rez, Julio H.L.M, Dani Calvo, C. Guti\u00e9rrez, Jairo M. (Kike Sola, 61&#8242;), R. De Galarreta, P. Valcarce (Nieto, 72&#8242;), M. Mateo y P. Orfila.<\/p>\n<p style=\"text-align: justify;\"><strong>Goles<\/strong><br \/>\n1-0, Cordero (47&#8242;); 2-0, Delgado (89&#8242;).<\/p>\n<p style=\"text-align: justify;\"><strong>Tarjetas<\/strong><br \/>\nRipa N. (31 &#8216;), I. Bouz\u00f3n U.Z. (70 &#8216;), Cordero (79&#8217;).<\/p>\n<p style=\"text-align: justify;\">Partido correspondiente a la jornada 26 de LaLiga 1|2|3. 5577 espectadores. Nou Estadi, Tarragona<\/p>\n","protected":false},"excerpt":{"rendered":"<p>El N\u00e0stic gana al Numancia con goles de Cordero y Tejera y se sit\u00faa a dos puntos de la permanencia.<\/p>\n","protected":false},"author":1,"featured_media":59309,"comment_status":"open","ping_status":"open","sticky":false,"template":"","format":"standard","meta":{"_acf_changed":false,"footnotes":""},"categories":[113,121,126],"tags":[],"class_list":["post-59312","post","type-post","status-publish","format-standard","has-post-thumbnail","hentry","category-actualidad","category-home","category-primer-equipo"],"acf":[],"yoast_head":"<!-- This site is optimized with the Yoast SEO plugin v27.3 - https:\/\/yoast.com\/product\/yoast-seo-wordpress\/ -->\n<title>N\u00e0stic 2 - 0 CD Numancia - Gimn\u00e0stic de Tarragona SAD<\/title>\n<meta name=\"robots\" content=\"index, follow, max-snippet:-1, max-image-preview:large, max-video-preview:-1\" \/>\n<link rel=\"canonical\" href=\"https:\/\/gimnasticdetarragona.cat\/nastic-2-0-cd-numacia\/\" \/>\n<meta property=\"og:locale\" content=\"es_ES\" \/>\n<meta property=\"og:type\" content=\"article\" \/>\n<meta property=\"og:title\" content=\"N\u00e0stic 2 - 0 CD Numancia - Gimn\u00e0stic de Tarragona SAD\" \/>\n<meta property=\"og:description\" content=\"El N\u00e0stic gana al Numancia con goles de Cordero y Tejera y se sit\u00faa a dos puntos de la permanencia.\" \/>\n<meta property=\"og:url\" content=\"https:\/\/gimnasticdetarragona.cat\/nastic-2-0-cd-numacia\/\" \/>\n<meta property=\"og:site_name\" content=\"Gimn\u00e0stic de Tarragona SAD\" \/>\n<meta property=\"article:published_time\" content=\"2017-02-18T20:13:56+00:00\" \/>\n<meta property=\"og:image\" content=\"https:\/\/gimnasticdetarragona.cat\/wp-content\/uploads\/2022\/06\/05235036118659.png\" \/>\n\t<meta property=\"og:image:width\" content=\"892\" \/>\n\t<meta property=\"og:image:height\" content=\"591\" \/>\n\t<meta property=\"og:image:type\" content=\"image\/png\" \/>\n<meta name=\"author\" content=\"desarrollo\" \/>\n<meta name=\"twitter:card\" content=\"summary_large_image\" \/>\n<meta name=\"twitter:creator\" content=\"@NASTICTARRAGONA\" \/>\n<meta name=\"twitter:site\" content=\"@NASTICTARRAGONA\" \/>\n<meta name=\"twitter:label1\" content=\"Escrito por\" \/>\n\t<meta name=\"twitter:data1\" content=\"desarrollo\" \/>\n\t<meta name=\"twitter:label2\" content=\"Tiempo de lectura\" \/>\n\t<meta name=\"twitter:data2\" content=\"3 minutos\" \/>\n<script type=\"application\/ld+json\" class=\"yoast-schema-graph\">{\"@context\":\"https:\\\/\\\/schema.org\",\"@graph\":[{\"@type\":\"Article\",\"@id\":\"https:\\\/\\\/gimnasticdetarragona.cat\\\/nastic-2-0-cd-numacia\\\/#article\",\"isPartOf\":{\"@id\":\"https:\\\/\\\/gimnasticdetarragona.cat\\\/nastic-2-0-cd-numacia\\\/\"},\"author\":{\"name\":\"desarrollo\",\"@id\":\"https:\\\/\\\/gimnasticdetarragona.cat\\\/es\\\/#\\\/schema\\\/person\\\/47b6a637abf88f9bd835540f20ea069e\"},\"headline\":\"N\u00e0stic 2 &#8211; 0 CD Numancia\",\"datePublished\":\"2017-02-18T20:13:56+00:00\",\"mainEntityOfPage\":{\"@id\":\"https:\\\/\\\/gimnasticdetarragona.cat\\\/nastic-2-0-cd-numacia\\\/\"},\"wordCount\":660,\"commentCount\":0,\"publisher\":{\"@id\":\"https:\\\/\\\/gimnasticdetarragona.cat\\\/es\\\/#organization\"},\"image\":{\"@id\":\"https:\\\/\\\/gimnasticdetarragona.cat\\\/nastic-2-0-cd-numacia\\\/#primaryimage\"},\"thumbnailUrl\":\"https:\\\/\\\/gimnasticdetarragona.cat\\\/wp-content\\\/uploads\\\/2022\\\/06\\\/05235036118659.png\",\"articleSection\":[\"Actualidad\",\"Home\",\"Primer Equipo\"],\"inLanguage\":\"es\"},{\"@type\":\"WebPage\",\"@id\":\"https:\\\/\\\/gimnasticdetarragona.cat\\\/nastic-2-0-cd-numacia\\\/\",\"url\":\"https:\\\/\\\/gimnasticdetarragona.cat\\\/nastic-2-0-cd-numacia\\\/\",\"name\":\"N\u00e0stic 2 - 0 CD Numancia - Gimn\u00e0stic de Tarragona SAD\",\"isPartOf\":{\"@id\":\"https:\\\/\\\/gimnasticdetarragona.cat\\\/es\\\/#website\"},\"primaryImageOfPage\":{\"@id\":\"https:\\\/\\\/gimnasticdetarragona.cat\\\/nastic-2-0-cd-numacia\\\/#primaryimage\"},\"image\":{\"@id\":\"https:\\\/\\\/gimnasticdetarragona.cat\\\/nastic-2-0-cd-numacia\\\/#primaryimage\"},\"thumbnailUrl\":\"https:\\\/\\\/gimnasticdetarragona.cat\\\/wp-content\\\/uploads\\\/2022\\\/06\\\/05235036118659.png\",\"datePublished\":\"2017-02-18T20:13:56+00:00\",\"breadcrumb\":{\"@id\":\"https:\\\/\\\/gimnasticdetarragona.cat\\\/nastic-2-0-cd-numacia\\\/#breadcrumb\"},\"inLanguage\":\"es\",\"potentialAction\":[{\"@type\":\"ReadAction\",\"target\":[\"https:\\\/\\\/gimnasticdetarragona.cat\\\/nastic-2-0-cd-numacia\\\/\"]}]},{\"@type\":\"ImageObject\",\"inLanguage\":\"es\",\"@id\":\"https:\\\/\\\/gimnasticdetarragona.cat\\\/nastic-2-0-cd-numacia\\\/#primaryimage\",\"url\":\"https:\\\/\\\/gimnasticdetarragona.cat\\\/wp-content\\\/uploads\\\/2022\\\/06\\\/05235036118659.png\",\"contentUrl\":\"https:\\\/\\\/gimnasticdetarragona.cat\\\/wp-content\\\/uploads\\\/2022\\\/06\\\/05235036118659.png\",\"width\":892,\"height\":591},{\"@type\":\"BreadcrumbList\",\"@id\":\"https:\\\/\\\/gimnasticdetarragona.cat\\\/nastic-2-0-cd-numacia\\\/#breadcrumb\",\"itemListElement\":[{\"@type\":\"ListItem\",\"position\":1,\"name\":\"Inici\",\"item\":\"https:\\\/\\\/gimnasticdetarragona.cat\\\/es\\\/nastic\\\/\"},{\"@type\":\"ListItem\",\"position\":2,\"name\":\"N\u00e0stic 2 &#8211; 0 CD Numancia\"}]},{\"@type\":\"WebSite\",\"@id\":\"https:\\\/\\\/gimnasticdetarragona.cat\\\/es\\\/#website\",\"url\":\"https:\\\/\\\/gimnasticdetarragona.cat\\\/es\\\/\",\"name\":\"Gimn\u00e0stic de Tarragona SAD\",\"description\":\"Gimn\u00e0stic de Tarragona\",\"publisher\":{\"@id\":\"https:\\\/\\\/gimnasticdetarragona.cat\\\/es\\\/#organization\"},\"potentialAction\":[{\"@type\":\"SearchAction\",\"target\":{\"@type\":\"EntryPoint\",\"urlTemplate\":\"https:\\\/\\\/gimnasticdetarragona.cat\\\/es\\\/?s={search_term_string}\"},\"query-input\":{\"@type\":\"PropertyValueSpecification\",\"valueRequired\":true,\"valueName\":\"search_term_string\"}}],\"inLanguage\":\"es\"},{\"@type\":\"Organization\",\"@id\":\"https:\\\/\\\/gimnasticdetarragona.cat\\\/es\\\/#organization\",\"name\":\"GIMN\u00c0STIC DE TARRAGONA\",\"alternateName\":\"N\u00c0STIC\",\"url\":\"https:\\\/\\\/gimnasticdetarragona.cat\\\/es\\\/\",\"logo\":{\"@type\":\"ImageObject\",\"inLanguage\":\"es\",\"@id\":\"https:\\\/\\\/gimnasticdetarragona.cat\\\/es\\\/#\\\/schema\\\/logo\\\/image\\\/\",\"url\":\"https:\\\/\\\/gimnasticdetarragona.cat\\\/wp-content\\\/uploads\\\/2022\\\/06\\\/cropped-logo-gimnastic.png\",\"contentUrl\":\"https:\\\/\\\/gimnasticdetarragona.cat\\\/wp-content\\\/uploads\\\/2022\\\/06\\\/cropped-logo-gimnastic.png\",\"width\":224,\"height\":83,\"caption\":\"GIMN\u00c0STIC DE TARRAGONA\"},\"image\":{\"@id\":\"https:\\\/\\\/gimnasticdetarragona.cat\\\/es\\\/#\\\/schema\\\/logo\\\/image\\\/\"},\"sameAs\":[\"https:\\\/\\\/x.com\\\/NASTICTARRAGONA\",\"https:\\\/\\\/www.instagram.com\\\/nastictarragona\\\/\"]},{\"@type\":\"Person\",\"@id\":\"https:\\\/\\\/gimnasticdetarragona.cat\\\/es\\\/#\\\/schema\\\/person\\\/47b6a637abf88f9bd835540f20ea069e\",\"name\":\"desarrollo\",\"sameAs\":[\"https:\\\/\\\/clone.gimnasticdetarragona.cat\"]}]}<\/script>\n<!-- \/ Yoast SEO plugin. -->","yoast_head_json":{"title":"N\u00e0stic 2 - 0 CD Numancia - Gimn\u00e0stic de Tarragona SAD","robots":{"index":"index","follow":"follow","max-snippet":"max-snippet:-1","max-image-preview":"max-image-preview:large","max-video-preview":"max-video-preview:-1"},"canonical":"https:\/\/gimnasticdetarragona.cat\/nastic-2-0-cd-numacia\/","og_locale":"es_ES","og_type":"article","og_title":"N\u00e0stic 2 - 0 CD Numancia - Gimn\u00e0stic de Tarragona SAD","og_description":"El N\u00e0stic gana al Numancia con goles de Cordero y Tejera y se sit\u00faa a dos puntos de la permanencia.","og_url":"https:\/\/gimnasticdetarragona.cat\/nastic-2-0-cd-numacia\/","og_site_name":"Gimn\u00e0stic de Tarragona SAD","article_published_time":"2017-02-18T20:13:56+00:00","og_image":[{"width":892,"height":591,"url":"https:\/\/gimnasticdetarragona.cat\/wp-content\/uploads\/2022\/06\/05235036118659.png","type":"image\/png"}],"author":"desarrollo","twitter_card":"summary_large_image","twitter_creator":"@NASTICTARRAGONA","twitter_site":"@NASTICTARRAGONA","twitter_misc":{"Escrito por":"desarrollo","Tiempo de lectura":"3 minutos"},"schema":{"@context":"https:\/\/schema.org","@graph":[{"@type":"Article","@id":"https:\/\/gimnasticdetarragona.cat\/nastic-2-0-cd-numacia\/#article","isPartOf":{"@id":"https:\/\/gimnasticdetarragona.cat\/nastic-2-0-cd-numacia\/"},"author":{"name":"desarrollo","@id":"https:\/\/gimnasticdetarragona.cat\/es\/#\/schema\/person\/47b6a637abf88f9bd835540f20ea069e"},"headline":"N\u00e0stic 2 &#8211; 0 CD Numancia","datePublished":"2017-02-18T20:13:56+00:00","mainEntityOfPage":{"@id":"https:\/\/gimnasticdetarragona.cat\/nastic-2-0-cd-numacia\/"},"wordCount":660,"commentCount":0,"publisher":{"@id":"https:\/\/gimnasticdetarragona.cat\/es\/#organization"},"image":{"@id":"https:\/\/gimnasticdetarragona.cat\/nastic-2-0-cd-numacia\/#primaryimage"},"thumbnailUrl":"https:\/\/gimnasticdetarragona.cat\/wp-content\/uploads\/2022\/06\/05235036118659.png","articleSection":["Actualidad","Home","Primer Equipo"],"inLanguage":"es"},{"@type":"WebPage","@id":"https:\/\/gimnasticdetarragona.cat\/nastic-2-0-cd-numacia\/","url":"https:\/\/gimnasticdetarragona.cat\/nastic-2-0-cd-numacia\/","name":"N\u00e0stic 2 - 0 CD Numancia - Gimn\u00e0stic de Tarragona SAD","isPartOf":{"@id":"https:\/\/gimnasticdetarragona.cat\/es\/#website"},"primaryImageOfPage":{"@id":"https:\/\/gimnasticdetarragona.cat\/nastic-2-0-cd-numacia\/#primaryimage"},"image":{"@id":"https:\/\/gimnasticdetarragona.cat\/nastic-2-0-cd-numacia\/#primaryimage"},"thumbnailUrl":"https:\/\/gimnasticdetarragona.cat\/wp-content\/uploads\/2022\/06\/05235036118659.png","datePublished":"2017-02-18T20:13:56+00:00","breadcrumb":{"@id":"https:\/\/gimnasticdetarragona.cat\/nastic-2-0-cd-numacia\/#breadcrumb"},"inLanguage":"es","potentialAction":[{"@type":"ReadAction","target":["https:\/\/gimnasticdetarragona.cat\/nastic-2-0-cd-numacia\/"]}]},{"@type":"ImageObject","inLanguage":"es","@id":"https:\/\/gimnasticdetarragona.cat\/nastic-2-0-cd-numacia\/#primaryimage","url":"https:\/\/gimnasticdetarragona.cat\/wp-content\/uploads\/2022\/06\/05235036118659.png","contentUrl":"https:\/\/gimnasticdetarragona.cat\/wp-content\/uploads\/2022\/06\/05235036118659.png","width":892,"height":591},{"@type":"BreadcrumbList","@id":"https:\/\/gimnasticdetarragona.cat\/nastic-2-0-cd-numacia\/#breadcrumb","itemListElement":[{"@type":"ListItem","position":1,"name":"Inici","item":"https:\/\/gimnasticdetarragona.cat\/es\/nastic\/"},{"@type":"ListItem","position":2,"name":"N\u00e0stic 2 &#8211; 0 CD Numancia"}]},{"@type":"WebSite","@id":"https:\/\/gimnasticdetarragona.cat\/es\/#website","url":"https:\/\/gimnasticdetarragona.cat\/es\/","name":"Gimn\u00e0stic de Tarragona SAD","description":"Gimn\u00e0stic de Tarragona","publisher":{"@id":"https:\/\/gimnasticdetarragona.cat\/es\/#organization"},"potentialAction":[{"@type":"SearchAction","target":{"@type":"EntryPoint","urlTemplate":"https:\/\/gimnasticdetarragona.cat\/es\/?s={search_term_string}"},"query-input":{"@type":"PropertyValueSpecification","valueRequired":true,"valueName":"search_term_string"}}],"inLanguage":"es"},{"@type":"Organization","@id":"https:\/\/gimnasticdetarragona.cat\/es\/#organization","name":"GIMN\u00c0STIC DE TARRAGONA","alternateName":"N\u00c0STIC","url":"https:\/\/gimnasticdetarragona.cat\/es\/","logo":{"@type":"ImageObject","inLanguage":"es","@id":"https:\/\/gimnasticdetarragona.cat\/es\/#\/schema\/logo\/image\/","url":"https:\/\/gimnasticdetarragona.cat\/wp-content\/uploads\/2022\/06\/cropped-logo-gimnastic.png","contentUrl":"https:\/\/gimnasticdetarragona.cat\/wp-content\/uploads\/2022\/06\/cropped-logo-gimnastic.png","width":224,"height":83,"caption":"GIMN\u00c0STIC DE TARRAGONA"},"image":{"@id":"https:\/\/gimnasticdetarragona.cat\/es\/#\/schema\/logo\/image\/"},"sameAs":["https:\/\/x.com\/NASTICTARRAGONA","https:\/\/www.instagram.com\/nastictarragona\/"]},{"@type":"Person","@id":"https:\/\/gimnasticdetarragona.cat\/es\/#\/schema\/person\/47b6a637abf88f9bd835540f20ea069e","name":"desarrollo","sameAs":["https:\/\/clone.gimnasticdetarragona.cat"]}]}},"_links":{"self":[{"href":"https:\/\/gimnasticdetarragona.cat\/es\/wp-json\/wp\/v2\/posts\/59312","targetHints":{"allow":["GET"]}}],"collection":[{"href":"https:\/\/gimnasticdetarragona.cat\/es\/wp-json\/wp\/v2\/posts"}],"about":[{"href":"https:\/\/gimnasticdetarragona.cat\/es\/wp-json\/wp\/v2\/types\/post"}],"author":[{"embeddable":true,"href":"https:\/\/gimnasticdetarragona.cat\/es\/wp-json\/wp\/v2\/users\/1"}],"replies":[{"embeddable":true,"href":"https:\/\/gimnasticdetarragona.cat\/es\/wp-json\/wp\/v2\/comments?post=59312"}],"version-history":[{"count":0,"href":"https:\/\/gimnasticdetarragona.cat\/es\/wp-json\/wp\/v2\/posts\/59312\/revisions"}],"wp:featuredmedia":[{"embeddable":true,"href":"https:\/\/gimnasticdetarragona.cat\/es\/wp-json\/wp\/v2\/media\/59309"}],"wp:attachment":[{"href":"https:\/\/gimnasticdetarragona.cat\/es\/wp-json\/wp\/v2\/media?parent=59312"}],"wp:term":[{"taxonomy":"category","embeddable":true,"href":"https:\/\/gimnasticdetarragona.cat\/es\/wp-json\/wp\/v2\/categories?post=59312"},{"taxonomy":"post_tag","embeddable":true,"href":"https:\/\/gimnasticdetarragona.cat\/es\/wp-json\/wp\/v2\/tags?post=59312"}],"curies":[{"name":"wp","href":"https:\/\/api.w.org\/{rel}","templated":true}]}}