{"id":59320,"date":"2017-02-17T14:23:19","date_gmt":"2017-02-17T14:23:19","guid":{"rendered":"https:\/\/clone.gimnasticdetarragona.cat\/linfantil-b-es-vol-allunyar-del-descens\/"},"modified":"2017-02-17T14:23:19","modified_gmt":"2017-02-17T14:23:19","slug":"linfantil-b-es-vol-allunyar-del-descens","status":"publish","type":"post","link":"https:\/\/gimnasticdetarragona.cat\/es\/linfantil-b-es-vol-allunyar-del-descens\/","title":{"rendered":"El Infantil B se quiere alejar del descenso"},"content":{"rendered":"<p style=\"text-align: justify;\">Los infantiles B visitan el campo del Vilanova, con el objetivo de sumar tres puntos que los alejen un poco m\u00e1s de las plazas de descenso.<\/p>\n<p style=\"text-align: justify;\">Los jugadores de Eder Arujo se enfrentan al Vilanova Geltr\u00fa CF, el s\u00e1bado a las 16:00 horas, con intenci\u00f3n de llevarse tres puntos vitales. Los locales\u00a0son el primer equipo que marca el descenso, y una victoria les dejar\u00eda a 9 puntos m\u00e1s gol average particular, que es favorable a los grana. Sin duda, se trata de un partido muy importante para conseguir tranquilidad en la tabla.<\/p>\n<p style=\"text-align: justify;\">El trabajo de los chicos est\u00e1 siendo bueno, como demuestra la imagen del equipo cada jornada, por lo que los tres puntos permitir\u00edan a los grana seguir trabajando con m\u00e1s tranquilidad. Los nuestros compiten en Preferente, la segunda m\u00e1xima competici\u00f3n, lo que les ofrece la oportunidad de formarse compitiendo al m\u00e1ximo contra equipos de nivel, como es el caso del Bar\u00e7a B. Hay que recordar que se trata de un equipo de primer a\u00f1o compitiendo en una liga donde todos los equipos, salvo el Bar\u00e7a B, cuentan con bloques de segundo a\u00f1o, con lo que ello implica, tanto a nivel f\u00edsico como de experiencia. Es por ello, que conseguir la permanencia, ser\u00eda una gran noticia y demostrar\u00eda el nivel competitivo de los tarraconenses.<\/p>\n<p style=\"text-align: justify;\">El t\u00e9cnico del Infantil B, Eder Arujo, se muestra convencido de que el trabajo de la semana permite ser optimista ante el enfrentamiento del s\u00e1bado. \u00abEs un partido muy importante ya que nos dar\u00eda un margen de 9 puntos, m\u00e1s average, con el descenso y esto nos permitir\u00eda estar un poco m\u00e1s tranquilos las pr\u00f3ximas jornadas. Los chicos han trabajado muy bien toda la semana y llegamos preparados al encuentro. Tenemos la m\u00e1xima ilusi\u00f3n para sumar de tres en un campo complicado \u00ab.<\/p>\n","protected":false},"excerpt":{"rendered":"<p>Los infantiles B visitan el campo del Vilanova, con el objetivo de sumar tres puntos que los alejen un poco m\u00e1s de las plazas de descenso.<\/p>\n","protected":false},"author":1,"featured_media":59317,"comment_status":"open","ping_status":"open","sticky":false,"template":"","format":"standard","meta":{"_acf_changed":false,"footnotes":""},"categories":[113,117],"tags":[],"class_list":["post-59320","post","type-post","status-publish","format-standard","has-post-thumbnail","hentry","category-actualidad","category-futbol-base"],"acf":[],"yoast_head":"<!-- This site is optimized with the Yoast SEO plugin v27.3 - https:\/\/yoast.com\/product\/yoast-seo-wordpress\/ -->\n<title>El Infantil B se quiere alejar del descenso - Gimn\u00e0stic de Tarragona SAD<\/title>\n<meta name=\"robots\" content=\"index, follow, max-snippet:-1, max-image-preview:large, max-video-preview:-1\" \/>\n<link rel=\"canonical\" href=\"https:\/\/gimnasticdetarragona.cat\/es\/linfantil-b-es-vol-allunyar-del-descens\/\" \/>\n<meta property=\"og:locale\" content=\"es_ES\" \/>\n<meta property=\"og:type\" content=\"article\" \/>\n<meta property=\"og:title\" content=\"El Infantil B se quiere alejar del descenso - Gimn\u00e0stic de Tarragona SAD\" \/>\n<meta property=\"og:description\" content=\"Los infantiles B visitan el campo del Vilanova, con el objetivo de sumar tres puntos que los alejen un poco m\u00e1s de las plazas de descenso.\" \/>\n<meta property=\"og:url\" content=\"https:\/\/gimnasticdetarragona.cat\/es\/linfantil-b-es-vol-allunyar-del-descens\/\" \/>\n<meta property=\"og:site_name\" content=\"Gimn\u00e0stic de Tarragona SAD\" \/>\n<meta property=\"article:published_time\" content=\"2017-02-17T14:23:19+00:00\" \/>\n<meta property=\"og:image\" content=\"https:\/\/gimnasticdetarragona.cat\/wp-content\/uploads\/2022\/06\/05235035118650.jpg\" \/>\n\t<meta property=\"og:image:width\" content=\"1600\" \/>\n\t<meta property=\"og:image:height\" content=\"900\" \/>\n\t<meta property=\"og:image:type\" content=\"image\/jpeg\" \/>\n<meta name=\"author\" content=\"desarrollo\" \/>\n<meta name=\"twitter:card\" content=\"summary_large_image\" \/>\n<meta name=\"twitter:creator\" content=\"@NASTICTARRAGONA\" \/>\n<meta name=\"twitter:site\" content=\"@NASTICTARRAGONA\" \/>\n<meta name=\"twitter:label1\" content=\"Escrito por\" \/>\n\t<meta name=\"twitter:data1\" content=\"desarrollo\" \/>\n\t<meta name=\"twitter:label2\" content=\"Tiempo de lectura\" \/>\n\t<meta name=\"twitter:data2\" content=\"2 minutos\" \/>\n<script type=\"application\/ld+json\" class=\"yoast-schema-graph\">{\"@context\":\"https:\\\/\\\/schema.org\",\"@graph\":[{\"@type\":\"Article\",\"@id\":\"https:\\\/\\\/gimnasticdetarragona.cat\\\/es\\\/linfantil-b-es-vol-allunyar-del-descens\\\/#article\",\"isPartOf\":{\"@id\":\"https:\\\/\\\/gimnasticdetarragona.cat\\\/es\\\/linfantil-b-es-vol-allunyar-del-descens\\\/\"},\"author\":{\"name\":\"desarrollo\",\"@id\":\"https:\\\/\\\/gimnasticdetarragona.cat\\\/es\\\/#\\\/schema\\\/person\\\/47b6a637abf88f9bd835540f20ea069e\"},\"headline\":\"El Infantil B se quiere alejar del descenso\",\"datePublished\":\"2017-02-17T14:23:19+00:00\",\"mainEntityOfPage\":{\"@id\":\"https:\\\/\\\/gimnasticdetarragona.cat\\\/es\\\/linfantil-b-es-vol-allunyar-del-descens\\\/\"},\"wordCount\":329,\"commentCount\":0,\"publisher\":{\"@id\":\"https:\\\/\\\/gimnasticdetarragona.cat\\\/es\\\/#organization\"},\"image\":{\"@id\":\"https:\\\/\\\/gimnasticdetarragona.cat\\\/es\\\/linfantil-b-es-vol-allunyar-del-descens\\\/#primaryimage\"},\"thumbnailUrl\":\"https:\\\/\\\/gimnasticdetarragona.cat\\\/wp-content\\\/uploads\\\/2022\\\/06\\\/05235035118650.jpg\",\"articleSection\":[\"Actualidad\",\"F\u00fatbol Base\"],\"inLanguage\":\"es\"},{\"@type\":\"WebPage\",\"@id\":\"https:\\\/\\\/gimnasticdetarragona.cat\\\/es\\\/linfantil-b-es-vol-allunyar-del-descens\\\/\",\"url\":\"https:\\\/\\\/gimnasticdetarragona.cat\\\/es\\\/linfantil-b-es-vol-allunyar-del-descens\\\/\",\"name\":\"El Infantil B se quiere alejar del descenso - Gimn\u00e0stic de Tarragona SAD\",\"isPartOf\":{\"@id\":\"https:\\\/\\\/gimnasticdetarragona.cat\\\/es\\\/#website\"},\"primaryImageOfPage\":{\"@id\":\"https:\\\/\\\/gimnasticdetarragona.cat\\\/es\\\/linfantil-b-es-vol-allunyar-del-descens\\\/#primaryimage\"},\"image\":{\"@id\":\"https:\\\/\\\/gimnasticdetarragona.cat\\\/es\\\/linfantil-b-es-vol-allunyar-del-descens\\\/#primaryimage\"},\"thumbnailUrl\":\"https:\\\/\\\/gimnasticdetarragona.cat\\\/wp-content\\\/uploads\\\/2022\\\/06\\\/05235035118650.jpg\",\"datePublished\":\"2017-02-17T14:23:19+00:00\",\"breadcrumb\":{\"@id\":\"https:\\\/\\\/gimnasticdetarragona.cat\\\/es\\\/linfantil-b-es-vol-allunyar-del-descens\\\/#breadcrumb\"},\"inLanguage\":\"es\",\"potentialAction\":[{\"@type\":\"ReadAction\",\"target\":[\"https:\\\/\\\/gimnasticdetarragona.cat\\\/es\\\/linfantil-b-es-vol-allunyar-del-descens\\\/\"]}]},{\"@type\":\"ImageObject\",\"inLanguage\":\"es\",\"@id\":\"https:\\\/\\\/gimnasticdetarragona.cat\\\/es\\\/linfantil-b-es-vol-allunyar-del-descens\\\/#primaryimage\",\"url\":\"https:\\\/\\\/gimnasticdetarragona.cat\\\/wp-content\\\/uploads\\\/2022\\\/06\\\/05235035118650.jpg\",\"contentUrl\":\"https:\\\/\\\/gimnasticdetarragona.cat\\\/wp-content\\\/uploads\\\/2022\\\/06\\\/05235035118650.jpg\",\"width\":1600,\"height\":900},{\"@type\":\"BreadcrumbList\",\"@id\":\"https:\\\/\\\/gimnasticdetarragona.cat\\\/es\\\/linfantil-b-es-vol-allunyar-del-descens\\\/#breadcrumb\",\"itemListElement\":[{\"@type\":\"ListItem\",\"position\":1,\"name\":\"Inici\",\"item\":\"https:\\\/\\\/gimnasticdetarragona.cat\\\/es\\\/nastic\\\/\"},{\"@type\":\"ListItem\",\"position\":2,\"name\":\"El Infantil B se quiere alejar del descenso\"}]},{\"@type\":\"WebSite\",\"@id\":\"https:\\\/\\\/gimnasticdetarragona.cat\\\/es\\\/#website\",\"url\":\"https:\\\/\\\/gimnasticdetarragona.cat\\\/es\\\/\",\"name\":\"Gimn\u00e0stic de Tarragona SAD\",\"description\":\"Gimn\u00e0stic de Tarragona\",\"publisher\":{\"@id\":\"https:\\\/\\\/gimnasticdetarragona.cat\\\/es\\\/#organization\"},\"potentialAction\":[{\"@type\":\"SearchAction\",\"target\":{\"@type\":\"EntryPoint\",\"urlTemplate\":\"https:\\\/\\\/gimnasticdetarragona.cat\\\/es\\\/?s={search_term_string}\"},\"query-input\":{\"@type\":\"PropertyValueSpecification\",\"valueRequired\":true,\"valueName\":\"search_term_string\"}}],\"inLanguage\":\"es\"},{\"@type\":\"Organization\",\"@id\":\"https:\\\/\\\/gimnasticdetarragona.cat\\\/es\\\/#organization\",\"name\":\"GIMN\u00c0STIC DE TARRAGONA\",\"alternateName\":\"N\u00c0STIC\",\"url\":\"https:\\\/\\\/gimnasticdetarragona.cat\\\/es\\\/\",\"logo\":{\"@type\":\"ImageObject\",\"inLanguage\":\"es\",\"@id\":\"https:\\\/\\\/gimnasticdetarragona.cat\\\/es\\\/#\\\/schema\\\/logo\\\/image\\\/\",\"url\":\"https:\\\/\\\/gimnasticdetarragona.cat\\\/wp-content\\\/uploads\\\/2022\\\/06\\\/cropped-logo-gimnastic.png\",\"contentUrl\":\"https:\\\/\\\/gimnasticdetarragona.cat\\\/wp-content\\\/uploads\\\/2022\\\/06\\\/cropped-logo-gimnastic.png\",\"width\":224,\"height\":83,\"caption\":\"GIMN\u00c0STIC DE TARRAGONA\"},\"image\":{\"@id\":\"https:\\\/\\\/gimnasticdetarragona.cat\\\/es\\\/#\\\/schema\\\/logo\\\/image\\\/\"},\"sameAs\":[\"https:\\\/\\\/x.com\\\/NASTICTARRAGONA\",\"https:\\\/\\\/www.instagram.com\\\/nastictarragona\\\/\"]},{\"@type\":\"Person\",\"@id\":\"https:\\\/\\\/gimnasticdetarragona.cat\\\/es\\\/#\\\/schema\\\/person\\\/47b6a637abf88f9bd835540f20ea069e\",\"name\":\"desarrollo\",\"sameAs\":[\"https:\\\/\\\/clone.gimnasticdetarragona.cat\"]}]}<\/script>\n<!-- \/ Yoast SEO plugin. -->","yoast_head_json":{"title":"El Infantil B se quiere alejar del descenso - Gimn\u00e0stic de Tarragona SAD","robots":{"index":"index","follow":"follow","max-snippet":"max-snippet:-1","max-image-preview":"max-image-preview:large","max-video-preview":"max-video-preview:-1"},"canonical":"https:\/\/gimnasticdetarragona.cat\/es\/linfantil-b-es-vol-allunyar-del-descens\/","og_locale":"es_ES","og_type":"article","og_title":"El Infantil B se quiere alejar del descenso - Gimn\u00e0stic de Tarragona SAD","og_description":"Los infantiles B visitan el campo del Vilanova, con el objetivo de sumar tres puntos que los alejen un poco m\u00e1s de las plazas de descenso.","og_url":"https:\/\/gimnasticdetarragona.cat\/es\/linfantil-b-es-vol-allunyar-del-descens\/","og_site_name":"Gimn\u00e0stic de Tarragona SAD","article_published_time":"2017-02-17T14:23:19+00:00","og_image":[{"width":1600,"height":900,"url":"https:\/\/gimnasticdetarragona.cat\/wp-content\/uploads\/2022\/06\/05235035118650.jpg","type":"image\/jpeg"}],"author":"desarrollo","twitter_card":"summary_large_image","twitter_creator":"@NASTICTARRAGONA","twitter_site":"@NASTICTARRAGONA","twitter_misc":{"Escrito por":"desarrollo","Tiempo de lectura":"2 minutos"},"schema":{"@context":"https:\/\/schema.org","@graph":[{"@type":"Article","@id":"https:\/\/gimnasticdetarragona.cat\/es\/linfantil-b-es-vol-allunyar-del-descens\/#article","isPartOf":{"@id":"https:\/\/gimnasticdetarragona.cat\/es\/linfantil-b-es-vol-allunyar-del-descens\/"},"author":{"name":"desarrollo","@id":"https:\/\/gimnasticdetarragona.cat\/es\/#\/schema\/person\/47b6a637abf88f9bd835540f20ea069e"},"headline":"El Infantil B se quiere alejar del descenso","datePublished":"2017-02-17T14:23:19+00:00","mainEntityOfPage":{"@id":"https:\/\/gimnasticdetarragona.cat\/es\/linfantil-b-es-vol-allunyar-del-descens\/"},"wordCount":329,"commentCount":0,"publisher":{"@id":"https:\/\/gimnasticdetarragona.cat\/es\/#organization"},"image":{"@id":"https:\/\/gimnasticdetarragona.cat\/es\/linfantil-b-es-vol-allunyar-del-descens\/#primaryimage"},"thumbnailUrl":"https:\/\/gimnasticdetarragona.cat\/wp-content\/uploads\/2022\/06\/05235035118650.jpg","articleSection":["Actualidad","F\u00fatbol Base"],"inLanguage":"es"},{"@type":"WebPage","@id":"https:\/\/gimnasticdetarragona.cat\/es\/linfantil-b-es-vol-allunyar-del-descens\/","url":"https:\/\/gimnasticdetarragona.cat\/es\/linfantil-b-es-vol-allunyar-del-descens\/","name":"El Infantil B se quiere alejar del descenso - Gimn\u00e0stic de Tarragona SAD","isPartOf":{"@id":"https:\/\/gimnasticdetarragona.cat\/es\/#website"},"primaryImageOfPage":{"@id":"https:\/\/gimnasticdetarragona.cat\/es\/linfantil-b-es-vol-allunyar-del-descens\/#primaryimage"},"image":{"@id":"https:\/\/gimnasticdetarragona.cat\/es\/linfantil-b-es-vol-allunyar-del-descens\/#primaryimage"},"thumbnailUrl":"https:\/\/gimnasticdetarragona.cat\/wp-content\/uploads\/2022\/06\/05235035118650.jpg","datePublished":"2017-02-17T14:23:19+00:00","breadcrumb":{"@id":"https:\/\/gimnasticdetarragona.cat\/es\/linfantil-b-es-vol-allunyar-del-descens\/#breadcrumb"},"inLanguage":"es","potentialAction":[{"@type":"ReadAction","target":["https:\/\/gimnasticdetarragona.cat\/es\/linfantil-b-es-vol-allunyar-del-descens\/"]}]},{"@type":"ImageObject","inLanguage":"es","@id":"https:\/\/gimnasticdetarragona.cat\/es\/linfantil-b-es-vol-allunyar-del-descens\/#primaryimage","url":"https:\/\/gimnasticdetarragona.cat\/wp-content\/uploads\/2022\/06\/05235035118650.jpg","contentUrl":"https:\/\/gimnasticdetarragona.cat\/wp-content\/uploads\/2022\/06\/05235035118650.jpg","width":1600,"height":900},{"@type":"BreadcrumbList","@id":"https:\/\/gimnasticdetarragona.cat\/es\/linfantil-b-es-vol-allunyar-del-descens\/#breadcrumb","itemListElement":[{"@type":"ListItem","position":1,"name":"Inici","item":"https:\/\/gimnasticdetarragona.cat\/es\/nastic\/"},{"@type":"ListItem","position":2,"name":"El Infantil B se quiere alejar del descenso"}]},{"@type":"WebSite","@id":"https:\/\/gimnasticdetarragona.cat\/es\/#website","url":"https:\/\/gimnasticdetarragona.cat\/es\/","name":"Gimn\u00e0stic de Tarragona SAD","description":"Gimn\u00e0stic de Tarragona","publisher":{"@id":"https:\/\/gimnasticdetarragona.cat\/es\/#organization"},"potentialAction":[{"@type":"SearchAction","target":{"@type":"EntryPoint","urlTemplate":"https:\/\/gimnasticdetarragona.cat\/es\/?s={search_term_string}"},"query-input":{"@type":"PropertyValueSpecification","valueRequired":true,"valueName":"search_term_string"}}],"inLanguage":"es"},{"@type":"Organization","@id":"https:\/\/gimnasticdetarragona.cat\/es\/#organization","name":"GIMN\u00c0STIC DE TARRAGONA","alternateName":"N\u00c0STIC","url":"https:\/\/gimnasticdetarragona.cat\/es\/","logo":{"@type":"ImageObject","inLanguage":"es","@id":"https:\/\/gimnasticdetarragona.cat\/es\/#\/schema\/logo\/image\/","url":"https:\/\/gimnasticdetarragona.cat\/wp-content\/uploads\/2022\/06\/cropped-logo-gimnastic.png","contentUrl":"https:\/\/gimnasticdetarragona.cat\/wp-content\/uploads\/2022\/06\/cropped-logo-gimnastic.png","width":224,"height":83,"caption":"GIMN\u00c0STIC DE TARRAGONA"},"image":{"@id":"https:\/\/gimnasticdetarragona.cat\/es\/#\/schema\/logo\/image\/"},"sameAs":["https:\/\/x.com\/NASTICTARRAGONA","https:\/\/www.instagram.com\/nastictarragona\/"]},{"@type":"Person","@id":"https:\/\/gimnasticdetarragona.cat\/es\/#\/schema\/person\/47b6a637abf88f9bd835540f20ea069e","name":"desarrollo","sameAs":["https:\/\/clone.gimnasticdetarragona.cat"]}]}},"_links":{"self":[{"href":"https:\/\/gimnasticdetarragona.cat\/es\/wp-json\/wp\/v2\/posts\/59320","targetHints":{"allow":["GET"]}}],"collection":[{"href":"https:\/\/gimnasticdetarragona.cat\/es\/wp-json\/wp\/v2\/posts"}],"about":[{"href":"https:\/\/gimnasticdetarragona.cat\/es\/wp-json\/wp\/v2\/types\/post"}],"author":[{"embeddable":true,"href":"https:\/\/gimnasticdetarragona.cat\/es\/wp-json\/wp\/v2\/users\/1"}],"replies":[{"embeddable":true,"href":"https:\/\/gimnasticdetarragona.cat\/es\/wp-json\/wp\/v2\/comments?post=59320"}],"version-history":[{"count":0,"href":"https:\/\/gimnasticdetarragona.cat\/es\/wp-json\/wp\/v2\/posts\/59320\/revisions"}],"wp:featuredmedia":[{"embeddable":true,"href":"https:\/\/gimnasticdetarragona.cat\/es\/wp-json\/wp\/v2\/media\/59317"}],"wp:attachment":[{"href":"https:\/\/gimnasticdetarragona.cat\/es\/wp-json\/wp\/v2\/media?parent=59320"}],"wp:term":[{"taxonomy":"category","embeddable":true,"href":"https:\/\/gimnasticdetarragona.cat\/es\/wp-json\/wp\/v2\/categories?post=59320"},{"taxonomy":"post_tag","embeddable":true,"href":"https:\/\/gimnasticdetarragona.cat\/es\/wp-json\/wp\/v2\/tags?post=59320"}],"curies":[{"name":"wp","href":"https:\/\/api.w.org\/{rel}","templated":true}]}}