{"id":59360,"date":"2017-02-14T16:47:09","date_gmt":"2017-02-14T16:47:09","guid":{"rendered":"https:\/\/clone.gimnasticdetarragona.cat\/victories-del-cadets-c-i-d\/"},"modified":"2017-02-14T16:47:09","modified_gmt":"2017-02-14T16:47:09","slug":"victories-del-cadets-c-i-d","status":"publish","type":"post","link":"https:\/\/gimnasticdetarragona.cat\/es\/victories-del-cadets-c-i-d\/","title":{"rendered":"Vict\u00f2ries del Cadets C i D"},"content":{"rendered":"<p style=\"text-align: justify;\">El Cadet C va superar, de manera clara, al Mont-roig a casa; mentre que el Cadet B va sumar una nova vict\u00f2ria, en aquest cas contra el Tortosa.<\/p>\n<p style=\"text-align: justify;\">\n<p style=\"text-align: justify;\">Cadet B 4-1<\/p>\n<p style=\"text-align: justify;\">Els Cadet B de Dani Rubio va sumar una vict\u00f2ria important despr\u00e9s d\u2019unes setmanes sense sumar de tres. Els grana es van imposar als ebrencs amb gols de Nil, Arnau, Marquitos i Boaz. El partit per\u00f2 no va ser pl\u00e0cid pels nostres i \u00e9s que l\u2019estat del terreny de joc, i les necessitats del Tortosa, cuer de la classificaci\u00f3, van suposar una dificultat extra. Amb tot, els de Rubio van saber crear perill i, sobre tot, evitar que els locals gaudissin d\u2019oportunitats de gol, gr\u00e0cies a un gran treball defensiu de tot l\u2019equip. \u00a0Els dos gols de la primera meitat van ser fruit de la bona pressi\u00f3 grana, que els va permetre marcar despr\u00e9s de dues bones contres.<\/p>\n<p style=\"text-align: justify;\">A la segona els tarragonins van buscar dominar la possessi\u00f3 per\u00f2 el domini f\u00edsic del Tortosa, i l\u2019empenta amb la que els locals van sortir de vestidors, van fer que fossin els ebrencs els primers en marcar. Els canvis des de la banqueta van permetre donar refresc a l\u2019equip per tal de combatre el desgast f\u00edsic provocat per l\u2019alta pressi\u00f3 dels grana; fent que els de Rubio tornessin a crear perill amb certa facilitat. El 1-3 va ser obra de Marquitos, despr\u00e9s d\u2019una bona jugada personal. I el definitiu 1-4 va arribar amb un bonic gol de Boaz qui, amb un gran xut, va fer in\u00fatil l\u2019estirada del porter enviant la pilota a gol fregant l\u2019escaire del pal llarg de la porteria.<\/p>\n<p style=\"text-align: justify;\">El t\u00e8cnic del Cadet B, Daniel Rubio, valorava molt positivament la capacitat de superaci\u00f3 dels seus \u201cVam saber patir per endur-nos tres punts molt importants en un camp molt complicat. El resultat final es contundent, per\u00f2 amb el 1-2 hem hagut de suar per evitar que el Tortosa empates. A m\u00e9s, ens hem sabut adaptar al fet d eno pdoer jugar com ens agrada, per l\u2019estat del terreny de joc, i hem quallat un partit molt pr\u00e0ctic. Estic content pel treball de l\u2019equip i pels tres punts\u201d.<\/p>\n<p style=\"text-align: justify;\">\n<p style=\"text-align: justify;\">Cadet C 7-0 Mont-roig<\/p>\n<p style=\"text-align: justify;\">Els de Jordi Rojas s\u2019enfrontaven a un rival, te\u00f2ricament, inferior, per\u00f2 en un matx les difer\u00e8ncies molts cops es redueixen i m\u00e9s si les condicions meteorol\u00f2giques s\u00f3n adverses. El vent predominant el cap de setmana podia dificultar als grana desplegar el seu joc i per aix\u00f2 el t\u00e8cnic va insistir molt en la import\u00e0ncia de comen\u00e7ar endollats. I els nois ho van fer de meravella. El domini va ser des del primer minut pels tarragonins, que imposaven el seu estil i marcaven el ritme del partit. Els atacs del N\u00e0stic eren constants, i el bon posicionament defensiu evitava que els visitants aconseguissin trenar cap acci\u00f3 ofensiva. En el minut 15 \u00c1lavaro va obrir el marcador, i uns minuts m\u00e9s tard era Ian qui feia pujar el 2 a 0 al marcador. Els grana van mantenir sempre una marxa de joc m\u00e9s que el Mont-roig fent que al descans l\u2019avantatge fos de 4 gols.<\/p>\n<p style=\"text-align: justify;\">A la segona els de Rojas van saber mantenir la din\u00e0mica, sense afluixar malgrat la renda favorable. El joc combinatiu dels grana creava perill continu a l\u2019\u00e0rea rival, mentre que els visitants seguien sense intimidar al porter del N\u00e0stic. Els tarragonins encara marcarien dos gols m\u00e9s en aquests segons 45 minuts, per aconseguir el definitiu 7-0. Davant el clar avantatge en el marcador el t\u00e8cnic del Cadet B va aprofitar per donar entrada a 3 infantils.<\/p>\n<p style=\"text-align: justify;\">El fet que l\u2019equip no afluixes a la segona meitat, tot i el marcador, \u00e9s un dels aspectes m\u00e9s destacats \u00a0pel t\u00e8cnic, Jordi Rojas. \u201cSab\u00edem que sens podia complicar el partit si no an\u00e0vem al m\u00e0xim i els nois ho han\u00a0 bordat. Han mantingut un nivell d\u2019esfor\u00e7 i entrega molt alts, fins hi tot amb el marcador clarament a favor. Hem estat capa\u00e7os de desplegar un molt bon joc, combinant amb pocs tocs. El partit a m\u00e9s ens ha servit per repartir molt els minuts de joc i per donar entrada a tres infantils. A m\u00e9s, la vict\u00f2ria ens situa segons, a dos punts de l\u00edder. El proper cap de setmana tenim una nova oportunitat de guanyar i, aprofitant els enfrontaments directes, assaltar el liderat\u201d.<\/p>\n","protected":false},"excerpt":{"rendered":"<p>El Cadet C va superar, de manera clara, al Mont-roig a casa; mentre que el Cadet B va sumar una nova vict\u00f2ria, en aquest cas contra el Tortosa.<\/p>\n","protected":false},"author":1,"featured_media":59357,"comment_status":"open","ping_status":"open","sticky":false,"template":"","format":"standard","meta":{"_acf_changed":false,"footnotes":""},"categories":[113,117],"tags":[],"class_list":["post-59360","post","type-post","status-publish","format-standard","has-post-thumbnail","hentry","category-actualidad","category-futbol-base"],"acf":[],"yoast_head":"<!-- This site is optimized with the Yoast SEO plugin v27.3 - https:\/\/yoast.com\/product\/yoast-seo-wordpress\/ -->\n<title>Vict\u00f2ries del Cadets C i D - Gimn\u00e0stic de Tarragona SAD<\/title>\n<meta name=\"robots\" content=\"index, follow, max-snippet:-1, max-image-preview:large, max-video-preview:-1\" \/>\n<link rel=\"canonical\" href=\"https:\/\/gimnasticdetarragona.cat\/es\/victories-del-cadets-c-i-d\/\" \/>\n<meta property=\"og:locale\" content=\"es_ES\" \/>\n<meta property=\"og:type\" content=\"article\" \/>\n<meta property=\"og:title\" content=\"Vict\u00f2ries del Cadets C i D - Gimn\u00e0stic de Tarragona SAD\" \/>\n<meta property=\"og:description\" content=\"El Cadet C va superar, de manera clara, al Mont-roig a casa; mentre que el Cadet B va sumar una nova vict\u00f2ria, en aquest cas contra el Tortosa.\" \/>\n<meta property=\"og:url\" content=\"https:\/\/gimnasticdetarragona.cat\/es\/victories-del-cadets-c-i-d\/\" \/>\n<meta property=\"og:site_name\" content=\"Gimn\u00e0stic de Tarragona SAD\" \/>\n<meta property=\"article:published_time\" content=\"2017-02-14T16:47:09+00:00\" \/>\n<meta property=\"og:image\" content=\"https:\/\/gimnasticdetarragona.cat\/wp-content\/uploads\/2022\/06\/05235029118503.jpg\" \/>\n\t<meta property=\"og:image:width\" content=\"1600\" \/>\n\t<meta property=\"og:image:height\" content=\"1066\" \/>\n\t<meta property=\"og:image:type\" content=\"image\/jpeg\" \/>\n<meta name=\"author\" content=\"desarrollo\" \/>\n<meta name=\"twitter:card\" content=\"summary_large_image\" \/>\n<meta name=\"twitter:creator\" content=\"@NASTICTARRAGONA\" \/>\n<meta name=\"twitter:site\" content=\"@NASTICTARRAGONA\" \/>\n<meta name=\"twitter:label1\" content=\"Escrito por\" \/>\n\t<meta name=\"twitter:data1\" content=\"desarrollo\" \/>\n\t<meta name=\"twitter:label2\" content=\"Tiempo de lectura\" \/>\n\t<meta name=\"twitter:data2\" content=\"4 minutos\" \/>\n<script type=\"application\/ld+json\" class=\"yoast-schema-graph\">{\"@context\":\"https:\\\/\\\/schema.org\",\"@graph\":[{\"@type\":\"Article\",\"@id\":\"https:\\\/\\\/gimnasticdetarragona.cat\\\/es\\\/victories-del-cadets-c-i-d\\\/#article\",\"isPartOf\":{\"@id\":\"https:\\\/\\\/gimnasticdetarragona.cat\\\/es\\\/victories-del-cadets-c-i-d\\\/\"},\"author\":{\"name\":\"desarrollo\",\"@id\":\"https:\\\/\\\/gimnasticdetarragona.cat\\\/es\\\/#\\\/schema\\\/person\\\/47b6a637abf88f9bd835540f20ea069e\"},\"headline\":\"Vict\u00f2ries del Cadets C i D\",\"datePublished\":\"2017-02-14T16:47:09+00:00\",\"mainEntityOfPage\":{\"@id\":\"https:\\\/\\\/gimnasticdetarragona.cat\\\/es\\\/victories-del-cadets-c-i-d\\\/\"},\"wordCount\":772,\"commentCount\":0,\"publisher\":{\"@id\":\"https:\\\/\\\/gimnasticdetarragona.cat\\\/es\\\/#organization\"},\"image\":{\"@id\":\"https:\\\/\\\/gimnasticdetarragona.cat\\\/es\\\/victories-del-cadets-c-i-d\\\/#primaryimage\"},\"thumbnailUrl\":\"https:\\\/\\\/gimnasticdetarragona.cat\\\/wp-content\\\/uploads\\\/2022\\\/06\\\/05235029118503.jpg\",\"articleSection\":[\"Actualidad\",\"F\u00fatbol Base\"],\"inLanguage\":\"es\"},{\"@type\":\"WebPage\",\"@id\":\"https:\\\/\\\/gimnasticdetarragona.cat\\\/es\\\/victories-del-cadets-c-i-d\\\/\",\"url\":\"https:\\\/\\\/gimnasticdetarragona.cat\\\/es\\\/victories-del-cadets-c-i-d\\\/\",\"name\":\"Vict\u00f2ries del Cadets C i D - Gimn\u00e0stic de Tarragona SAD\",\"isPartOf\":{\"@id\":\"https:\\\/\\\/gimnasticdetarragona.cat\\\/es\\\/#website\"},\"primaryImageOfPage\":{\"@id\":\"https:\\\/\\\/gimnasticdetarragona.cat\\\/es\\\/victories-del-cadets-c-i-d\\\/#primaryimage\"},\"image\":{\"@id\":\"https:\\\/\\\/gimnasticdetarragona.cat\\\/es\\\/victories-del-cadets-c-i-d\\\/#primaryimage\"},\"thumbnailUrl\":\"https:\\\/\\\/gimnasticdetarragona.cat\\\/wp-content\\\/uploads\\\/2022\\\/06\\\/05235029118503.jpg\",\"datePublished\":\"2017-02-14T16:47:09+00:00\",\"breadcrumb\":{\"@id\":\"https:\\\/\\\/gimnasticdetarragona.cat\\\/es\\\/victories-del-cadets-c-i-d\\\/#breadcrumb\"},\"inLanguage\":\"es\",\"potentialAction\":[{\"@type\":\"ReadAction\",\"target\":[\"https:\\\/\\\/gimnasticdetarragona.cat\\\/es\\\/victories-del-cadets-c-i-d\\\/\"]}]},{\"@type\":\"ImageObject\",\"inLanguage\":\"es\",\"@id\":\"https:\\\/\\\/gimnasticdetarragona.cat\\\/es\\\/victories-del-cadets-c-i-d\\\/#primaryimage\",\"url\":\"https:\\\/\\\/gimnasticdetarragona.cat\\\/wp-content\\\/uploads\\\/2022\\\/06\\\/05235029118503.jpg\",\"contentUrl\":\"https:\\\/\\\/gimnasticdetarragona.cat\\\/wp-content\\\/uploads\\\/2022\\\/06\\\/05235029118503.jpg\",\"width\":1600,\"height\":1066},{\"@type\":\"BreadcrumbList\",\"@id\":\"https:\\\/\\\/gimnasticdetarragona.cat\\\/es\\\/victories-del-cadets-c-i-d\\\/#breadcrumb\",\"itemListElement\":[{\"@type\":\"ListItem\",\"position\":1,\"name\":\"Inici\",\"item\":\"https:\\\/\\\/gimnasticdetarragona.cat\\\/es\\\/nastic\\\/\"},{\"@type\":\"ListItem\",\"position\":2,\"name\":\"Vict\u00f2ries del Cadets C i D\"}]},{\"@type\":\"WebSite\",\"@id\":\"https:\\\/\\\/gimnasticdetarragona.cat\\\/es\\\/#website\",\"url\":\"https:\\\/\\\/gimnasticdetarragona.cat\\\/es\\\/\",\"name\":\"Gimn\u00e0stic de Tarragona SAD\",\"description\":\"Gimn\u00e0stic de Tarragona\",\"publisher\":{\"@id\":\"https:\\\/\\\/gimnasticdetarragona.cat\\\/es\\\/#organization\"},\"potentialAction\":[{\"@type\":\"SearchAction\",\"target\":{\"@type\":\"EntryPoint\",\"urlTemplate\":\"https:\\\/\\\/gimnasticdetarragona.cat\\\/es\\\/?s={search_term_string}\"},\"query-input\":{\"@type\":\"PropertyValueSpecification\",\"valueRequired\":true,\"valueName\":\"search_term_string\"}}],\"inLanguage\":\"es\"},{\"@type\":\"Organization\",\"@id\":\"https:\\\/\\\/gimnasticdetarragona.cat\\\/es\\\/#organization\",\"name\":\"GIMN\u00c0STIC DE TARRAGONA\",\"alternateName\":\"N\u00c0STIC\",\"url\":\"https:\\\/\\\/gimnasticdetarragona.cat\\\/es\\\/\",\"logo\":{\"@type\":\"ImageObject\",\"inLanguage\":\"es\",\"@id\":\"https:\\\/\\\/gimnasticdetarragona.cat\\\/es\\\/#\\\/schema\\\/logo\\\/image\\\/\",\"url\":\"https:\\\/\\\/gimnasticdetarragona.cat\\\/wp-content\\\/uploads\\\/2022\\\/06\\\/cropped-logo-gimnastic.png\",\"contentUrl\":\"https:\\\/\\\/gimnasticdetarragona.cat\\\/wp-content\\\/uploads\\\/2022\\\/06\\\/cropped-logo-gimnastic.png\",\"width\":224,\"height\":83,\"caption\":\"GIMN\u00c0STIC DE TARRAGONA\"},\"image\":{\"@id\":\"https:\\\/\\\/gimnasticdetarragona.cat\\\/es\\\/#\\\/schema\\\/logo\\\/image\\\/\"},\"sameAs\":[\"https:\\\/\\\/x.com\\\/NASTICTARRAGONA\",\"https:\\\/\\\/www.instagram.com\\\/nastictarragona\\\/\"]},{\"@type\":\"Person\",\"@id\":\"https:\\\/\\\/gimnasticdetarragona.cat\\\/es\\\/#\\\/schema\\\/person\\\/47b6a637abf88f9bd835540f20ea069e\",\"name\":\"desarrollo\",\"sameAs\":[\"https:\\\/\\\/clone.gimnasticdetarragona.cat\"]}]}<\/script>\n<!-- \/ Yoast SEO plugin. -->","yoast_head_json":{"title":"Vict\u00f2ries del Cadets C i D - Gimn\u00e0stic de Tarragona SAD","robots":{"index":"index","follow":"follow","max-snippet":"max-snippet:-1","max-image-preview":"max-image-preview:large","max-video-preview":"max-video-preview:-1"},"canonical":"https:\/\/gimnasticdetarragona.cat\/es\/victories-del-cadets-c-i-d\/","og_locale":"es_ES","og_type":"article","og_title":"Vict\u00f2ries del Cadets C i D - Gimn\u00e0stic de Tarragona SAD","og_description":"El Cadet C va superar, de manera clara, al Mont-roig a casa; mentre que el Cadet B va sumar una nova vict\u00f2ria, en aquest cas contra el Tortosa.","og_url":"https:\/\/gimnasticdetarragona.cat\/es\/victories-del-cadets-c-i-d\/","og_site_name":"Gimn\u00e0stic de Tarragona SAD","article_published_time":"2017-02-14T16:47:09+00:00","og_image":[{"width":1600,"height":1066,"url":"https:\/\/gimnasticdetarragona.cat\/wp-content\/uploads\/2022\/06\/05235029118503.jpg","type":"image\/jpeg"}],"author":"desarrollo","twitter_card":"summary_large_image","twitter_creator":"@NASTICTARRAGONA","twitter_site":"@NASTICTARRAGONA","twitter_misc":{"Escrito por":"desarrollo","Tiempo de lectura":"4 minutos"},"schema":{"@context":"https:\/\/schema.org","@graph":[{"@type":"Article","@id":"https:\/\/gimnasticdetarragona.cat\/es\/victories-del-cadets-c-i-d\/#article","isPartOf":{"@id":"https:\/\/gimnasticdetarragona.cat\/es\/victories-del-cadets-c-i-d\/"},"author":{"name":"desarrollo","@id":"https:\/\/gimnasticdetarragona.cat\/es\/#\/schema\/person\/47b6a637abf88f9bd835540f20ea069e"},"headline":"Vict\u00f2ries del Cadets C i D","datePublished":"2017-02-14T16:47:09+00:00","mainEntityOfPage":{"@id":"https:\/\/gimnasticdetarragona.cat\/es\/victories-del-cadets-c-i-d\/"},"wordCount":772,"commentCount":0,"publisher":{"@id":"https:\/\/gimnasticdetarragona.cat\/es\/#organization"},"image":{"@id":"https:\/\/gimnasticdetarragona.cat\/es\/victories-del-cadets-c-i-d\/#primaryimage"},"thumbnailUrl":"https:\/\/gimnasticdetarragona.cat\/wp-content\/uploads\/2022\/06\/05235029118503.jpg","articleSection":["Actualidad","F\u00fatbol Base"],"inLanguage":"es"},{"@type":"WebPage","@id":"https:\/\/gimnasticdetarragona.cat\/es\/victories-del-cadets-c-i-d\/","url":"https:\/\/gimnasticdetarragona.cat\/es\/victories-del-cadets-c-i-d\/","name":"Vict\u00f2ries del Cadets C i D - Gimn\u00e0stic de Tarragona SAD","isPartOf":{"@id":"https:\/\/gimnasticdetarragona.cat\/es\/#website"},"primaryImageOfPage":{"@id":"https:\/\/gimnasticdetarragona.cat\/es\/victories-del-cadets-c-i-d\/#primaryimage"},"image":{"@id":"https:\/\/gimnasticdetarragona.cat\/es\/victories-del-cadets-c-i-d\/#primaryimage"},"thumbnailUrl":"https:\/\/gimnasticdetarragona.cat\/wp-content\/uploads\/2022\/06\/05235029118503.jpg","datePublished":"2017-02-14T16:47:09+00:00","breadcrumb":{"@id":"https:\/\/gimnasticdetarragona.cat\/es\/victories-del-cadets-c-i-d\/#breadcrumb"},"inLanguage":"es","potentialAction":[{"@type":"ReadAction","target":["https:\/\/gimnasticdetarragona.cat\/es\/victories-del-cadets-c-i-d\/"]}]},{"@type":"ImageObject","inLanguage":"es","@id":"https:\/\/gimnasticdetarragona.cat\/es\/victories-del-cadets-c-i-d\/#primaryimage","url":"https:\/\/gimnasticdetarragona.cat\/wp-content\/uploads\/2022\/06\/05235029118503.jpg","contentUrl":"https:\/\/gimnasticdetarragona.cat\/wp-content\/uploads\/2022\/06\/05235029118503.jpg","width":1600,"height":1066},{"@type":"BreadcrumbList","@id":"https:\/\/gimnasticdetarragona.cat\/es\/victories-del-cadets-c-i-d\/#breadcrumb","itemListElement":[{"@type":"ListItem","position":1,"name":"Inici","item":"https:\/\/gimnasticdetarragona.cat\/es\/nastic\/"},{"@type":"ListItem","position":2,"name":"Vict\u00f2ries del Cadets C i D"}]},{"@type":"WebSite","@id":"https:\/\/gimnasticdetarragona.cat\/es\/#website","url":"https:\/\/gimnasticdetarragona.cat\/es\/","name":"Gimn\u00e0stic de Tarragona SAD","description":"Gimn\u00e0stic de Tarragona","publisher":{"@id":"https:\/\/gimnasticdetarragona.cat\/es\/#organization"},"potentialAction":[{"@type":"SearchAction","target":{"@type":"EntryPoint","urlTemplate":"https:\/\/gimnasticdetarragona.cat\/es\/?s={search_term_string}"},"query-input":{"@type":"PropertyValueSpecification","valueRequired":true,"valueName":"search_term_string"}}],"inLanguage":"es"},{"@type":"Organization","@id":"https:\/\/gimnasticdetarragona.cat\/es\/#organization","name":"GIMN\u00c0STIC DE TARRAGONA","alternateName":"N\u00c0STIC","url":"https:\/\/gimnasticdetarragona.cat\/es\/","logo":{"@type":"ImageObject","inLanguage":"es","@id":"https:\/\/gimnasticdetarragona.cat\/es\/#\/schema\/logo\/image\/","url":"https:\/\/gimnasticdetarragona.cat\/wp-content\/uploads\/2022\/06\/cropped-logo-gimnastic.png","contentUrl":"https:\/\/gimnasticdetarragona.cat\/wp-content\/uploads\/2022\/06\/cropped-logo-gimnastic.png","width":224,"height":83,"caption":"GIMN\u00c0STIC DE TARRAGONA"},"image":{"@id":"https:\/\/gimnasticdetarragona.cat\/es\/#\/schema\/logo\/image\/"},"sameAs":["https:\/\/x.com\/NASTICTARRAGONA","https:\/\/www.instagram.com\/nastictarragona\/"]},{"@type":"Person","@id":"https:\/\/gimnasticdetarragona.cat\/es\/#\/schema\/person\/47b6a637abf88f9bd835540f20ea069e","name":"desarrollo","sameAs":["https:\/\/clone.gimnasticdetarragona.cat"]}]}},"_links":{"self":[{"href":"https:\/\/gimnasticdetarragona.cat\/es\/wp-json\/wp\/v2\/posts\/59360","targetHints":{"allow":["GET"]}}],"collection":[{"href":"https:\/\/gimnasticdetarragona.cat\/es\/wp-json\/wp\/v2\/posts"}],"about":[{"href":"https:\/\/gimnasticdetarragona.cat\/es\/wp-json\/wp\/v2\/types\/post"}],"author":[{"embeddable":true,"href":"https:\/\/gimnasticdetarragona.cat\/es\/wp-json\/wp\/v2\/users\/1"}],"replies":[{"embeddable":true,"href":"https:\/\/gimnasticdetarragona.cat\/es\/wp-json\/wp\/v2\/comments?post=59360"}],"version-history":[{"count":0,"href":"https:\/\/gimnasticdetarragona.cat\/es\/wp-json\/wp\/v2\/posts\/59360\/revisions"}],"wp:featuredmedia":[{"embeddable":true,"href":"https:\/\/gimnasticdetarragona.cat\/es\/wp-json\/wp\/v2\/media\/59357"}],"wp:attachment":[{"href":"https:\/\/gimnasticdetarragona.cat\/es\/wp-json\/wp\/v2\/media?parent=59360"}],"wp:term":[{"taxonomy":"category","embeddable":true,"href":"https:\/\/gimnasticdetarragona.cat\/es\/wp-json\/wp\/v2\/categories?post=59360"},{"taxonomy":"post_tag","embeddable":true,"href":"https:\/\/gimnasticdetarragona.cat\/es\/wp-json\/wp\/v2\/tags?post=59360"}],"curies":[{"name":"wp","href":"https:\/\/api.w.org\/{rel}","templated":true}]}}