{"id":59410,"date":"2017-02-09T21:00:22","date_gmt":"2017-02-09T21:00:22","guid":{"rendered":"https:\/\/clone.gimnasticdetarragona.cat\/la-penya-lo-nastic-terres-de-lebre-inaugurada\/"},"modified":"2017-02-09T21:00:22","modified_gmt":"2017-02-09T21:00:22","slug":"la-penya-lo-nastic-terres-de-lebre-inaugurada","status":"publish","type":"post","link":"https:\/\/gimnasticdetarragona.cat\/es\/la-penya-lo-nastic-terres-de-lebre-inaugurada\/","title":{"rendered":"La Penya Lo N\u00e0stic Terres de l\u2019Ebre, inaugurada"},"content":{"rendered":"<p style=\"text-align: justify;\">El N\u00e0stic ya cuenta con una nueva pe\u00f1a oficial de socios y seguidores grana. El Tradicionarius de Tortosa, sede social de la pe\u00f1a, ha contado con la presencia de jugadores y presidente, entre otros cargos, para dar inicio al acto.<\/p>\n<p style=\"text-align: justify;\">La expedici\u00f3n del N\u00e0stic desplazada hasta la capital de las Terres de l&#8217;Ebre ha contado con la presencia de numerosos miembros grana, institucionales y deportivos. El presidente, Josep Maria Andreu; el director general, Llu\u00eds F\u00e0bregas; el consejero de la SAD, Joan Potau; el responsable del \u00c1rea Social grana, Jordi Ruiz; el responsable de Marketing y Patrocinios, Jose Maria Andreu Sol\u00e9; y los futbolistas del primer equipo, Manolo Reina, Xavi Molina, Manolo Mart\u00ednez y Iago Bouz\u00f3n. Todos ellos han sido parte activa en la inauguraci\u00f3n de la pe\u00f1a ebrense.<\/p>\n<p style=\"text-align: justify;\">A partir de las 20 horas, en el Tradicionarius de Tortosa, situado en c\/ San Blas, n\u00famero 12, el presidente de la Pe\u00f1a, Marc Monforte, y numerosos aficionados de la zona han dado la bienvenida a la comitiva nastiquera desplazada desde Tarragona. El presidente Andreu y los cuatro jugadores han valorado el esfuerzo de los socios de las Terres de l&#8217;Ebre en formar una pe\u00f1a de seguidores y anim\u00e1ndoles en dar el m\u00e1ximo apoyo al equipo en el partido del s\u00e1bado ante la AD Alcorc\u00f3n.<\/p>\n<p style=\"text-align: justify;\">Posteriormente, se ha hecho un aperitivo para todos los asistentes y el presidente Josep Maria Andreu ha hecho entrega de la camiseta conmemorativa de la Penya Lo N\u00e0stic Terres de l&#8217;Ebre. Una vez finalizado el acto, varios de los socios y aficionados presentes se han fotografiado con los jugadores y tambi\u00e9n han solicitado sus aut\u00f3grafos.<\/p>\n","protected":false},"excerpt":{"rendered":"<p>El N\u00e0stic ya cuenta con una nueva pe\u00f1a oficial de socios y seguidores grana. El Tradicionarius de Tortosa, sede social de la pe\u00f1a, ha contado con la presencia de jugadores y presidente, entre otros cargos, para dar inicio al acto.<\/p>\n","protected":false},"author":1,"featured_media":59407,"comment_status":"open","ping_status":"open","sticky":false,"template":"","format":"standard","meta":{"_acf_changed":false,"footnotes":""},"categories":[113,125],"tags":[],"class_list":["post-59410","post","type-post","status-publish","format-standard","has-post-thumbnail","hentry","category-actualidad","category-penas"],"acf":[],"yoast_head":"<!-- This site is optimized with the Yoast SEO plugin v27.3 - https:\/\/yoast.com\/product\/yoast-seo-wordpress\/ -->\n<title>La Penya Lo N\u00e0stic Terres de l\u2019Ebre, inaugurada - Gimn\u00e0stic de Tarragona SAD<\/title>\n<meta name=\"robots\" content=\"index, follow, max-snippet:-1, max-image-preview:large, max-video-preview:-1\" \/>\n<link rel=\"canonical\" href=\"https:\/\/gimnasticdetarragona.cat\/la-penya-lo-nastic-terres-de-lebre-inaugurada\/\" \/>\n<meta property=\"og:locale\" content=\"es_ES\" \/>\n<meta property=\"og:type\" content=\"article\" \/>\n<meta property=\"og:title\" content=\"La Penya Lo N\u00e0stic Terres de l\u2019Ebre, inaugurada - Gimn\u00e0stic de Tarragona SAD\" \/>\n<meta property=\"og:description\" content=\"El N\u00e0stic ya cuenta con una nueva pe\u00f1a oficial de socios y seguidores grana. El Tradicionarius de Tortosa, sede social de la pe\u00f1a, ha contado con la presencia de jugadores y presidente, entre otros cargos, para dar inicio al acto.\" \/>\n<meta property=\"og:url\" content=\"https:\/\/gimnasticdetarragona.cat\/la-penya-lo-nastic-terres-de-lebre-inaugurada\/\" \/>\n<meta property=\"og:site_name\" content=\"Gimn\u00e0stic de Tarragona SAD\" \/>\n<meta property=\"article:published_time\" content=\"2017-02-09T21:00:22+00:00\" \/>\n<meta property=\"og:image\" content=\"https:\/\/gimnasticdetarragona.cat\/wp-content\/uploads\/2022\/06\/05235018118356.jpg\" \/>\n\t<meta property=\"og:image:width\" content=\"1200\" \/>\n\t<meta property=\"og:image:height\" content=\"759\" \/>\n\t<meta property=\"og:image:type\" content=\"image\/jpeg\" \/>\n<meta name=\"author\" content=\"desarrollo\" \/>\n<meta name=\"twitter:card\" content=\"summary_large_image\" \/>\n<meta name=\"twitter:creator\" content=\"@NASTICTARRAGONA\" \/>\n<meta name=\"twitter:site\" content=\"@NASTICTARRAGONA\" \/>\n<meta name=\"twitter:label1\" content=\"Escrito por\" \/>\n\t<meta name=\"twitter:data1\" content=\"desarrollo\" \/>\n\t<meta name=\"twitter:label2\" content=\"Tiempo de lectura\" \/>\n\t<meta name=\"twitter:data2\" content=\"1 minuto\" \/>\n<script type=\"application\/ld+json\" class=\"yoast-schema-graph\">{\"@context\":\"https:\\\/\\\/schema.org\",\"@graph\":[{\"@type\":\"Article\",\"@id\":\"https:\\\/\\\/gimnasticdetarragona.cat\\\/la-penya-lo-nastic-terres-de-lebre-inaugurada\\\/#article\",\"isPartOf\":{\"@id\":\"https:\\\/\\\/gimnasticdetarragona.cat\\\/la-penya-lo-nastic-terres-de-lebre-inaugurada\\\/\"},\"author\":{\"name\":\"desarrollo\",\"@id\":\"https:\\\/\\\/gimnasticdetarragona.cat\\\/es\\\/#\\\/schema\\\/person\\\/47b6a637abf88f9bd835540f20ea069e\"},\"headline\":\"La Penya Lo N\u00e0stic Terres de l\u2019Ebre, inaugurada\",\"datePublished\":\"2017-02-09T21:00:22+00:00\",\"mainEntityOfPage\":{\"@id\":\"https:\\\/\\\/gimnasticdetarragona.cat\\\/la-penya-lo-nastic-terres-de-lebre-inaugurada\\\/\"},\"wordCount\":300,\"commentCount\":0,\"publisher\":{\"@id\":\"https:\\\/\\\/gimnasticdetarragona.cat\\\/es\\\/#organization\"},\"image\":{\"@id\":\"https:\\\/\\\/gimnasticdetarragona.cat\\\/la-penya-lo-nastic-terres-de-lebre-inaugurada\\\/#primaryimage\"},\"thumbnailUrl\":\"https:\\\/\\\/gimnasticdetarragona.cat\\\/wp-content\\\/uploads\\\/2022\\\/06\\\/05235018118356.jpg\",\"articleSection\":[\"Actualidad\",\"Pe\u00f1as\"],\"inLanguage\":\"es\"},{\"@type\":\"WebPage\",\"@id\":\"https:\\\/\\\/gimnasticdetarragona.cat\\\/la-penya-lo-nastic-terres-de-lebre-inaugurada\\\/\",\"url\":\"https:\\\/\\\/gimnasticdetarragona.cat\\\/la-penya-lo-nastic-terres-de-lebre-inaugurada\\\/\",\"name\":\"La Penya Lo N\u00e0stic Terres de l\u2019Ebre, inaugurada - Gimn\u00e0stic de Tarragona SAD\",\"isPartOf\":{\"@id\":\"https:\\\/\\\/gimnasticdetarragona.cat\\\/es\\\/#website\"},\"primaryImageOfPage\":{\"@id\":\"https:\\\/\\\/gimnasticdetarragona.cat\\\/la-penya-lo-nastic-terres-de-lebre-inaugurada\\\/#primaryimage\"},\"image\":{\"@id\":\"https:\\\/\\\/gimnasticdetarragona.cat\\\/la-penya-lo-nastic-terres-de-lebre-inaugurada\\\/#primaryimage\"},\"thumbnailUrl\":\"https:\\\/\\\/gimnasticdetarragona.cat\\\/wp-content\\\/uploads\\\/2022\\\/06\\\/05235018118356.jpg\",\"datePublished\":\"2017-02-09T21:00:22+00:00\",\"breadcrumb\":{\"@id\":\"https:\\\/\\\/gimnasticdetarragona.cat\\\/la-penya-lo-nastic-terres-de-lebre-inaugurada\\\/#breadcrumb\"},\"inLanguage\":\"es\",\"potentialAction\":[{\"@type\":\"ReadAction\",\"target\":[\"https:\\\/\\\/gimnasticdetarragona.cat\\\/la-penya-lo-nastic-terres-de-lebre-inaugurada\\\/\"]}]},{\"@type\":\"ImageObject\",\"inLanguage\":\"es\",\"@id\":\"https:\\\/\\\/gimnasticdetarragona.cat\\\/la-penya-lo-nastic-terres-de-lebre-inaugurada\\\/#primaryimage\",\"url\":\"https:\\\/\\\/gimnasticdetarragona.cat\\\/wp-content\\\/uploads\\\/2022\\\/06\\\/05235018118356.jpg\",\"contentUrl\":\"https:\\\/\\\/gimnasticdetarragona.cat\\\/wp-content\\\/uploads\\\/2022\\\/06\\\/05235018118356.jpg\",\"width\":1200,\"height\":759},{\"@type\":\"BreadcrumbList\",\"@id\":\"https:\\\/\\\/gimnasticdetarragona.cat\\\/la-penya-lo-nastic-terres-de-lebre-inaugurada\\\/#breadcrumb\",\"itemListElement\":[{\"@type\":\"ListItem\",\"position\":1,\"name\":\"Inici\",\"item\":\"https:\\\/\\\/gimnasticdetarragona.cat\\\/es\\\/nastic\\\/\"},{\"@type\":\"ListItem\",\"position\":2,\"name\":\"La Penya Lo N\u00e0stic Terres de l\u2019Ebre, inaugurada\"}]},{\"@type\":\"WebSite\",\"@id\":\"https:\\\/\\\/gimnasticdetarragona.cat\\\/es\\\/#website\",\"url\":\"https:\\\/\\\/gimnasticdetarragona.cat\\\/es\\\/\",\"name\":\"Gimn\u00e0stic de Tarragona SAD\",\"description\":\"Gimn\u00e0stic de Tarragona\",\"publisher\":{\"@id\":\"https:\\\/\\\/gimnasticdetarragona.cat\\\/es\\\/#organization\"},\"potentialAction\":[{\"@type\":\"SearchAction\",\"target\":{\"@type\":\"EntryPoint\",\"urlTemplate\":\"https:\\\/\\\/gimnasticdetarragona.cat\\\/es\\\/?s={search_term_string}\"},\"query-input\":{\"@type\":\"PropertyValueSpecification\",\"valueRequired\":true,\"valueName\":\"search_term_string\"}}],\"inLanguage\":\"es\"},{\"@type\":\"Organization\",\"@id\":\"https:\\\/\\\/gimnasticdetarragona.cat\\\/es\\\/#organization\",\"name\":\"GIMN\u00c0STIC DE TARRAGONA\",\"alternateName\":\"N\u00c0STIC\",\"url\":\"https:\\\/\\\/gimnasticdetarragona.cat\\\/es\\\/\",\"logo\":{\"@type\":\"ImageObject\",\"inLanguage\":\"es\",\"@id\":\"https:\\\/\\\/gimnasticdetarragona.cat\\\/es\\\/#\\\/schema\\\/logo\\\/image\\\/\",\"url\":\"https:\\\/\\\/gimnasticdetarragona.cat\\\/wp-content\\\/uploads\\\/2022\\\/06\\\/cropped-logo-gimnastic.png\",\"contentUrl\":\"https:\\\/\\\/gimnasticdetarragona.cat\\\/wp-content\\\/uploads\\\/2022\\\/06\\\/cropped-logo-gimnastic.png\",\"width\":224,\"height\":83,\"caption\":\"GIMN\u00c0STIC DE TARRAGONA\"},\"image\":{\"@id\":\"https:\\\/\\\/gimnasticdetarragona.cat\\\/es\\\/#\\\/schema\\\/logo\\\/image\\\/\"},\"sameAs\":[\"https:\\\/\\\/x.com\\\/NASTICTARRAGONA\",\"https:\\\/\\\/www.instagram.com\\\/nastictarragona\\\/\"]},{\"@type\":\"Person\",\"@id\":\"https:\\\/\\\/gimnasticdetarragona.cat\\\/es\\\/#\\\/schema\\\/person\\\/47b6a637abf88f9bd835540f20ea069e\",\"name\":\"desarrollo\",\"sameAs\":[\"https:\\\/\\\/clone.gimnasticdetarragona.cat\"]}]}<\/script>\n<!-- \/ Yoast SEO plugin. -->","yoast_head_json":{"title":"La Penya Lo N\u00e0stic Terres de l\u2019Ebre, inaugurada - Gimn\u00e0stic de Tarragona SAD","robots":{"index":"index","follow":"follow","max-snippet":"max-snippet:-1","max-image-preview":"max-image-preview:large","max-video-preview":"max-video-preview:-1"},"canonical":"https:\/\/gimnasticdetarragona.cat\/la-penya-lo-nastic-terres-de-lebre-inaugurada\/","og_locale":"es_ES","og_type":"article","og_title":"La Penya Lo N\u00e0stic Terres de l\u2019Ebre, inaugurada - Gimn\u00e0stic de Tarragona SAD","og_description":"El N\u00e0stic ya cuenta con una nueva pe\u00f1a oficial de socios y seguidores grana. El Tradicionarius de Tortosa, sede social de la pe\u00f1a, ha contado con la presencia de jugadores y presidente, entre otros cargos, para dar inicio al acto.","og_url":"https:\/\/gimnasticdetarragona.cat\/la-penya-lo-nastic-terres-de-lebre-inaugurada\/","og_site_name":"Gimn\u00e0stic de Tarragona SAD","article_published_time":"2017-02-09T21:00:22+00:00","og_image":[{"width":1200,"height":759,"url":"https:\/\/gimnasticdetarragona.cat\/wp-content\/uploads\/2022\/06\/05235018118356.jpg","type":"image\/jpeg"}],"author":"desarrollo","twitter_card":"summary_large_image","twitter_creator":"@NASTICTARRAGONA","twitter_site":"@NASTICTARRAGONA","twitter_misc":{"Escrito por":"desarrollo","Tiempo de lectura":"1 minuto"},"schema":{"@context":"https:\/\/schema.org","@graph":[{"@type":"Article","@id":"https:\/\/gimnasticdetarragona.cat\/la-penya-lo-nastic-terres-de-lebre-inaugurada\/#article","isPartOf":{"@id":"https:\/\/gimnasticdetarragona.cat\/la-penya-lo-nastic-terres-de-lebre-inaugurada\/"},"author":{"name":"desarrollo","@id":"https:\/\/gimnasticdetarragona.cat\/es\/#\/schema\/person\/47b6a637abf88f9bd835540f20ea069e"},"headline":"La Penya Lo N\u00e0stic Terres de l\u2019Ebre, inaugurada","datePublished":"2017-02-09T21:00:22+00:00","mainEntityOfPage":{"@id":"https:\/\/gimnasticdetarragona.cat\/la-penya-lo-nastic-terres-de-lebre-inaugurada\/"},"wordCount":300,"commentCount":0,"publisher":{"@id":"https:\/\/gimnasticdetarragona.cat\/es\/#organization"},"image":{"@id":"https:\/\/gimnasticdetarragona.cat\/la-penya-lo-nastic-terres-de-lebre-inaugurada\/#primaryimage"},"thumbnailUrl":"https:\/\/gimnasticdetarragona.cat\/wp-content\/uploads\/2022\/06\/05235018118356.jpg","articleSection":["Actualidad","Pe\u00f1as"],"inLanguage":"es"},{"@type":"WebPage","@id":"https:\/\/gimnasticdetarragona.cat\/la-penya-lo-nastic-terres-de-lebre-inaugurada\/","url":"https:\/\/gimnasticdetarragona.cat\/la-penya-lo-nastic-terres-de-lebre-inaugurada\/","name":"La Penya Lo N\u00e0stic Terres de l\u2019Ebre, inaugurada - Gimn\u00e0stic de Tarragona SAD","isPartOf":{"@id":"https:\/\/gimnasticdetarragona.cat\/es\/#website"},"primaryImageOfPage":{"@id":"https:\/\/gimnasticdetarragona.cat\/la-penya-lo-nastic-terres-de-lebre-inaugurada\/#primaryimage"},"image":{"@id":"https:\/\/gimnasticdetarragona.cat\/la-penya-lo-nastic-terres-de-lebre-inaugurada\/#primaryimage"},"thumbnailUrl":"https:\/\/gimnasticdetarragona.cat\/wp-content\/uploads\/2022\/06\/05235018118356.jpg","datePublished":"2017-02-09T21:00:22+00:00","breadcrumb":{"@id":"https:\/\/gimnasticdetarragona.cat\/la-penya-lo-nastic-terres-de-lebre-inaugurada\/#breadcrumb"},"inLanguage":"es","potentialAction":[{"@type":"ReadAction","target":["https:\/\/gimnasticdetarragona.cat\/la-penya-lo-nastic-terres-de-lebre-inaugurada\/"]}]},{"@type":"ImageObject","inLanguage":"es","@id":"https:\/\/gimnasticdetarragona.cat\/la-penya-lo-nastic-terres-de-lebre-inaugurada\/#primaryimage","url":"https:\/\/gimnasticdetarragona.cat\/wp-content\/uploads\/2022\/06\/05235018118356.jpg","contentUrl":"https:\/\/gimnasticdetarragona.cat\/wp-content\/uploads\/2022\/06\/05235018118356.jpg","width":1200,"height":759},{"@type":"BreadcrumbList","@id":"https:\/\/gimnasticdetarragona.cat\/la-penya-lo-nastic-terres-de-lebre-inaugurada\/#breadcrumb","itemListElement":[{"@type":"ListItem","position":1,"name":"Inici","item":"https:\/\/gimnasticdetarragona.cat\/es\/nastic\/"},{"@type":"ListItem","position":2,"name":"La Penya Lo N\u00e0stic Terres de l\u2019Ebre, inaugurada"}]},{"@type":"WebSite","@id":"https:\/\/gimnasticdetarragona.cat\/es\/#website","url":"https:\/\/gimnasticdetarragona.cat\/es\/","name":"Gimn\u00e0stic de Tarragona SAD","description":"Gimn\u00e0stic de Tarragona","publisher":{"@id":"https:\/\/gimnasticdetarragona.cat\/es\/#organization"},"potentialAction":[{"@type":"SearchAction","target":{"@type":"EntryPoint","urlTemplate":"https:\/\/gimnasticdetarragona.cat\/es\/?s={search_term_string}"},"query-input":{"@type":"PropertyValueSpecification","valueRequired":true,"valueName":"search_term_string"}}],"inLanguage":"es"},{"@type":"Organization","@id":"https:\/\/gimnasticdetarragona.cat\/es\/#organization","name":"GIMN\u00c0STIC DE TARRAGONA","alternateName":"N\u00c0STIC","url":"https:\/\/gimnasticdetarragona.cat\/es\/","logo":{"@type":"ImageObject","inLanguage":"es","@id":"https:\/\/gimnasticdetarragona.cat\/es\/#\/schema\/logo\/image\/","url":"https:\/\/gimnasticdetarragona.cat\/wp-content\/uploads\/2022\/06\/cropped-logo-gimnastic.png","contentUrl":"https:\/\/gimnasticdetarragona.cat\/wp-content\/uploads\/2022\/06\/cropped-logo-gimnastic.png","width":224,"height":83,"caption":"GIMN\u00c0STIC DE TARRAGONA"},"image":{"@id":"https:\/\/gimnasticdetarragona.cat\/es\/#\/schema\/logo\/image\/"},"sameAs":["https:\/\/x.com\/NASTICTARRAGONA","https:\/\/www.instagram.com\/nastictarragona\/"]},{"@type":"Person","@id":"https:\/\/gimnasticdetarragona.cat\/es\/#\/schema\/person\/47b6a637abf88f9bd835540f20ea069e","name":"desarrollo","sameAs":["https:\/\/clone.gimnasticdetarragona.cat"]}]}},"_links":{"self":[{"href":"https:\/\/gimnasticdetarragona.cat\/es\/wp-json\/wp\/v2\/posts\/59410","targetHints":{"allow":["GET"]}}],"collection":[{"href":"https:\/\/gimnasticdetarragona.cat\/es\/wp-json\/wp\/v2\/posts"}],"about":[{"href":"https:\/\/gimnasticdetarragona.cat\/es\/wp-json\/wp\/v2\/types\/post"}],"author":[{"embeddable":true,"href":"https:\/\/gimnasticdetarragona.cat\/es\/wp-json\/wp\/v2\/users\/1"}],"replies":[{"embeddable":true,"href":"https:\/\/gimnasticdetarragona.cat\/es\/wp-json\/wp\/v2\/comments?post=59410"}],"version-history":[{"count":0,"href":"https:\/\/gimnasticdetarragona.cat\/es\/wp-json\/wp\/v2\/posts\/59410\/revisions"}],"wp:featuredmedia":[{"embeddable":true,"href":"https:\/\/gimnasticdetarragona.cat\/es\/wp-json\/wp\/v2\/media\/59407"}],"wp:attachment":[{"href":"https:\/\/gimnasticdetarragona.cat\/es\/wp-json\/wp\/v2\/media?parent=59410"}],"wp:term":[{"taxonomy":"category","embeddable":true,"href":"https:\/\/gimnasticdetarragona.cat\/es\/wp-json\/wp\/v2\/categories?post=59410"},{"taxonomy":"post_tag","embeddable":true,"href":"https:\/\/gimnasticdetarragona.cat\/es\/wp-json\/wp\/v2\/tags?post=59410"}],"curies":[{"name":"wp","href":"https:\/\/api.w.org\/{rel}","templated":true}]}}