{"id":59464,"date":"2017-02-05T19:57:05","date_gmt":"2017-02-05T19:57:05","guid":{"rendered":"https:\/\/clone.gimnasticdetarragona.cat\/levante-ud-2-1-nastic\/"},"modified":"2017-02-05T19:57:05","modified_gmt":"2017-02-05T19:57:05","slug":"levante-ud-2-1-nastic","status":"publish","type":"post","link":"https:\/\/gimnasticdetarragona.cat\/es\/levante-ud-2-1-nastic\/","title":{"rendered":"Levante UD 2 &#8211; 1 N\u00e0stic"},"content":{"rendered":"<p>El N\u00e0stic cae en casa del l\u00edder en una jornada en la que la mayor\u00eda de equipos de la zona baja han pinchado.<\/p>\n<p style=\"text-align: justify;\">La primera mitad fue de claro dominio grana, disfrutando de la posesi\u00f3n y de las mejores ocasiones. Los locales aprovechaban las contras para crear peligro pero los de Juan Merino se mostraron muy s\u00f3lidos durante los primeros 45 minutos. La primera ocasi\u00f3n clara para el l\u00edder ha sido en el 14&#8242; con un disparo directo de falta que Reina, muy atento, ha rehusado a mano cambiada. En el minuto 17, el N\u00e0stic ha tenido que realizar el primer cambio del partido debido a la lesi\u00f3n de Gerard Valent\u00edn. Su lugar lo ha ocupado Ferran Giner. Pasada la media hora de juego el gui\u00f3n se manten\u00eda, con un N\u00e0stic controlando la posesi\u00f3n. Eman\u00e1 en el 33&#8242; estuvo a punto de sorprender, pero su remate desde dentro del \u00e1rea rebot\u00f3 en un defensa para morir en las manos del portero local. Un minuto m\u00e1s tarde ha sido Tejera quien lo ha probado con un disparo lejano que se march\u00f3 desviado. En los \u00faltimos instantes antes del descanso el Levante ha apretado el acelerador, llegando con m\u00e1s claridad. Los granota han disfrutado de dos c\u00f3rners pr\u00e1cticamente consecutivos, pero la defensa grana ha podido anula el peligro.<\/p>\n<p style=\"text-align: justify;\">La segunda mitad comenz\u00f3 con el mismo gui\u00f3n que la primera, aunque los locales parec\u00eda que quer\u00edan recuperar el dominio de la posesi\u00f3n. En el minuto 52, el N\u00e0stic ha gozado de la ocasi\u00f3n m\u00e1s clara hasta el momento. Tras una recuperaci\u00f3n defensiva, Tejera ha asistido en profundidad para Eman\u00e1 pero el disparo del camerun\u00e9s ha salido demasiado centrado; directo a las manos del portero. El dominio era grana pero el primer gol ha sido local. Despu\u00e9s de una llegada por banda izquierda, Roger ha recibido solo dentro del \u00e1rea y bati\u00f3 a Reina con un potente disparo raso. En el 61&#8242;, el N\u00e0stic ha intentado recortar distancias con una jugada de estrategia. Despu\u00e9s de una falta centrada por Tejera, el bal\u00f3n cay\u00f3 a pies de Ferran Giner, que ha colgado el bal\u00f3n dentro del \u00e1rea. El disparo final de Perone ha marchado muy desviado. Y en el 67&#8242;, los locales han conseguido el segundo gol de la tarde. Tras una r\u00e1pida contra, Morales se ha plantado solo ante Reina superando al portero grana en el 1c1. La respuesta del N\u00e0stic no se ha hecho esperar y despu\u00e9s de una buena triangulaci\u00f3n entre Eman\u00e1, Cordero y Tejera, el catal\u00e1n ha dejado en profundidad para Delgado que ha conseguido el gol, recortando distancias en el marcador. En el 84&#8242;, el mismo Delgado a punto ha estado de conseguir el gol del empate. Eman\u00e1 ha dejado atr\u00e1s para el chileno, pero su disparo se march\u00f3 desviado por poco a la derecha de la porter\u00eda local. En el minuto 89 ha sido el Levante quien ha disfrutado de una buena ocasi\u00f3n para marcar en una r\u00e1pida contra, que ha culminado Natxo Insa con un disparo muy desviado. Y en el 91&#8242;, otra vez Delgado, aprovechando un rechace de la defensa local, lo ha probado empalmando un buen disparo que se march\u00f3 rozando la escuadra de la porter\u00eda del Levante, en la que ha sido la \u00faltima ocasi\u00f3n del partido.<\/p>\n<p style=\"text-align: justify;\">El pr\u00f3ximo enfrentamiento del N\u00e0stic ser\u00e1 el s\u00e1bado 11 de enero, a las 18 horas, en el Nou Estadi contra el Alcorc\u00f3n; en el partido correspondiente a la jornada 25 de Laliga 1|2|3.<\/p>\n<p>Alineaciones<\/p>\n<p>Levante UD: Ra\u00fal, To\u00f1o Garc\u00eda, R\u00f3ber Pier, J. Espinosa (J. Campa\u00f1a, 75 &#8216;), Lerma, Roger (Chema, 90&#8217;), Rub\u00e9n Garc\u00eda (Morales, 46 &#8216;), Postigo, P. L\u00f3pez, Natxo Insa y Jason.<\/p>\n<p>N\u00e0stic: Reina, Mossa, I. Bouz\u00f3n U.Z, Perone, Suzuki, Luismi (Madinda, 71 &#8216;), Tejera, Gerard (Ferran GP, 17&#8217;), Eman\u00e1, Cordero (Barreiro, 80 &#8216;) y Juan Delgado.<\/p>\n<p>Goles<br \/>\n1-0, Roger (59 &#8216;); 2-0, Morales (67 &#8216;); 2-1, Delgado (71 &#8216;).<\/p>\n<p>Tarjetas<br \/>\nLuismi (4 &#8216;), Eman\u00e1 (47&#8217;), Perone (63 &#8216;), I. Bouz\u00f3n U.Z. (69 &#8216;).<\/p>\n<p>Partido correspondiente a la jornada 24 de Laliga 1|2|3. 11.542 espectadores. Estadio Ciudad de Valencia.<\/p>\n","protected":false},"excerpt":{"rendered":"<p>El N\u00e0stic cae en casa al l\u00edder, en una jornada en que la mayor\u00eda de equipos de la zona baja han pinchado.<\/p>\n","protected":false},"author":1,"featured_media":59461,"comment_status":"open","ping_status":"open","sticky":false,"template":"","format":"standard","meta":{"_acf_changed":false,"footnotes":""},"categories":[113,121,126],"tags":[],"class_list":["post-59464","post","type-post","status-publish","format-standard","has-post-thumbnail","hentry","category-actualidad","category-home","category-primer-equipo"],"acf":[],"yoast_head":"<!-- This site is optimized with the Yoast SEO plugin v27.3 - https:\/\/yoast.com\/product\/yoast-seo-wordpress\/ -->\n<title>Levante UD 2 - 1 N\u00e0stic - Gimn\u00e0stic de Tarragona SAD<\/title>\n<meta name=\"robots\" content=\"index, follow, max-snippet:-1, max-image-preview:large, max-video-preview:-1\" \/>\n<link rel=\"canonical\" href=\"https:\/\/gimnasticdetarragona.cat\/levante-ud-2-1-nastic\/\" \/>\n<meta property=\"og:locale\" content=\"es_ES\" \/>\n<meta property=\"og:type\" content=\"article\" \/>\n<meta property=\"og:title\" content=\"Levante UD 2 - 1 N\u00e0stic - Gimn\u00e0stic de Tarragona SAD\" \/>\n<meta property=\"og:description\" content=\"El N\u00e0stic cae en casa al l\u00edder, en una jornada en que la mayor\u00eda de equipos de la zona baja han pinchado.\" \/>\n<meta property=\"og:url\" content=\"https:\/\/gimnasticdetarragona.cat\/levante-ud-2-1-nastic\/\" \/>\n<meta property=\"og:site_name\" content=\"Gimn\u00e0stic de Tarragona SAD\" \/>\n<meta property=\"article:published_time\" content=\"2017-02-05T19:57:05+00:00\" \/>\n<meta property=\"og:image\" content=\"https:\/\/gimnasticdetarragona.cat\/wp-content\/uploads\/2022\/06\/05235008118166.jpg\" \/>\n\t<meta property=\"og:image:width\" content=\"973\" \/>\n\t<meta property=\"og:image:height\" content=\"624\" \/>\n\t<meta property=\"og:image:type\" content=\"image\/jpeg\" \/>\n<meta name=\"author\" content=\"desarrollo\" \/>\n<meta name=\"twitter:card\" content=\"summary_large_image\" \/>\n<meta name=\"twitter:creator\" content=\"@NASTICTARRAGONA\" \/>\n<meta name=\"twitter:site\" content=\"@NASTICTARRAGONA\" \/>\n<meta name=\"twitter:label1\" content=\"Escrito por\" \/>\n\t<meta name=\"twitter:data1\" content=\"desarrollo\" \/>\n\t<meta name=\"twitter:label2\" content=\"Tiempo de lectura\" \/>\n\t<meta name=\"twitter:data2\" content=\"4 minutos\" \/>\n<script type=\"application\/ld+json\" class=\"yoast-schema-graph\">{\"@context\":\"https:\\\/\\\/schema.org\",\"@graph\":[{\"@type\":\"Article\",\"@id\":\"https:\\\/\\\/gimnasticdetarragona.cat\\\/levante-ud-2-1-nastic\\\/#article\",\"isPartOf\":{\"@id\":\"https:\\\/\\\/gimnasticdetarragona.cat\\\/levante-ud-2-1-nastic\\\/\"},\"author\":{\"name\":\"desarrollo\",\"@id\":\"https:\\\/\\\/gimnasticdetarragona.cat\\\/es\\\/#\\\/schema\\\/person\\\/47b6a637abf88f9bd835540f20ea069e\"},\"headline\":\"Levante UD 2 &#8211; 1 N\u00e0stic\",\"datePublished\":\"2017-02-05T19:57:05+00:00\",\"mainEntityOfPage\":{\"@id\":\"https:\\\/\\\/gimnasticdetarragona.cat\\\/levante-ud-2-1-nastic\\\/\"},\"wordCount\":697,\"commentCount\":0,\"publisher\":{\"@id\":\"https:\\\/\\\/gimnasticdetarragona.cat\\\/es\\\/#organization\"},\"image\":{\"@id\":\"https:\\\/\\\/gimnasticdetarragona.cat\\\/levante-ud-2-1-nastic\\\/#primaryimage\"},\"thumbnailUrl\":\"https:\\\/\\\/gimnasticdetarragona.cat\\\/wp-content\\\/uploads\\\/2022\\\/06\\\/05235008118166.jpg\",\"articleSection\":[\"Actualidad\",\"Home\",\"Primer Equipo\"],\"inLanguage\":\"es\"},{\"@type\":\"WebPage\",\"@id\":\"https:\\\/\\\/gimnasticdetarragona.cat\\\/levante-ud-2-1-nastic\\\/\",\"url\":\"https:\\\/\\\/gimnasticdetarragona.cat\\\/levante-ud-2-1-nastic\\\/\",\"name\":\"Levante UD 2 - 1 N\u00e0stic - Gimn\u00e0stic de Tarragona SAD\",\"isPartOf\":{\"@id\":\"https:\\\/\\\/gimnasticdetarragona.cat\\\/es\\\/#website\"},\"primaryImageOfPage\":{\"@id\":\"https:\\\/\\\/gimnasticdetarragona.cat\\\/levante-ud-2-1-nastic\\\/#primaryimage\"},\"image\":{\"@id\":\"https:\\\/\\\/gimnasticdetarragona.cat\\\/levante-ud-2-1-nastic\\\/#primaryimage\"},\"thumbnailUrl\":\"https:\\\/\\\/gimnasticdetarragona.cat\\\/wp-content\\\/uploads\\\/2022\\\/06\\\/05235008118166.jpg\",\"datePublished\":\"2017-02-05T19:57:05+00:00\",\"breadcrumb\":{\"@id\":\"https:\\\/\\\/gimnasticdetarragona.cat\\\/levante-ud-2-1-nastic\\\/#breadcrumb\"},\"inLanguage\":\"es\",\"potentialAction\":[{\"@type\":\"ReadAction\",\"target\":[\"https:\\\/\\\/gimnasticdetarragona.cat\\\/levante-ud-2-1-nastic\\\/\"]}]},{\"@type\":\"ImageObject\",\"inLanguage\":\"es\",\"@id\":\"https:\\\/\\\/gimnasticdetarragona.cat\\\/levante-ud-2-1-nastic\\\/#primaryimage\",\"url\":\"https:\\\/\\\/gimnasticdetarragona.cat\\\/wp-content\\\/uploads\\\/2022\\\/06\\\/05235008118166.jpg\",\"contentUrl\":\"https:\\\/\\\/gimnasticdetarragona.cat\\\/wp-content\\\/uploads\\\/2022\\\/06\\\/05235008118166.jpg\",\"width\":973,\"height\":624},{\"@type\":\"BreadcrumbList\",\"@id\":\"https:\\\/\\\/gimnasticdetarragona.cat\\\/levante-ud-2-1-nastic\\\/#breadcrumb\",\"itemListElement\":[{\"@type\":\"ListItem\",\"position\":1,\"name\":\"Inici\",\"item\":\"https:\\\/\\\/gimnasticdetarragona.cat\\\/es\\\/nastic\\\/\"},{\"@type\":\"ListItem\",\"position\":2,\"name\":\"Levante UD 2 &#8211; 1 N\u00e0stic\"}]},{\"@type\":\"WebSite\",\"@id\":\"https:\\\/\\\/gimnasticdetarragona.cat\\\/es\\\/#website\",\"url\":\"https:\\\/\\\/gimnasticdetarragona.cat\\\/es\\\/\",\"name\":\"Gimn\u00e0stic de Tarragona SAD\",\"description\":\"Gimn\u00e0stic de Tarragona\",\"publisher\":{\"@id\":\"https:\\\/\\\/gimnasticdetarragona.cat\\\/es\\\/#organization\"},\"potentialAction\":[{\"@type\":\"SearchAction\",\"target\":{\"@type\":\"EntryPoint\",\"urlTemplate\":\"https:\\\/\\\/gimnasticdetarragona.cat\\\/es\\\/?s={search_term_string}\"},\"query-input\":{\"@type\":\"PropertyValueSpecification\",\"valueRequired\":true,\"valueName\":\"search_term_string\"}}],\"inLanguage\":\"es\"},{\"@type\":\"Organization\",\"@id\":\"https:\\\/\\\/gimnasticdetarragona.cat\\\/es\\\/#organization\",\"name\":\"GIMN\u00c0STIC DE TARRAGONA\",\"alternateName\":\"N\u00c0STIC\",\"url\":\"https:\\\/\\\/gimnasticdetarragona.cat\\\/es\\\/\",\"logo\":{\"@type\":\"ImageObject\",\"inLanguage\":\"es\",\"@id\":\"https:\\\/\\\/gimnasticdetarragona.cat\\\/es\\\/#\\\/schema\\\/logo\\\/image\\\/\",\"url\":\"https:\\\/\\\/gimnasticdetarragona.cat\\\/wp-content\\\/uploads\\\/2022\\\/06\\\/cropped-logo-gimnastic.png\",\"contentUrl\":\"https:\\\/\\\/gimnasticdetarragona.cat\\\/wp-content\\\/uploads\\\/2022\\\/06\\\/cropped-logo-gimnastic.png\",\"width\":224,\"height\":83,\"caption\":\"GIMN\u00c0STIC DE TARRAGONA\"},\"image\":{\"@id\":\"https:\\\/\\\/gimnasticdetarragona.cat\\\/es\\\/#\\\/schema\\\/logo\\\/image\\\/\"},\"sameAs\":[\"https:\\\/\\\/x.com\\\/NASTICTARRAGONA\",\"https:\\\/\\\/www.instagram.com\\\/nastictarragona\\\/\"]},{\"@type\":\"Person\",\"@id\":\"https:\\\/\\\/gimnasticdetarragona.cat\\\/es\\\/#\\\/schema\\\/person\\\/47b6a637abf88f9bd835540f20ea069e\",\"name\":\"desarrollo\",\"sameAs\":[\"https:\\\/\\\/clone.gimnasticdetarragona.cat\"]}]}<\/script>\n<!-- \/ Yoast SEO plugin. -->","yoast_head_json":{"title":"Levante UD 2 - 1 N\u00e0stic - Gimn\u00e0stic de Tarragona SAD","robots":{"index":"index","follow":"follow","max-snippet":"max-snippet:-1","max-image-preview":"max-image-preview:large","max-video-preview":"max-video-preview:-1"},"canonical":"https:\/\/gimnasticdetarragona.cat\/levante-ud-2-1-nastic\/","og_locale":"es_ES","og_type":"article","og_title":"Levante UD 2 - 1 N\u00e0stic - Gimn\u00e0stic de Tarragona SAD","og_description":"El N\u00e0stic cae en casa al l\u00edder, en una jornada en que la mayor\u00eda de equipos de la zona baja han pinchado.","og_url":"https:\/\/gimnasticdetarragona.cat\/levante-ud-2-1-nastic\/","og_site_name":"Gimn\u00e0stic de Tarragona SAD","article_published_time":"2017-02-05T19:57:05+00:00","og_image":[{"width":973,"height":624,"url":"https:\/\/gimnasticdetarragona.cat\/wp-content\/uploads\/2022\/06\/05235008118166.jpg","type":"image\/jpeg"}],"author":"desarrollo","twitter_card":"summary_large_image","twitter_creator":"@NASTICTARRAGONA","twitter_site":"@NASTICTARRAGONA","twitter_misc":{"Escrito por":"desarrollo","Tiempo de lectura":"4 minutos"},"schema":{"@context":"https:\/\/schema.org","@graph":[{"@type":"Article","@id":"https:\/\/gimnasticdetarragona.cat\/levante-ud-2-1-nastic\/#article","isPartOf":{"@id":"https:\/\/gimnasticdetarragona.cat\/levante-ud-2-1-nastic\/"},"author":{"name":"desarrollo","@id":"https:\/\/gimnasticdetarragona.cat\/es\/#\/schema\/person\/47b6a637abf88f9bd835540f20ea069e"},"headline":"Levante UD 2 &#8211; 1 N\u00e0stic","datePublished":"2017-02-05T19:57:05+00:00","mainEntityOfPage":{"@id":"https:\/\/gimnasticdetarragona.cat\/levante-ud-2-1-nastic\/"},"wordCount":697,"commentCount":0,"publisher":{"@id":"https:\/\/gimnasticdetarragona.cat\/es\/#organization"},"image":{"@id":"https:\/\/gimnasticdetarragona.cat\/levante-ud-2-1-nastic\/#primaryimage"},"thumbnailUrl":"https:\/\/gimnasticdetarragona.cat\/wp-content\/uploads\/2022\/06\/05235008118166.jpg","articleSection":["Actualidad","Home","Primer Equipo"],"inLanguage":"es"},{"@type":"WebPage","@id":"https:\/\/gimnasticdetarragona.cat\/levante-ud-2-1-nastic\/","url":"https:\/\/gimnasticdetarragona.cat\/levante-ud-2-1-nastic\/","name":"Levante UD 2 - 1 N\u00e0stic - Gimn\u00e0stic de Tarragona SAD","isPartOf":{"@id":"https:\/\/gimnasticdetarragona.cat\/es\/#website"},"primaryImageOfPage":{"@id":"https:\/\/gimnasticdetarragona.cat\/levante-ud-2-1-nastic\/#primaryimage"},"image":{"@id":"https:\/\/gimnasticdetarragona.cat\/levante-ud-2-1-nastic\/#primaryimage"},"thumbnailUrl":"https:\/\/gimnasticdetarragona.cat\/wp-content\/uploads\/2022\/06\/05235008118166.jpg","datePublished":"2017-02-05T19:57:05+00:00","breadcrumb":{"@id":"https:\/\/gimnasticdetarragona.cat\/levante-ud-2-1-nastic\/#breadcrumb"},"inLanguage":"es","potentialAction":[{"@type":"ReadAction","target":["https:\/\/gimnasticdetarragona.cat\/levante-ud-2-1-nastic\/"]}]},{"@type":"ImageObject","inLanguage":"es","@id":"https:\/\/gimnasticdetarragona.cat\/levante-ud-2-1-nastic\/#primaryimage","url":"https:\/\/gimnasticdetarragona.cat\/wp-content\/uploads\/2022\/06\/05235008118166.jpg","contentUrl":"https:\/\/gimnasticdetarragona.cat\/wp-content\/uploads\/2022\/06\/05235008118166.jpg","width":973,"height":624},{"@type":"BreadcrumbList","@id":"https:\/\/gimnasticdetarragona.cat\/levante-ud-2-1-nastic\/#breadcrumb","itemListElement":[{"@type":"ListItem","position":1,"name":"Inici","item":"https:\/\/gimnasticdetarragona.cat\/es\/nastic\/"},{"@type":"ListItem","position":2,"name":"Levante UD 2 &#8211; 1 N\u00e0stic"}]},{"@type":"WebSite","@id":"https:\/\/gimnasticdetarragona.cat\/es\/#website","url":"https:\/\/gimnasticdetarragona.cat\/es\/","name":"Gimn\u00e0stic de Tarragona SAD","description":"Gimn\u00e0stic de Tarragona","publisher":{"@id":"https:\/\/gimnasticdetarragona.cat\/es\/#organization"},"potentialAction":[{"@type":"SearchAction","target":{"@type":"EntryPoint","urlTemplate":"https:\/\/gimnasticdetarragona.cat\/es\/?s={search_term_string}"},"query-input":{"@type":"PropertyValueSpecification","valueRequired":true,"valueName":"search_term_string"}}],"inLanguage":"es"},{"@type":"Organization","@id":"https:\/\/gimnasticdetarragona.cat\/es\/#organization","name":"GIMN\u00c0STIC DE TARRAGONA","alternateName":"N\u00c0STIC","url":"https:\/\/gimnasticdetarragona.cat\/es\/","logo":{"@type":"ImageObject","inLanguage":"es","@id":"https:\/\/gimnasticdetarragona.cat\/es\/#\/schema\/logo\/image\/","url":"https:\/\/gimnasticdetarragona.cat\/wp-content\/uploads\/2022\/06\/cropped-logo-gimnastic.png","contentUrl":"https:\/\/gimnasticdetarragona.cat\/wp-content\/uploads\/2022\/06\/cropped-logo-gimnastic.png","width":224,"height":83,"caption":"GIMN\u00c0STIC DE TARRAGONA"},"image":{"@id":"https:\/\/gimnasticdetarragona.cat\/es\/#\/schema\/logo\/image\/"},"sameAs":["https:\/\/x.com\/NASTICTARRAGONA","https:\/\/www.instagram.com\/nastictarragona\/"]},{"@type":"Person","@id":"https:\/\/gimnasticdetarragona.cat\/es\/#\/schema\/person\/47b6a637abf88f9bd835540f20ea069e","name":"desarrollo","sameAs":["https:\/\/clone.gimnasticdetarragona.cat"]}]}},"_links":{"self":[{"href":"https:\/\/gimnasticdetarragona.cat\/es\/wp-json\/wp\/v2\/posts\/59464","targetHints":{"allow":["GET"]}}],"collection":[{"href":"https:\/\/gimnasticdetarragona.cat\/es\/wp-json\/wp\/v2\/posts"}],"about":[{"href":"https:\/\/gimnasticdetarragona.cat\/es\/wp-json\/wp\/v2\/types\/post"}],"author":[{"embeddable":true,"href":"https:\/\/gimnasticdetarragona.cat\/es\/wp-json\/wp\/v2\/users\/1"}],"replies":[{"embeddable":true,"href":"https:\/\/gimnasticdetarragona.cat\/es\/wp-json\/wp\/v2\/comments?post=59464"}],"version-history":[{"count":0,"href":"https:\/\/gimnasticdetarragona.cat\/es\/wp-json\/wp\/v2\/posts\/59464\/revisions"}],"wp:featuredmedia":[{"embeddable":true,"href":"https:\/\/gimnasticdetarragona.cat\/es\/wp-json\/wp\/v2\/media\/59461"}],"wp:attachment":[{"href":"https:\/\/gimnasticdetarragona.cat\/es\/wp-json\/wp\/v2\/media?parent=59464"}],"wp:term":[{"taxonomy":"category","embeddable":true,"href":"https:\/\/gimnasticdetarragona.cat\/es\/wp-json\/wp\/v2\/categories?post=59464"},{"taxonomy":"post_tag","embeddable":true,"href":"https:\/\/gimnasticdetarragona.cat\/es\/wp-json\/wp\/v2\/tags?post=59464"}],"curies":[{"name":"wp","href":"https:\/\/api.w.org\/{rel}","templated":true}]}}