{"id":59484,"date":"2017-02-02T16:37:43","date_gmt":"2017-02-02T16:37:43","guid":{"rendered":"https:\/\/clone.gimnasticdetarragona.cat\/bon-paper-dels-grana-amb-la-catalana\/"},"modified":"2017-02-02T16:37:43","modified_gmt":"2017-02-02T16:37:43","slug":"bon-paper-dels-grana-amb-la-catalana","status":"publish","type":"post","link":"https:\/\/gimnasticdetarragona.cat\/es\/bon-paper-dels-grana-amb-la-catalana\/","title":{"rendered":"Bon paper dels grana amb la catalana"},"content":{"rendered":"<p style=\"text-align: justify;\">Els grana Calavera, Toldr\u00e0 i Chiri van participar dels amistosos d\u2019ahir de les respectives preseleccions catalanes quallant, tots tres, molt bones actuacions.<\/p>\n<p style=\"text-align: justify;\">Chiri, va ser titular amb la sub16, i va ser pe\u00e7a clau de la vict\u00f2ria contra el Bar\u00e7a. El tarragon\u00ed va aconseguir un gol i va sumar dues assist\u00e8ncies, en un partit en que la selecci\u00f3 es va imposar, en joc i gols, als blaugranes. El jove del planter valorava molt positivament el matx d\u2019ahir i la seva participaci\u00f3 amb el combinat catal\u00e0. \u201cEl Bar\u00e7a \u00e9s un molt bon equip, molt dif\u00edcil de superar per\u00f2 hem fet un molt bon partit contra ells. Estic molt content, a nivell personal, \u00a0per haver ajudat a l\u2019equip amb el gol i les dues assist\u00e8ncies. Jugar amb la catalana \u00e9s sempre una experi\u00e8ncia molt positiva, si a m\u00e9s les coses surten b\u00e9 aix\u00f2 dona esperances de cara a poder ser convocat m\u00e9s vegades\u201d.<\/p>\n<p style=\"text-align: justify;\">Calavera i Toldr\u00e0 tamb\u00e9 van tenir minuts importants amb la catalana, en aquest cas amb la Sub-18. Josep va ser titular i Xavier va sortir a la segona meitat, fent tots dos un partit for\u00e7a complet, malgrat la derrota. Toldr\u00e0 destacava la superioritat catalana, en un partit en que el marcador no fa just\u00edcia al joc desplegat. \u201cCrec que el marcador no reflecteix el partit. Vam ser superiors a ells en diversos per\u00edodes del partit i al final van ser petits detalls els que van marcar la difer\u00e8ncia\u201d. Calavera, de la seva banda, coincidia amb l\u2019an\u00e0lisi del seu company. \u201cVa ser un partit molt complicat, com sempre quan jugues contra el bar\u00e7a, per\u00f2 vam saber competir molt b\u00e9. Fins hi tot, vam tenir bastantes m\u00e9s ocasions que el bar\u00e7a\u201d.<\/p>\n<p style=\"text-align: justify;\">Tot i no ser la primera convocat\u00f2ria pels dos juvenils del N\u00e0stic, els grana valoren molt positivament l\u2019experi\u00e8ncia, ja que consideren que els ajuda a millorar i a seguir creixent com a jugadors. \u00a0\u201cAnar convocat amb la catalana \u00e9s sempre una motivaci\u00f3 extra per seguir treballant i donant el m\u00e0xim amb el nostre equip. \u00c9s una molt bona oportunitat per seguir sumant experi\u00e8ncies\u201d, apunta Toldr\u00e0. Per Calavera, que ahir va formar part de l\u201911 inicial, la crida de la selecci\u00f3 tamb\u00e9 \u00e9s sempre molt positiva. \u201cEstic molt content per la confian\u00e7a del seleccionador, sortir de titular sempre fa il\u00b7lusi\u00f3. Saber que compten amb nosaltres ens anima a seguir treballant al m\u00e0xim per tornar aquesta confian\u00e7a cada cop que ens convoquen\u201d.<\/p>\n<p style=\"text-align: justify;\">El partit d\u2019ahir va tenir un component sentimental afegit per Toldr\u00e0, ja que el jove del planter va poder competir contra els que havien estat els seus companys. I \u00e9s que, el tarragon\u00ed, va jugar al cadet del Bar\u00e7a, tenint per companys molts dels que ahir eren els seus rivals. \u201cSempre \u00e9s bonic retrobar-me amb els meus antic companys. Guardo bons amics al Bar\u00e7a i sempre que coincidim sobre la gespa \u00e9s bonic\u201d.<\/p>\n<p style=\"text-align: justify;\">Els tres jugadors seguiran ara treballant de valent amb els juvenils del N\u00e0stic per assolir l\u2019objectiu de la perman\u00e8ncia, tant a Divisi\u00f3 d\u2019Honor com a Nacional I esperant, pacients, que el seu treball els permeti tornar a gaudir de la trucada de la catalana.<\/p>\n","protected":false},"excerpt":{"rendered":"<p>Els grana Calavera, Toldr\u00e0 i Chiri van participar dels amistosos d\u2019ahir de les respectives preseleccions catalanes quallant, tots tres, molt bones actuacions.<\/p>\n","protected":false},"author":1,"featured_media":59481,"comment_status":"open","ping_status":"open","sticky":false,"template":"","format":"standard","meta":{"_acf_changed":false,"footnotes":""},"categories":[113,117],"tags":[],"class_list":["post-59484","post","type-post","status-publish","format-standard","has-post-thumbnail","hentry","category-actualidad","category-futbol-base"],"acf":[],"yoast_head":"<!-- This site is optimized with the Yoast SEO plugin v27.3 - https:\/\/yoast.com\/product\/yoast-seo-wordpress\/ -->\n<title>Bon paper dels grana amb la catalana - Gimn\u00e0stic de Tarragona SAD<\/title>\n<meta name=\"robots\" content=\"index, follow, max-snippet:-1, max-image-preview:large, max-video-preview:-1\" \/>\n<link rel=\"canonical\" href=\"https:\/\/gimnasticdetarragona.cat\/es\/bon-paper-dels-grana-amb-la-catalana\/\" \/>\n<meta property=\"og:locale\" content=\"es_ES\" \/>\n<meta property=\"og:type\" content=\"article\" \/>\n<meta property=\"og:title\" content=\"Bon paper dels grana amb la catalana - Gimn\u00e0stic de Tarragona SAD\" \/>\n<meta property=\"og:description\" content=\"Els grana Calavera, Toldr\u00e0 i Chiri van participar dels amistosos d\u2019ahir de les respectives preseleccions catalanes quallant, tots tres, molt bones actuacions.\" \/>\n<meta property=\"og:url\" content=\"https:\/\/gimnasticdetarragona.cat\/es\/bon-paper-dels-grana-amb-la-catalana\/\" \/>\n<meta property=\"og:site_name\" content=\"Gimn\u00e0stic de Tarragona SAD\" \/>\n<meta property=\"article:published_time\" content=\"2017-02-02T16:37:43+00:00\" \/>\n<meta property=\"og:image\" content=\"https:\/\/gimnasticdetarragona.cat\/wp-content\/uploads\/2022\/06\/05235003118101.jpg\" \/>\n\t<meta property=\"og:image:width\" content=\"1089\" \/>\n\t<meta property=\"og:image:height\" content=\"673\" \/>\n\t<meta property=\"og:image:type\" content=\"image\/jpeg\" \/>\n<meta name=\"author\" content=\"desarrollo\" \/>\n<meta name=\"twitter:card\" content=\"summary_large_image\" \/>\n<meta name=\"twitter:creator\" content=\"@NASTICTARRAGONA\" \/>\n<meta name=\"twitter:site\" content=\"@NASTICTARRAGONA\" \/>\n<meta name=\"twitter:label1\" content=\"Escrito por\" \/>\n\t<meta name=\"twitter:data1\" content=\"desarrollo\" \/>\n\t<meta name=\"twitter:label2\" content=\"Tiempo de lectura\" \/>\n\t<meta name=\"twitter:data2\" content=\"3 minutos\" \/>\n<script type=\"application\/ld+json\" class=\"yoast-schema-graph\">{\"@context\":\"https:\\\/\\\/schema.org\",\"@graph\":[{\"@type\":\"Article\",\"@id\":\"https:\\\/\\\/gimnasticdetarragona.cat\\\/es\\\/bon-paper-dels-grana-amb-la-catalana\\\/#article\",\"isPartOf\":{\"@id\":\"https:\\\/\\\/gimnasticdetarragona.cat\\\/es\\\/bon-paper-dels-grana-amb-la-catalana\\\/\"},\"author\":{\"name\":\"desarrollo\",\"@id\":\"https:\\\/\\\/gimnasticdetarragona.cat\\\/es\\\/#\\\/schema\\\/person\\\/47b6a637abf88f9bd835540f20ea069e\"},\"headline\":\"Bon paper dels grana amb la catalana\",\"datePublished\":\"2017-02-02T16:37:43+00:00\",\"mainEntityOfPage\":{\"@id\":\"https:\\\/\\\/gimnasticdetarragona.cat\\\/es\\\/bon-paper-dels-grana-amb-la-catalana\\\/\"},\"wordCount\":563,\"commentCount\":0,\"publisher\":{\"@id\":\"https:\\\/\\\/gimnasticdetarragona.cat\\\/es\\\/#organization\"},\"image\":{\"@id\":\"https:\\\/\\\/gimnasticdetarragona.cat\\\/es\\\/bon-paper-dels-grana-amb-la-catalana\\\/#primaryimage\"},\"thumbnailUrl\":\"https:\\\/\\\/gimnasticdetarragona.cat\\\/wp-content\\\/uploads\\\/2022\\\/06\\\/05235003118101.jpg\",\"articleSection\":[\"Actualidad\",\"F\u00fatbol Base\"],\"inLanguage\":\"es\"},{\"@type\":\"WebPage\",\"@id\":\"https:\\\/\\\/gimnasticdetarragona.cat\\\/es\\\/bon-paper-dels-grana-amb-la-catalana\\\/\",\"url\":\"https:\\\/\\\/gimnasticdetarragona.cat\\\/es\\\/bon-paper-dels-grana-amb-la-catalana\\\/\",\"name\":\"Bon paper dels grana amb la catalana - Gimn\u00e0stic de Tarragona SAD\",\"isPartOf\":{\"@id\":\"https:\\\/\\\/gimnasticdetarragona.cat\\\/es\\\/#website\"},\"primaryImageOfPage\":{\"@id\":\"https:\\\/\\\/gimnasticdetarragona.cat\\\/es\\\/bon-paper-dels-grana-amb-la-catalana\\\/#primaryimage\"},\"image\":{\"@id\":\"https:\\\/\\\/gimnasticdetarragona.cat\\\/es\\\/bon-paper-dels-grana-amb-la-catalana\\\/#primaryimage\"},\"thumbnailUrl\":\"https:\\\/\\\/gimnasticdetarragona.cat\\\/wp-content\\\/uploads\\\/2022\\\/06\\\/05235003118101.jpg\",\"datePublished\":\"2017-02-02T16:37:43+00:00\",\"breadcrumb\":{\"@id\":\"https:\\\/\\\/gimnasticdetarragona.cat\\\/es\\\/bon-paper-dels-grana-amb-la-catalana\\\/#breadcrumb\"},\"inLanguage\":\"es\",\"potentialAction\":[{\"@type\":\"ReadAction\",\"target\":[\"https:\\\/\\\/gimnasticdetarragona.cat\\\/es\\\/bon-paper-dels-grana-amb-la-catalana\\\/\"]}]},{\"@type\":\"ImageObject\",\"inLanguage\":\"es\",\"@id\":\"https:\\\/\\\/gimnasticdetarragona.cat\\\/es\\\/bon-paper-dels-grana-amb-la-catalana\\\/#primaryimage\",\"url\":\"https:\\\/\\\/gimnasticdetarragona.cat\\\/wp-content\\\/uploads\\\/2022\\\/06\\\/05235003118101.jpg\",\"contentUrl\":\"https:\\\/\\\/gimnasticdetarragona.cat\\\/wp-content\\\/uploads\\\/2022\\\/06\\\/05235003118101.jpg\",\"width\":1089,\"height\":673},{\"@type\":\"BreadcrumbList\",\"@id\":\"https:\\\/\\\/gimnasticdetarragona.cat\\\/es\\\/bon-paper-dels-grana-amb-la-catalana\\\/#breadcrumb\",\"itemListElement\":[{\"@type\":\"ListItem\",\"position\":1,\"name\":\"Inici\",\"item\":\"https:\\\/\\\/gimnasticdetarragona.cat\\\/es\\\/nastic\\\/\"},{\"@type\":\"ListItem\",\"position\":2,\"name\":\"Bon paper dels grana amb la catalana\"}]},{\"@type\":\"WebSite\",\"@id\":\"https:\\\/\\\/gimnasticdetarragona.cat\\\/es\\\/#website\",\"url\":\"https:\\\/\\\/gimnasticdetarragona.cat\\\/es\\\/\",\"name\":\"Gimn\u00e0stic de Tarragona SAD\",\"description\":\"Gimn\u00e0stic de Tarragona\",\"publisher\":{\"@id\":\"https:\\\/\\\/gimnasticdetarragona.cat\\\/es\\\/#organization\"},\"potentialAction\":[{\"@type\":\"SearchAction\",\"target\":{\"@type\":\"EntryPoint\",\"urlTemplate\":\"https:\\\/\\\/gimnasticdetarragona.cat\\\/es\\\/?s={search_term_string}\"},\"query-input\":{\"@type\":\"PropertyValueSpecification\",\"valueRequired\":true,\"valueName\":\"search_term_string\"}}],\"inLanguage\":\"es\"},{\"@type\":\"Organization\",\"@id\":\"https:\\\/\\\/gimnasticdetarragona.cat\\\/es\\\/#organization\",\"name\":\"GIMN\u00c0STIC DE TARRAGONA\",\"alternateName\":\"N\u00c0STIC\",\"url\":\"https:\\\/\\\/gimnasticdetarragona.cat\\\/es\\\/\",\"logo\":{\"@type\":\"ImageObject\",\"inLanguage\":\"es\",\"@id\":\"https:\\\/\\\/gimnasticdetarragona.cat\\\/es\\\/#\\\/schema\\\/logo\\\/image\\\/\",\"url\":\"https:\\\/\\\/gimnasticdetarragona.cat\\\/wp-content\\\/uploads\\\/2022\\\/06\\\/cropped-logo-gimnastic.png\",\"contentUrl\":\"https:\\\/\\\/gimnasticdetarragona.cat\\\/wp-content\\\/uploads\\\/2022\\\/06\\\/cropped-logo-gimnastic.png\",\"width\":224,\"height\":83,\"caption\":\"GIMN\u00c0STIC DE TARRAGONA\"},\"image\":{\"@id\":\"https:\\\/\\\/gimnasticdetarragona.cat\\\/es\\\/#\\\/schema\\\/logo\\\/image\\\/\"},\"sameAs\":[\"https:\\\/\\\/x.com\\\/NASTICTARRAGONA\",\"https:\\\/\\\/www.instagram.com\\\/nastictarragona\\\/\"]},{\"@type\":\"Person\",\"@id\":\"https:\\\/\\\/gimnasticdetarragona.cat\\\/es\\\/#\\\/schema\\\/person\\\/47b6a637abf88f9bd835540f20ea069e\",\"name\":\"desarrollo\",\"sameAs\":[\"https:\\\/\\\/clone.gimnasticdetarragona.cat\"]}]}<\/script>\n<!-- \/ Yoast SEO plugin. -->","yoast_head_json":{"title":"Bon paper dels grana amb la catalana - Gimn\u00e0stic de Tarragona SAD","robots":{"index":"index","follow":"follow","max-snippet":"max-snippet:-1","max-image-preview":"max-image-preview:large","max-video-preview":"max-video-preview:-1"},"canonical":"https:\/\/gimnasticdetarragona.cat\/es\/bon-paper-dels-grana-amb-la-catalana\/","og_locale":"es_ES","og_type":"article","og_title":"Bon paper dels grana amb la catalana - Gimn\u00e0stic de Tarragona SAD","og_description":"Els grana Calavera, Toldr\u00e0 i Chiri van participar dels amistosos d\u2019ahir de les respectives preseleccions catalanes quallant, tots tres, molt bones actuacions.","og_url":"https:\/\/gimnasticdetarragona.cat\/es\/bon-paper-dels-grana-amb-la-catalana\/","og_site_name":"Gimn\u00e0stic de Tarragona SAD","article_published_time":"2017-02-02T16:37:43+00:00","og_image":[{"width":1089,"height":673,"url":"https:\/\/gimnasticdetarragona.cat\/wp-content\/uploads\/2022\/06\/05235003118101.jpg","type":"image\/jpeg"}],"author":"desarrollo","twitter_card":"summary_large_image","twitter_creator":"@NASTICTARRAGONA","twitter_site":"@NASTICTARRAGONA","twitter_misc":{"Escrito por":"desarrollo","Tiempo de lectura":"3 minutos"},"schema":{"@context":"https:\/\/schema.org","@graph":[{"@type":"Article","@id":"https:\/\/gimnasticdetarragona.cat\/es\/bon-paper-dels-grana-amb-la-catalana\/#article","isPartOf":{"@id":"https:\/\/gimnasticdetarragona.cat\/es\/bon-paper-dels-grana-amb-la-catalana\/"},"author":{"name":"desarrollo","@id":"https:\/\/gimnasticdetarragona.cat\/es\/#\/schema\/person\/47b6a637abf88f9bd835540f20ea069e"},"headline":"Bon paper dels grana amb la catalana","datePublished":"2017-02-02T16:37:43+00:00","mainEntityOfPage":{"@id":"https:\/\/gimnasticdetarragona.cat\/es\/bon-paper-dels-grana-amb-la-catalana\/"},"wordCount":563,"commentCount":0,"publisher":{"@id":"https:\/\/gimnasticdetarragona.cat\/es\/#organization"},"image":{"@id":"https:\/\/gimnasticdetarragona.cat\/es\/bon-paper-dels-grana-amb-la-catalana\/#primaryimage"},"thumbnailUrl":"https:\/\/gimnasticdetarragona.cat\/wp-content\/uploads\/2022\/06\/05235003118101.jpg","articleSection":["Actualidad","F\u00fatbol Base"],"inLanguage":"es"},{"@type":"WebPage","@id":"https:\/\/gimnasticdetarragona.cat\/es\/bon-paper-dels-grana-amb-la-catalana\/","url":"https:\/\/gimnasticdetarragona.cat\/es\/bon-paper-dels-grana-amb-la-catalana\/","name":"Bon paper dels grana amb la catalana - Gimn\u00e0stic de Tarragona SAD","isPartOf":{"@id":"https:\/\/gimnasticdetarragona.cat\/es\/#website"},"primaryImageOfPage":{"@id":"https:\/\/gimnasticdetarragona.cat\/es\/bon-paper-dels-grana-amb-la-catalana\/#primaryimage"},"image":{"@id":"https:\/\/gimnasticdetarragona.cat\/es\/bon-paper-dels-grana-amb-la-catalana\/#primaryimage"},"thumbnailUrl":"https:\/\/gimnasticdetarragona.cat\/wp-content\/uploads\/2022\/06\/05235003118101.jpg","datePublished":"2017-02-02T16:37:43+00:00","breadcrumb":{"@id":"https:\/\/gimnasticdetarragona.cat\/es\/bon-paper-dels-grana-amb-la-catalana\/#breadcrumb"},"inLanguage":"es","potentialAction":[{"@type":"ReadAction","target":["https:\/\/gimnasticdetarragona.cat\/es\/bon-paper-dels-grana-amb-la-catalana\/"]}]},{"@type":"ImageObject","inLanguage":"es","@id":"https:\/\/gimnasticdetarragona.cat\/es\/bon-paper-dels-grana-amb-la-catalana\/#primaryimage","url":"https:\/\/gimnasticdetarragona.cat\/wp-content\/uploads\/2022\/06\/05235003118101.jpg","contentUrl":"https:\/\/gimnasticdetarragona.cat\/wp-content\/uploads\/2022\/06\/05235003118101.jpg","width":1089,"height":673},{"@type":"BreadcrumbList","@id":"https:\/\/gimnasticdetarragona.cat\/es\/bon-paper-dels-grana-amb-la-catalana\/#breadcrumb","itemListElement":[{"@type":"ListItem","position":1,"name":"Inici","item":"https:\/\/gimnasticdetarragona.cat\/es\/nastic\/"},{"@type":"ListItem","position":2,"name":"Bon paper dels grana amb la catalana"}]},{"@type":"WebSite","@id":"https:\/\/gimnasticdetarragona.cat\/es\/#website","url":"https:\/\/gimnasticdetarragona.cat\/es\/","name":"Gimn\u00e0stic de Tarragona SAD","description":"Gimn\u00e0stic de Tarragona","publisher":{"@id":"https:\/\/gimnasticdetarragona.cat\/es\/#organization"},"potentialAction":[{"@type":"SearchAction","target":{"@type":"EntryPoint","urlTemplate":"https:\/\/gimnasticdetarragona.cat\/es\/?s={search_term_string}"},"query-input":{"@type":"PropertyValueSpecification","valueRequired":true,"valueName":"search_term_string"}}],"inLanguage":"es"},{"@type":"Organization","@id":"https:\/\/gimnasticdetarragona.cat\/es\/#organization","name":"GIMN\u00c0STIC DE TARRAGONA","alternateName":"N\u00c0STIC","url":"https:\/\/gimnasticdetarragona.cat\/es\/","logo":{"@type":"ImageObject","inLanguage":"es","@id":"https:\/\/gimnasticdetarragona.cat\/es\/#\/schema\/logo\/image\/","url":"https:\/\/gimnasticdetarragona.cat\/wp-content\/uploads\/2022\/06\/cropped-logo-gimnastic.png","contentUrl":"https:\/\/gimnasticdetarragona.cat\/wp-content\/uploads\/2022\/06\/cropped-logo-gimnastic.png","width":224,"height":83,"caption":"GIMN\u00c0STIC DE TARRAGONA"},"image":{"@id":"https:\/\/gimnasticdetarragona.cat\/es\/#\/schema\/logo\/image\/"},"sameAs":["https:\/\/x.com\/NASTICTARRAGONA","https:\/\/www.instagram.com\/nastictarragona\/"]},{"@type":"Person","@id":"https:\/\/gimnasticdetarragona.cat\/es\/#\/schema\/person\/47b6a637abf88f9bd835540f20ea069e","name":"desarrollo","sameAs":["https:\/\/clone.gimnasticdetarragona.cat"]}]}},"_links":{"self":[{"href":"https:\/\/gimnasticdetarragona.cat\/es\/wp-json\/wp\/v2\/posts\/59484","targetHints":{"allow":["GET"]}}],"collection":[{"href":"https:\/\/gimnasticdetarragona.cat\/es\/wp-json\/wp\/v2\/posts"}],"about":[{"href":"https:\/\/gimnasticdetarragona.cat\/es\/wp-json\/wp\/v2\/types\/post"}],"author":[{"embeddable":true,"href":"https:\/\/gimnasticdetarragona.cat\/es\/wp-json\/wp\/v2\/users\/1"}],"replies":[{"embeddable":true,"href":"https:\/\/gimnasticdetarragona.cat\/es\/wp-json\/wp\/v2\/comments?post=59484"}],"version-history":[{"count":0,"href":"https:\/\/gimnasticdetarragona.cat\/es\/wp-json\/wp\/v2\/posts\/59484\/revisions"}],"wp:featuredmedia":[{"embeddable":true,"href":"https:\/\/gimnasticdetarragona.cat\/es\/wp-json\/wp\/v2\/media\/59481"}],"wp:attachment":[{"href":"https:\/\/gimnasticdetarragona.cat\/es\/wp-json\/wp\/v2\/media?parent=59484"}],"wp:term":[{"taxonomy":"category","embeddable":true,"href":"https:\/\/gimnasticdetarragona.cat\/es\/wp-json\/wp\/v2\/categories?post=59484"},{"taxonomy":"post_tag","embeddable":true,"href":"https:\/\/gimnasticdetarragona.cat\/es\/wp-json\/wp\/v2\/tags?post=59484"}],"curies":[{"name":"wp","href":"https:\/\/api.w.org\/{rel}","templated":true}]}}