{"id":59570,"date":"2017-01-25T13:56:50","date_gmt":"2017-01-25T13:56:50","guid":{"rendered":"https:\/\/clone.gimnasticdetarragona.cat\/el-nastic-esports-cierra-sus-plantillas-para-las-ligas-vfo\/"},"modified":"2017-01-25T13:56:50","modified_gmt":"2017-01-25T13:56:50","slug":"el-nastic-esports-cierra-sus-plantillas-para-las-ligas-vfo","status":"publish","type":"post","link":"https:\/\/gimnasticdetarragona.cat\/es\/el-nastic-esports-cierra-sus-plantillas-para-las-ligas-vfo\/","title":{"rendered":"El N\u00e0stic eSports cierra sus plantillas para las Ligas VFO"},"content":{"rendered":"<p>El pr\u00f3ximo lunes 30 de enero empieza la Liga Virtual Football Organization (VFO) con el formato 11 contra 11 de Clubes Pro de Fifa 17, donde el N\u00e0stic es uno de los equipos reales pioneros en los deportes electr\u00f3nicos (eSports).<\/p>\n<p>En la competici\u00f3n participaran clubes reales como el Valencia, Villarreal, Real Sociedad, Betis, Sevilla, Espanyol, entre otros; tambi\u00e9n marcas como Philips o Lenovo, que han apostado por tener su equipo de deportes electr\u00f3nicos.<\/p>\n<p>En la plataforma de PS4, el N\u00e0stic luchar\u00e1 por subir a Primera Divisi\u00f3n junto con los siguientes equipos: C\u00e1diz C.F. eSports, UCAM Murcia, Levante UD eSports, CD Lugo eSports, eSports CF Reus, CD Tac\u00f3n, PAM, eHawkerz, UNYK eSports, Convicted Team, Respect FC, FC Mayango y Gentlmen SAD.<\/p>\n<p>En la plataforma de XBOX, el N\u00e0stic jugar\u00e1 tambi\u00e9n en Segunda Divisi\u00f3n junto con los siguientes equipos: C\u00e1diz C.F. eSports, eSports CF Reus, AD Ceuta eSports, M\u00e9rida AD, CD Badajoz eSports, PAM, Mess\u00edas FC, Andaluces FIFA Club, SummirGaming FC, TEAM BLACKBULL, HAKASFCH, Classic Rookies y\u00a0VFO La Mas\u00eda.<\/p>\n<p>El N\u00e0stic eSports en la plataforma de PC jugar\u00e1 en la Primera Divisi\u00f3n.<\/p>\n<p>Mientras que plantillas de cada plataforma del N\u00e0stic eSports estan compuestas por los siguientes jugadores:<\/p>\n<p><strong><u>N\u00c0STIC eSports PS4<\/u><\/strong><\/p>\n<p><img fetchpriority=\"high\" decoding=\"async\" class=\"alignnone wp-image-117836 size-full\" src=\"http:\/\/www.gimnasticdetarragona.cat\/wp-content\/uploads\/2017\/01\/plantillaps4.png\" width=\"1024\" height=\"512\" \/><\/p>\n<p>1 &#8211; EspinGuiraoM7 &#8211; POR<br \/>\n93 &#8211; xSanchez-93 &#8211; POR<br \/>\n4 &#8211; MiGuelCheca &#8211; DFC<br \/>\n21 &#8211; isasievski &#8211; DFC<br \/>\n19 &#8211; Onfire_79 &#8211; LT<br \/>\n90 &#8211; luca990itve &#8211; LT<br \/>\n17 &#8211; Marklenders2000 &#8211; LT<br \/>\n26 &#8211; Gomez26-RV &#8211; MCD<br \/>\n15 &#8211; Raspuu21 &#8211; MCD<br \/>\n6 &#8211; zKiliaaaN &#8211; MV<br \/>\n7 &#8211; IrishBhoy7 &#8211; MV<br \/>\n5 &#8211; RoDrY-GaRcY &#8211; MV<br \/>\n9 &#8211; Dislayer5 &#8211; EXT<br \/>\n46 &#8211; xWarrior46 &#8211; EXT<br \/>\n11 &#8211; dikito_kie &#8211; EXT<br \/>\n10 &#8211; CyR-MuNiaiN-xX &#8211; DC<\/p>\n<p><strong>Capit\u00e1n:<\/strong><\/p>\n<p><strong> Miguel \u00c1ngel Checa Pardo \u201cMiguelcheca\u201d,<\/strong>\u00a0residente en Tarragona, es el capit\u00e1n en PS4. Es uno de los miembros m\u00e1s veteranos de la comunidad actual en FVPA. Fue fundador y manager de\u00a0<em>Galacticos CF\u00a0<\/em>durante 4 temporadas en 1\u00aa Divisi\u00f3n, llegando a competir en la Champions League. Ha sido campe\u00f3n de la Copa Auton\u00f3micas con la Selecci\u00f3n Catalana y campe\u00f3n de la 1\u00aa One Day Cup Warner. Lleva 9 temporadas compitiendo y ha ejercido de capit\u00e1n durante 2 a\u00f1os.<\/p>\n<p><strong><u>N\u00c0STIC eSports XBOX<\/u><\/strong><\/p>\n<p><strong><img decoding=\"async\" class=\"alignnone size-full wp-image-117838\" src=\"http:\/\/www.gimnasticdetarragona.cat\/wp-content\/uploads\/2017\/01\/plantillaxbox.png\" alt=\"plantillaxbox\" width=\"1024\" height=\"512\" \/><\/strong><\/p>\n<p>92 \u2013 XxTITO17xX &#8211; POR<br \/>\n84 \u2013 Stami |84| &#8211; POR<br \/>\n8 \u2013 MATORV2 \u2013 DFC<br \/>\n3 \u2013 Panchi |94| &#8211; DFC<br \/>\n4 \u2013 Marine KG Bdd \u2013 DFC<br \/>\n96 \u2013 ContentSphere96 \u2013 LT<br \/>\n22 \u2013 Wolo HD \u2013 LT<br \/>\n14 \u2013 Gravesinha \u2013 MCD<br \/>\n74 \u2013 WikiMbauer74 \u2013 MCD<br \/>\n23 \u2013 kach360 \u2013 MD<br \/>\n5 \u2013 KaPitT4N S4LaMi \u2013 DC<br \/>\n9 \u2013 redfire1988- DC<br \/>\n7 \u2013 EL CASTIGADOR Z \u2013 DC<br \/>\n10 \u2013 Anthony |10| &#8211; DC<\/p>\n<p><strong>Capit\u00e1n:<br \/>\nGerm\u00e1n Toledo Tapia \u201cKapit4n S4lami\u201d,<\/strong>\u00a0residente en Cerdanyola del Vall\u00e9s, es el capit\u00e1n del N\u00e0stic eSports en la plataforma de XBOX. Tiene mucha experiencia en la competiciones de Clubes Pro y gestionando equipos. Lleva 7 temporadas compitiendo, 6 de ellas como capit\u00e1n. Fue campe\u00f3n del Torneo EpicMonday, campe\u00f3n del FVPA Europe League Temporada #2 y Campe\u00f3n Selecciones Auton\u00f3micas VI.<\/p>\n<p><strong><u>N\u00c0STIC eSports PC<\/u><\/strong><\/p>\n<p><strong><u><img decoding=\"async\" class=\"alignnone size-full wp-image-117834\" src=\"http:\/\/www.gimnasticdetarragona.cat\/wp-content\/uploads\/2017\/01\/PLANTILLA_pc.png\" alt=\"PLANTILLA_pc\" width=\"1024\" height=\"512\" \/><\/u><\/strong><\/p>\n<p>1 &#8211; Ikerino98TF POR<br \/>\n5 -Jordi_Malix DFC<br \/>\n4 &#8211; Bilbo_DFC DFC<br \/>\n3 &#8211; Belcepelos DFC<br \/>\n2 &#8211; Galenomeza LI<br \/>\n99 &#8211; NAST-Mamo LD<br \/>\n69 &#8211; VFalcon-81- MCD<br \/>\n22 &#8211; Moyano_n22 MVI<br \/>\n10 &#8211; Hilera MC<br \/>\n21 &#8211; VillaMLG|7| MC<br \/>\n7 &#8211; pippel_bcn MC<br \/>\n8 &#8211; jesulau MCO<br \/>\n17 &#8211; susumakusu DC<br \/>\n11 &#8211; _Makyz_JR DC<\/p>\n<p><strong>Capit\u00e1n:<br \/>\n<\/strong>De Gandesa es\u00a0<strong>Jordi Valls Sol\u00e9 \u201cMalix\u201d,<\/strong>\u00a0capit\u00e1n del N\u00e0stic eSports para PC. Capit\u00e1n y fundador de Zombies Party, uno de los clubs m\u00e1s veteranos en la plataforma. Se ha mantenido en 1\u00aa Divisi\u00f3n muchos a\u00f1os, incluso se ha clasificado para competiciones europeas. Lleva 15 temporadas compitiendo, todas ellas de capit\u00e1n.<\/p>\n<p>La cuenta oficial de Twitter de la divisi\u00f3n de deportes electr\u00f3nicos del N\u00e0stic es <a href=\"http:\/\/www.twitter.com\/nasticeSports\"><strong>@nasticeSports<\/strong><\/a><\/p>\n","protected":false},"excerpt":{"rendered":"<p>El pr\u00f3ximo lunes 30 de enero empieza la Liga Virtual Football Organization (VFO) con el formato 11 contra 11 de Clubes Pro de Fifa 17, donde el N\u00e0stic es uno de los equipos reales pioneros en los deportes electr\u00f3nicos (eSports)<\/p>\n","protected":false},"author":1,"featured_media":59567,"comment_status":"open","ping_status":"open","sticky":false,"template":"","format":"standard","meta":{"_acf_changed":false,"footnotes":""},"categories":[113,142],"tags":[],"class_list":["post-59570","post","type-post","status-publish","format-standard","has-post-thumbnail","hentry","category-actualidad","category-esports-1"],"acf":[],"yoast_head":"<!-- This site is optimized with the Yoast SEO plugin v27.3 - https:\/\/yoast.com\/product\/yoast-seo-wordpress\/ -->\n<title>El N\u00e0stic eSports cierra sus plantillas para las Ligas VFO - Gimn\u00e0stic de Tarragona SAD<\/title>\n<meta name=\"robots\" content=\"index, follow, max-snippet:-1, max-image-preview:large, max-video-preview:-1\" \/>\n<link rel=\"canonical\" href=\"https:\/\/gimnasticdetarragona.cat\/es\/el-nastic-esports-cierra-sus-plantillas-para-las-ligas-vfo\/\" \/>\n<meta property=\"og:locale\" content=\"es_ES\" \/>\n<meta property=\"og:type\" content=\"article\" \/>\n<meta property=\"og:title\" content=\"El N\u00e0stic eSports cierra sus plantillas para las Ligas VFO - Gimn\u00e0stic de Tarragona SAD\" \/>\n<meta property=\"og:description\" content=\"El pr\u00f3ximo lunes 30 de enero empieza la Liga Virtual Football Organization (VFO) con el formato 11 contra 11 de Clubes Pro de Fifa 17, donde el N\u00e0stic es uno de los equipos reales pioneros en los deportes electr\u00f3nicos (eSports)\" \/>\n<meta property=\"og:url\" content=\"https:\/\/gimnasticdetarragona.cat\/es\/el-nastic-esports-cierra-sus-plantillas-para-las-ligas-vfo\/\" \/>\n<meta property=\"og:site_name\" content=\"Gimn\u00e0stic de Tarragona SAD\" \/>\n<meta property=\"article:published_time\" content=\"2017-01-25T13:56:50+00:00\" \/>\n<meta property=\"og:image\" content=\"https:\/\/gimnasticdetarragona.cat\/wp-content\/uploads\/2022\/06\/05234949117833.png\" \/>\n\t<meta property=\"og:image:width\" content=\"1200\" \/>\n\t<meta property=\"og:image:height\" content=\"627\" \/>\n\t<meta property=\"og:image:type\" content=\"image\/png\" \/>\n<meta name=\"author\" content=\"desarrollo\" \/>\n<meta name=\"twitter:card\" content=\"summary_large_image\" \/>\n<meta name=\"twitter:creator\" content=\"@NASTICTARRAGONA\" \/>\n<meta name=\"twitter:site\" content=\"@NASTICTARRAGONA\" \/>\n<meta name=\"twitter:label1\" content=\"Escrito por\" \/>\n\t<meta name=\"twitter:data1\" content=\"desarrollo\" \/>\n\t<meta name=\"twitter:label2\" content=\"Tiempo de lectura\" \/>\n\t<meta name=\"twitter:data2\" content=\"3 minutos\" \/>\n<script type=\"application\/ld+json\" class=\"yoast-schema-graph\">{\"@context\":\"https:\\\/\\\/schema.org\",\"@graph\":[{\"@type\":\"Article\",\"@id\":\"https:\\\/\\\/gimnasticdetarragona.cat\\\/es\\\/el-nastic-esports-cierra-sus-plantillas-para-las-ligas-vfo\\\/#article\",\"isPartOf\":{\"@id\":\"https:\\\/\\\/gimnasticdetarragona.cat\\\/es\\\/el-nastic-esports-cierra-sus-plantillas-para-las-ligas-vfo\\\/\"},\"author\":{\"name\":\"desarrollo\",\"@id\":\"https:\\\/\\\/gimnasticdetarragona.cat\\\/es\\\/#\\\/schema\\\/person\\\/47b6a637abf88f9bd835540f20ea069e\"},\"headline\":\"El N\u00e0stic eSports cierra sus plantillas para las Ligas VFO\",\"datePublished\":\"2017-01-25T13:56:50+00:00\",\"mainEntityOfPage\":{\"@id\":\"https:\\\/\\\/gimnasticdetarragona.cat\\\/es\\\/el-nastic-esports-cierra-sus-plantillas-para-las-ligas-vfo\\\/\"},\"wordCount\":623,\"commentCount\":0,\"publisher\":{\"@id\":\"https:\\\/\\\/gimnasticdetarragona.cat\\\/es\\\/#organization\"},\"image\":{\"@id\":\"https:\\\/\\\/gimnasticdetarragona.cat\\\/es\\\/el-nastic-esports-cierra-sus-plantillas-para-las-ligas-vfo\\\/#primaryimage\"},\"thumbnailUrl\":\"https:\\\/\\\/gimnasticdetarragona.cat\\\/wp-content\\\/uploads\\\/2022\\\/06\\\/05234949117833.png\",\"articleSection\":[\"Actualidad\",\"eSports\"],\"inLanguage\":\"es\"},{\"@type\":\"WebPage\",\"@id\":\"https:\\\/\\\/gimnasticdetarragona.cat\\\/es\\\/el-nastic-esports-cierra-sus-plantillas-para-las-ligas-vfo\\\/\",\"url\":\"https:\\\/\\\/gimnasticdetarragona.cat\\\/es\\\/el-nastic-esports-cierra-sus-plantillas-para-las-ligas-vfo\\\/\",\"name\":\"El N\u00e0stic eSports cierra sus plantillas para las Ligas VFO - Gimn\u00e0stic de Tarragona SAD\",\"isPartOf\":{\"@id\":\"https:\\\/\\\/gimnasticdetarragona.cat\\\/es\\\/#website\"},\"primaryImageOfPage\":{\"@id\":\"https:\\\/\\\/gimnasticdetarragona.cat\\\/es\\\/el-nastic-esports-cierra-sus-plantillas-para-las-ligas-vfo\\\/#primaryimage\"},\"image\":{\"@id\":\"https:\\\/\\\/gimnasticdetarragona.cat\\\/es\\\/el-nastic-esports-cierra-sus-plantillas-para-las-ligas-vfo\\\/#primaryimage\"},\"thumbnailUrl\":\"https:\\\/\\\/gimnasticdetarragona.cat\\\/wp-content\\\/uploads\\\/2022\\\/06\\\/05234949117833.png\",\"datePublished\":\"2017-01-25T13:56:50+00:00\",\"breadcrumb\":{\"@id\":\"https:\\\/\\\/gimnasticdetarragona.cat\\\/es\\\/el-nastic-esports-cierra-sus-plantillas-para-las-ligas-vfo\\\/#breadcrumb\"},\"inLanguage\":\"es\",\"potentialAction\":[{\"@type\":\"ReadAction\",\"target\":[\"https:\\\/\\\/gimnasticdetarragona.cat\\\/es\\\/el-nastic-esports-cierra-sus-plantillas-para-las-ligas-vfo\\\/\"]}]},{\"@type\":\"ImageObject\",\"inLanguage\":\"es\",\"@id\":\"https:\\\/\\\/gimnasticdetarragona.cat\\\/es\\\/el-nastic-esports-cierra-sus-plantillas-para-las-ligas-vfo\\\/#primaryimage\",\"url\":\"https:\\\/\\\/gimnasticdetarragona.cat\\\/wp-content\\\/uploads\\\/2022\\\/06\\\/05234949117833.png\",\"contentUrl\":\"https:\\\/\\\/gimnasticdetarragona.cat\\\/wp-content\\\/uploads\\\/2022\\\/06\\\/05234949117833.png\",\"width\":1200,\"height\":627},{\"@type\":\"BreadcrumbList\",\"@id\":\"https:\\\/\\\/gimnasticdetarragona.cat\\\/es\\\/el-nastic-esports-cierra-sus-plantillas-para-las-ligas-vfo\\\/#breadcrumb\",\"itemListElement\":[{\"@type\":\"ListItem\",\"position\":1,\"name\":\"Inici\",\"item\":\"https:\\\/\\\/gimnasticdetarragona.cat\\\/es\\\/nastic\\\/\"},{\"@type\":\"ListItem\",\"position\":2,\"name\":\"El N\u00e0stic eSports cierra sus plantillas para las Ligas VFO\"}]},{\"@type\":\"WebSite\",\"@id\":\"https:\\\/\\\/gimnasticdetarragona.cat\\\/es\\\/#website\",\"url\":\"https:\\\/\\\/gimnasticdetarragona.cat\\\/es\\\/\",\"name\":\"Gimn\u00e0stic de Tarragona SAD\",\"description\":\"Gimn\u00e0stic de Tarragona\",\"publisher\":{\"@id\":\"https:\\\/\\\/gimnasticdetarragona.cat\\\/es\\\/#organization\"},\"potentialAction\":[{\"@type\":\"SearchAction\",\"target\":{\"@type\":\"EntryPoint\",\"urlTemplate\":\"https:\\\/\\\/gimnasticdetarragona.cat\\\/es\\\/?s={search_term_string}\"},\"query-input\":{\"@type\":\"PropertyValueSpecification\",\"valueRequired\":true,\"valueName\":\"search_term_string\"}}],\"inLanguage\":\"es\"},{\"@type\":\"Organization\",\"@id\":\"https:\\\/\\\/gimnasticdetarragona.cat\\\/es\\\/#organization\",\"name\":\"GIMN\u00c0STIC DE TARRAGONA\",\"alternateName\":\"N\u00c0STIC\",\"url\":\"https:\\\/\\\/gimnasticdetarragona.cat\\\/es\\\/\",\"logo\":{\"@type\":\"ImageObject\",\"inLanguage\":\"es\",\"@id\":\"https:\\\/\\\/gimnasticdetarragona.cat\\\/es\\\/#\\\/schema\\\/logo\\\/image\\\/\",\"url\":\"https:\\\/\\\/gimnasticdetarragona.cat\\\/wp-content\\\/uploads\\\/2022\\\/06\\\/cropped-logo-gimnastic.png\",\"contentUrl\":\"https:\\\/\\\/gimnasticdetarragona.cat\\\/wp-content\\\/uploads\\\/2022\\\/06\\\/cropped-logo-gimnastic.png\",\"width\":224,\"height\":83,\"caption\":\"GIMN\u00c0STIC DE TARRAGONA\"},\"image\":{\"@id\":\"https:\\\/\\\/gimnasticdetarragona.cat\\\/es\\\/#\\\/schema\\\/logo\\\/image\\\/\"},\"sameAs\":[\"https:\\\/\\\/x.com\\\/NASTICTARRAGONA\",\"https:\\\/\\\/www.instagram.com\\\/nastictarragona\\\/\"]},{\"@type\":\"Person\",\"@id\":\"https:\\\/\\\/gimnasticdetarragona.cat\\\/es\\\/#\\\/schema\\\/person\\\/47b6a637abf88f9bd835540f20ea069e\",\"name\":\"desarrollo\",\"sameAs\":[\"https:\\\/\\\/clone.gimnasticdetarragona.cat\"]}]}<\/script>\n<!-- \/ Yoast SEO plugin. -->","yoast_head_json":{"title":"El N\u00e0stic eSports cierra sus plantillas para las Ligas VFO - Gimn\u00e0stic de Tarragona SAD","robots":{"index":"index","follow":"follow","max-snippet":"max-snippet:-1","max-image-preview":"max-image-preview:large","max-video-preview":"max-video-preview:-1"},"canonical":"https:\/\/gimnasticdetarragona.cat\/es\/el-nastic-esports-cierra-sus-plantillas-para-las-ligas-vfo\/","og_locale":"es_ES","og_type":"article","og_title":"El N\u00e0stic eSports cierra sus plantillas para las Ligas VFO - Gimn\u00e0stic de Tarragona SAD","og_description":"El pr\u00f3ximo lunes 30 de enero empieza la Liga Virtual Football Organization (VFO) con el formato 11 contra 11 de Clubes Pro de Fifa 17, donde el N\u00e0stic es uno de los equipos reales pioneros en los deportes electr\u00f3nicos (eSports)","og_url":"https:\/\/gimnasticdetarragona.cat\/es\/el-nastic-esports-cierra-sus-plantillas-para-las-ligas-vfo\/","og_site_name":"Gimn\u00e0stic de Tarragona SAD","article_published_time":"2017-01-25T13:56:50+00:00","og_image":[{"width":1200,"height":627,"url":"https:\/\/gimnasticdetarragona.cat\/wp-content\/uploads\/2022\/06\/05234949117833.png","type":"image\/png"}],"author":"desarrollo","twitter_card":"summary_large_image","twitter_creator":"@NASTICTARRAGONA","twitter_site":"@NASTICTARRAGONA","twitter_misc":{"Escrito por":"desarrollo","Tiempo de lectura":"3 minutos"},"schema":{"@context":"https:\/\/schema.org","@graph":[{"@type":"Article","@id":"https:\/\/gimnasticdetarragona.cat\/es\/el-nastic-esports-cierra-sus-plantillas-para-las-ligas-vfo\/#article","isPartOf":{"@id":"https:\/\/gimnasticdetarragona.cat\/es\/el-nastic-esports-cierra-sus-plantillas-para-las-ligas-vfo\/"},"author":{"name":"desarrollo","@id":"https:\/\/gimnasticdetarragona.cat\/es\/#\/schema\/person\/47b6a637abf88f9bd835540f20ea069e"},"headline":"El N\u00e0stic eSports cierra sus plantillas para las Ligas VFO","datePublished":"2017-01-25T13:56:50+00:00","mainEntityOfPage":{"@id":"https:\/\/gimnasticdetarragona.cat\/es\/el-nastic-esports-cierra-sus-plantillas-para-las-ligas-vfo\/"},"wordCount":623,"commentCount":0,"publisher":{"@id":"https:\/\/gimnasticdetarragona.cat\/es\/#organization"},"image":{"@id":"https:\/\/gimnasticdetarragona.cat\/es\/el-nastic-esports-cierra-sus-plantillas-para-las-ligas-vfo\/#primaryimage"},"thumbnailUrl":"https:\/\/gimnasticdetarragona.cat\/wp-content\/uploads\/2022\/06\/05234949117833.png","articleSection":["Actualidad","eSports"],"inLanguage":"es"},{"@type":"WebPage","@id":"https:\/\/gimnasticdetarragona.cat\/es\/el-nastic-esports-cierra-sus-plantillas-para-las-ligas-vfo\/","url":"https:\/\/gimnasticdetarragona.cat\/es\/el-nastic-esports-cierra-sus-plantillas-para-las-ligas-vfo\/","name":"El N\u00e0stic eSports cierra sus plantillas para las Ligas VFO - Gimn\u00e0stic de Tarragona SAD","isPartOf":{"@id":"https:\/\/gimnasticdetarragona.cat\/es\/#website"},"primaryImageOfPage":{"@id":"https:\/\/gimnasticdetarragona.cat\/es\/el-nastic-esports-cierra-sus-plantillas-para-las-ligas-vfo\/#primaryimage"},"image":{"@id":"https:\/\/gimnasticdetarragona.cat\/es\/el-nastic-esports-cierra-sus-plantillas-para-las-ligas-vfo\/#primaryimage"},"thumbnailUrl":"https:\/\/gimnasticdetarragona.cat\/wp-content\/uploads\/2022\/06\/05234949117833.png","datePublished":"2017-01-25T13:56:50+00:00","breadcrumb":{"@id":"https:\/\/gimnasticdetarragona.cat\/es\/el-nastic-esports-cierra-sus-plantillas-para-las-ligas-vfo\/#breadcrumb"},"inLanguage":"es","potentialAction":[{"@type":"ReadAction","target":["https:\/\/gimnasticdetarragona.cat\/es\/el-nastic-esports-cierra-sus-plantillas-para-las-ligas-vfo\/"]}]},{"@type":"ImageObject","inLanguage":"es","@id":"https:\/\/gimnasticdetarragona.cat\/es\/el-nastic-esports-cierra-sus-plantillas-para-las-ligas-vfo\/#primaryimage","url":"https:\/\/gimnasticdetarragona.cat\/wp-content\/uploads\/2022\/06\/05234949117833.png","contentUrl":"https:\/\/gimnasticdetarragona.cat\/wp-content\/uploads\/2022\/06\/05234949117833.png","width":1200,"height":627},{"@type":"BreadcrumbList","@id":"https:\/\/gimnasticdetarragona.cat\/es\/el-nastic-esports-cierra-sus-plantillas-para-las-ligas-vfo\/#breadcrumb","itemListElement":[{"@type":"ListItem","position":1,"name":"Inici","item":"https:\/\/gimnasticdetarragona.cat\/es\/nastic\/"},{"@type":"ListItem","position":2,"name":"El N\u00e0stic eSports cierra sus plantillas para las Ligas VFO"}]},{"@type":"WebSite","@id":"https:\/\/gimnasticdetarragona.cat\/es\/#website","url":"https:\/\/gimnasticdetarragona.cat\/es\/","name":"Gimn\u00e0stic de Tarragona SAD","description":"Gimn\u00e0stic de Tarragona","publisher":{"@id":"https:\/\/gimnasticdetarragona.cat\/es\/#organization"},"potentialAction":[{"@type":"SearchAction","target":{"@type":"EntryPoint","urlTemplate":"https:\/\/gimnasticdetarragona.cat\/es\/?s={search_term_string}"},"query-input":{"@type":"PropertyValueSpecification","valueRequired":true,"valueName":"search_term_string"}}],"inLanguage":"es"},{"@type":"Organization","@id":"https:\/\/gimnasticdetarragona.cat\/es\/#organization","name":"GIMN\u00c0STIC DE TARRAGONA","alternateName":"N\u00c0STIC","url":"https:\/\/gimnasticdetarragona.cat\/es\/","logo":{"@type":"ImageObject","inLanguage":"es","@id":"https:\/\/gimnasticdetarragona.cat\/es\/#\/schema\/logo\/image\/","url":"https:\/\/gimnasticdetarragona.cat\/wp-content\/uploads\/2022\/06\/cropped-logo-gimnastic.png","contentUrl":"https:\/\/gimnasticdetarragona.cat\/wp-content\/uploads\/2022\/06\/cropped-logo-gimnastic.png","width":224,"height":83,"caption":"GIMN\u00c0STIC DE TARRAGONA"},"image":{"@id":"https:\/\/gimnasticdetarragona.cat\/es\/#\/schema\/logo\/image\/"},"sameAs":["https:\/\/x.com\/NASTICTARRAGONA","https:\/\/www.instagram.com\/nastictarragona\/"]},{"@type":"Person","@id":"https:\/\/gimnasticdetarragona.cat\/es\/#\/schema\/person\/47b6a637abf88f9bd835540f20ea069e","name":"desarrollo","sameAs":["https:\/\/clone.gimnasticdetarragona.cat"]}]}},"_links":{"self":[{"href":"https:\/\/gimnasticdetarragona.cat\/es\/wp-json\/wp\/v2\/posts\/59570","targetHints":{"allow":["GET"]}}],"collection":[{"href":"https:\/\/gimnasticdetarragona.cat\/es\/wp-json\/wp\/v2\/posts"}],"about":[{"href":"https:\/\/gimnasticdetarragona.cat\/es\/wp-json\/wp\/v2\/types\/post"}],"author":[{"embeddable":true,"href":"https:\/\/gimnasticdetarragona.cat\/es\/wp-json\/wp\/v2\/users\/1"}],"replies":[{"embeddable":true,"href":"https:\/\/gimnasticdetarragona.cat\/es\/wp-json\/wp\/v2\/comments?post=59570"}],"version-history":[{"count":0,"href":"https:\/\/gimnasticdetarragona.cat\/es\/wp-json\/wp\/v2\/posts\/59570\/revisions"}],"wp:featuredmedia":[{"embeddable":true,"href":"https:\/\/gimnasticdetarragona.cat\/es\/wp-json\/wp\/v2\/media\/59567"}],"wp:attachment":[{"href":"https:\/\/gimnasticdetarragona.cat\/es\/wp-json\/wp\/v2\/media?parent=59570"}],"wp:term":[{"taxonomy":"category","embeddable":true,"href":"https:\/\/gimnasticdetarragona.cat\/es\/wp-json\/wp\/v2\/categories?post=59570"},{"taxonomy":"post_tag","embeddable":true,"href":"https:\/\/gimnasticdetarragona.cat\/es\/wp-json\/wp\/v2\/tags?post=59570"}],"curies":[{"name":"wp","href":"https:\/\/api.w.org\/{rel}","templated":true}]}}