{"id":59873,"date":"2016-12-21T18:19:39","date_gmt":"2016-12-21T18:19:39","guid":{"rendered":"https:\/\/clone.gimnasticdetarragona.cat\/manolo-martinez-i-zahibo-al-50e-aniversari-del-joan-23\/"},"modified":"2016-12-21T18:19:39","modified_gmt":"2016-12-21T18:19:39","slug":"manolo-martinez-i-zahibo-al-50e-aniversari-del-joan-23","status":"publish","type":"post","link":"https:\/\/gimnasticdetarragona.cat\/es\/manolo-martinez-i-zahibo-al-50e-aniversari-del-joan-23\/","title":{"rendered":"Manolo Mart\u00ednez i Zahibo en el 50 aniversario del Joan 23"},"content":{"rendered":"<p>Los jugadores del primer equipo Manolo Mart\u00ednez y Wilfried Zahibo han hecho entrega de los premios a los ganadores del concurso de dibujo, con motivo del 50 aniversario del centro sanitario.<\/p>\n<p>Cada mes, ni\u00f1os y ni\u00f1as ingresados en Pediatr\u00eda, hacen un dibujo con tem\u00e1tica libre. Los tres primeros de este mes han recibido los premios de manos del los dos jugadores del N\u00e0stic. Los futbolistas se han desplazado al centro para hacer entrega de los diferentes premios a los ni\u00f1os y ni\u00f1as ganadores del concurso de dibujo \u00ab50 aniversario del Juan XXIII\u00bb.<\/p>\n<p>Los tres dibujos premiados se expondr\u00e1n, durante el mes de enero, en el panel de la planta de Pediatr\u00eda. Al final del concurso, se elegir\u00e1 el mejor dibujo entre los ganadores y se enmarcar\u00e1 y quedar\u00e1 expuesto en la sala de juegos de Pediatr\u00eda del Juan XXIII. Adem\u00e1s, el Gimn\u00e0stic de Tarragona SAD entregar\u00e1, cada mes, un equipamiento completo al ganador y algunos obsequios al segundo y tercer clasificados mensuales, as\u00ed como entradas para ir a ver un partido en el Nou Estadi.<\/p>\n<p>Los ganadores del mes de noviembre han sido: Joel Ram\u00edrez Garc\u00eda, primer premio; Valeria D\u00edaz Casado, segundo premio, y Carla Estradera, tercer premio. Con respecto al mes de diciembre, los ganadores son: Mirna Ramon Gonel, primer premio, Julia G\u00f3mez Borr\u00e1s; segundo premio, y Ruth Castillo Cobacho, tercer premio.<\/p>\n","protected":false},"excerpt":{"rendered":"<p>Los jugadores del primer equipo Manolo Mart\u00ednez y Wilfried Zahibo han hecho entrega de los premios a los ganadores del concurso de dibujo, con motivo del 50 aniversario del centro sanitario.<\/p>\n","protected":false},"author":1,"featured_media":59870,"comment_status":"open","ping_status":"open","sticky":false,"template":"","format":"standard","meta":{"_acf_changed":false,"footnotes":""},"categories":[113,139],"tags":[],"class_list":["post-59873","post","type-post","status-publish","format-standard","has-post-thumbnail","hentry","category-actualidad","category-social"],"acf":[],"yoast_head":"<!-- This site is optimized with the Yoast SEO plugin v27.3 - https:\/\/yoast.com\/product\/yoast-seo-wordpress\/ -->\n<title>Manolo Mart\u00ednez i Zahibo en el 50 aniversario del Joan 23 - Gimn\u00e0stic de Tarragona SAD<\/title>\n<meta name=\"robots\" content=\"index, follow, max-snippet:-1, max-image-preview:large, max-video-preview:-1\" \/>\n<link rel=\"canonical\" href=\"https:\/\/gimnasticdetarragona.cat\/es\/manolo-martinez-i-zahibo-al-50e-aniversari-del-joan-23\/\" \/>\n<meta property=\"og:locale\" content=\"es_ES\" \/>\n<meta property=\"og:type\" content=\"article\" \/>\n<meta property=\"og:title\" content=\"Manolo Mart\u00ednez i Zahibo en el 50 aniversario del Joan 23 - Gimn\u00e0stic de Tarragona SAD\" \/>\n<meta property=\"og:description\" content=\"Los jugadores del primer equipo Manolo Mart\u00ednez y Wilfried Zahibo han hecho entrega de los premios a los ganadores del concurso de dibujo, con motivo del 50 aniversario del centro sanitario.\" \/>\n<meta property=\"og:url\" content=\"https:\/\/gimnasticdetarragona.cat\/es\/manolo-martinez-i-zahibo-al-50e-aniversari-del-joan-23\/\" \/>\n<meta property=\"og:site_name\" content=\"Gimn\u00e0stic de Tarragona SAD\" \/>\n<meta property=\"article:published_time\" content=\"2016-12-21T18:19:39+00:00\" \/>\n<meta property=\"og:image\" content=\"https:\/\/gimnasticdetarragona.cat\/wp-content\/uploads\/2022\/06\/05234813116525.jpg\" \/>\n\t<meta property=\"og:image:width\" content=\"1600\" \/>\n\t<meta property=\"og:image:height\" content=\"1200\" \/>\n\t<meta property=\"og:image:type\" content=\"image\/jpeg\" \/>\n<meta name=\"author\" content=\"desarrollo\" \/>\n<meta name=\"twitter:card\" content=\"summary_large_image\" \/>\n<meta name=\"twitter:creator\" content=\"@NASTICTARRAGONA\" \/>\n<meta name=\"twitter:site\" content=\"@NASTICTARRAGONA\" \/>\n<meta name=\"twitter:label1\" content=\"Escrito por\" \/>\n\t<meta name=\"twitter:data1\" content=\"desarrollo\" \/>\n\t<meta name=\"twitter:label2\" content=\"Tiempo de lectura\" \/>\n\t<meta name=\"twitter:data2\" content=\"1 minuto\" \/>\n<script type=\"application\/ld+json\" class=\"yoast-schema-graph\">{\"@context\":\"https:\\\/\\\/schema.org\",\"@graph\":[{\"@type\":\"Article\",\"@id\":\"https:\\\/\\\/gimnasticdetarragona.cat\\\/es\\\/manolo-martinez-i-zahibo-al-50e-aniversari-del-joan-23\\\/#article\",\"isPartOf\":{\"@id\":\"https:\\\/\\\/gimnasticdetarragona.cat\\\/es\\\/manolo-martinez-i-zahibo-al-50e-aniversari-del-joan-23\\\/\"},\"author\":{\"name\":\"desarrollo\",\"@id\":\"https:\\\/\\\/gimnasticdetarragona.cat\\\/es\\\/#\\\/schema\\\/person\\\/47b6a637abf88f9bd835540f20ea069e\"},\"headline\":\"Manolo Mart\u00ednez i Zahibo en el 50 aniversario del Joan 23\",\"datePublished\":\"2016-12-21T18:19:39+00:00\",\"mainEntityOfPage\":{\"@id\":\"https:\\\/\\\/gimnasticdetarragona.cat\\\/es\\\/manolo-martinez-i-zahibo-al-50e-aniversari-del-joan-23\\\/\"},\"wordCount\":249,\"commentCount\":0,\"publisher\":{\"@id\":\"https:\\\/\\\/gimnasticdetarragona.cat\\\/es\\\/#organization\"},\"image\":{\"@id\":\"https:\\\/\\\/gimnasticdetarragona.cat\\\/es\\\/manolo-martinez-i-zahibo-al-50e-aniversari-del-joan-23\\\/#primaryimage\"},\"thumbnailUrl\":\"https:\\\/\\\/gimnasticdetarragona.cat\\\/wp-content\\\/uploads\\\/2022\\\/06\\\/05234813116525.jpg\",\"articleSection\":[\"Actualidad\",\"Social\"],\"inLanguage\":\"es\"},{\"@type\":\"WebPage\",\"@id\":\"https:\\\/\\\/gimnasticdetarragona.cat\\\/es\\\/manolo-martinez-i-zahibo-al-50e-aniversari-del-joan-23\\\/\",\"url\":\"https:\\\/\\\/gimnasticdetarragona.cat\\\/es\\\/manolo-martinez-i-zahibo-al-50e-aniversari-del-joan-23\\\/\",\"name\":\"Manolo Mart\u00ednez i Zahibo en el 50 aniversario del Joan 23 - Gimn\u00e0stic de Tarragona SAD\",\"isPartOf\":{\"@id\":\"https:\\\/\\\/gimnasticdetarragona.cat\\\/es\\\/#website\"},\"primaryImageOfPage\":{\"@id\":\"https:\\\/\\\/gimnasticdetarragona.cat\\\/es\\\/manolo-martinez-i-zahibo-al-50e-aniversari-del-joan-23\\\/#primaryimage\"},\"image\":{\"@id\":\"https:\\\/\\\/gimnasticdetarragona.cat\\\/es\\\/manolo-martinez-i-zahibo-al-50e-aniversari-del-joan-23\\\/#primaryimage\"},\"thumbnailUrl\":\"https:\\\/\\\/gimnasticdetarragona.cat\\\/wp-content\\\/uploads\\\/2022\\\/06\\\/05234813116525.jpg\",\"datePublished\":\"2016-12-21T18:19:39+00:00\",\"breadcrumb\":{\"@id\":\"https:\\\/\\\/gimnasticdetarragona.cat\\\/es\\\/manolo-martinez-i-zahibo-al-50e-aniversari-del-joan-23\\\/#breadcrumb\"},\"inLanguage\":\"es\",\"potentialAction\":[{\"@type\":\"ReadAction\",\"target\":[\"https:\\\/\\\/gimnasticdetarragona.cat\\\/es\\\/manolo-martinez-i-zahibo-al-50e-aniversari-del-joan-23\\\/\"]}]},{\"@type\":\"ImageObject\",\"inLanguage\":\"es\",\"@id\":\"https:\\\/\\\/gimnasticdetarragona.cat\\\/es\\\/manolo-martinez-i-zahibo-al-50e-aniversari-del-joan-23\\\/#primaryimage\",\"url\":\"https:\\\/\\\/gimnasticdetarragona.cat\\\/wp-content\\\/uploads\\\/2022\\\/06\\\/05234813116525.jpg\",\"contentUrl\":\"https:\\\/\\\/gimnasticdetarragona.cat\\\/wp-content\\\/uploads\\\/2022\\\/06\\\/05234813116525.jpg\",\"width\":1600,\"height\":1200},{\"@type\":\"BreadcrumbList\",\"@id\":\"https:\\\/\\\/gimnasticdetarragona.cat\\\/es\\\/manolo-martinez-i-zahibo-al-50e-aniversari-del-joan-23\\\/#breadcrumb\",\"itemListElement\":[{\"@type\":\"ListItem\",\"position\":1,\"name\":\"Inici\",\"item\":\"https:\\\/\\\/gimnasticdetarragona.cat\\\/es\\\/nastic\\\/\"},{\"@type\":\"ListItem\",\"position\":2,\"name\":\"Manolo Mart\u00ednez i Zahibo en el 50 aniversario del Joan 23\"}]},{\"@type\":\"WebSite\",\"@id\":\"https:\\\/\\\/gimnasticdetarragona.cat\\\/es\\\/#website\",\"url\":\"https:\\\/\\\/gimnasticdetarragona.cat\\\/es\\\/\",\"name\":\"Gimn\u00e0stic de Tarragona SAD\",\"description\":\"Gimn\u00e0stic de Tarragona\",\"publisher\":{\"@id\":\"https:\\\/\\\/gimnasticdetarragona.cat\\\/es\\\/#organization\"},\"potentialAction\":[{\"@type\":\"SearchAction\",\"target\":{\"@type\":\"EntryPoint\",\"urlTemplate\":\"https:\\\/\\\/gimnasticdetarragona.cat\\\/es\\\/?s={search_term_string}\"},\"query-input\":{\"@type\":\"PropertyValueSpecification\",\"valueRequired\":true,\"valueName\":\"search_term_string\"}}],\"inLanguage\":\"es\"},{\"@type\":\"Organization\",\"@id\":\"https:\\\/\\\/gimnasticdetarragona.cat\\\/es\\\/#organization\",\"name\":\"GIMN\u00c0STIC DE TARRAGONA\",\"alternateName\":\"N\u00c0STIC\",\"url\":\"https:\\\/\\\/gimnasticdetarragona.cat\\\/es\\\/\",\"logo\":{\"@type\":\"ImageObject\",\"inLanguage\":\"es\",\"@id\":\"https:\\\/\\\/gimnasticdetarragona.cat\\\/es\\\/#\\\/schema\\\/logo\\\/image\\\/\",\"url\":\"https:\\\/\\\/gimnasticdetarragona.cat\\\/wp-content\\\/uploads\\\/2022\\\/06\\\/cropped-logo-gimnastic.png\",\"contentUrl\":\"https:\\\/\\\/gimnasticdetarragona.cat\\\/wp-content\\\/uploads\\\/2022\\\/06\\\/cropped-logo-gimnastic.png\",\"width\":224,\"height\":83,\"caption\":\"GIMN\u00c0STIC DE TARRAGONA\"},\"image\":{\"@id\":\"https:\\\/\\\/gimnasticdetarragona.cat\\\/es\\\/#\\\/schema\\\/logo\\\/image\\\/\"},\"sameAs\":[\"https:\\\/\\\/x.com\\\/NASTICTARRAGONA\",\"https:\\\/\\\/www.instagram.com\\\/nastictarragona\\\/\"]},{\"@type\":\"Person\",\"@id\":\"https:\\\/\\\/gimnasticdetarragona.cat\\\/es\\\/#\\\/schema\\\/person\\\/47b6a637abf88f9bd835540f20ea069e\",\"name\":\"desarrollo\",\"sameAs\":[\"https:\\\/\\\/clone.gimnasticdetarragona.cat\"]}]}<\/script>\n<!-- \/ Yoast SEO plugin. -->","yoast_head_json":{"title":"Manolo Mart\u00ednez i Zahibo en el 50 aniversario del Joan 23 - Gimn\u00e0stic de Tarragona SAD","robots":{"index":"index","follow":"follow","max-snippet":"max-snippet:-1","max-image-preview":"max-image-preview:large","max-video-preview":"max-video-preview:-1"},"canonical":"https:\/\/gimnasticdetarragona.cat\/es\/manolo-martinez-i-zahibo-al-50e-aniversari-del-joan-23\/","og_locale":"es_ES","og_type":"article","og_title":"Manolo Mart\u00ednez i Zahibo en el 50 aniversario del Joan 23 - Gimn\u00e0stic de Tarragona SAD","og_description":"Los jugadores del primer equipo Manolo Mart\u00ednez y Wilfried Zahibo han hecho entrega de los premios a los ganadores del concurso de dibujo, con motivo del 50 aniversario del centro sanitario.","og_url":"https:\/\/gimnasticdetarragona.cat\/es\/manolo-martinez-i-zahibo-al-50e-aniversari-del-joan-23\/","og_site_name":"Gimn\u00e0stic de Tarragona SAD","article_published_time":"2016-12-21T18:19:39+00:00","og_image":[{"width":1600,"height":1200,"url":"https:\/\/gimnasticdetarragona.cat\/wp-content\/uploads\/2022\/06\/05234813116525.jpg","type":"image\/jpeg"}],"author":"desarrollo","twitter_card":"summary_large_image","twitter_creator":"@NASTICTARRAGONA","twitter_site":"@NASTICTARRAGONA","twitter_misc":{"Escrito por":"desarrollo","Tiempo de lectura":"1 minuto"},"schema":{"@context":"https:\/\/schema.org","@graph":[{"@type":"Article","@id":"https:\/\/gimnasticdetarragona.cat\/es\/manolo-martinez-i-zahibo-al-50e-aniversari-del-joan-23\/#article","isPartOf":{"@id":"https:\/\/gimnasticdetarragona.cat\/es\/manolo-martinez-i-zahibo-al-50e-aniversari-del-joan-23\/"},"author":{"name":"desarrollo","@id":"https:\/\/gimnasticdetarragona.cat\/es\/#\/schema\/person\/47b6a637abf88f9bd835540f20ea069e"},"headline":"Manolo Mart\u00ednez i Zahibo en el 50 aniversario del Joan 23","datePublished":"2016-12-21T18:19:39+00:00","mainEntityOfPage":{"@id":"https:\/\/gimnasticdetarragona.cat\/es\/manolo-martinez-i-zahibo-al-50e-aniversari-del-joan-23\/"},"wordCount":249,"commentCount":0,"publisher":{"@id":"https:\/\/gimnasticdetarragona.cat\/es\/#organization"},"image":{"@id":"https:\/\/gimnasticdetarragona.cat\/es\/manolo-martinez-i-zahibo-al-50e-aniversari-del-joan-23\/#primaryimage"},"thumbnailUrl":"https:\/\/gimnasticdetarragona.cat\/wp-content\/uploads\/2022\/06\/05234813116525.jpg","articleSection":["Actualidad","Social"],"inLanguage":"es"},{"@type":"WebPage","@id":"https:\/\/gimnasticdetarragona.cat\/es\/manolo-martinez-i-zahibo-al-50e-aniversari-del-joan-23\/","url":"https:\/\/gimnasticdetarragona.cat\/es\/manolo-martinez-i-zahibo-al-50e-aniversari-del-joan-23\/","name":"Manolo Mart\u00ednez i Zahibo en el 50 aniversario del Joan 23 - Gimn\u00e0stic de Tarragona SAD","isPartOf":{"@id":"https:\/\/gimnasticdetarragona.cat\/es\/#website"},"primaryImageOfPage":{"@id":"https:\/\/gimnasticdetarragona.cat\/es\/manolo-martinez-i-zahibo-al-50e-aniversari-del-joan-23\/#primaryimage"},"image":{"@id":"https:\/\/gimnasticdetarragona.cat\/es\/manolo-martinez-i-zahibo-al-50e-aniversari-del-joan-23\/#primaryimage"},"thumbnailUrl":"https:\/\/gimnasticdetarragona.cat\/wp-content\/uploads\/2022\/06\/05234813116525.jpg","datePublished":"2016-12-21T18:19:39+00:00","breadcrumb":{"@id":"https:\/\/gimnasticdetarragona.cat\/es\/manolo-martinez-i-zahibo-al-50e-aniversari-del-joan-23\/#breadcrumb"},"inLanguage":"es","potentialAction":[{"@type":"ReadAction","target":["https:\/\/gimnasticdetarragona.cat\/es\/manolo-martinez-i-zahibo-al-50e-aniversari-del-joan-23\/"]}]},{"@type":"ImageObject","inLanguage":"es","@id":"https:\/\/gimnasticdetarragona.cat\/es\/manolo-martinez-i-zahibo-al-50e-aniversari-del-joan-23\/#primaryimage","url":"https:\/\/gimnasticdetarragona.cat\/wp-content\/uploads\/2022\/06\/05234813116525.jpg","contentUrl":"https:\/\/gimnasticdetarragona.cat\/wp-content\/uploads\/2022\/06\/05234813116525.jpg","width":1600,"height":1200},{"@type":"BreadcrumbList","@id":"https:\/\/gimnasticdetarragona.cat\/es\/manolo-martinez-i-zahibo-al-50e-aniversari-del-joan-23\/#breadcrumb","itemListElement":[{"@type":"ListItem","position":1,"name":"Inici","item":"https:\/\/gimnasticdetarragona.cat\/es\/nastic\/"},{"@type":"ListItem","position":2,"name":"Manolo Mart\u00ednez i Zahibo en el 50 aniversario del Joan 23"}]},{"@type":"WebSite","@id":"https:\/\/gimnasticdetarragona.cat\/es\/#website","url":"https:\/\/gimnasticdetarragona.cat\/es\/","name":"Gimn\u00e0stic de Tarragona SAD","description":"Gimn\u00e0stic de Tarragona","publisher":{"@id":"https:\/\/gimnasticdetarragona.cat\/es\/#organization"},"potentialAction":[{"@type":"SearchAction","target":{"@type":"EntryPoint","urlTemplate":"https:\/\/gimnasticdetarragona.cat\/es\/?s={search_term_string}"},"query-input":{"@type":"PropertyValueSpecification","valueRequired":true,"valueName":"search_term_string"}}],"inLanguage":"es"},{"@type":"Organization","@id":"https:\/\/gimnasticdetarragona.cat\/es\/#organization","name":"GIMN\u00c0STIC DE TARRAGONA","alternateName":"N\u00c0STIC","url":"https:\/\/gimnasticdetarragona.cat\/es\/","logo":{"@type":"ImageObject","inLanguage":"es","@id":"https:\/\/gimnasticdetarragona.cat\/es\/#\/schema\/logo\/image\/","url":"https:\/\/gimnasticdetarragona.cat\/wp-content\/uploads\/2022\/06\/cropped-logo-gimnastic.png","contentUrl":"https:\/\/gimnasticdetarragona.cat\/wp-content\/uploads\/2022\/06\/cropped-logo-gimnastic.png","width":224,"height":83,"caption":"GIMN\u00c0STIC DE TARRAGONA"},"image":{"@id":"https:\/\/gimnasticdetarragona.cat\/es\/#\/schema\/logo\/image\/"},"sameAs":["https:\/\/x.com\/NASTICTARRAGONA","https:\/\/www.instagram.com\/nastictarragona\/"]},{"@type":"Person","@id":"https:\/\/gimnasticdetarragona.cat\/es\/#\/schema\/person\/47b6a637abf88f9bd835540f20ea069e","name":"desarrollo","sameAs":["https:\/\/clone.gimnasticdetarragona.cat"]}]}},"_links":{"self":[{"href":"https:\/\/gimnasticdetarragona.cat\/es\/wp-json\/wp\/v2\/posts\/59873","targetHints":{"allow":["GET"]}}],"collection":[{"href":"https:\/\/gimnasticdetarragona.cat\/es\/wp-json\/wp\/v2\/posts"}],"about":[{"href":"https:\/\/gimnasticdetarragona.cat\/es\/wp-json\/wp\/v2\/types\/post"}],"author":[{"embeddable":true,"href":"https:\/\/gimnasticdetarragona.cat\/es\/wp-json\/wp\/v2\/users\/1"}],"replies":[{"embeddable":true,"href":"https:\/\/gimnasticdetarragona.cat\/es\/wp-json\/wp\/v2\/comments?post=59873"}],"version-history":[{"count":0,"href":"https:\/\/gimnasticdetarragona.cat\/es\/wp-json\/wp\/v2\/posts\/59873\/revisions"}],"wp:featuredmedia":[{"embeddable":true,"href":"https:\/\/gimnasticdetarragona.cat\/es\/wp-json\/wp\/v2\/media\/59870"}],"wp:attachment":[{"href":"https:\/\/gimnasticdetarragona.cat\/es\/wp-json\/wp\/v2\/media?parent=59873"}],"wp:term":[{"taxonomy":"category","embeddable":true,"href":"https:\/\/gimnasticdetarragona.cat\/es\/wp-json\/wp\/v2\/categories?post=59873"},{"taxonomy":"post_tag","embeddable":true,"href":"https:\/\/gimnasticdetarragona.cat\/es\/wp-json\/wp\/v2\/tags?post=59873"}],"curies":[{"name":"wp","href":"https:\/\/api.w.org\/{rel}","templated":true}]}}