{"id":59929,"date":"2016-12-14T11:22:02","date_gmt":"2016-12-14T11:22:02","guid":{"rendered":"https:\/\/clone.gimnasticdetarragona.cat\/aquesta-nadal-fes-te-soci-del-nastic-per-a-la-segona-volta\/"},"modified":"2016-12-14T11:22:02","modified_gmt":"2016-12-14T11:22:02","slug":"aquesta-nadal-fes-te-soci-del-nastic-per-a-la-segona-volta","status":"publish","type":"post","link":"https:\/\/gimnasticdetarragona.cat\/es\/aquesta-nadal-fes-te-soci-del-nastic-per-a-la-segona-volta\/","title":{"rendered":"Esta Navidad, hazte socio del N\u00e0stic para la segunda vuelta"},"content":{"rendered":"<p style=\"text-align: justify;\">El Gimn\u00e0stic de Tarragona, SAD anuncia\u00a0la campa\u00f1a de abonos de la segunda vuelta de LaLiga 1|2|3. Esta Navidad, haz tu regalo &#8216;color grana&#8217; mediante el carn\u00e9 de socio del N\u00e0stic y anima a tu equipo desde la grada del Nou Estadi con los amigos y\/o familiares.<\/p>\n<p style=\"text-align: justify;\">El N\u00e0stic inicia hoy la campa\u00f1a de abonos para el segundo tramo del campeonato de liga. Los aficionados grana que a\u00fan no sean socios y formalicen su abono 2016-2017 podr\u00e1n presenciar desde el Nou Estadi los partidos restantes de la primera vuelta; hasta un total de once enfrentamientos que el primer equipo disputar\u00e1 como local desde enero hasta el mes de junio.<\/p>\n<p style=\"text-align: justify;\">Adem\u00e1s, los que se hagan socios en los pr\u00f3ximos d\u00edas tambi\u00e9n tendr\u00e1n incluido el encuentro ante el CD Tenerife; sumando as\u00ed un total de 12 partidos que los nuevos socios podr\u00e1n disfrutar de su equipo. El enfrentamiento ante el conjunto tinerfe\u00f1o ser\u00e1 el \u00faltimo de la primera vuelta y primero del a\u00f1o 2017, correspondiente a la jornada 20 de LaLiga 1|2|3, y se disputar\u00e1 el domingo 8 de enero, a las 16 horas, en el Nou\u00a0Estadi.<\/p>\n<p style=\"text-align: justify;\">Los precios de los abonos para esta segundo tramo del campeonato son de 300\u20ac en la zona de Tribuna, 150\u20ac en Preferente, 120\u20ac en las zonas de Gol y 35\u20ac en la Grada Jove. Los nuevos abonos se efectuar\u00e1n en pago \u00fanico mediante efectivo o tarjeta y se podr\u00e1n formalizar en las oficinas grana o mediante la <a href=\"http:\/\/www.gimnasticdetarragona.cat\/es\/botiga\/\">tienda online<\/a> de la entidad.<\/p>\n<p style=\"text-align: justify;\">Recordamos que el horario de oficinas es de lunes a viernes de 9 a 13.30 horas y de 16 a 19 horas. Mientras que los d\u00edas de partido las oficinas abren dos horas antes del inicio del correspondiente encuentro.<\/p>\n","protected":false},"excerpt":{"rendered":"<p>El Gimn\u00e0stic de Tarragona, SAD anuncia la campa\u00f1a de abonos de la segunda vuelta de LaLiga 1|2|3. Esta Navidad, haz tu regalo &#8216;color grana&#8217; mediante el carn\u00e9 de socio del N\u00e0stic y anima a tu equipo desde la grada del Nou Estadi con los amigos y\/o familiares.<\/p>\n","protected":false},"author":1,"featured_media":59926,"comment_status":"open","ping_status":"open","sticky":false,"template":"","format":"standard","meta":{"_acf_changed":false,"footnotes":""},"categories":[113,121],"tags":[],"class_list":["post-59929","post","type-post","status-publish","format-standard","has-post-thumbnail","hentry","category-actualidad","category-home"],"acf":[],"yoast_head":"<!-- This site is optimized with the Yoast SEO plugin v27.3 - https:\/\/yoast.com\/product\/yoast-seo-wordpress\/ -->\n<title>Esta Navidad, hazte socio del N\u00e0stic para la segunda vuelta - Gimn\u00e0stic de Tarragona SAD<\/title>\n<meta name=\"robots\" content=\"index, follow, max-snippet:-1, max-image-preview:large, max-video-preview:-1\" \/>\n<link rel=\"canonical\" href=\"https:\/\/gimnasticdetarragona.cat\/aquesta-nadal-fes-te-soci-del-nastic-per-a-la-segona-volta\/\" \/>\n<meta property=\"og:locale\" content=\"es_ES\" \/>\n<meta property=\"og:type\" content=\"article\" \/>\n<meta property=\"og:title\" content=\"Esta Navidad, hazte socio del N\u00e0stic para la segunda vuelta - Gimn\u00e0stic de Tarragona SAD\" \/>\n<meta property=\"og:description\" content=\"El Gimn\u00e0stic de Tarragona, SAD anuncia la campa\u00f1a de abonos de la segunda vuelta de LaLiga 1|2|3. Esta Navidad, haz tu regalo &#039;color grana&#039; mediante el carn\u00e9 de socio del N\u00e0stic y anima a tu equipo desde la grada del Nou Estadi con los amigos y\/o familiares.\" \/>\n<meta property=\"og:url\" content=\"https:\/\/gimnasticdetarragona.cat\/aquesta-nadal-fes-te-soci-del-nastic-per-a-la-segona-volta\/\" \/>\n<meta property=\"og:site_name\" content=\"Gimn\u00e0stic de Tarragona SAD\" \/>\n<meta property=\"article:published_time\" content=\"2016-12-14T11:22:02+00:00\" \/>\n<meta property=\"og:image\" content=\"https:\/\/gimnasticdetarragona.cat\/wp-content\/uploads\/2022\/06\/05234807116297.png\" \/>\n\t<meta property=\"og:image:width\" content=\"794\" \/>\n\t<meta property=\"og:image:height\" content=\"397\" \/>\n\t<meta property=\"og:image:type\" content=\"image\/png\" \/>\n<meta name=\"author\" content=\"desarrollo\" \/>\n<meta name=\"twitter:card\" content=\"summary_large_image\" \/>\n<meta name=\"twitter:creator\" content=\"@NASTICTARRAGONA\" \/>\n<meta name=\"twitter:site\" content=\"@NASTICTARRAGONA\" \/>\n<meta name=\"twitter:label1\" content=\"Escrito por\" \/>\n\t<meta name=\"twitter:data1\" content=\"desarrollo\" \/>\n\t<meta name=\"twitter:label2\" content=\"Tiempo de lectura\" \/>\n\t<meta name=\"twitter:data2\" content=\"1 minuto\" \/>\n<script type=\"application\/ld+json\" class=\"yoast-schema-graph\">{\"@context\":\"https:\\\/\\\/schema.org\",\"@graph\":[{\"@type\":\"Article\",\"@id\":\"https:\\\/\\\/gimnasticdetarragona.cat\\\/aquesta-nadal-fes-te-soci-del-nastic-per-a-la-segona-volta\\\/#article\",\"isPartOf\":{\"@id\":\"https:\\\/\\\/gimnasticdetarragona.cat\\\/aquesta-nadal-fes-te-soci-del-nastic-per-a-la-segona-volta\\\/\"},\"author\":{\"name\":\"desarrollo\",\"@id\":\"https:\\\/\\\/gimnasticdetarragona.cat\\\/es\\\/#\\\/schema\\\/person\\\/47b6a637abf88f9bd835540f20ea069e\"},\"headline\":\"Esta Navidad, hazte socio del N\u00e0stic para la segunda vuelta\",\"datePublished\":\"2016-12-14T11:22:02+00:00\",\"mainEntityOfPage\":{\"@id\":\"https:\\\/\\\/gimnasticdetarragona.cat\\\/aquesta-nadal-fes-te-soci-del-nastic-per-a-la-segona-volta\\\/\"},\"wordCount\":302,\"commentCount\":0,\"publisher\":{\"@id\":\"https:\\\/\\\/gimnasticdetarragona.cat\\\/es\\\/#organization\"},\"image\":{\"@id\":\"https:\\\/\\\/gimnasticdetarragona.cat\\\/aquesta-nadal-fes-te-soci-del-nastic-per-a-la-segona-volta\\\/#primaryimage\"},\"thumbnailUrl\":\"https:\\\/\\\/gimnasticdetarragona.cat\\\/wp-content\\\/uploads\\\/2022\\\/06\\\/05234807116297.png\",\"articleSection\":[\"Actualidad\",\"Home\"],\"inLanguage\":\"es\"},{\"@type\":\"WebPage\",\"@id\":\"https:\\\/\\\/gimnasticdetarragona.cat\\\/aquesta-nadal-fes-te-soci-del-nastic-per-a-la-segona-volta\\\/\",\"url\":\"https:\\\/\\\/gimnasticdetarragona.cat\\\/aquesta-nadal-fes-te-soci-del-nastic-per-a-la-segona-volta\\\/\",\"name\":\"Esta Navidad, hazte socio del N\u00e0stic para la segunda vuelta - Gimn\u00e0stic de Tarragona SAD\",\"isPartOf\":{\"@id\":\"https:\\\/\\\/gimnasticdetarragona.cat\\\/es\\\/#website\"},\"primaryImageOfPage\":{\"@id\":\"https:\\\/\\\/gimnasticdetarragona.cat\\\/aquesta-nadal-fes-te-soci-del-nastic-per-a-la-segona-volta\\\/#primaryimage\"},\"image\":{\"@id\":\"https:\\\/\\\/gimnasticdetarragona.cat\\\/aquesta-nadal-fes-te-soci-del-nastic-per-a-la-segona-volta\\\/#primaryimage\"},\"thumbnailUrl\":\"https:\\\/\\\/gimnasticdetarragona.cat\\\/wp-content\\\/uploads\\\/2022\\\/06\\\/05234807116297.png\",\"datePublished\":\"2016-12-14T11:22:02+00:00\",\"breadcrumb\":{\"@id\":\"https:\\\/\\\/gimnasticdetarragona.cat\\\/aquesta-nadal-fes-te-soci-del-nastic-per-a-la-segona-volta\\\/#breadcrumb\"},\"inLanguage\":\"es\",\"potentialAction\":[{\"@type\":\"ReadAction\",\"target\":[\"https:\\\/\\\/gimnasticdetarragona.cat\\\/aquesta-nadal-fes-te-soci-del-nastic-per-a-la-segona-volta\\\/\"]}]},{\"@type\":\"ImageObject\",\"inLanguage\":\"es\",\"@id\":\"https:\\\/\\\/gimnasticdetarragona.cat\\\/aquesta-nadal-fes-te-soci-del-nastic-per-a-la-segona-volta\\\/#primaryimage\",\"url\":\"https:\\\/\\\/gimnasticdetarragona.cat\\\/wp-content\\\/uploads\\\/2022\\\/06\\\/05234807116297.png\",\"contentUrl\":\"https:\\\/\\\/gimnasticdetarragona.cat\\\/wp-content\\\/uploads\\\/2022\\\/06\\\/05234807116297.png\",\"width\":794,\"height\":397},{\"@type\":\"BreadcrumbList\",\"@id\":\"https:\\\/\\\/gimnasticdetarragona.cat\\\/aquesta-nadal-fes-te-soci-del-nastic-per-a-la-segona-volta\\\/#breadcrumb\",\"itemListElement\":[{\"@type\":\"ListItem\",\"position\":1,\"name\":\"Inici\",\"item\":\"https:\\\/\\\/gimnasticdetarragona.cat\\\/es\\\/nastic\\\/\"},{\"@type\":\"ListItem\",\"position\":2,\"name\":\"Esta Navidad, hazte socio del N\u00e0stic para la segunda vuelta\"}]},{\"@type\":\"WebSite\",\"@id\":\"https:\\\/\\\/gimnasticdetarragona.cat\\\/es\\\/#website\",\"url\":\"https:\\\/\\\/gimnasticdetarragona.cat\\\/es\\\/\",\"name\":\"Gimn\u00e0stic de Tarragona SAD\",\"description\":\"Gimn\u00e0stic de Tarragona\",\"publisher\":{\"@id\":\"https:\\\/\\\/gimnasticdetarragona.cat\\\/es\\\/#organization\"},\"potentialAction\":[{\"@type\":\"SearchAction\",\"target\":{\"@type\":\"EntryPoint\",\"urlTemplate\":\"https:\\\/\\\/gimnasticdetarragona.cat\\\/es\\\/?s={search_term_string}\"},\"query-input\":{\"@type\":\"PropertyValueSpecification\",\"valueRequired\":true,\"valueName\":\"search_term_string\"}}],\"inLanguage\":\"es\"},{\"@type\":\"Organization\",\"@id\":\"https:\\\/\\\/gimnasticdetarragona.cat\\\/es\\\/#organization\",\"name\":\"GIMN\u00c0STIC DE TARRAGONA\",\"alternateName\":\"N\u00c0STIC\",\"url\":\"https:\\\/\\\/gimnasticdetarragona.cat\\\/es\\\/\",\"logo\":{\"@type\":\"ImageObject\",\"inLanguage\":\"es\",\"@id\":\"https:\\\/\\\/gimnasticdetarragona.cat\\\/es\\\/#\\\/schema\\\/logo\\\/image\\\/\",\"url\":\"https:\\\/\\\/gimnasticdetarragona.cat\\\/wp-content\\\/uploads\\\/2022\\\/06\\\/cropped-logo-gimnastic.png\",\"contentUrl\":\"https:\\\/\\\/gimnasticdetarragona.cat\\\/wp-content\\\/uploads\\\/2022\\\/06\\\/cropped-logo-gimnastic.png\",\"width\":224,\"height\":83,\"caption\":\"GIMN\u00c0STIC DE TARRAGONA\"},\"image\":{\"@id\":\"https:\\\/\\\/gimnasticdetarragona.cat\\\/es\\\/#\\\/schema\\\/logo\\\/image\\\/\"},\"sameAs\":[\"https:\\\/\\\/x.com\\\/NASTICTARRAGONA\",\"https:\\\/\\\/www.instagram.com\\\/nastictarragona\\\/\"]},{\"@type\":\"Person\",\"@id\":\"https:\\\/\\\/gimnasticdetarragona.cat\\\/es\\\/#\\\/schema\\\/person\\\/47b6a637abf88f9bd835540f20ea069e\",\"name\":\"desarrollo\",\"sameAs\":[\"https:\\\/\\\/clone.gimnasticdetarragona.cat\"]}]}<\/script>\n<!-- \/ Yoast SEO plugin. -->","yoast_head_json":{"title":"Esta Navidad, hazte socio del N\u00e0stic para la segunda vuelta - Gimn\u00e0stic de Tarragona SAD","robots":{"index":"index","follow":"follow","max-snippet":"max-snippet:-1","max-image-preview":"max-image-preview:large","max-video-preview":"max-video-preview:-1"},"canonical":"https:\/\/gimnasticdetarragona.cat\/aquesta-nadal-fes-te-soci-del-nastic-per-a-la-segona-volta\/","og_locale":"es_ES","og_type":"article","og_title":"Esta Navidad, hazte socio del N\u00e0stic para la segunda vuelta - Gimn\u00e0stic de Tarragona SAD","og_description":"El Gimn\u00e0stic de Tarragona, SAD anuncia la campa\u00f1a de abonos de la segunda vuelta de LaLiga 1|2|3. Esta Navidad, haz tu regalo 'color grana' mediante el carn\u00e9 de socio del N\u00e0stic y anima a tu equipo desde la grada del Nou Estadi con los amigos y\/o familiares.","og_url":"https:\/\/gimnasticdetarragona.cat\/aquesta-nadal-fes-te-soci-del-nastic-per-a-la-segona-volta\/","og_site_name":"Gimn\u00e0stic de Tarragona SAD","article_published_time":"2016-12-14T11:22:02+00:00","og_image":[{"width":794,"height":397,"url":"https:\/\/gimnasticdetarragona.cat\/wp-content\/uploads\/2022\/06\/05234807116297.png","type":"image\/png"}],"author":"desarrollo","twitter_card":"summary_large_image","twitter_creator":"@NASTICTARRAGONA","twitter_site":"@NASTICTARRAGONA","twitter_misc":{"Escrito por":"desarrollo","Tiempo de lectura":"1 minuto"},"schema":{"@context":"https:\/\/schema.org","@graph":[{"@type":"Article","@id":"https:\/\/gimnasticdetarragona.cat\/aquesta-nadal-fes-te-soci-del-nastic-per-a-la-segona-volta\/#article","isPartOf":{"@id":"https:\/\/gimnasticdetarragona.cat\/aquesta-nadal-fes-te-soci-del-nastic-per-a-la-segona-volta\/"},"author":{"name":"desarrollo","@id":"https:\/\/gimnasticdetarragona.cat\/es\/#\/schema\/person\/47b6a637abf88f9bd835540f20ea069e"},"headline":"Esta Navidad, hazte socio del N\u00e0stic para la segunda vuelta","datePublished":"2016-12-14T11:22:02+00:00","mainEntityOfPage":{"@id":"https:\/\/gimnasticdetarragona.cat\/aquesta-nadal-fes-te-soci-del-nastic-per-a-la-segona-volta\/"},"wordCount":302,"commentCount":0,"publisher":{"@id":"https:\/\/gimnasticdetarragona.cat\/es\/#organization"},"image":{"@id":"https:\/\/gimnasticdetarragona.cat\/aquesta-nadal-fes-te-soci-del-nastic-per-a-la-segona-volta\/#primaryimage"},"thumbnailUrl":"https:\/\/gimnasticdetarragona.cat\/wp-content\/uploads\/2022\/06\/05234807116297.png","articleSection":["Actualidad","Home"],"inLanguage":"es"},{"@type":"WebPage","@id":"https:\/\/gimnasticdetarragona.cat\/aquesta-nadal-fes-te-soci-del-nastic-per-a-la-segona-volta\/","url":"https:\/\/gimnasticdetarragona.cat\/aquesta-nadal-fes-te-soci-del-nastic-per-a-la-segona-volta\/","name":"Esta Navidad, hazte socio del N\u00e0stic para la segunda vuelta - Gimn\u00e0stic de Tarragona SAD","isPartOf":{"@id":"https:\/\/gimnasticdetarragona.cat\/es\/#website"},"primaryImageOfPage":{"@id":"https:\/\/gimnasticdetarragona.cat\/aquesta-nadal-fes-te-soci-del-nastic-per-a-la-segona-volta\/#primaryimage"},"image":{"@id":"https:\/\/gimnasticdetarragona.cat\/aquesta-nadal-fes-te-soci-del-nastic-per-a-la-segona-volta\/#primaryimage"},"thumbnailUrl":"https:\/\/gimnasticdetarragona.cat\/wp-content\/uploads\/2022\/06\/05234807116297.png","datePublished":"2016-12-14T11:22:02+00:00","breadcrumb":{"@id":"https:\/\/gimnasticdetarragona.cat\/aquesta-nadal-fes-te-soci-del-nastic-per-a-la-segona-volta\/#breadcrumb"},"inLanguage":"es","potentialAction":[{"@type":"ReadAction","target":["https:\/\/gimnasticdetarragona.cat\/aquesta-nadal-fes-te-soci-del-nastic-per-a-la-segona-volta\/"]}]},{"@type":"ImageObject","inLanguage":"es","@id":"https:\/\/gimnasticdetarragona.cat\/aquesta-nadal-fes-te-soci-del-nastic-per-a-la-segona-volta\/#primaryimage","url":"https:\/\/gimnasticdetarragona.cat\/wp-content\/uploads\/2022\/06\/05234807116297.png","contentUrl":"https:\/\/gimnasticdetarragona.cat\/wp-content\/uploads\/2022\/06\/05234807116297.png","width":794,"height":397},{"@type":"BreadcrumbList","@id":"https:\/\/gimnasticdetarragona.cat\/aquesta-nadal-fes-te-soci-del-nastic-per-a-la-segona-volta\/#breadcrumb","itemListElement":[{"@type":"ListItem","position":1,"name":"Inici","item":"https:\/\/gimnasticdetarragona.cat\/es\/nastic\/"},{"@type":"ListItem","position":2,"name":"Esta Navidad, hazte socio del N\u00e0stic para la segunda vuelta"}]},{"@type":"WebSite","@id":"https:\/\/gimnasticdetarragona.cat\/es\/#website","url":"https:\/\/gimnasticdetarragona.cat\/es\/","name":"Gimn\u00e0stic de Tarragona SAD","description":"Gimn\u00e0stic de Tarragona","publisher":{"@id":"https:\/\/gimnasticdetarragona.cat\/es\/#organization"},"potentialAction":[{"@type":"SearchAction","target":{"@type":"EntryPoint","urlTemplate":"https:\/\/gimnasticdetarragona.cat\/es\/?s={search_term_string}"},"query-input":{"@type":"PropertyValueSpecification","valueRequired":true,"valueName":"search_term_string"}}],"inLanguage":"es"},{"@type":"Organization","@id":"https:\/\/gimnasticdetarragona.cat\/es\/#organization","name":"GIMN\u00c0STIC DE TARRAGONA","alternateName":"N\u00c0STIC","url":"https:\/\/gimnasticdetarragona.cat\/es\/","logo":{"@type":"ImageObject","inLanguage":"es","@id":"https:\/\/gimnasticdetarragona.cat\/es\/#\/schema\/logo\/image\/","url":"https:\/\/gimnasticdetarragona.cat\/wp-content\/uploads\/2022\/06\/cropped-logo-gimnastic.png","contentUrl":"https:\/\/gimnasticdetarragona.cat\/wp-content\/uploads\/2022\/06\/cropped-logo-gimnastic.png","width":224,"height":83,"caption":"GIMN\u00c0STIC DE TARRAGONA"},"image":{"@id":"https:\/\/gimnasticdetarragona.cat\/es\/#\/schema\/logo\/image\/"},"sameAs":["https:\/\/x.com\/NASTICTARRAGONA","https:\/\/www.instagram.com\/nastictarragona\/"]},{"@type":"Person","@id":"https:\/\/gimnasticdetarragona.cat\/es\/#\/schema\/person\/47b6a637abf88f9bd835540f20ea069e","name":"desarrollo","sameAs":["https:\/\/clone.gimnasticdetarragona.cat"]}]}},"_links":{"self":[{"href":"https:\/\/gimnasticdetarragona.cat\/es\/wp-json\/wp\/v2\/posts\/59929","targetHints":{"allow":["GET"]}}],"collection":[{"href":"https:\/\/gimnasticdetarragona.cat\/es\/wp-json\/wp\/v2\/posts"}],"about":[{"href":"https:\/\/gimnasticdetarragona.cat\/es\/wp-json\/wp\/v2\/types\/post"}],"author":[{"embeddable":true,"href":"https:\/\/gimnasticdetarragona.cat\/es\/wp-json\/wp\/v2\/users\/1"}],"replies":[{"embeddable":true,"href":"https:\/\/gimnasticdetarragona.cat\/es\/wp-json\/wp\/v2\/comments?post=59929"}],"version-history":[{"count":0,"href":"https:\/\/gimnasticdetarragona.cat\/es\/wp-json\/wp\/v2\/posts\/59929\/revisions"}],"wp:featuredmedia":[{"embeddable":true,"href":"https:\/\/gimnasticdetarragona.cat\/es\/wp-json\/wp\/v2\/media\/59926"}],"wp:attachment":[{"href":"https:\/\/gimnasticdetarragona.cat\/es\/wp-json\/wp\/v2\/media?parent=59929"}],"wp:term":[{"taxonomy":"category","embeddable":true,"href":"https:\/\/gimnasticdetarragona.cat\/es\/wp-json\/wp\/v2\/categories?post=59929"},{"taxonomy":"post_tag","embeddable":true,"href":"https:\/\/gimnasticdetarragona.cat\/es\/wp-json\/wp\/v2\/tags?post=59929"}],"curies":[{"name":"wp","href":"https:\/\/api.w.org\/{rel}","templated":true}]}}