{"id":60003,"date":"2016-12-05T15:01:02","date_gmt":"2016-12-05T15:01:02","guid":{"rendered":"https:\/\/clone.gimnasticdetarragona.cat\/el-juvenil-a-a-punt-de-donar-la-campanada-amb-10-contra-el-barca\/"},"modified":"2016-12-05T15:01:02","modified_gmt":"2016-12-05T15:01:02","slug":"el-juvenil-a-a-punt-de-donar-la-campanada-amb-10-contra-el-barca","status":"publish","type":"post","link":"https:\/\/gimnasticdetarragona.cat\/es\/el-juvenil-a-a-punt-de-donar-la-campanada-amb-10-contra-el-barca\/","title":{"rendered":"El Juvenil \u2018A\u2019 a punt de donar la campanada, amb 10, contra el Bar\u00e7a"},"content":{"rendered":"<p style=\"text-align: justify;\">Els de Manel Cazorla van quedar-se a un pas de donar la sorpresa i empatar amb el l\u00edder, el Bar\u00e7a.<\/p>\n<p style=\"text-align: justify;\">Els grana arribaven en una molt bona din\u00e0mica de sensacions i resultats i volien aprofitar l\u2019empenta de els darreres jornades per plantar cara al l\u00edder, el Bar\u00e7a. Els de Cazorla van comen\u00e7ar el partit s\u00f2lids, i buscant disputar-li la possessi\u00f3 als blaugranes, per\u00f2 un gol de penal als inicis de partit va donar ales als visitants que, en menys de 10 minuts, es van posar 0-2. Els tarragonins van saber refer-se i aprofitant un xut e falta van retallar dist\u00e0ncies amb el 1-2 abans de marxar a vestidors.<\/p>\n<p style=\"text-align: justify;\">A la segona els locals van voler mantenir el gui\u00f3, agrupant les l\u00ednies i buscant combinar per trobar bones ocasions entre la defensa culer. L\u2019expulsi\u00f3 d\u2019un dels jugadors del N\u00e0stic als 10 minuts de la represa va condicionar, definitivament, als de Cazorla. Amb un menys, el Bar\u00e7a va gaudir de la possessi\u00f3 enfront un N\u00e0stic replegat que buscava les seves ocasions a la contra. I les va tenir, de fer, en els darrers minuts del matx els tarragonins van disposar de dues ocasions molt clares de gol. Verge, casi al darrer minut, va estar a punt de fer el gol de l\u2019empat per\u00f2 el seu xut el va treure un defensa sobre la mateixa l\u00ednia de gol.<\/p>\n<p style=\"text-align: justify;\">Al final del partit e t\u00e8cnic del Juvenil, Manel Cazorla, es mostrava molt satisfet amb el treball dels seus homes. \u201cEstem molt contents amb la imatge de l\u2019equip. Hem donat la cara en tot moment contra el l\u00edder i hem pogut empatar el partit. Despr\u00e9s de jugar casi 55 minuts amb un home menys hem gaudit d\u2019ocasions molt clares per fer el 2-2 per\u00f2 ens ha faltat fortuna. Crec que l\u2019empat hagu\u00e9s estat un marcador just per la feina i pel que s\u2019ha vist sobre la gespa. Hem aconseguit fins a 8 c\u00f3rners contra el millor equip de la categoria, mentre que ells n\u2019han tingut tan sols un, aix\u00f2 demostra fins a quin punt hem estat a l\u2019al\u00e7ada del rival\u201d.<\/p>\n<p style=\"text-align: justify;\">Els grana tindran la propera jornada un nou rival de nivell i \u00e9s que els visita l\u2019Espanyol, segon classificat de la categoria. El matx es jugar\u00e0 a les instal\u00b7lacions del N\u00e0stic el diumenge 11 a partir de les 17 hores.<\/p>\n","protected":false},"excerpt":{"rendered":"<p>Els de Manel Cazorla van quedar-se a un pas de donar la sorpresa i empatar amb el l\u00edder, el Bar\u00e7a.<\/p>\n","protected":false},"author":1,"featured_media":60000,"comment_status":"open","ping_status":"open","sticky":false,"template":"","format":"standard","meta":{"_acf_changed":false,"footnotes":""},"categories":[113,117],"tags":[],"class_list":["post-60003","post","type-post","status-publish","format-standard","has-post-thumbnail","hentry","category-actualidad","category-futbol-base"],"acf":[],"yoast_head":"<!-- This site is optimized with the Yoast SEO plugin v27.3 - https:\/\/yoast.com\/product\/yoast-seo-wordpress\/ -->\n<title>El Juvenil \u2018A\u2019 a punt de donar la campanada, amb 10, contra el Bar\u00e7a - Gimn\u00e0stic de Tarragona SAD<\/title>\n<meta name=\"robots\" content=\"index, follow, max-snippet:-1, max-image-preview:large, max-video-preview:-1\" \/>\n<link rel=\"canonical\" href=\"https:\/\/gimnasticdetarragona.cat\/es\/el-juvenil-a-a-punt-de-donar-la-campanada-amb-10-contra-el-barca\/\" \/>\n<meta property=\"og:locale\" content=\"es_ES\" \/>\n<meta property=\"og:type\" content=\"article\" \/>\n<meta property=\"og:title\" content=\"El Juvenil \u2018A\u2019 a punt de donar la campanada, amb 10, contra el Bar\u00e7a - Gimn\u00e0stic de Tarragona SAD\" \/>\n<meta property=\"og:description\" content=\"Els de Manel Cazorla van quedar-se a un pas de donar la sorpresa i empatar amb el l\u00edder, el Bar\u00e7a.\" \/>\n<meta property=\"og:url\" content=\"https:\/\/gimnasticdetarragona.cat\/es\/el-juvenil-a-a-punt-de-donar-la-campanada-amb-10-contra-el-barca\/\" \/>\n<meta property=\"og:site_name\" content=\"Gimn\u00e0stic de Tarragona SAD\" \/>\n<meta property=\"article:published_time\" content=\"2016-12-05T15:01:02+00:00\" \/>\n<meta property=\"og:image\" content=\"https:\/\/gimnasticdetarragona.cat\/wp-content\/uploads\/2022\/06\/05234746116015.png\" \/>\n\t<meta property=\"og:image:width\" content=\"1211\" \/>\n\t<meta property=\"og:image:height\" content=\"804\" \/>\n\t<meta property=\"og:image:type\" content=\"image\/png\" \/>\n<meta name=\"author\" content=\"desarrollo\" \/>\n<meta name=\"twitter:card\" content=\"summary_large_image\" \/>\n<meta name=\"twitter:creator\" content=\"@NASTICTARRAGONA\" \/>\n<meta name=\"twitter:site\" content=\"@NASTICTARRAGONA\" \/>\n<meta name=\"twitter:label1\" content=\"Escrito por\" \/>\n\t<meta name=\"twitter:data1\" content=\"desarrollo\" \/>\n\t<meta name=\"twitter:label2\" content=\"Tiempo de lectura\" \/>\n\t<meta name=\"twitter:data2\" content=\"2 minutos\" \/>\n<script type=\"application\/ld+json\" class=\"yoast-schema-graph\">{\"@context\":\"https:\\\/\\\/schema.org\",\"@graph\":[{\"@type\":\"Article\",\"@id\":\"https:\\\/\\\/gimnasticdetarragona.cat\\\/es\\\/el-juvenil-a-a-punt-de-donar-la-campanada-amb-10-contra-el-barca\\\/#article\",\"isPartOf\":{\"@id\":\"https:\\\/\\\/gimnasticdetarragona.cat\\\/es\\\/el-juvenil-a-a-punt-de-donar-la-campanada-amb-10-contra-el-barca\\\/\"},\"author\":{\"name\":\"desarrollo\",\"@id\":\"https:\\\/\\\/gimnasticdetarragona.cat\\\/es\\\/#\\\/schema\\\/person\\\/47b6a637abf88f9bd835540f20ea069e\"},\"headline\":\"El Juvenil \u2018A\u2019 a punt de donar la campanada, amb 10, contra el Bar\u00e7a\",\"datePublished\":\"2016-12-05T15:01:02+00:00\",\"mainEntityOfPage\":{\"@id\":\"https:\\\/\\\/gimnasticdetarragona.cat\\\/es\\\/el-juvenil-a-a-punt-de-donar-la-campanada-amb-10-contra-el-barca\\\/\"},\"wordCount\":425,\"commentCount\":0,\"publisher\":{\"@id\":\"https:\\\/\\\/gimnasticdetarragona.cat\\\/es\\\/#organization\"},\"image\":{\"@id\":\"https:\\\/\\\/gimnasticdetarragona.cat\\\/es\\\/el-juvenil-a-a-punt-de-donar-la-campanada-amb-10-contra-el-barca\\\/#primaryimage\"},\"thumbnailUrl\":\"https:\\\/\\\/gimnasticdetarragona.cat\\\/wp-content\\\/uploads\\\/2022\\\/06\\\/05234746116015.png\",\"articleSection\":[\"Actualidad\",\"F\u00fatbol Base\"],\"inLanguage\":\"es\"},{\"@type\":\"WebPage\",\"@id\":\"https:\\\/\\\/gimnasticdetarragona.cat\\\/es\\\/el-juvenil-a-a-punt-de-donar-la-campanada-amb-10-contra-el-barca\\\/\",\"url\":\"https:\\\/\\\/gimnasticdetarragona.cat\\\/es\\\/el-juvenil-a-a-punt-de-donar-la-campanada-amb-10-contra-el-barca\\\/\",\"name\":\"El Juvenil \u2018A\u2019 a punt de donar la campanada, amb 10, contra el Bar\u00e7a - Gimn\u00e0stic de Tarragona SAD\",\"isPartOf\":{\"@id\":\"https:\\\/\\\/gimnasticdetarragona.cat\\\/es\\\/#website\"},\"primaryImageOfPage\":{\"@id\":\"https:\\\/\\\/gimnasticdetarragona.cat\\\/es\\\/el-juvenil-a-a-punt-de-donar-la-campanada-amb-10-contra-el-barca\\\/#primaryimage\"},\"image\":{\"@id\":\"https:\\\/\\\/gimnasticdetarragona.cat\\\/es\\\/el-juvenil-a-a-punt-de-donar-la-campanada-amb-10-contra-el-barca\\\/#primaryimage\"},\"thumbnailUrl\":\"https:\\\/\\\/gimnasticdetarragona.cat\\\/wp-content\\\/uploads\\\/2022\\\/06\\\/05234746116015.png\",\"datePublished\":\"2016-12-05T15:01:02+00:00\",\"breadcrumb\":{\"@id\":\"https:\\\/\\\/gimnasticdetarragona.cat\\\/es\\\/el-juvenil-a-a-punt-de-donar-la-campanada-amb-10-contra-el-barca\\\/#breadcrumb\"},\"inLanguage\":\"es\",\"potentialAction\":[{\"@type\":\"ReadAction\",\"target\":[\"https:\\\/\\\/gimnasticdetarragona.cat\\\/es\\\/el-juvenil-a-a-punt-de-donar-la-campanada-amb-10-contra-el-barca\\\/\"]}]},{\"@type\":\"ImageObject\",\"inLanguage\":\"es\",\"@id\":\"https:\\\/\\\/gimnasticdetarragona.cat\\\/es\\\/el-juvenil-a-a-punt-de-donar-la-campanada-amb-10-contra-el-barca\\\/#primaryimage\",\"url\":\"https:\\\/\\\/gimnasticdetarragona.cat\\\/wp-content\\\/uploads\\\/2022\\\/06\\\/05234746116015.png\",\"contentUrl\":\"https:\\\/\\\/gimnasticdetarragona.cat\\\/wp-content\\\/uploads\\\/2022\\\/06\\\/05234746116015.png\",\"width\":1211,\"height\":804},{\"@type\":\"BreadcrumbList\",\"@id\":\"https:\\\/\\\/gimnasticdetarragona.cat\\\/es\\\/el-juvenil-a-a-punt-de-donar-la-campanada-amb-10-contra-el-barca\\\/#breadcrumb\",\"itemListElement\":[{\"@type\":\"ListItem\",\"position\":1,\"name\":\"Inici\",\"item\":\"https:\\\/\\\/gimnasticdetarragona.cat\\\/es\\\/nastic\\\/\"},{\"@type\":\"ListItem\",\"position\":2,\"name\":\"El Juvenil \u2018A\u2019 a punt de donar la campanada, amb 10, contra el Bar\u00e7a\"}]},{\"@type\":\"WebSite\",\"@id\":\"https:\\\/\\\/gimnasticdetarragona.cat\\\/es\\\/#website\",\"url\":\"https:\\\/\\\/gimnasticdetarragona.cat\\\/es\\\/\",\"name\":\"Gimn\u00e0stic de Tarragona SAD\",\"description\":\"Gimn\u00e0stic de Tarragona\",\"publisher\":{\"@id\":\"https:\\\/\\\/gimnasticdetarragona.cat\\\/es\\\/#organization\"},\"potentialAction\":[{\"@type\":\"SearchAction\",\"target\":{\"@type\":\"EntryPoint\",\"urlTemplate\":\"https:\\\/\\\/gimnasticdetarragona.cat\\\/es\\\/?s={search_term_string}\"},\"query-input\":{\"@type\":\"PropertyValueSpecification\",\"valueRequired\":true,\"valueName\":\"search_term_string\"}}],\"inLanguage\":\"es\"},{\"@type\":\"Organization\",\"@id\":\"https:\\\/\\\/gimnasticdetarragona.cat\\\/es\\\/#organization\",\"name\":\"GIMN\u00c0STIC DE TARRAGONA\",\"alternateName\":\"N\u00c0STIC\",\"url\":\"https:\\\/\\\/gimnasticdetarragona.cat\\\/es\\\/\",\"logo\":{\"@type\":\"ImageObject\",\"inLanguage\":\"es\",\"@id\":\"https:\\\/\\\/gimnasticdetarragona.cat\\\/es\\\/#\\\/schema\\\/logo\\\/image\\\/\",\"url\":\"https:\\\/\\\/gimnasticdetarragona.cat\\\/wp-content\\\/uploads\\\/2022\\\/06\\\/cropped-logo-gimnastic.png\",\"contentUrl\":\"https:\\\/\\\/gimnasticdetarragona.cat\\\/wp-content\\\/uploads\\\/2022\\\/06\\\/cropped-logo-gimnastic.png\",\"width\":224,\"height\":83,\"caption\":\"GIMN\u00c0STIC DE TARRAGONA\"},\"image\":{\"@id\":\"https:\\\/\\\/gimnasticdetarragona.cat\\\/es\\\/#\\\/schema\\\/logo\\\/image\\\/\"},\"sameAs\":[\"https:\\\/\\\/x.com\\\/NASTICTARRAGONA\",\"https:\\\/\\\/www.instagram.com\\\/nastictarragona\\\/\"]},{\"@type\":\"Person\",\"@id\":\"https:\\\/\\\/gimnasticdetarragona.cat\\\/es\\\/#\\\/schema\\\/person\\\/47b6a637abf88f9bd835540f20ea069e\",\"name\":\"desarrollo\",\"sameAs\":[\"https:\\\/\\\/clone.gimnasticdetarragona.cat\"]}]}<\/script>\n<!-- \/ Yoast SEO plugin. -->","yoast_head_json":{"title":"El Juvenil \u2018A\u2019 a punt de donar la campanada, amb 10, contra el Bar\u00e7a - Gimn\u00e0stic de Tarragona SAD","robots":{"index":"index","follow":"follow","max-snippet":"max-snippet:-1","max-image-preview":"max-image-preview:large","max-video-preview":"max-video-preview:-1"},"canonical":"https:\/\/gimnasticdetarragona.cat\/es\/el-juvenil-a-a-punt-de-donar-la-campanada-amb-10-contra-el-barca\/","og_locale":"es_ES","og_type":"article","og_title":"El Juvenil \u2018A\u2019 a punt de donar la campanada, amb 10, contra el Bar\u00e7a - Gimn\u00e0stic de Tarragona SAD","og_description":"Els de Manel Cazorla van quedar-se a un pas de donar la sorpresa i empatar amb el l\u00edder, el Bar\u00e7a.","og_url":"https:\/\/gimnasticdetarragona.cat\/es\/el-juvenil-a-a-punt-de-donar-la-campanada-amb-10-contra-el-barca\/","og_site_name":"Gimn\u00e0stic de Tarragona SAD","article_published_time":"2016-12-05T15:01:02+00:00","og_image":[{"width":1211,"height":804,"url":"https:\/\/gimnasticdetarragona.cat\/wp-content\/uploads\/2022\/06\/05234746116015.png","type":"image\/png"}],"author":"desarrollo","twitter_card":"summary_large_image","twitter_creator":"@NASTICTARRAGONA","twitter_site":"@NASTICTARRAGONA","twitter_misc":{"Escrito por":"desarrollo","Tiempo de lectura":"2 minutos"},"schema":{"@context":"https:\/\/schema.org","@graph":[{"@type":"Article","@id":"https:\/\/gimnasticdetarragona.cat\/es\/el-juvenil-a-a-punt-de-donar-la-campanada-amb-10-contra-el-barca\/#article","isPartOf":{"@id":"https:\/\/gimnasticdetarragona.cat\/es\/el-juvenil-a-a-punt-de-donar-la-campanada-amb-10-contra-el-barca\/"},"author":{"name":"desarrollo","@id":"https:\/\/gimnasticdetarragona.cat\/es\/#\/schema\/person\/47b6a637abf88f9bd835540f20ea069e"},"headline":"El Juvenil \u2018A\u2019 a punt de donar la campanada, amb 10, contra el Bar\u00e7a","datePublished":"2016-12-05T15:01:02+00:00","mainEntityOfPage":{"@id":"https:\/\/gimnasticdetarragona.cat\/es\/el-juvenil-a-a-punt-de-donar-la-campanada-amb-10-contra-el-barca\/"},"wordCount":425,"commentCount":0,"publisher":{"@id":"https:\/\/gimnasticdetarragona.cat\/es\/#organization"},"image":{"@id":"https:\/\/gimnasticdetarragona.cat\/es\/el-juvenil-a-a-punt-de-donar-la-campanada-amb-10-contra-el-barca\/#primaryimage"},"thumbnailUrl":"https:\/\/gimnasticdetarragona.cat\/wp-content\/uploads\/2022\/06\/05234746116015.png","articleSection":["Actualidad","F\u00fatbol Base"],"inLanguage":"es"},{"@type":"WebPage","@id":"https:\/\/gimnasticdetarragona.cat\/es\/el-juvenil-a-a-punt-de-donar-la-campanada-amb-10-contra-el-barca\/","url":"https:\/\/gimnasticdetarragona.cat\/es\/el-juvenil-a-a-punt-de-donar-la-campanada-amb-10-contra-el-barca\/","name":"El Juvenil \u2018A\u2019 a punt de donar la campanada, amb 10, contra el Bar\u00e7a - Gimn\u00e0stic de Tarragona SAD","isPartOf":{"@id":"https:\/\/gimnasticdetarragona.cat\/es\/#website"},"primaryImageOfPage":{"@id":"https:\/\/gimnasticdetarragona.cat\/es\/el-juvenil-a-a-punt-de-donar-la-campanada-amb-10-contra-el-barca\/#primaryimage"},"image":{"@id":"https:\/\/gimnasticdetarragona.cat\/es\/el-juvenil-a-a-punt-de-donar-la-campanada-amb-10-contra-el-barca\/#primaryimage"},"thumbnailUrl":"https:\/\/gimnasticdetarragona.cat\/wp-content\/uploads\/2022\/06\/05234746116015.png","datePublished":"2016-12-05T15:01:02+00:00","breadcrumb":{"@id":"https:\/\/gimnasticdetarragona.cat\/es\/el-juvenil-a-a-punt-de-donar-la-campanada-amb-10-contra-el-barca\/#breadcrumb"},"inLanguage":"es","potentialAction":[{"@type":"ReadAction","target":["https:\/\/gimnasticdetarragona.cat\/es\/el-juvenil-a-a-punt-de-donar-la-campanada-amb-10-contra-el-barca\/"]}]},{"@type":"ImageObject","inLanguage":"es","@id":"https:\/\/gimnasticdetarragona.cat\/es\/el-juvenil-a-a-punt-de-donar-la-campanada-amb-10-contra-el-barca\/#primaryimage","url":"https:\/\/gimnasticdetarragona.cat\/wp-content\/uploads\/2022\/06\/05234746116015.png","contentUrl":"https:\/\/gimnasticdetarragona.cat\/wp-content\/uploads\/2022\/06\/05234746116015.png","width":1211,"height":804},{"@type":"BreadcrumbList","@id":"https:\/\/gimnasticdetarragona.cat\/es\/el-juvenil-a-a-punt-de-donar-la-campanada-amb-10-contra-el-barca\/#breadcrumb","itemListElement":[{"@type":"ListItem","position":1,"name":"Inici","item":"https:\/\/gimnasticdetarragona.cat\/es\/nastic\/"},{"@type":"ListItem","position":2,"name":"El Juvenil \u2018A\u2019 a punt de donar la campanada, amb 10, contra el Bar\u00e7a"}]},{"@type":"WebSite","@id":"https:\/\/gimnasticdetarragona.cat\/es\/#website","url":"https:\/\/gimnasticdetarragona.cat\/es\/","name":"Gimn\u00e0stic de Tarragona SAD","description":"Gimn\u00e0stic de Tarragona","publisher":{"@id":"https:\/\/gimnasticdetarragona.cat\/es\/#organization"},"potentialAction":[{"@type":"SearchAction","target":{"@type":"EntryPoint","urlTemplate":"https:\/\/gimnasticdetarragona.cat\/es\/?s={search_term_string}"},"query-input":{"@type":"PropertyValueSpecification","valueRequired":true,"valueName":"search_term_string"}}],"inLanguage":"es"},{"@type":"Organization","@id":"https:\/\/gimnasticdetarragona.cat\/es\/#organization","name":"GIMN\u00c0STIC DE TARRAGONA","alternateName":"N\u00c0STIC","url":"https:\/\/gimnasticdetarragona.cat\/es\/","logo":{"@type":"ImageObject","inLanguage":"es","@id":"https:\/\/gimnasticdetarragona.cat\/es\/#\/schema\/logo\/image\/","url":"https:\/\/gimnasticdetarragona.cat\/wp-content\/uploads\/2022\/06\/cropped-logo-gimnastic.png","contentUrl":"https:\/\/gimnasticdetarragona.cat\/wp-content\/uploads\/2022\/06\/cropped-logo-gimnastic.png","width":224,"height":83,"caption":"GIMN\u00c0STIC DE TARRAGONA"},"image":{"@id":"https:\/\/gimnasticdetarragona.cat\/es\/#\/schema\/logo\/image\/"},"sameAs":["https:\/\/x.com\/NASTICTARRAGONA","https:\/\/www.instagram.com\/nastictarragona\/"]},{"@type":"Person","@id":"https:\/\/gimnasticdetarragona.cat\/es\/#\/schema\/person\/47b6a637abf88f9bd835540f20ea069e","name":"desarrollo","sameAs":["https:\/\/clone.gimnasticdetarragona.cat"]}]}},"_links":{"self":[{"href":"https:\/\/gimnasticdetarragona.cat\/es\/wp-json\/wp\/v2\/posts\/60003","targetHints":{"allow":["GET"]}}],"collection":[{"href":"https:\/\/gimnasticdetarragona.cat\/es\/wp-json\/wp\/v2\/posts"}],"about":[{"href":"https:\/\/gimnasticdetarragona.cat\/es\/wp-json\/wp\/v2\/types\/post"}],"author":[{"embeddable":true,"href":"https:\/\/gimnasticdetarragona.cat\/es\/wp-json\/wp\/v2\/users\/1"}],"replies":[{"embeddable":true,"href":"https:\/\/gimnasticdetarragona.cat\/es\/wp-json\/wp\/v2\/comments?post=60003"}],"version-history":[{"count":0,"href":"https:\/\/gimnasticdetarragona.cat\/es\/wp-json\/wp\/v2\/posts\/60003\/revisions"}],"wp:featuredmedia":[{"embeddable":true,"href":"https:\/\/gimnasticdetarragona.cat\/es\/wp-json\/wp\/v2\/media\/60000"}],"wp:attachment":[{"href":"https:\/\/gimnasticdetarragona.cat\/es\/wp-json\/wp\/v2\/media?parent=60003"}],"wp:term":[{"taxonomy":"category","embeddable":true,"href":"https:\/\/gimnasticdetarragona.cat\/es\/wp-json\/wp\/v2\/categories?post=60003"},{"taxonomy":"post_tag","embeddable":true,"href":"https:\/\/gimnasticdetarragona.cat\/es\/wp-json\/wp\/v2\/tags?post=60003"}],"curies":[{"name":"wp","href":"https:\/\/api.w.org\/{rel}","templated":true}]}}