{"id":60035,"date":"2016-12-02T00:25:45","date_gmt":"2016-12-02T00:25:45","guid":{"rendered":"https:\/\/clone.gimnasticdetarragona.cat\/nastic-0-3-alaves-copa-del-rey\/"},"modified":"2016-12-02T00:25:45","modified_gmt":"2016-12-02T00:25:45","slug":"nastic-0-3-alaves-copa-del-rey","status":"publish","type":"post","link":"https:\/\/gimnasticdetarragona.cat\/es\/nastic-0-3-alaves-copa-del-rey\/","title":{"rendered":"N\u00e0stic 0 &#8211; 3 Alav\u00e9s, Copa del Rey"},"content":{"rendered":"<p>El N\u00e0stic cae contra el Alav\u00e9s en el partido de ida de la eliminatoria de 1\/16 de final de la Copa del Rey.<\/p>\n<p style=\"text-align: justify;\">El N\u00e0stic ha saltado al c\u00e9sped con un 11 con muchos cambios. Tan s\u00f3lo un jugador repet\u00eda respecto al \u00faltimo partido en liga contra el C\u00e1diz. Pero han sido precisamente los grana quienes han comenzado dominando. Con buenas combinaciones en el medio del campo y r\u00e1pidas llegadas por banda, los locales mostraban una muy buena imagen. Los tarraconenses controlaban el ritmo del partido, pero ha sido el Alav\u00e9s quien se ha adelantado en el marcador. Aprovechando un c\u00f3rner servido desde la izquierda de Saja, Toquero, solo en medio del \u00e1rea local, remat\u00f3 de cabeza haciendo subir el 0-1 al marcador. A pesar del gol en contra, los grana han mantenido la presi\u00f3n y en el minuto 16&#8242; Maloku ha estado a punto de marcar. Su remate lo ha enviado a c\u00f3rner Ortol\u00e0. Los locales han sido capaces de mantener la posesi\u00f3n marcando el tempo del partido. En el minuto 29 ha sido Madinda quien lo ha probado con un potente disparo lejano que ha tenido que alejar el portero. Y en el 36&#8242;, tras una buena jugada del gabon\u00e9s y asistencia para Delgado, quien ha estado a punto de conseguir el primer gol. Su disparo raso se march\u00f3 rozando el poste izquierdo de la porter\u00eda de Ortol\u00e0. Al descanso se lleg\u00f3 con el 0-1 a favor de los visitantes.<\/p>\n<p style=\"text-align: justify;\">A los 6 minutos de la reanudaci\u00f3n, Vicente Moreno ha hecho el primer cambio, dando entrada a Jean Luc por Boiro. El cambio, sin embargo, no ha dado el resultado esperado ya que el Alav\u00e9s ha conseguido el segundo gol obra de nuevo de Toquero. La respuesta grana ha llegado en el minuto 60 con una ocasi\u00f3n clara de Eman\u00e1. Tras recibir dentro del \u00e1rea su control ha quedado demasiado largo y el remate, forzado, lo ha parado el portero. Tres minutos m\u00e1s tarde el Alav\u00e9s sentenci\u00f3 con el 0-3. Santos remat\u00f3 un centro desde la banda derecha en una jugada en la que la defensa local reclam\u00f3 manos del jugador vasco. El N\u00e0stic lo ha seguido probando hasta el final. En el 69&#8242; Cordero ha empalmado un potente disparo desde la frontal que ha chocado contra un defensa. Y en el 81&#8242;, Jean Luc ha estado a punto de superar a Ortol\u00e0 de vaselina, pero el portero visitante ha tocado con la punta de los dedos evitando el gol local. Los de Moreno han dispuesto de hasta tres llegadas m\u00e1s antes del final, pero el marcador ya no ha cambiado.<\/p>\n<p style=\"text-align: justify;\">El pr\u00f3ximo enfrentamiento grana ser\u00e1 ante el Real Oviedo. El domingo 4, a las 16 h, el N\u00e0stic jugar\u00e1 el Carlos Tartiere en el partido correspondiente a la jornada 17 de LaLiga 1|2|3.<\/p>\n<p style=\"text-align: justify;\"><strong>Alineaciones<\/strong><\/p>\n<p style=\"text-align: justify;\">N\u00e0stic: Saja, Kakabadze, I. Bouz\u00f3n U.Z, A.M. Lopo, Ferran G.P, L. Madinda (Cordero, 65 &#8216;), Zahibo, Boiro (J. Assoubre, 51&#8217;), Delgado, Maloku (Rayco, 77 &#8216;) y S. Eman\u00e1.<\/p>\n<p style=\"text-align: justify;\">Deportivo Alav\u00e9s: A. Ortol\u00e1, Pantic, Laguardia, Espinoza (Manu Garc\u00eda, 57 &#8216;), Theo (Manu Barreiro, 79&#8217;), Toquero, Manu, Vigaray, Krsticic y Katai (Sobrino, 65 &#8216;).<\/p>\n<p style=\"text-align: justify;\"><strong>Goles<\/strong><\/p>\n<p style=\"text-align: justify;\">0-1 Toquero (15&#8242;); 0-2, Toquero (52&#8242;); 0-3, Santos (64&#8242;).<\/p>\n<p style=\"text-align: justify;\"><strong>Tarjetas<\/strong><\/p>\n<p style=\"text-align: justify;\">Boiro (25&#8242;), Delgado (61&#8242;) Bouz\u00f3n (65&#8242;), Maloku (71&#8242;), Manu Barreiro (84&#8242;) y Kakabadze (90&#8242;).<\/p>\n<p style=\"text-align: justify;\"><strong>\u00c1rbitro<\/strong><\/p>\n<p style=\"text-align: justify;\">Sr. Santiago Jaime Latre (Colegio aragon\u00e9s).<\/p>\n<p style=\"text-align: justify;\">Partido correspondiente a la eliminatoria de 1\/16 de final de la Copa del Rey. 3032 espectadores. Nou Estadi, Tarragona.<\/p>\n","protected":false},"excerpt":{"rendered":"<p>El N\u00e0stic cae contra el Alav\u00e9s en el partido de ida de la eliminatoria de 1\/16 de final de la Copa del Rey.<\/p>\n","protected":false},"author":1,"featured_media":60032,"comment_status":"open","ping_status":"open","sticky":false,"template":"","format":"standard","meta":{"_acf_changed":false,"footnotes":""},"categories":[113,126],"tags":[],"class_list":["post-60035","post","type-post","status-publish","format-standard","has-post-thumbnail","hentry","category-actualidad","category-primer-equipo"],"acf":[],"yoast_head":"<!-- This site is optimized with the Yoast SEO plugin v27.3 - https:\/\/yoast.com\/product\/yoast-seo-wordpress\/ -->\n<title>N\u00e0stic 0 - 3 Alav\u00e9s, Copa del Rey - Gimn\u00e0stic de Tarragona SAD<\/title>\n<meta name=\"robots\" content=\"index, follow, max-snippet:-1, max-image-preview:large, max-video-preview:-1\" \/>\n<link rel=\"canonical\" href=\"https:\/\/gimnasticdetarragona.cat\/es\/nastic-0-3-alaves-copa-del-rey\/\" \/>\n<meta property=\"og:locale\" content=\"es_ES\" \/>\n<meta property=\"og:type\" content=\"article\" \/>\n<meta property=\"og:title\" content=\"N\u00e0stic 0 - 3 Alav\u00e9s, Copa del Rey - Gimn\u00e0stic de Tarragona SAD\" \/>\n<meta property=\"og:description\" content=\"El N\u00e0stic cae contra el Alav\u00e9s en el partido de ida de la eliminatoria de 1\/16 de final de la Copa del Rey.\" \/>\n<meta property=\"og:url\" content=\"https:\/\/gimnasticdetarragona.cat\/es\/nastic-0-3-alaves-copa-del-rey\/\" \/>\n<meta property=\"og:site_name\" content=\"Gimn\u00e0stic de Tarragona SAD\" \/>\n<meta property=\"article:published_time\" content=\"2016-12-02T00:25:45+00:00\" \/>\n<meta property=\"og:image\" content=\"https:\/\/gimnasticdetarragona.cat\/wp-content\/uploads\/2022\/06\/05234737115879.jpg\" \/>\n\t<meta property=\"og:image:width\" content=\"1003\" \/>\n\t<meta property=\"og:image:height\" content=\"502\" \/>\n\t<meta property=\"og:image:type\" content=\"image\/jpeg\" \/>\n<meta name=\"author\" content=\"desarrollo\" \/>\n<meta name=\"twitter:card\" content=\"summary_large_image\" \/>\n<meta name=\"twitter:creator\" content=\"@NASTICTARRAGONA\" \/>\n<meta name=\"twitter:site\" content=\"@NASTICTARRAGONA\" \/>\n<meta name=\"twitter:label1\" content=\"Escrito por\" \/>\n\t<meta name=\"twitter:data1\" content=\"desarrollo\" \/>\n\t<meta name=\"twitter:label2\" content=\"Tiempo de lectura\" \/>\n\t<meta name=\"twitter:data2\" content=\"3 minutos\" \/>\n<script type=\"application\/ld+json\" class=\"yoast-schema-graph\">{\"@context\":\"https:\\\/\\\/schema.org\",\"@graph\":[{\"@type\":\"Article\",\"@id\":\"https:\\\/\\\/gimnasticdetarragona.cat\\\/es\\\/nastic-0-3-alaves-copa-del-rey\\\/#article\",\"isPartOf\":{\"@id\":\"https:\\\/\\\/gimnasticdetarragona.cat\\\/es\\\/nastic-0-3-alaves-copa-del-rey\\\/\"},\"author\":{\"name\":\"desarrollo\",\"@id\":\"https:\\\/\\\/gimnasticdetarragona.cat\\\/es\\\/#\\\/schema\\\/person\\\/47b6a637abf88f9bd835540f20ea069e\"},\"headline\":\"N\u00e0stic 0 &#8211; 3 Alav\u00e9s, Copa del Rey\",\"datePublished\":\"2016-12-02T00:25:45+00:00\",\"mainEntityOfPage\":{\"@id\":\"https:\\\/\\\/gimnasticdetarragona.cat\\\/es\\\/nastic-0-3-alaves-copa-del-rey\\\/\"},\"wordCount\":577,\"commentCount\":0,\"publisher\":{\"@id\":\"https:\\\/\\\/gimnasticdetarragona.cat\\\/es\\\/#organization\"},\"image\":{\"@id\":\"https:\\\/\\\/gimnasticdetarragona.cat\\\/es\\\/nastic-0-3-alaves-copa-del-rey\\\/#primaryimage\"},\"thumbnailUrl\":\"https:\\\/\\\/gimnasticdetarragona.cat\\\/wp-content\\\/uploads\\\/2022\\\/06\\\/05234737115879.jpg\",\"articleSection\":[\"Actualidad\",\"Primer Equipo\"],\"inLanguage\":\"es\"},{\"@type\":\"WebPage\",\"@id\":\"https:\\\/\\\/gimnasticdetarragona.cat\\\/es\\\/nastic-0-3-alaves-copa-del-rey\\\/\",\"url\":\"https:\\\/\\\/gimnasticdetarragona.cat\\\/es\\\/nastic-0-3-alaves-copa-del-rey\\\/\",\"name\":\"N\u00e0stic 0 - 3 Alav\u00e9s, Copa del Rey - Gimn\u00e0stic de Tarragona SAD\",\"isPartOf\":{\"@id\":\"https:\\\/\\\/gimnasticdetarragona.cat\\\/es\\\/#website\"},\"primaryImageOfPage\":{\"@id\":\"https:\\\/\\\/gimnasticdetarragona.cat\\\/es\\\/nastic-0-3-alaves-copa-del-rey\\\/#primaryimage\"},\"image\":{\"@id\":\"https:\\\/\\\/gimnasticdetarragona.cat\\\/es\\\/nastic-0-3-alaves-copa-del-rey\\\/#primaryimage\"},\"thumbnailUrl\":\"https:\\\/\\\/gimnasticdetarragona.cat\\\/wp-content\\\/uploads\\\/2022\\\/06\\\/05234737115879.jpg\",\"datePublished\":\"2016-12-02T00:25:45+00:00\",\"breadcrumb\":{\"@id\":\"https:\\\/\\\/gimnasticdetarragona.cat\\\/es\\\/nastic-0-3-alaves-copa-del-rey\\\/#breadcrumb\"},\"inLanguage\":\"es\",\"potentialAction\":[{\"@type\":\"ReadAction\",\"target\":[\"https:\\\/\\\/gimnasticdetarragona.cat\\\/es\\\/nastic-0-3-alaves-copa-del-rey\\\/\"]}]},{\"@type\":\"ImageObject\",\"inLanguage\":\"es\",\"@id\":\"https:\\\/\\\/gimnasticdetarragona.cat\\\/es\\\/nastic-0-3-alaves-copa-del-rey\\\/#primaryimage\",\"url\":\"https:\\\/\\\/gimnasticdetarragona.cat\\\/wp-content\\\/uploads\\\/2022\\\/06\\\/05234737115879.jpg\",\"contentUrl\":\"https:\\\/\\\/gimnasticdetarragona.cat\\\/wp-content\\\/uploads\\\/2022\\\/06\\\/05234737115879.jpg\",\"width\":1003,\"height\":502},{\"@type\":\"BreadcrumbList\",\"@id\":\"https:\\\/\\\/gimnasticdetarragona.cat\\\/es\\\/nastic-0-3-alaves-copa-del-rey\\\/#breadcrumb\",\"itemListElement\":[{\"@type\":\"ListItem\",\"position\":1,\"name\":\"Inici\",\"item\":\"https:\\\/\\\/gimnasticdetarragona.cat\\\/es\\\/nastic\\\/\"},{\"@type\":\"ListItem\",\"position\":2,\"name\":\"N\u00e0stic 0 &#8211; 3 Alav\u00e9s, Copa del Rey\"}]},{\"@type\":\"WebSite\",\"@id\":\"https:\\\/\\\/gimnasticdetarragona.cat\\\/es\\\/#website\",\"url\":\"https:\\\/\\\/gimnasticdetarragona.cat\\\/es\\\/\",\"name\":\"Gimn\u00e0stic de Tarragona SAD\",\"description\":\"Gimn\u00e0stic de Tarragona\",\"publisher\":{\"@id\":\"https:\\\/\\\/gimnasticdetarragona.cat\\\/es\\\/#organization\"},\"potentialAction\":[{\"@type\":\"SearchAction\",\"target\":{\"@type\":\"EntryPoint\",\"urlTemplate\":\"https:\\\/\\\/gimnasticdetarragona.cat\\\/es\\\/?s={search_term_string}\"},\"query-input\":{\"@type\":\"PropertyValueSpecification\",\"valueRequired\":true,\"valueName\":\"search_term_string\"}}],\"inLanguage\":\"es\"},{\"@type\":\"Organization\",\"@id\":\"https:\\\/\\\/gimnasticdetarragona.cat\\\/es\\\/#organization\",\"name\":\"GIMN\u00c0STIC DE TARRAGONA\",\"alternateName\":\"N\u00c0STIC\",\"url\":\"https:\\\/\\\/gimnasticdetarragona.cat\\\/es\\\/\",\"logo\":{\"@type\":\"ImageObject\",\"inLanguage\":\"es\",\"@id\":\"https:\\\/\\\/gimnasticdetarragona.cat\\\/es\\\/#\\\/schema\\\/logo\\\/image\\\/\",\"url\":\"https:\\\/\\\/gimnasticdetarragona.cat\\\/wp-content\\\/uploads\\\/2022\\\/06\\\/cropped-logo-gimnastic.png\",\"contentUrl\":\"https:\\\/\\\/gimnasticdetarragona.cat\\\/wp-content\\\/uploads\\\/2022\\\/06\\\/cropped-logo-gimnastic.png\",\"width\":224,\"height\":83,\"caption\":\"GIMN\u00c0STIC DE TARRAGONA\"},\"image\":{\"@id\":\"https:\\\/\\\/gimnasticdetarragona.cat\\\/es\\\/#\\\/schema\\\/logo\\\/image\\\/\"},\"sameAs\":[\"https:\\\/\\\/x.com\\\/NASTICTARRAGONA\",\"https:\\\/\\\/www.instagram.com\\\/nastictarragona\\\/\"]},{\"@type\":\"Person\",\"@id\":\"https:\\\/\\\/gimnasticdetarragona.cat\\\/es\\\/#\\\/schema\\\/person\\\/47b6a637abf88f9bd835540f20ea069e\",\"name\":\"desarrollo\",\"sameAs\":[\"https:\\\/\\\/clone.gimnasticdetarragona.cat\"]}]}<\/script>\n<!-- \/ Yoast SEO plugin. -->","yoast_head_json":{"title":"N\u00e0stic 0 - 3 Alav\u00e9s, Copa del Rey - Gimn\u00e0stic de Tarragona SAD","robots":{"index":"index","follow":"follow","max-snippet":"max-snippet:-1","max-image-preview":"max-image-preview:large","max-video-preview":"max-video-preview:-1"},"canonical":"https:\/\/gimnasticdetarragona.cat\/es\/nastic-0-3-alaves-copa-del-rey\/","og_locale":"es_ES","og_type":"article","og_title":"N\u00e0stic 0 - 3 Alav\u00e9s, Copa del Rey - Gimn\u00e0stic de Tarragona SAD","og_description":"El N\u00e0stic cae contra el Alav\u00e9s en el partido de ida de la eliminatoria de 1\/16 de final de la Copa del Rey.","og_url":"https:\/\/gimnasticdetarragona.cat\/es\/nastic-0-3-alaves-copa-del-rey\/","og_site_name":"Gimn\u00e0stic de Tarragona SAD","article_published_time":"2016-12-02T00:25:45+00:00","og_image":[{"width":1003,"height":502,"url":"https:\/\/gimnasticdetarragona.cat\/wp-content\/uploads\/2022\/06\/05234737115879.jpg","type":"image\/jpeg"}],"author":"desarrollo","twitter_card":"summary_large_image","twitter_creator":"@NASTICTARRAGONA","twitter_site":"@NASTICTARRAGONA","twitter_misc":{"Escrito por":"desarrollo","Tiempo de lectura":"3 minutos"},"schema":{"@context":"https:\/\/schema.org","@graph":[{"@type":"Article","@id":"https:\/\/gimnasticdetarragona.cat\/es\/nastic-0-3-alaves-copa-del-rey\/#article","isPartOf":{"@id":"https:\/\/gimnasticdetarragona.cat\/es\/nastic-0-3-alaves-copa-del-rey\/"},"author":{"name":"desarrollo","@id":"https:\/\/gimnasticdetarragona.cat\/es\/#\/schema\/person\/47b6a637abf88f9bd835540f20ea069e"},"headline":"N\u00e0stic 0 &#8211; 3 Alav\u00e9s, Copa del Rey","datePublished":"2016-12-02T00:25:45+00:00","mainEntityOfPage":{"@id":"https:\/\/gimnasticdetarragona.cat\/es\/nastic-0-3-alaves-copa-del-rey\/"},"wordCount":577,"commentCount":0,"publisher":{"@id":"https:\/\/gimnasticdetarragona.cat\/es\/#organization"},"image":{"@id":"https:\/\/gimnasticdetarragona.cat\/es\/nastic-0-3-alaves-copa-del-rey\/#primaryimage"},"thumbnailUrl":"https:\/\/gimnasticdetarragona.cat\/wp-content\/uploads\/2022\/06\/05234737115879.jpg","articleSection":["Actualidad","Primer Equipo"],"inLanguage":"es"},{"@type":"WebPage","@id":"https:\/\/gimnasticdetarragona.cat\/es\/nastic-0-3-alaves-copa-del-rey\/","url":"https:\/\/gimnasticdetarragona.cat\/es\/nastic-0-3-alaves-copa-del-rey\/","name":"N\u00e0stic 0 - 3 Alav\u00e9s, Copa del Rey - Gimn\u00e0stic de Tarragona SAD","isPartOf":{"@id":"https:\/\/gimnasticdetarragona.cat\/es\/#website"},"primaryImageOfPage":{"@id":"https:\/\/gimnasticdetarragona.cat\/es\/nastic-0-3-alaves-copa-del-rey\/#primaryimage"},"image":{"@id":"https:\/\/gimnasticdetarragona.cat\/es\/nastic-0-3-alaves-copa-del-rey\/#primaryimage"},"thumbnailUrl":"https:\/\/gimnasticdetarragona.cat\/wp-content\/uploads\/2022\/06\/05234737115879.jpg","datePublished":"2016-12-02T00:25:45+00:00","breadcrumb":{"@id":"https:\/\/gimnasticdetarragona.cat\/es\/nastic-0-3-alaves-copa-del-rey\/#breadcrumb"},"inLanguage":"es","potentialAction":[{"@type":"ReadAction","target":["https:\/\/gimnasticdetarragona.cat\/es\/nastic-0-3-alaves-copa-del-rey\/"]}]},{"@type":"ImageObject","inLanguage":"es","@id":"https:\/\/gimnasticdetarragona.cat\/es\/nastic-0-3-alaves-copa-del-rey\/#primaryimage","url":"https:\/\/gimnasticdetarragona.cat\/wp-content\/uploads\/2022\/06\/05234737115879.jpg","contentUrl":"https:\/\/gimnasticdetarragona.cat\/wp-content\/uploads\/2022\/06\/05234737115879.jpg","width":1003,"height":502},{"@type":"BreadcrumbList","@id":"https:\/\/gimnasticdetarragona.cat\/es\/nastic-0-3-alaves-copa-del-rey\/#breadcrumb","itemListElement":[{"@type":"ListItem","position":1,"name":"Inici","item":"https:\/\/gimnasticdetarragona.cat\/es\/nastic\/"},{"@type":"ListItem","position":2,"name":"N\u00e0stic 0 &#8211; 3 Alav\u00e9s, Copa del Rey"}]},{"@type":"WebSite","@id":"https:\/\/gimnasticdetarragona.cat\/es\/#website","url":"https:\/\/gimnasticdetarragona.cat\/es\/","name":"Gimn\u00e0stic de Tarragona SAD","description":"Gimn\u00e0stic de Tarragona","publisher":{"@id":"https:\/\/gimnasticdetarragona.cat\/es\/#organization"},"potentialAction":[{"@type":"SearchAction","target":{"@type":"EntryPoint","urlTemplate":"https:\/\/gimnasticdetarragona.cat\/es\/?s={search_term_string}"},"query-input":{"@type":"PropertyValueSpecification","valueRequired":true,"valueName":"search_term_string"}}],"inLanguage":"es"},{"@type":"Organization","@id":"https:\/\/gimnasticdetarragona.cat\/es\/#organization","name":"GIMN\u00c0STIC DE TARRAGONA","alternateName":"N\u00c0STIC","url":"https:\/\/gimnasticdetarragona.cat\/es\/","logo":{"@type":"ImageObject","inLanguage":"es","@id":"https:\/\/gimnasticdetarragona.cat\/es\/#\/schema\/logo\/image\/","url":"https:\/\/gimnasticdetarragona.cat\/wp-content\/uploads\/2022\/06\/cropped-logo-gimnastic.png","contentUrl":"https:\/\/gimnasticdetarragona.cat\/wp-content\/uploads\/2022\/06\/cropped-logo-gimnastic.png","width":224,"height":83,"caption":"GIMN\u00c0STIC DE TARRAGONA"},"image":{"@id":"https:\/\/gimnasticdetarragona.cat\/es\/#\/schema\/logo\/image\/"},"sameAs":["https:\/\/x.com\/NASTICTARRAGONA","https:\/\/www.instagram.com\/nastictarragona\/"]},{"@type":"Person","@id":"https:\/\/gimnasticdetarragona.cat\/es\/#\/schema\/person\/47b6a637abf88f9bd835540f20ea069e","name":"desarrollo","sameAs":["https:\/\/clone.gimnasticdetarragona.cat"]}]}},"_links":{"self":[{"href":"https:\/\/gimnasticdetarragona.cat\/es\/wp-json\/wp\/v2\/posts\/60035","targetHints":{"allow":["GET"]}}],"collection":[{"href":"https:\/\/gimnasticdetarragona.cat\/es\/wp-json\/wp\/v2\/posts"}],"about":[{"href":"https:\/\/gimnasticdetarragona.cat\/es\/wp-json\/wp\/v2\/types\/post"}],"author":[{"embeddable":true,"href":"https:\/\/gimnasticdetarragona.cat\/es\/wp-json\/wp\/v2\/users\/1"}],"replies":[{"embeddable":true,"href":"https:\/\/gimnasticdetarragona.cat\/es\/wp-json\/wp\/v2\/comments?post=60035"}],"version-history":[{"count":0,"href":"https:\/\/gimnasticdetarragona.cat\/es\/wp-json\/wp\/v2\/posts\/60035\/revisions"}],"wp:featuredmedia":[{"embeddable":true,"href":"https:\/\/gimnasticdetarragona.cat\/es\/wp-json\/wp\/v2\/media\/60032"}],"wp:attachment":[{"href":"https:\/\/gimnasticdetarragona.cat\/es\/wp-json\/wp\/v2\/media?parent=60035"}],"wp:term":[{"taxonomy":"category","embeddable":true,"href":"https:\/\/gimnasticdetarragona.cat\/es\/wp-json\/wp\/v2\/categories?post=60035"},{"taxonomy":"post_tag","embeddable":true,"href":"https:\/\/gimnasticdetarragona.cat\/es\/wp-json\/wp\/v2\/tags?post=60035"}],"curies":[{"name":"wp","href":"https:\/\/api.w.org\/{rel}","templated":true}]}}