{"id":60105,"date":"2016-11-24T17:22:04","date_gmt":"2016-11-24T17:22:04","guid":{"rendered":"https:\/\/clone.gimnasticdetarragona.cat\/el-juvenil-a-buscara-fer-bo-lempat-contra-el-manacor\/"},"modified":"2016-11-24T17:22:04","modified_gmt":"2016-11-24T17:22:04","slug":"el-juvenil-a-buscara-fer-bo-lempat-contra-el-manacor","status":"publish","type":"post","link":"https:\/\/gimnasticdetarragona.cat\/es\/el-juvenil-a-buscara-fer-bo-lempat-contra-el-manacor\/","title":{"rendered":"El Juvenil A buscar\u00e1 hacer bueno el empate ante el Manacor"},"content":{"rendered":"<p style=\"text-align: justify;\">Los de Manel Cazorla visitan el complicado campo del Sant Andreu, donde buscar\u00e1n una victoria que haga bueno el punto conseguido la pasada jornada contra el Manacor. (S\u00e1bado, 18h)<\/p>\n<p style=\"text-align: justify;\">Los grana se enfrentar\u00e1n a un rival peligroso y que llega herido a la cita, tras perder la semana pasada en un partido muy igualado contra la Damm. Los locales querr\u00e1n ganar despu\u00e9s de no poder hacerlo la \u00faltima jornada en un partido en que hicieron m\u00e9ritos para sumar los tres puntos.<\/p>\n<p style=\"text-align: justify;\">El Sant Andreu es un rival muy peligroso, sobre todo en su casa, donde aprovecha muy bien las dimensiones de su campo. Los barceloneses cuentan con extremos muy r\u00e1pido y delanteros muy din\u00e1micos que juegan muy bien las espaldas de la defensa lo que los convierte en un equipo muy inc\u00f3modo de defender. Los de Cazorla deber\u00e1n estar muy atentos a no perder balones en campo propio ya que los locales son capaces de montar contras muy r\u00e1pidas a partir de pelota recuperada.<\/p>\n<p style=\"text-align: justify;\">Ser\u00e1 un partido muy complicado como destaca el t\u00e9cnico del Juvenil A, Manuel Cazorla. \u00abSon un muy buen equipo y llegan tocados. El trabajo que hemos hecho toda la semana es muy bueno y creo que podemos hacer un buen partido. Ser\u00eda importante ganar para hacer bueno el empate ante el Manacor y encarar los partidos complicados que nos esperan las pr\u00f3ximas semanas \u00ab.<\/p>\n","protected":false},"excerpt":{"rendered":"<p>Los de Manel Cazorla visitan el complicado campo del Sant Andreu, donde buscar\u00e1n una victoria que haga bueno el punto conseguido la pasada jornada contra el Manacor. (S\u00e1bado, 18h)<\/p>\n","protected":false},"author":1,"featured_media":60102,"comment_status":"open","ping_status":"open","sticky":false,"template":"","format":"standard","meta":{"_acf_changed":false,"footnotes":""},"categories":[113,117],"tags":[],"class_list":["post-60105","post","type-post","status-publish","format-standard","has-post-thumbnail","hentry","category-actualidad","category-futbol-base"],"acf":[],"yoast_head":"<!-- This site is optimized with the Yoast SEO plugin v27.3 - https:\/\/yoast.com\/product\/yoast-seo-wordpress\/ -->\n<title>El Juvenil A buscar\u00e1 hacer bueno el empate ante el Manacor - Gimn\u00e0stic de Tarragona SAD<\/title>\n<meta name=\"robots\" content=\"index, follow, max-snippet:-1, max-image-preview:large, max-video-preview:-1\" \/>\n<link rel=\"canonical\" href=\"https:\/\/gimnasticdetarragona.cat\/es\/el-juvenil-a-buscara-fer-bo-lempat-contra-el-manacor\/\" \/>\n<meta property=\"og:locale\" content=\"es_ES\" \/>\n<meta property=\"og:type\" content=\"article\" \/>\n<meta property=\"og:title\" content=\"El Juvenil A buscar\u00e1 hacer bueno el empate ante el Manacor - Gimn\u00e0stic de Tarragona SAD\" \/>\n<meta property=\"og:description\" content=\"Los de Manel Cazorla visitan el complicado campo del Sant Andreu, donde buscar\u00e1n una victoria que haga bueno el punto conseguido la pasada jornada contra el Manacor. (S\u00e1bado, 18h)\" \/>\n<meta property=\"og:url\" content=\"https:\/\/gimnasticdetarragona.cat\/es\/el-juvenil-a-buscara-fer-bo-lempat-contra-el-manacor\/\" \/>\n<meta property=\"og:site_name\" content=\"Gimn\u00e0stic de Tarragona SAD\" \/>\n<meta property=\"article:published_time\" content=\"2016-11-24T17:22:04+00:00\" \/>\n<meta property=\"og:image\" content=\"https:\/\/gimnasticdetarragona.cat\/wp-content\/uploads\/2022\/06\/05234716115629.jpg\" \/>\n\t<meta property=\"og:image:width\" content=\"1600\" \/>\n\t<meta property=\"og:image:height\" content=\"1066\" \/>\n\t<meta property=\"og:image:type\" content=\"image\/jpeg\" \/>\n<meta name=\"author\" content=\"desarrollo\" \/>\n<meta name=\"twitter:card\" content=\"summary_large_image\" \/>\n<meta name=\"twitter:creator\" content=\"@NASTICTARRAGONA\" \/>\n<meta name=\"twitter:site\" content=\"@NASTICTARRAGONA\" \/>\n<meta name=\"twitter:label1\" content=\"Escrito por\" \/>\n\t<meta name=\"twitter:data1\" content=\"desarrollo\" \/>\n\t<meta name=\"twitter:label2\" content=\"Tiempo de lectura\" \/>\n\t<meta name=\"twitter:data2\" content=\"1 minuto\" \/>\n<script type=\"application\/ld+json\" class=\"yoast-schema-graph\">{\"@context\":\"https:\\\/\\\/schema.org\",\"@graph\":[{\"@type\":\"Article\",\"@id\":\"https:\\\/\\\/gimnasticdetarragona.cat\\\/es\\\/el-juvenil-a-buscara-fer-bo-lempat-contra-el-manacor\\\/#article\",\"isPartOf\":{\"@id\":\"https:\\\/\\\/gimnasticdetarragona.cat\\\/es\\\/el-juvenil-a-buscara-fer-bo-lempat-contra-el-manacor\\\/\"},\"author\":{\"name\":\"desarrollo\",\"@id\":\"https:\\\/\\\/gimnasticdetarragona.cat\\\/es\\\/#\\\/schema\\\/person\\\/47b6a637abf88f9bd835540f20ea069e\"},\"headline\":\"El Juvenil A buscar\u00e1 hacer bueno el empate ante el Manacor\",\"datePublished\":\"2016-11-24T17:22:04+00:00\",\"mainEntityOfPage\":{\"@id\":\"https:\\\/\\\/gimnasticdetarragona.cat\\\/es\\\/el-juvenil-a-buscara-fer-bo-lempat-contra-el-manacor\\\/\"},\"wordCount\":252,\"commentCount\":0,\"publisher\":{\"@id\":\"https:\\\/\\\/gimnasticdetarragona.cat\\\/es\\\/#organization\"},\"image\":{\"@id\":\"https:\\\/\\\/gimnasticdetarragona.cat\\\/es\\\/el-juvenil-a-buscara-fer-bo-lempat-contra-el-manacor\\\/#primaryimage\"},\"thumbnailUrl\":\"https:\\\/\\\/gimnasticdetarragona.cat\\\/wp-content\\\/uploads\\\/2022\\\/06\\\/05234716115629.jpg\",\"articleSection\":[\"Actualidad\",\"F\u00fatbol Base\"],\"inLanguage\":\"es\"},{\"@type\":\"WebPage\",\"@id\":\"https:\\\/\\\/gimnasticdetarragona.cat\\\/es\\\/el-juvenil-a-buscara-fer-bo-lempat-contra-el-manacor\\\/\",\"url\":\"https:\\\/\\\/gimnasticdetarragona.cat\\\/es\\\/el-juvenil-a-buscara-fer-bo-lempat-contra-el-manacor\\\/\",\"name\":\"El Juvenil A buscar\u00e1 hacer bueno el empate ante el Manacor - Gimn\u00e0stic de Tarragona SAD\",\"isPartOf\":{\"@id\":\"https:\\\/\\\/gimnasticdetarragona.cat\\\/es\\\/#website\"},\"primaryImageOfPage\":{\"@id\":\"https:\\\/\\\/gimnasticdetarragona.cat\\\/es\\\/el-juvenil-a-buscara-fer-bo-lempat-contra-el-manacor\\\/#primaryimage\"},\"image\":{\"@id\":\"https:\\\/\\\/gimnasticdetarragona.cat\\\/es\\\/el-juvenil-a-buscara-fer-bo-lempat-contra-el-manacor\\\/#primaryimage\"},\"thumbnailUrl\":\"https:\\\/\\\/gimnasticdetarragona.cat\\\/wp-content\\\/uploads\\\/2022\\\/06\\\/05234716115629.jpg\",\"datePublished\":\"2016-11-24T17:22:04+00:00\",\"breadcrumb\":{\"@id\":\"https:\\\/\\\/gimnasticdetarragona.cat\\\/es\\\/el-juvenil-a-buscara-fer-bo-lempat-contra-el-manacor\\\/#breadcrumb\"},\"inLanguage\":\"es\",\"potentialAction\":[{\"@type\":\"ReadAction\",\"target\":[\"https:\\\/\\\/gimnasticdetarragona.cat\\\/es\\\/el-juvenil-a-buscara-fer-bo-lempat-contra-el-manacor\\\/\"]}]},{\"@type\":\"ImageObject\",\"inLanguage\":\"es\",\"@id\":\"https:\\\/\\\/gimnasticdetarragona.cat\\\/es\\\/el-juvenil-a-buscara-fer-bo-lempat-contra-el-manacor\\\/#primaryimage\",\"url\":\"https:\\\/\\\/gimnasticdetarragona.cat\\\/wp-content\\\/uploads\\\/2022\\\/06\\\/05234716115629.jpg\",\"contentUrl\":\"https:\\\/\\\/gimnasticdetarragona.cat\\\/wp-content\\\/uploads\\\/2022\\\/06\\\/05234716115629.jpg\",\"width\":1600,\"height\":1066},{\"@type\":\"BreadcrumbList\",\"@id\":\"https:\\\/\\\/gimnasticdetarragona.cat\\\/es\\\/el-juvenil-a-buscara-fer-bo-lempat-contra-el-manacor\\\/#breadcrumb\",\"itemListElement\":[{\"@type\":\"ListItem\",\"position\":1,\"name\":\"Inici\",\"item\":\"https:\\\/\\\/gimnasticdetarragona.cat\\\/es\\\/nastic\\\/\"},{\"@type\":\"ListItem\",\"position\":2,\"name\":\"El Juvenil A buscar\u00e1 hacer bueno el empate ante el Manacor\"}]},{\"@type\":\"WebSite\",\"@id\":\"https:\\\/\\\/gimnasticdetarragona.cat\\\/es\\\/#website\",\"url\":\"https:\\\/\\\/gimnasticdetarragona.cat\\\/es\\\/\",\"name\":\"Gimn\u00e0stic de Tarragona SAD\",\"description\":\"Gimn\u00e0stic de Tarragona\",\"publisher\":{\"@id\":\"https:\\\/\\\/gimnasticdetarragona.cat\\\/es\\\/#organization\"},\"potentialAction\":[{\"@type\":\"SearchAction\",\"target\":{\"@type\":\"EntryPoint\",\"urlTemplate\":\"https:\\\/\\\/gimnasticdetarragona.cat\\\/es\\\/?s={search_term_string}\"},\"query-input\":{\"@type\":\"PropertyValueSpecification\",\"valueRequired\":true,\"valueName\":\"search_term_string\"}}],\"inLanguage\":\"es\"},{\"@type\":\"Organization\",\"@id\":\"https:\\\/\\\/gimnasticdetarragona.cat\\\/es\\\/#organization\",\"name\":\"GIMN\u00c0STIC DE TARRAGONA\",\"alternateName\":\"N\u00c0STIC\",\"url\":\"https:\\\/\\\/gimnasticdetarragona.cat\\\/es\\\/\",\"logo\":{\"@type\":\"ImageObject\",\"inLanguage\":\"es\",\"@id\":\"https:\\\/\\\/gimnasticdetarragona.cat\\\/es\\\/#\\\/schema\\\/logo\\\/image\\\/\",\"url\":\"https:\\\/\\\/gimnasticdetarragona.cat\\\/wp-content\\\/uploads\\\/2022\\\/06\\\/cropped-logo-gimnastic.png\",\"contentUrl\":\"https:\\\/\\\/gimnasticdetarragona.cat\\\/wp-content\\\/uploads\\\/2022\\\/06\\\/cropped-logo-gimnastic.png\",\"width\":224,\"height\":83,\"caption\":\"GIMN\u00c0STIC DE TARRAGONA\"},\"image\":{\"@id\":\"https:\\\/\\\/gimnasticdetarragona.cat\\\/es\\\/#\\\/schema\\\/logo\\\/image\\\/\"},\"sameAs\":[\"https:\\\/\\\/x.com\\\/NASTICTARRAGONA\",\"https:\\\/\\\/www.instagram.com\\\/nastictarragona\\\/\"]},{\"@type\":\"Person\",\"@id\":\"https:\\\/\\\/gimnasticdetarragona.cat\\\/es\\\/#\\\/schema\\\/person\\\/47b6a637abf88f9bd835540f20ea069e\",\"name\":\"desarrollo\",\"sameAs\":[\"https:\\\/\\\/clone.gimnasticdetarragona.cat\"]}]}<\/script>\n<!-- \/ Yoast SEO plugin. -->","yoast_head_json":{"title":"El Juvenil A buscar\u00e1 hacer bueno el empate ante el Manacor - Gimn\u00e0stic de Tarragona SAD","robots":{"index":"index","follow":"follow","max-snippet":"max-snippet:-1","max-image-preview":"max-image-preview:large","max-video-preview":"max-video-preview:-1"},"canonical":"https:\/\/gimnasticdetarragona.cat\/es\/el-juvenil-a-buscara-fer-bo-lempat-contra-el-manacor\/","og_locale":"es_ES","og_type":"article","og_title":"El Juvenil A buscar\u00e1 hacer bueno el empate ante el Manacor - Gimn\u00e0stic de Tarragona SAD","og_description":"Los de Manel Cazorla visitan el complicado campo del Sant Andreu, donde buscar\u00e1n una victoria que haga bueno el punto conseguido la pasada jornada contra el Manacor. (S\u00e1bado, 18h)","og_url":"https:\/\/gimnasticdetarragona.cat\/es\/el-juvenil-a-buscara-fer-bo-lempat-contra-el-manacor\/","og_site_name":"Gimn\u00e0stic de Tarragona SAD","article_published_time":"2016-11-24T17:22:04+00:00","og_image":[{"width":1600,"height":1066,"url":"https:\/\/gimnasticdetarragona.cat\/wp-content\/uploads\/2022\/06\/05234716115629.jpg","type":"image\/jpeg"}],"author":"desarrollo","twitter_card":"summary_large_image","twitter_creator":"@NASTICTARRAGONA","twitter_site":"@NASTICTARRAGONA","twitter_misc":{"Escrito por":"desarrollo","Tiempo de lectura":"1 minuto"},"schema":{"@context":"https:\/\/schema.org","@graph":[{"@type":"Article","@id":"https:\/\/gimnasticdetarragona.cat\/es\/el-juvenil-a-buscara-fer-bo-lempat-contra-el-manacor\/#article","isPartOf":{"@id":"https:\/\/gimnasticdetarragona.cat\/es\/el-juvenil-a-buscara-fer-bo-lempat-contra-el-manacor\/"},"author":{"name":"desarrollo","@id":"https:\/\/gimnasticdetarragona.cat\/es\/#\/schema\/person\/47b6a637abf88f9bd835540f20ea069e"},"headline":"El Juvenil A buscar\u00e1 hacer bueno el empate ante el Manacor","datePublished":"2016-11-24T17:22:04+00:00","mainEntityOfPage":{"@id":"https:\/\/gimnasticdetarragona.cat\/es\/el-juvenil-a-buscara-fer-bo-lempat-contra-el-manacor\/"},"wordCount":252,"commentCount":0,"publisher":{"@id":"https:\/\/gimnasticdetarragona.cat\/es\/#organization"},"image":{"@id":"https:\/\/gimnasticdetarragona.cat\/es\/el-juvenil-a-buscara-fer-bo-lempat-contra-el-manacor\/#primaryimage"},"thumbnailUrl":"https:\/\/gimnasticdetarragona.cat\/wp-content\/uploads\/2022\/06\/05234716115629.jpg","articleSection":["Actualidad","F\u00fatbol Base"],"inLanguage":"es"},{"@type":"WebPage","@id":"https:\/\/gimnasticdetarragona.cat\/es\/el-juvenil-a-buscara-fer-bo-lempat-contra-el-manacor\/","url":"https:\/\/gimnasticdetarragona.cat\/es\/el-juvenil-a-buscara-fer-bo-lempat-contra-el-manacor\/","name":"El Juvenil A buscar\u00e1 hacer bueno el empate ante el Manacor - Gimn\u00e0stic de Tarragona SAD","isPartOf":{"@id":"https:\/\/gimnasticdetarragona.cat\/es\/#website"},"primaryImageOfPage":{"@id":"https:\/\/gimnasticdetarragona.cat\/es\/el-juvenil-a-buscara-fer-bo-lempat-contra-el-manacor\/#primaryimage"},"image":{"@id":"https:\/\/gimnasticdetarragona.cat\/es\/el-juvenil-a-buscara-fer-bo-lempat-contra-el-manacor\/#primaryimage"},"thumbnailUrl":"https:\/\/gimnasticdetarragona.cat\/wp-content\/uploads\/2022\/06\/05234716115629.jpg","datePublished":"2016-11-24T17:22:04+00:00","breadcrumb":{"@id":"https:\/\/gimnasticdetarragona.cat\/es\/el-juvenil-a-buscara-fer-bo-lempat-contra-el-manacor\/#breadcrumb"},"inLanguage":"es","potentialAction":[{"@type":"ReadAction","target":["https:\/\/gimnasticdetarragona.cat\/es\/el-juvenil-a-buscara-fer-bo-lempat-contra-el-manacor\/"]}]},{"@type":"ImageObject","inLanguage":"es","@id":"https:\/\/gimnasticdetarragona.cat\/es\/el-juvenil-a-buscara-fer-bo-lempat-contra-el-manacor\/#primaryimage","url":"https:\/\/gimnasticdetarragona.cat\/wp-content\/uploads\/2022\/06\/05234716115629.jpg","contentUrl":"https:\/\/gimnasticdetarragona.cat\/wp-content\/uploads\/2022\/06\/05234716115629.jpg","width":1600,"height":1066},{"@type":"BreadcrumbList","@id":"https:\/\/gimnasticdetarragona.cat\/es\/el-juvenil-a-buscara-fer-bo-lempat-contra-el-manacor\/#breadcrumb","itemListElement":[{"@type":"ListItem","position":1,"name":"Inici","item":"https:\/\/gimnasticdetarragona.cat\/es\/nastic\/"},{"@type":"ListItem","position":2,"name":"El Juvenil A buscar\u00e1 hacer bueno el empate ante el Manacor"}]},{"@type":"WebSite","@id":"https:\/\/gimnasticdetarragona.cat\/es\/#website","url":"https:\/\/gimnasticdetarragona.cat\/es\/","name":"Gimn\u00e0stic de Tarragona SAD","description":"Gimn\u00e0stic de Tarragona","publisher":{"@id":"https:\/\/gimnasticdetarragona.cat\/es\/#organization"},"potentialAction":[{"@type":"SearchAction","target":{"@type":"EntryPoint","urlTemplate":"https:\/\/gimnasticdetarragona.cat\/es\/?s={search_term_string}"},"query-input":{"@type":"PropertyValueSpecification","valueRequired":true,"valueName":"search_term_string"}}],"inLanguage":"es"},{"@type":"Organization","@id":"https:\/\/gimnasticdetarragona.cat\/es\/#organization","name":"GIMN\u00c0STIC DE TARRAGONA","alternateName":"N\u00c0STIC","url":"https:\/\/gimnasticdetarragona.cat\/es\/","logo":{"@type":"ImageObject","inLanguage":"es","@id":"https:\/\/gimnasticdetarragona.cat\/es\/#\/schema\/logo\/image\/","url":"https:\/\/gimnasticdetarragona.cat\/wp-content\/uploads\/2022\/06\/cropped-logo-gimnastic.png","contentUrl":"https:\/\/gimnasticdetarragona.cat\/wp-content\/uploads\/2022\/06\/cropped-logo-gimnastic.png","width":224,"height":83,"caption":"GIMN\u00c0STIC DE TARRAGONA"},"image":{"@id":"https:\/\/gimnasticdetarragona.cat\/es\/#\/schema\/logo\/image\/"},"sameAs":["https:\/\/x.com\/NASTICTARRAGONA","https:\/\/www.instagram.com\/nastictarragona\/"]},{"@type":"Person","@id":"https:\/\/gimnasticdetarragona.cat\/es\/#\/schema\/person\/47b6a637abf88f9bd835540f20ea069e","name":"desarrollo","sameAs":["https:\/\/clone.gimnasticdetarragona.cat"]}]}},"_links":{"self":[{"href":"https:\/\/gimnasticdetarragona.cat\/es\/wp-json\/wp\/v2\/posts\/60105","targetHints":{"allow":["GET"]}}],"collection":[{"href":"https:\/\/gimnasticdetarragona.cat\/es\/wp-json\/wp\/v2\/posts"}],"about":[{"href":"https:\/\/gimnasticdetarragona.cat\/es\/wp-json\/wp\/v2\/types\/post"}],"author":[{"embeddable":true,"href":"https:\/\/gimnasticdetarragona.cat\/es\/wp-json\/wp\/v2\/users\/1"}],"replies":[{"embeddable":true,"href":"https:\/\/gimnasticdetarragona.cat\/es\/wp-json\/wp\/v2\/comments?post=60105"}],"version-history":[{"count":0,"href":"https:\/\/gimnasticdetarragona.cat\/es\/wp-json\/wp\/v2\/posts\/60105\/revisions"}],"wp:featuredmedia":[{"embeddable":true,"href":"https:\/\/gimnasticdetarragona.cat\/es\/wp-json\/wp\/v2\/media\/60102"}],"wp:attachment":[{"href":"https:\/\/gimnasticdetarragona.cat\/es\/wp-json\/wp\/v2\/media?parent=60105"}],"wp:term":[{"taxonomy":"category","embeddable":true,"href":"https:\/\/gimnasticdetarragona.cat\/es\/wp-json\/wp\/v2\/categories?post=60105"},{"taxonomy":"post_tag","embeddable":true,"href":"https:\/\/gimnasticdetarragona.cat\/es\/wp-json\/wp\/v2\/tags?post=60105"}],"curies":[{"name":"wp","href":"https:\/\/api.w.org\/{rel}","templated":true}]}}