{"id":60153,"date":"2016-11-18T18:59:19","date_gmt":"2016-11-18T18:59:19","guid":{"rendered":"https:\/\/clone.gimnasticdetarragona.cat\/partits-destacats-del-plantergrana-daquest-cap-de-setmana\/"},"modified":"2016-11-18T18:59:19","modified_gmt":"2016-11-18T18:59:19","slug":"partits-destacats-del-plantergrana-daquest-cap-de-setmana","status":"publish","type":"post","link":"https:\/\/gimnasticdetarragona.cat\/es\/partits-destacats-del-plantergrana-daquest-cap-de-setmana\/","title":{"rendered":"Partits destacats del #PlanterGrana d&#8217;aquest cap de setmana."},"content":{"rendered":"<p style=\"text-align: justify;\">Partidos destacados del fin de semana.<\/p>\n<p style=\"text-align: justify;\">JUVENIL C:<\/p>\n<p style=\"text-align: justify;\">Los grana visitan el Base Pallaresos, el s\u00e1bado a las 19:00. El equipo de I\u00f1aki P\u00e9rez quiere sumar una nueva victoria tras la sumada la semana pasada contra el 2\u00ba clasificado. Los juveniles C empezaron de manera irregular la competici\u00f3n y quieren ahora alargar la buena din\u00e1mica para escalar posiciones en la tabla.<\/p>\n<p style=\"text-align: justify;\">CADETE C<\/p>\n<p style=\"text-align: justify;\">El equipo de Jordi Rojas, tras la brillante victoria en Cambrils, quiere sumar de tres y continuar luchando por la 1\u00aa posici\u00f3n ante el cadete del SPSP uno de los otros favoritos para estar en la parte alta. El partido se disputa el s\u00e1bado a las 19:30 horas.<\/p>\n<p style=\"text-align: justify;\">INFANTIL B<\/p>\n<p style=\"text-align: justify;\">Los infantiles de primer a\u00f1o recibe al Tortosa en uno de los derby provincial de la preferente, donde los de Eder buscan encontrar el camino de la victoria. El partido se disputar\u00e1 el s\u00e1bado a las 10 en Sansa.<\/p>\n<p style=\"text-align: justify;\">INFANTIL D<\/p>\n<p style=\"text-align: justify;\">Los chicos de Aleix Galan, contin\u00faan al frente de la tabla y reciben al Bonavista el s\u00e1bado a las 13:30. Los j\u00f3venes infantiles a\u00fan no han recibido ning\u00fan gol en 6 partidos.<\/p>\n<p style=\"text-align: justify;\">ALEVI C<\/p>\n<p style=\"text-align: justify;\">Los alevines juegan contra el Base Marc Bartra en un partido interesant\u00edsimo de la parte alta de la 1\u00aa div grupo 15. Los chicos de Diego de Diego intentar\u00e1n ganar para distanciarse en la mesa de uno de sus perseguidores.<\/p>\n<p style=\"text-align: justify;\">PREBENJAM\u00cdN A<\/p>\n<p style=\"text-align: justify;\">Derbi de prebenjamines de 1\u00ba a\u00f1o el s\u00e1bado a las 9:00, coincidiendo con el fin de semana del derby de los granos. El Reus a\u00fan contin\u00faa invicto en la liga, donde recordamos que los dos equipos son \u00edntegramente formados por jugadores de 1\u00ba a\u00f1o. Los peque\u00f1os de Jorge Miranda y Dani Parrilla seguro pondr\u00e1n un alto nivel en el partido.<\/p>\n<p style=\"text-align: justify;\">PREBENJAM\u00cdN C<\/p>\n<p style=\"text-align: justify;\">Los peque\u00f1os de Adri de Dios reciben al l\u00edder de la liga en lo que ser\u00e1 un partido complicado ya que los de la Floresta no ha encajado ning\u00fan gol todav\u00eda. Duelo de 1\u00ba vs 3\u00ba de equipos invictos.<\/p>\n<p style=\"text-align: justify;\">INFANTIL C<\/p>\n<p style=\"text-align: justify;\">Los chicos de Oscar Gil juegan el domingo contra uno de los rivales fuertes de la categor\u00eda, el Calafell. Los nuestros querr\u00e1n sumar tres puntos para continuar en la parte alta de la clasificaci\u00f3n.<\/p>\n","protected":false},"excerpt":{"rendered":"<p>Partits destacats del #PlanterGrana d&#8217;aquest cap de setmana. <\/p>\n","protected":false},"author":1,"featured_media":60150,"comment_status":"open","ping_status":"open","sticky":false,"template":"","format":"standard","meta":{"_acf_changed":false,"footnotes":""},"categories":[113,117],"tags":[],"class_list":["post-60153","post","type-post","status-publish","format-standard","has-post-thumbnail","hentry","category-actualidad","category-futbol-base"],"acf":[],"yoast_head":"<!-- This site is optimized with the Yoast SEO plugin v27.3 - https:\/\/yoast.com\/product\/yoast-seo-wordpress\/ -->\n<title>Partits destacats del #PlanterGrana d&#039;aquest cap de setmana. - Gimn\u00e0stic de Tarragona SAD<\/title>\n<meta name=\"robots\" content=\"index, follow, max-snippet:-1, max-image-preview:large, max-video-preview:-1\" \/>\n<link rel=\"canonical\" href=\"https:\/\/gimnasticdetarragona.cat\/es\/partits-destacats-del-plantergrana-daquest-cap-de-setmana\/\" \/>\n<meta property=\"og:locale\" content=\"es_ES\" \/>\n<meta property=\"og:type\" content=\"article\" \/>\n<meta property=\"og:title\" content=\"Partits destacats del #PlanterGrana d&#039;aquest cap de setmana. - Gimn\u00e0stic de Tarragona SAD\" \/>\n<meta property=\"og:description\" content=\"Partits destacats del #PlanterGrana d&#039;aquest cap de setmana.\" \/>\n<meta property=\"og:url\" content=\"https:\/\/gimnasticdetarragona.cat\/es\/partits-destacats-del-plantergrana-daquest-cap-de-setmana\/\" \/>\n<meta property=\"og:site_name\" content=\"Gimn\u00e0stic de Tarragona SAD\" \/>\n<meta property=\"article:published_time\" content=\"2016-11-18T18:59:19+00:00\" \/>\n<meta property=\"og:image\" content=\"https:\/\/gimnasticdetarragona.cat\/wp-content\/uploads\/2022\/06\/05234710115388.png\" \/>\n\t<meta property=\"og:image:width\" content=\"791\" \/>\n\t<meta property=\"og:image:height\" content=\"527\" \/>\n\t<meta property=\"og:image:type\" content=\"image\/png\" \/>\n<meta name=\"author\" content=\"desarrollo\" \/>\n<meta name=\"twitter:card\" content=\"summary_large_image\" \/>\n<meta name=\"twitter:creator\" content=\"@NASTICTARRAGONA\" \/>\n<meta name=\"twitter:site\" content=\"@NASTICTARRAGONA\" \/>\n<meta name=\"twitter:label1\" content=\"Escrito por\" \/>\n\t<meta name=\"twitter:data1\" content=\"desarrollo\" \/>\n\t<meta name=\"twitter:label2\" content=\"Tiempo de lectura\" \/>\n\t<meta name=\"twitter:data2\" content=\"2 minutos\" \/>\n<script type=\"application\/ld+json\" class=\"yoast-schema-graph\">{\"@context\":\"https:\\\/\\\/schema.org\",\"@graph\":[{\"@type\":\"Article\",\"@id\":\"https:\\\/\\\/gimnasticdetarragona.cat\\\/es\\\/partits-destacats-del-plantergrana-daquest-cap-de-setmana\\\/#article\",\"isPartOf\":{\"@id\":\"https:\\\/\\\/gimnasticdetarragona.cat\\\/es\\\/partits-destacats-del-plantergrana-daquest-cap-de-setmana\\\/\"},\"author\":{\"name\":\"desarrollo\",\"@id\":\"https:\\\/\\\/gimnasticdetarragona.cat\\\/es\\\/#\\\/schema\\\/person\\\/47b6a637abf88f9bd835540f20ea069e\"},\"headline\":\"Partits destacats del #PlanterGrana d&#8217;aquest cap de setmana.\",\"datePublished\":\"2016-11-18T18:59:19+00:00\",\"mainEntityOfPage\":{\"@id\":\"https:\\\/\\\/gimnasticdetarragona.cat\\\/es\\\/partits-destacats-del-plantergrana-daquest-cap-de-setmana\\\/\"},\"wordCount\":394,\"commentCount\":0,\"publisher\":{\"@id\":\"https:\\\/\\\/gimnasticdetarragona.cat\\\/es\\\/#organization\"},\"image\":{\"@id\":\"https:\\\/\\\/gimnasticdetarragona.cat\\\/es\\\/partits-destacats-del-plantergrana-daquest-cap-de-setmana\\\/#primaryimage\"},\"thumbnailUrl\":\"https:\\\/\\\/gimnasticdetarragona.cat\\\/wp-content\\\/uploads\\\/2022\\\/06\\\/05234710115388.png\",\"articleSection\":[\"Actualidad\",\"F\u00fatbol Base\"],\"inLanguage\":\"es\"},{\"@type\":\"WebPage\",\"@id\":\"https:\\\/\\\/gimnasticdetarragona.cat\\\/es\\\/partits-destacats-del-plantergrana-daquest-cap-de-setmana\\\/\",\"url\":\"https:\\\/\\\/gimnasticdetarragona.cat\\\/es\\\/partits-destacats-del-plantergrana-daquest-cap-de-setmana\\\/\",\"name\":\"Partits destacats del #PlanterGrana d'aquest cap de setmana. - Gimn\u00e0stic de Tarragona SAD\",\"isPartOf\":{\"@id\":\"https:\\\/\\\/gimnasticdetarragona.cat\\\/es\\\/#website\"},\"primaryImageOfPage\":{\"@id\":\"https:\\\/\\\/gimnasticdetarragona.cat\\\/es\\\/partits-destacats-del-plantergrana-daquest-cap-de-setmana\\\/#primaryimage\"},\"image\":{\"@id\":\"https:\\\/\\\/gimnasticdetarragona.cat\\\/es\\\/partits-destacats-del-plantergrana-daquest-cap-de-setmana\\\/#primaryimage\"},\"thumbnailUrl\":\"https:\\\/\\\/gimnasticdetarragona.cat\\\/wp-content\\\/uploads\\\/2022\\\/06\\\/05234710115388.png\",\"datePublished\":\"2016-11-18T18:59:19+00:00\",\"breadcrumb\":{\"@id\":\"https:\\\/\\\/gimnasticdetarragona.cat\\\/es\\\/partits-destacats-del-plantergrana-daquest-cap-de-setmana\\\/#breadcrumb\"},\"inLanguage\":\"es\",\"potentialAction\":[{\"@type\":\"ReadAction\",\"target\":[\"https:\\\/\\\/gimnasticdetarragona.cat\\\/es\\\/partits-destacats-del-plantergrana-daquest-cap-de-setmana\\\/\"]}]},{\"@type\":\"ImageObject\",\"inLanguage\":\"es\",\"@id\":\"https:\\\/\\\/gimnasticdetarragona.cat\\\/es\\\/partits-destacats-del-plantergrana-daquest-cap-de-setmana\\\/#primaryimage\",\"url\":\"https:\\\/\\\/gimnasticdetarragona.cat\\\/wp-content\\\/uploads\\\/2022\\\/06\\\/05234710115388.png\",\"contentUrl\":\"https:\\\/\\\/gimnasticdetarragona.cat\\\/wp-content\\\/uploads\\\/2022\\\/06\\\/05234710115388.png\",\"width\":791,\"height\":527},{\"@type\":\"BreadcrumbList\",\"@id\":\"https:\\\/\\\/gimnasticdetarragona.cat\\\/es\\\/partits-destacats-del-plantergrana-daquest-cap-de-setmana\\\/#breadcrumb\",\"itemListElement\":[{\"@type\":\"ListItem\",\"position\":1,\"name\":\"Inici\",\"item\":\"https:\\\/\\\/gimnasticdetarragona.cat\\\/es\\\/nastic\\\/\"},{\"@type\":\"ListItem\",\"position\":2,\"name\":\"Partits destacats del #PlanterGrana d&#8217;aquest cap de setmana.\"}]},{\"@type\":\"WebSite\",\"@id\":\"https:\\\/\\\/gimnasticdetarragona.cat\\\/es\\\/#website\",\"url\":\"https:\\\/\\\/gimnasticdetarragona.cat\\\/es\\\/\",\"name\":\"Gimn\u00e0stic de Tarragona SAD\",\"description\":\"Gimn\u00e0stic de Tarragona\",\"publisher\":{\"@id\":\"https:\\\/\\\/gimnasticdetarragona.cat\\\/es\\\/#organization\"},\"potentialAction\":[{\"@type\":\"SearchAction\",\"target\":{\"@type\":\"EntryPoint\",\"urlTemplate\":\"https:\\\/\\\/gimnasticdetarragona.cat\\\/es\\\/?s={search_term_string}\"},\"query-input\":{\"@type\":\"PropertyValueSpecification\",\"valueRequired\":true,\"valueName\":\"search_term_string\"}}],\"inLanguage\":\"es\"},{\"@type\":\"Organization\",\"@id\":\"https:\\\/\\\/gimnasticdetarragona.cat\\\/es\\\/#organization\",\"name\":\"GIMN\u00c0STIC DE TARRAGONA\",\"alternateName\":\"N\u00c0STIC\",\"url\":\"https:\\\/\\\/gimnasticdetarragona.cat\\\/es\\\/\",\"logo\":{\"@type\":\"ImageObject\",\"inLanguage\":\"es\",\"@id\":\"https:\\\/\\\/gimnasticdetarragona.cat\\\/es\\\/#\\\/schema\\\/logo\\\/image\\\/\",\"url\":\"https:\\\/\\\/gimnasticdetarragona.cat\\\/wp-content\\\/uploads\\\/2022\\\/06\\\/cropped-logo-gimnastic.png\",\"contentUrl\":\"https:\\\/\\\/gimnasticdetarragona.cat\\\/wp-content\\\/uploads\\\/2022\\\/06\\\/cropped-logo-gimnastic.png\",\"width\":224,\"height\":83,\"caption\":\"GIMN\u00c0STIC DE TARRAGONA\"},\"image\":{\"@id\":\"https:\\\/\\\/gimnasticdetarragona.cat\\\/es\\\/#\\\/schema\\\/logo\\\/image\\\/\"},\"sameAs\":[\"https:\\\/\\\/x.com\\\/NASTICTARRAGONA\",\"https:\\\/\\\/www.instagram.com\\\/nastictarragona\\\/\"]},{\"@type\":\"Person\",\"@id\":\"https:\\\/\\\/gimnasticdetarragona.cat\\\/es\\\/#\\\/schema\\\/person\\\/47b6a637abf88f9bd835540f20ea069e\",\"name\":\"desarrollo\",\"sameAs\":[\"https:\\\/\\\/clone.gimnasticdetarragona.cat\"]}]}<\/script>\n<!-- \/ Yoast SEO plugin. -->","yoast_head_json":{"title":"Partits destacats del #PlanterGrana d'aquest cap de setmana. - Gimn\u00e0stic de Tarragona SAD","robots":{"index":"index","follow":"follow","max-snippet":"max-snippet:-1","max-image-preview":"max-image-preview:large","max-video-preview":"max-video-preview:-1"},"canonical":"https:\/\/gimnasticdetarragona.cat\/es\/partits-destacats-del-plantergrana-daquest-cap-de-setmana\/","og_locale":"es_ES","og_type":"article","og_title":"Partits destacats del #PlanterGrana d'aquest cap de setmana. - Gimn\u00e0stic de Tarragona SAD","og_description":"Partits destacats del #PlanterGrana d'aquest cap de setmana.","og_url":"https:\/\/gimnasticdetarragona.cat\/es\/partits-destacats-del-plantergrana-daquest-cap-de-setmana\/","og_site_name":"Gimn\u00e0stic de Tarragona SAD","article_published_time":"2016-11-18T18:59:19+00:00","og_image":[{"width":791,"height":527,"url":"https:\/\/gimnasticdetarragona.cat\/wp-content\/uploads\/2022\/06\/05234710115388.png","type":"image\/png"}],"author":"desarrollo","twitter_card":"summary_large_image","twitter_creator":"@NASTICTARRAGONA","twitter_site":"@NASTICTARRAGONA","twitter_misc":{"Escrito por":"desarrollo","Tiempo de lectura":"2 minutos"},"schema":{"@context":"https:\/\/schema.org","@graph":[{"@type":"Article","@id":"https:\/\/gimnasticdetarragona.cat\/es\/partits-destacats-del-plantergrana-daquest-cap-de-setmana\/#article","isPartOf":{"@id":"https:\/\/gimnasticdetarragona.cat\/es\/partits-destacats-del-plantergrana-daquest-cap-de-setmana\/"},"author":{"name":"desarrollo","@id":"https:\/\/gimnasticdetarragona.cat\/es\/#\/schema\/person\/47b6a637abf88f9bd835540f20ea069e"},"headline":"Partits destacats del #PlanterGrana d&#8217;aquest cap de setmana.","datePublished":"2016-11-18T18:59:19+00:00","mainEntityOfPage":{"@id":"https:\/\/gimnasticdetarragona.cat\/es\/partits-destacats-del-plantergrana-daquest-cap-de-setmana\/"},"wordCount":394,"commentCount":0,"publisher":{"@id":"https:\/\/gimnasticdetarragona.cat\/es\/#organization"},"image":{"@id":"https:\/\/gimnasticdetarragona.cat\/es\/partits-destacats-del-plantergrana-daquest-cap-de-setmana\/#primaryimage"},"thumbnailUrl":"https:\/\/gimnasticdetarragona.cat\/wp-content\/uploads\/2022\/06\/05234710115388.png","articleSection":["Actualidad","F\u00fatbol Base"],"inLanguage":"es"},{"@type":"WebPage","@id":"https:\/\/gimnasticdetarragona.cat\/es\/partits-destacats-del-plantergrana-daquest-cap-de-setmana\/","url":"https:\/\/gimnasticdetarragona.cat\/es\/partits-destacats-del-plantergrana-daquest-cap-de-setmana\/","name":"Partits destacats del #PlanterGrana d'aquest cap de setmana. - Gimn\u00e0stic de Tarragona SAD","isPartOf":{"@id":"https:\/\/gimnasticdetarragona.cat\/es\/#website"},"primaryImageOfPage":{"@id":"https:\/\/gimnasticdetarragona.cat\/es\/partits-destacats-del-plantergrana-daquest-cap-de-setmana\/#primaryimage"},"image":{"@id":"https:\/\/gimnasticdetarragona.cat\/es\/partits-destacats-del-plantergrana-daquest-cap-de-setmana\/#primaryimage"},"thumbnailUrl":"https:\/\/gimnasticdetarragona.cat\/wp-content\/uploads\/2022\/06\/05234710115388.png","datePublished":"2016-11-18T18:59:19+00:00","breadcrumb":{"@id":"https:\/\/gimnasticdetarragona.cat\/es\/partits-destacats-del-plantergrana-daquest-cap-de-setmana\/#breadcrumb"},"inLanguage":"es","potentialAction":[{"@type":"ReadAction","target":["https:\/\/gimnasticdetarragona.cat\/es\/partits-destacats-del-plantergrana-daquest-cap-de-setmana\/"]}]},{"@type":"ImageObject","inLanguage":"es","@id":"https:\/\/gimnasticdetarragona.cat\/es\/partits-destacats-del-plantergrana-daquest-cap-de-setmana\/#primaryimage","url":"https:\/\/gimnasticdetarragona.cat\/wp-content\/uploads\/2022\/06\/05234710115388.png","contentUrl":"https:\/\/gimnasticdetarragona.cat\/wp-content\/uploads\/2022\/06\/05234710115388.png","width":791,"height":527},{"@type":"BreadcrumbList","@id":"https:\/\/gimnasticdetarragona.cat\/es\/partits-destacats-del-plantergrana-daquest-cap-de-setmana\/#breadcrumb","itemListElement":[{"@type":"ListItem","position":1,"name":"Inici","item":"https:\/\/gimnasticdetarragona.cat\/es\/nastic\/"},{"@type":"ListItem","position":2,"name":"Partits destacats del #PlanterGrana d&#8217;aquest cap de setmana."}]},{"@type":"WebSite","@id":"https:\/\/gimnasticdetarragona.cat\/es\/#website","url":"https:\/\/gimnasticdetarragona.cat\/es\/","name":"Gimn\u00e0stic de Tarragona SAD","description":"Gimn\u00e0stic de Tarragona","publisher":{"@id":"https:\/\/gimnasticdetarragona.cat\/es\/#organization"},"potentialAction":[{"@type":"SearchAction","target":{"@type":"EntryPoint","urlTemplate":"https:\/\/gimnasticdetarragona.cat\/es\/?s={search_term_string}"},"query-input":{"@type":"PropertyValueSpecification","valueRequired":true,"valueName":"search_term_string"}}],"inLanguage":"es"},{"@type":"Organization","@id":"https:\/\/gimnasticdetarragona.cat\/es\/#organization","name":"GIMN\u00c0STIC DE TARRAGONA","alternateName":"N\u00c0STIC","url":"https:\/\/gimnasticdetarragona.cat\/es\/","logo":{"@type":"ImageObject","inLanguage":"es","@id":"https:\/\/gimnasticdetarragona.cat\/es\/#\/schema\/logo\/image\/","url":"https:\/\/gimnasticdetarragona.cat\/wp-content\/uploads\/2022\/06\/cropped-logo-gimnastic.png","contentUrl":"https:\/\/gimnasticdetarragona.cat\/wp-content\/uploads\/2022\/06\/cropped-logo-gimnastic.png","width":224,"height":83,"caption":"GIMN\u00c0STIC DE TARRAGONA"},"image":{"@id":"https:\/\/gimnasticdetarragona.cat\/es\/#\/schema\/logo\/image\/"},"sameAs":["https:\/\/x.com\/NASTICTARRAGONA","https:\/\/www.instagram.com\/nastictarragona\/"]},{"@type":"Person","@id":"https:\/\/gimnasticdetarragona.cat\/es\/#\/schema\/person\/47b6a637abf88f9bd835540f20ea069e","name":"desarrollo","sameAs":["https:\/\/clone.gimnasticdetarragona.cat"]}]}},"_links":{"self":[{"href":"https:\/\/gimnasticdetarragona.cat\/es\/wp-json\/wp\/v2\/posts\/60153","targetHints":{"allow":["GET"]}}],"collection":[{"href":"https:\/\/gimnasticdetarragona.cat\/es\/wp-json\/wp\/v2\/posts"}],"about":[{"href":"https:\/\/gimnasticdetarragona.cat\/es\/wp-json\/wp\/v2\/types\/post"}],"author":[{"embeddable":true,"href":"https:\/\/gimnasticdetarragona.cat\/es\/wp-json\/wp\/v2\/users\/1"}],"replies":[{"embeddable":true,"href":"https:\/\/gimnasticdetarragona.cat\/es\/wp-json\/wp\/v2\/comments?post=60153"}],"version-history":[{"count":0,"href":"https:\/\/gimnasticdetarragona.cat\/es\/wp-json\/wp\/v2\/posts\/60153\/revisions"}],"wp:featuredmedia":[{"embeddable":true,"href":"https:\/\/gimnasticdetarragona.cat\/es\/wp-json\/wp\/v2\/media\/60150"}],"wp:attachment":[{"href":"https:\/\/gimnasticdetarragona.cat\/es\/wp-json\/wp\/v2\/media?parent=60153"}],"wp:term":[{"taxonomy":"category","embeddable":true,"href":"https:\/\/gimnasticdetarragona.cat\/es\/wp-json\/wp\/v2\/categories?post=60153"},{"taxonomy":"post_tag","embeddable":true,"href":"https:\/\/gimnasticdetarragona.cat\/es\/wp-json\/wp\/v2\/tags?post=60153"}],"curies":[{"name":"wp","href":"https:\/\/api.w.org\/{rel}","templated":true}]}}