{"id":60185,"date":"2016-11-14T17:12:13","date_gmt":"2016-11-14T17:12:13","guid":{"rendered":"https:\/\/clone.gimnasticdetarragona.cat\/actuacio-dels-internacionals-grana-amb-els-seus-combinats-nacionals\/"},"modified":"2016-11-14T17:12:13","modified_gmt":"2016-11-14T17:12:13","slug":"actuacio-dels-internacionals-grana-amb-els-seus-combinats-nacionals","status":"publish","type":"post","link":"https:\/\/gimnasticdetarragona.cat\/es\/actuacio-dels-internacionals-grana-amb-els-seus-combinats-nacionals\/","title":{"rendered":"Actuaci\u00f3n de los internacionales grana con sus combinados nacionales"},"content":{"rendered":"<p style=\"text-align: justify;\">Los cuatro futbolistas del N\u00e0stic representaron a su pa\u00eds el pasado s\u00e1bado d\u00eda 12 de noviembre en los enfrentamientos oficiales de clasificaci\u00f3n para el mundial de Rusia 2018.<\/p>\n<p style=\"text-align: justify;\">El portero Stole Dimitrievski jug\u00f3 todo el partido con Macedonia ante el combinado espa\u00f1ol en Granada. El partido finaliz\u00f3 con el resultado de 4 a 0 a favor de la selecci\u00f3n espa\u00f1ola. En cuanto al lateral grana Otar Kakabadze, tambi\u00e9n jug\u00f3 los 90 minutos en el empate entre la selecci\u00f3n georgiana y el equipo nacional de Moldavia. Mientras que los partidos de selecciones en territorio africano, el gabon\u00e9s Levy Madinda sali\u00f3 de titular ante Mali. Fue sustituido en el minuto 75 y el encuentro finaliz\u00f3 con el resultado inicial de 0 a 0. Finalmente, el central Mohammed Djetei no disput\u00f3 ning\u00fan minuto del encuentro que se jug\u00f3 en Camer\u00fan ante el combinado de Zambia.<\/p>\n<p style=\"text-align: justify;\">Tras esta nueva jornada de clasificaci\u00f3n para el mundial de Rusia, que se jugar\u00e1 el 2018, Dimitrievski, Kakabadze y Djetei se reincorporar\u00e1n a los entrenamientos del equipo ma\u00f1ana por la tarde, para realizar la primera sesi\u00f3n semanal bajo las \u00f3rdenes de Vicente Moreno y as\u00ed preparar el derbi del domingo, a las 12 horas, en el Estadio Municipal de Reus. Mientras que el centrocampista Levy Madinda se unir\u00e1 al resto de compa\u00f1eros el mi\u00e9rcoles, ya que ma\u00f1ana, martes, el combinado de Gab\u00f3n jugar\u00e1 un partido amistoso ante Comores, a partir de las 12 horas, en territorio gabon\u00e9s.<\/p>\n<p style=\"text-align: justify;\">Los resultados de los internacionales del N\u00e0stic han sido:<\/p>\n<p style=\"text-align: justify;\">Camer\u00fan (Djetei) 1-1 Zambia<\/p>\n<p style=\"text-align: justify;\">Georgia (Kakabadze) 1-1 Moldavia<\/p>\n<p style=\"text-align: justify;\">Mali 0-0 Gab\u00f3n (Madinda)<\/p>\n<p style=\"text-align: justify;\">Espa\u00f1a 4-0 Macedonia (Dimitrievski)<\/p>\n","protected":false},"excerpt":{"rendered":"<p>Los cuatro futbolistas del N\u00e0stic representaron a su pa\u00eds el pasado s\u00e1bado d\u00eda 12 de noviembre en los enfrentamientos oficiales de clasificaci\u00f3n para el mundial de Rusia 2018.<\/p>\n","protected":false},"author":1,"featured_media":60182,"comment_status":"open","ping_status":"open","sticky":false,"template":"","format":"standard","meta":{"_acf_changed":false,"footnotes":""},"categories":[113],"tags":[],"class_list":["post-60185","post","type-post","status-publish","format-standard","has-post-thumbnail","hentry","category-actualidad"],"acf":[],"yoast_head":"<!-- This site is optimized with the Yoast SEO plugin v27.3 - https:\/\/yoast.com\/product\/yoast-seo-wordpress\/ -->\n<title>Actuaci\u00f3n de los internacionales grana con sus combinados nacionales - Gimn\u00e0stic de Tarragona SAD<\/title>\n<meta name=\"robots\" content=\"index, follow, max-snippet:-1, max-image-preview:large, max-video-preview:-1\" \/>\n<link rel=\"canonical\" href=\"https:\/\/gimnasticdetarragona.cat\/es\/actuacio-dels-internacionals-grana-amb-els-seus-combinats-nacionals\/\" \/>\n<meta property=\"og:locale\" content=\"es_ES\" \/>\n<meta property=\"og:type\" content=\"article\" \/>\n<meta property=\"og:title\" content=\"Actuaci\u00f3n de los internacionales grana con sus combinados nacionales - Gimn\u00e0stic de Tarragona SAD\" \/>\n<meta property=\"og:description\" content=\"Los cuatro futbolistas del N\u00e0stic representaron a su pa\u00eds el pasado s\u00e1bado d\u00eda 12 de noviembre en los enfrentamientos oficiales de clasificaci\u00f3n para el mundial de Rusia 2018.\" \/>\n<meta property=\"og:url\" content=\"https:\/\/gimnasticdetarragona.cat\/es\/actuacio-dels-internacionals-grana-amb-els-seus-combinats-nacionals\/\" \/>\n<meta property=\"og:site_name\" content=\"Gimn\u00e0stic de Tarragona SAD\" \/>\n<meta property=\"article:published_time\" content=\"2016-11-14T17:12:13+00:00\" \/>\n<meta property=\"og:image\" content=\"https:\/\/gimnasticdetarragona.cat\/wp-content\/uploads\/2022\/06\/05234703115223.jpg\" \/>\n\t<meta property=\"og:image:width\" content=\"640\" \/>\n\t<meta property=\"og:image:height\" content=\"352\" \/>\n\t<meta property=\"og:image:type\" content=\"image\/jpeg\" \/>\n<meta name=\"author\" content=\"desarrollo\" \/>\n<meta name=\"twitter:card\" content=\"summary_large_image\" \/>\n<meta name=\"twitter:creator\" content=\"@NASTICTARRAGONA\" \/>\n<meta name=\"twitter:site\" content=\"@NASTICTARRAGONA\" \/>\n<meta name=\"twitter:label1\" content=\"Escrito por\" \/>\n\t<meta name=\"twitter:data1\" content=\"desarrollo\" \/>\n\t<meta name=\"twitter:label2\" content=\"Tiempo de lectura\" \/>\n\t<meta name=\"twitter:data2\" content=\"1 minuto\" \/>\n<script type=\"application\/ld+json\" class=\"yoast-schema-graph\">{\"@context\":\"https:\\\/\\\/schema.org\",\"@graph\":[{\"@type\":\"Article\",\"@id\":\"https:\\\/\\\/gimnasticdetarragona.cat\\\/es\\\/actuacio-dels-internacionals-grana-amb-els-seus-combinats-nacionals\\\/#article\",\"isPartOf\":{\"@id\":\"https:\\\/\\\/gimnasticdetarragona.cat\\\/es\\\/actuacio-dels-internacionals-grana-amb-els-seus-combinats-nacionals\\\/\"},\"author\":{\"name\":\"desarrollo\",\"@id\":\"https:\\\/\\\/gimnasticdetarragona.cat\\\/es\\\/#\\\/schema\\\/person\\\/47b6a637abf88f9bd835540f20ea069e\"},\"headline\":\"Actuaci\u00f3n de los internacionales grana con sus combinados nacionales\",\"datePublished\":\"2016-11-14T17:12:13+00:00\",\"mainEntityOfPage\":{\"@id\":\"https:\\\/\\\/gimnasticdetarragona.cat\\\/es\\\/actuacio-dels-internacionals-grana-amb-els-seus-combinats-nacionals\\\/\"},\"wordCount\":289,\"commentCount\":0,\"publisher\":{\"@id\":\"https:\\\/\\\/gimnasticdetarragona.cat\\\/es\\\/#organization\"},\"image\":{\"@id\":\"https:\\\/\\\/gimnasticdetarragona.cat\\\/es\\\/actuacio-dels-internacionals-grana-amb-els-seus-combinats-nacionals\\\/#primaryimage\"},\"thumbnailUrl\":\"https:\\\/\\\/gimnasticdetarragona.cat\\\/wp-content\\\/uploads\\\/2022\\\/06\\\/05234703115223.jpg\",\"articleSection\":[\"Actualidad\"],\"inLanguage\":\"es\"},{\"@type\":\"WebPage\",\"@id\":\"https:\\\/\\\/gimnasticdetarragona.cat\\\/es\\\/actuacio-dels-internacionals-grana-amb-els-seus-combinats-nacionals\\\/\",\"url\":\"https:\\\/\\\/gimnasticdetarragona.cat\\\/es\\\/actuacio-dels-internacionals-grana-amb-els-seus-combinats-nacionals\\\/\",\"name\":\"Actuaci\u00f3n de los internacionales grana con sus combinados nacionales - Gimn\u00e0stic de Tarragona SAD\",\"isPartOf\":{\"@id\":\"https:\\\/\\\/gimnasticdetarragona.cat\\\/es\\\/#website\"},\"primaryImageOfPage\":{\"@id\":\"https:\\\/\\\/gimnasticdetarragona.cat\\\/es\\\/actuacio-dels-internacionals-grana-amb-els-seus-combinats-nacionals\\\/#primaryimage\"},\"image\":{\"@id\":\"https:\\\/\\\/gimnasticdetarragona.cat\\\/es\\\/actuacio-dels-internacionals-grana-amb-els-seus-combinats-nacionals\\\/#primaryimage\"},\"thumbnailUrl\":\"https:\\\/\\\/gimnasticdetarragona.cat\\\/wp-content\\\/uploads\\\/2022\\\/06\\\/05234703115223.jpg\",\"datePublished\":\"2016-11-14T17:12:13+00:00\",\"breadcrumb\":{\"@id\":\"https:\\\/\\\/gimnasticdetarragona.cat\\\/es\\\/actuacio-dels-internacionals-grana-amb-els-seus-combinats-nacionals\\\/#breadcrumb\"},\"inLanguage\":\"es\",\"potentialAction\":[{\"@type\":\"ReadAction\",\"target\":[\"https:\\\/\\\/gimnasticdetarragona.cat\\\/es\\\/actuacio-dels-internacionals-grana-amb-els-seus-combinats-nacionals\\\/\"]}]},{\"@type\":\"ImageObject\",\"inLanguage\":\"es\",\"@id\":\"https:\\\/\\\/gimnasticdetarragona.cat\\\/es\\\/actuacio-dels-internacionals-grana-amb-els-seus-combinats-nacionals\\\/#primaryimage\",\"url\":\"https:\\\/\\\/gimnasticdetarragona.cat\\\/wp-content\\\/uploads\\\/2022\\\/06\\\/05234703115223.jpg\",\"contentUrl\":\"https:\\\/\\\/gimnasticdetarragona.cat\\\/wp-content\\\/uploads\\\/2022\\\/06\\\/05234703115223.jpg\",\"width\":640,\"height\":352},{\"@type\":\"BreadcrumbList\",\"@id\":\"https:\\\/\\\/gimnasticdetarragona.cat\\\/es\\\/actuacio-dels-internacionals-grana-amb-els-seus-combinats-nacionals\\\/#breadcrumb\",\"itemListElement\":[{\"@type\":\"ListItem\",\"position\":1,\"name\":\"Inici\",\"item\":\"https:\\\/\\\/gimnasticdetarragona.cat\\\/es\\\/nastic\\\/\"},{\"@type\":\"ListItem\",\"position\":2,\"name\":\"Actuaci\u00f3n de los internacionales grana con sus combinados nacionales\"}]},{\"@type\":\"WebSite\",\"@id\":\"https:\\\/\\\/gimnasticdetarragona.cat\\\/es\\\/#website\",\"url\":\"https:\\\/\\\/gimnasticdetarragona.cat\\\/es\\\/\",\"name\":\"Gimn\u00e0stic de Tarragona SAD\",\"description\":\"Gimn\u00e0stic de Tarragona\",\"publisher\":{\"@id\":\"https:\\\/\\\/gimnasticdetarragona.cat\\\/es\\\/#organization\"},\"potentialAction\":[{\"@type\":\"SearchAction\",\"target\":{\"@type\":\"EntryPoint\",\"urlTemplate\":\"https:\\\/\\\/gimnasticdetarragona.cat\\\/es\\\/?s={search_term_string}\"},\"query-input\":{\"@type\":\"PropertyValueSpecification\",\"valueRequired\":true,\"valueName\":\"search_term_string\"}}],\"inLanguage\":\"es\"},{\"@type\":\"Organization\",\"@id\":\"https:\\\/\\\/gimnasticdetarragona.cat\\\/es\\\/#organization\",\"name\":\"GIMN\u00c0STIC DE TARRAGONA\",\"alternateName\":\"N\u00c0STIC\",\"url\":\"https:\\\/\\\/gimnasticdetarragona.cat\\\/es\\\/\",\"logo\":{\"@type\":\"ImageObject\",\"inLanguage\":\"es\",\"@id\":\"https:\\\/\\\/gimnasticdetarragona.cat\\\/es\\\/#\\\/schema\\\/logo\\\/image\\\/\",\"url\":\"https:\\\/\\\/gimnasticdetarragona.cat\\\/wp-content\\\/uploads\\\/2022\\\/06\\\/cropped-logo-gimnastic.png\",\"contentUrl\":\"https:\\\/\\\/gimnasticdetarragona.cat\\\/wp-content\\\/uploads\\\/2022\\\/06\\\/cropped-logo-gimnastic.png\",\"width\":224,\"height\":83,\"caption\":\"GIMN\u00c0STIC DE TARRAGONA\"},\"image\":{\"@id\":\"https:\\\/\\\/gimnasticdetarragona.cat\\\/es\\\/#\\\/schema\\\/logo\\\/image\\\/\"},\"sameAs\":[\"https:\\\/\\\/x.com\\\/NASTICTARRAGONA\",\"https:\\\/\\\/www.instagram.com\\\/nastictarragona\\\/\"]},{\"@type\":\"Person\",\"@id\":\"https:\\\/\\\/gimnasticdetarragona.cat\\\/es\\\/#\\\/schema\\\/person\\\/47b6a637abf88f9bd835540f20ea069e\",\"name\":\"desarrollo\",\"sameAs\":[\"https:\\\/\\\/clone.gimnasticdetarragona.cat\"]}]}<\/script>\n<!-- \/ Yoast SEO plugin. -->","yoast_head_json":{"title":"Actuaci\u00f3n de los internacionales grana con sus combinados nacionales - Gimn\u00e0stic de Tarragona SAD","robots":{"index":"index","follow":"follow","max-snippet":"max-snippet:-1","max-image-preview":"max-image-preview:large","max-video-preview":"max-video-preview:-1"},"canonical":"https:\/\/gimnasticdetarragona.cat\/es\/actuacio-dels-internacionals-grana-amb-els-seus-combinats-nacionals\/","og_locale":"es_ES","og_type":"article","og_title":"Actuaci\u00f3n de los internacionales grana con sus combinados nacionales - Gimn\u00e0stic de Tarragona SAD","og_description":"Los cuatro futbolistas del N\u00e0stic representaron a su pa\u00eds el pasado s\u00e1bado d\u00eda 12 de noviembre en los enfrentamientos oficiales de clasificaci\u00f3n para el mundial de Rusia 2018.","og_url":"https:\/\/gimnasticdetarragona.cat\/es\/actuacio-dels-internacionals-grana-amb-els-seus-combinats-nacionals\/","og_site_name":"Gimn\u00e0stic de Tarragona SAD","article_published_time":"2016-11-14T17:12:13+00:00","og_image":[{"width":640,"height":352,"url":"https:\/\/gimnasticdetarragona.cat\/wp-content\/uploads\/2022\/06\/05234703115223.jpg","type":"image\/jpeg"}],"author":"desarrollo","twitter_card":"summary_large_image","twitter_creator":"@NASTICTARRAGONA","twitter_site":"@NASTICTARRAGONA","twitter_misc":{"Escrito por":"desarrollo","Tiempo de lectura":"1 minuto"},"schema":{"@context":"https:\/\/schema.org","@graph":[{"@type":"Article","@id":"https:\/\/gimnasticdetarragona.cat\/es\/actuacio-dels-internacionals-grana-amb-els-seus-combinats-nacionals\/#article","isPartOf":{"@id":"https:\/\/gimnasticdetarragona.cat\/es\/actuacio-dels-internacionals-grana-amb-els-seus-combinats-nacionals\/"},"author":{"name":"desarrollo","@id":"https:\/\/gimnasticdetarragona.cat\/es\/#\/schema\/person\/47b6a637abf88f9bd835540f20ea069e"},"headline":"Actuaci\u00f3n de los internacionales grana con sus combinados nacionales","datePublished":"2016-11-14T17:12:13+00:00","mainEntityOfPage":{"@id":"https:\/\/gimnasticdetarragona.cat\/es\/actuacio-dels-internacionals-grana-amb-els-seus-combinats-nacionals\/"},"wordCount":289,"commentCount":0,"publisher":{"@id":"https:\/\/gimnasticdetarragona.cat\/es\/#organization"},"image":{"@id":"https:\/\/gimnasticdetarragona.cat\/es\/actuacio-dels-internacionals-grana-amb-els-seus-combinats-nacionals\/#primaryimage"},"thumbnailUrl":"https:\/\/gimnasticdetarragona.cat\/wp-content\/uploads\/2022\/06\/05234703115223.jpg","articleSection":["Actualidad"],"inLanguage":"es"},{"@type":"WebPage","@id":"https:\/\/gimnasticdetarragona.cat\/es\/actuacio-dels-internacionals-grana-amb-els-seus-combinats-nacionals\/","url":"https:\/\/gimnasticdetarragona.cat\/es\/actuacio-dels-internacionals-grana-amb-els-seus-combinats-nacionals\/","name":"Actuaci\u00f3n de los internacionales grana con sus combinados nacionales - Gimn\u00e0stic de Tarragona SAD","isPartOf":{"@id":"https:\/\/gimnasticdetarragona.cat\/es\/#website"},"primaryImageOfPage":{"@id":"https:\/\/gimnasticdetarragona.cat\/es\/actuacio-dels-internacionals-grana-amb-els-seus-combinats-nacionals\/#primaryimage"},"image":{"@id":"https:\/\/gimnasticdetarragona.cat\/es\/actuacio-dels-internacionals-grana-amb-els-seus-combinats-nacionals\/#primaryimage"},"thumbnailUrl":"https:\/\/gimnasticdetarragona.cat\/wp-content\/uploads\/2022\/06\/05234703115223.jpg","datePublished":"2016-11-14T17:12:13+00:00","breadcrumb":{"@id":"https:\/\/gimnasticdetarragona.cat\/es\/actuacio-dels-internacionals-grana-amb-els-seus-combinats-nacionals\/#breadcrumb"},"inLanguage":"es","potentialAction":[{"@type":"ReadAction","target":["https:\/\/gimnasticdetarragona.cat\/es\/actuacio-dels-internacionals-grana-amb-els-seus-combinats-nacionals\/"]}]},{"@type":"ImageObject","inLanguage":"es","@id":"https:\/\/gimnasticdetarragona.cat\/es\/actuacio-dels-internacionals-grana-amb-els-seus-combinats-nacionals\/#primaryimage","url":"https:\/\/gimnasticdetarragona.cat\/wp-content\/uploads\/2022\/06\/05234703115223.jpg","contentUrl":"https:\/\/gimnasticdetarragona.cat\/wp-content\/uploads\/2022\/06\/05234703115223.jpg","width":640,"height":352},{"@type":"BreadcrumbList","@id":"https:\/\/gimnasticdetarragona.cat\/es\/actuacio-dels-internacionals-grana-amb-els-seus-combinats-nacionals\/#breadcrumb","itemListElement":[{"@type":"ListItem","position":1,"name":"Inici","item":"https:\/\/gimnasticdetarragona.cat\/es\/nastic\/"},{"@type":"ListItem","position":2,"name":"Actuaci\u00f3n de los internacionales grana con sus combinados nacionales"}]},{"@type":"WebSite","@id":"https:\/\/gimnasticdetarragona.cat\/es\/#website","url":"https:\/\/gimnasticdetarragona.cat\/es\/","name":"Gimn\u00e0stic de Tarragona SAD","description":"Gimn\u00e0stic de Tarragona","publisher":{"@id":"https:\/\/gimnasticdetarragona.cat\/es\/#organization"},"potentialAction":[{"@type":"SearchAction","target":{"@type":"EntryPoint","urlTemplate":"https:\/\/gimnasticdetarragona.cat\/es\/?s={search_term_string}"},"query-input":{"@type":"PropertyValueSpecification","valueRequired":true,"valueName":"search_term_string"}}],"inLanguage":"es"},{"@type":"Organization","@id":"https:\/\/gimnasticdetarragona.cat\/es\/#organization","name":"GIMN\u00c0STIC DE TARRAGONA","alternateName":"N\u00c0STIC","url":"https:\/\/gimnasticdetarragona.cat\/es\/","logo":{"@type":"ImageObject","inLanguage":"es","@id":"https:\/\/gimnasticdetarragona.cat\/es\/#\/schema\/logo\/image\/","url":"https:\/\/gimnasticdetarragona.cat\/wp-content\/uploads\/2022\/06\/cropped-logo-gimnastic.png","contentUrl":"https:\/\/gimnasticdetarragona.cat\/wp-content\/uploads\/2022\/06\/cropped-logo-gimnastic.png","width":224,"height":83,"caption":"GIMN\u00c0STIC DE TARRAGONA"},"image":{"@id":"https:\/\/gimnasticdetarragona.cat\/es\/#\/schema\/logo\/image\/"},"sameAs":["https:\/\/x.com\/NASTICTARRAGONA","https:\/\/www.instagram.com\/nastictarragona\/"]},{"@type":"Person","@id":"https:\/\/gimnasticdetarragona.cat\/es\/#\/schema\/person\/47b6a637abf88f9bd835540f20ea069e","name":"desarrollo","sameAs":["https:\/\/clone.gimnasticdetarragona.cat"]}]}},"_links":{"self":[{"href":"https:\/\/gimnasticdetarragona.cat\/es\/wp-json\/wp\/v2\/posts\/60185","targetHints":{"allow":["GET"]}}],"collection":[{"href":"https:\/\/gimnasticdetarragona.cat\/es\/wp-json\/wp\/v2\/posts"}],"about":[{"href":"https:\/\/gimnasticdetarragona.cat\/es\/wp-json\/wp\/v2\/types\/post"}],"author":[{"embeddable":true,"href":"https:\/\/gimnasticdetarragona.cat\/es\/wp-json\/wp\/v2\/users\/1"}],"replies":[{"embeddable":true,"href":"https:\/\/gimnasticdetarragona.cat\/es\/wp-json\/wp\/v2\/comments?post=60185"}],"version-history":[{"count":0,"href":"https:\/\/gimnasticdetarragona.cat\/es\/wp-json\/wp\/v2\/posts\/60185\/revisions"}],"wp:featuredmedia":[{"embeddable":true,"href":"https:\/\/gimnasticdetarragona.cat\/es\/wp-json\/wp\/v2\/media\/60182"}],"wp:attachment":[{"href":"https:\/\/gimnasticdetarragona.cat\/es\/wp-json\/wp\/v2\/media?parent=60185"}],"wp:term":[{"taxonomy":"category","embeddable":true,"href":"https:\/\/gimnasticdetarragona.cat\/es\/wp-json\/wp\/v2\/categories?post=60185"},{"taxonomy":"post_tag","embeddable":true,"href":"https:\/\/gimnasticdetarragona.cat\/es\/wp-json\/wp\/v2\/tags?post=60185"}],"curies":[{"name":"wp","href":"https:\/\/api.w.org\/{rel}","templated":true}]}}