{"id":60207,"date":"2016-11-12T20:36:37","date_gmt":"2016-11-12T20:36:37","guid":{"rendered":"https:\/\/clone.gimnasticdetarragona.cat\/dimarts-a-la-venda-les-entrades-pel-reus-deportiu-nastic\/"},"modified":"2016-11-12T20:36:37","modified_gmt":"2016-11-12T20:36:37","slug":"dimarts-a-la-venda-les-entrades-pel-reus-deportiu-nastic","status":"publish","type":"post","link":"https:\/\/gimnasticdetarragona.cat\/es\/dimarts-a-la-venda-les-entrades-pel-reus-deportiu-nastic\/","title":{"rendered":"El martes se pondr\u00e1n a la venta las entradas para el Reus Deportiu \u2013 N\u00e0stic"},"content":{"rendered":"<p style=\"text-align: justify;\">El\u00a0Gimn\u00e0stic de Tarragona, SAD iniciar\u00e1 martes, 15 de noviembre, la venta de las entradas que el CF Reus Deportiu ha puesto a disposici\u00f3n del club grana para el partido del domingo, 20 de noviembre, en el Municipal de Reus.<\/p>\n<p style=\"text-align: justify;\">El CF Reus Deportiu ha facilitado un total de 355 entradas de zona Lateral, a 20\u20ac, al N\u00e0stic para la venta entre los socios grana. De ellas, 100 estar\u00e1n reservadas para las pe\u00f1as oficiales del N\u00e0stic y compromisos de la SAD; y las otras 255 se pondr\u00e1n a la venta exclusivamente para socios del Gimn\u00e0stic de Tarragona, SAD.<\/p>\n<p style=\"text-align: justify;\">Los socios interesados en comprar entradas para el partido lo podr\u00e1n hacer a partir del martes 15, por la tarde, en las oficinas de la SAD, en el Nou Estadi. La venta comenzar\u00e1 a las 18 horas del martes y hasta agotar existencias.<\/p>\n<p style=\"text-align: justify;\">Cada socio podr\u00e1 comprar una \u00fanica entrada y deber\u00e1 hacerlo de forma presencial en las oficinas grana. En caso de que un socio quiera delegar la compra a otra persona, el representante deber\u00e1 ense\u00f1ar el carnet de socio original del interesado. Como m\u00e1ximo, un socio s\u00f3lo podr\u00e1 retirar dos entradas, la correspondiente a la de su abono y la de la persona que represente. Las entradas tendr\u00e1n que pagar en efectivo, no se aceptar\u00e1n tarjetas de cr\u00e9dito.<\/p>\n","protected":false},"excerpt":{"rendered":"<p>El Gimn\u00e0stic de Tarragona, SAD iniciar\u00e1 martes, 15 de noviembre, la venta de las entradas que el CF Reus Deportiu ha puesto a disposici\u00f3n del club grana para el partido del domingo, 20 de noviembre, en el Municipal de Reus<\/p>\n","protected":false},"author":1,"featured_media":60204,"comment_status":"open","ping_status":"open","sticky":false,"template":"","format":"standard","meta":{"_acf_changed":false,"footnotes":""},"categories":[113,121,126],"tags":[],"class_list":["post-60207","post","type-post","status-publish","format-standard","has-post-thumbnail","hentry","category-actualidad","category-home","category-primer-equipo"],"acf":[],"yoast_head":"<!-- This site is optimized with the Yoast SEO plugin v27.3 - https:\/\/yoast.com\/product\/yoast-seo-wordpress\/ -->\n<title>El martes se pondr\u00e1n a la venta las entradas para el Reus Deportiu \u2013 N\u00e0stic - Gimn\u00e0stic de Tarragona SAD<\/title>\n<meta name=\"robots\" content=\"index, follow, max-snippet:-1, max-image-preview:large, max-video-preview:-1\" \/>\n<link rel=\"canonical\" href=\"https:\/\/gimnasticdetarragona.cat\/dimarts-a-la-venda-les-entrades-pel-reus-deportiu-nastic\/\" \/>\n<meta property=\"og:locale\" content=\"es_ES\" \/>\n<meta property=\"og:type\" content=\"article\" \/>\n<meta property=\"og:title\" content=\"El martes se pondr\u00e1n a la venta las entradas para el Reus Deportiu \u2013 N\u00e0stic - Gimn\u00e0stic de Tarragona SAD\" \/>\n<meta property=\"og:description\" content=\"El Gimn\u00e0stic de Tarragona, SAD iniciar\u00e1 martes, 15 de noviembre, la venta de las entradas que el CF Reus Deportiu ha puesto a disposici\u00f3n del club grana para el partido del domingo, 20 de noviembre, en el Municipal de Reus\" \/>\n<meta property=\"og:url\" content=\"https:\/\/gimnasticdetarragona.cat\/dimarts-a-la-venda-les-entrades-pel-reus-deportiu-nastic\/\" \/>\n<meta property=\"og:site_name\" content=\"Gimn\u00e0stic de Tarragona SAD\" \/>\n<meta property=\"article:published_time\" content=\"2016-11-12T20:36:37+00:00\" \/>\n<meta property=\"og:image\" content=\"https:\/\/gimnasticdetarragona.cat\/wp-content\/uploads\/2022\/06\/05234658115157.png\" \/>\n\t<meta property=\"og:image:width\" content=\"885\" \/>\n\t<meta property=\"og:image:height\" content=\"457\" \/>\n\t<meta property=\"og:image:type\" content=\"image\/png\" \/>\n<meta name=\"author\" content=\"desarrollo\" \/>\n<meta name=\"twitter:card\" content=\"summary_large_image\" \/>\n<meta name=\"twitter:creator\" content=\"@NASTICTARRAGONA\" \/>\n<meta name=\"twitter:site\" content=\"@NASTICTARRAGONA\" \/>\n<meta name=\"twitter:label1\" content=\"Escrito por\" \/>\n\t<meta name=\"twitter:data1\" content=\"desarrollo\" \/>\n\t<meta name=\"twitter:label2\" content=\"Tiempo de lectura\" \/>\n\t<meta name=\"twitter:data2\" content=\"1 minuto\" \/>\n<script type=\"application\/ld+json\" class=\"yoast-schema-graph\">{\"@context\":\"https:\\\/\\\/schema.org\",\"@graph\":[{\"@type\":\"Article\",\"@id\":\"https:\\\/\\\/gimnasticdetarragona.cat\\\/dimarts-a-la-venda-les-entrades-pel-reus-deportiu-nastic\\\/#article\",\"isPartOf\":{\"@id\":\"https:\\\/\\\/gimnasticdetarragona.cat\\\/dimarts-a-la-venda-les-entrades-pel-reus-deportiu-nastic\\\/\"},\"author\":{\"name\":\"desarrollo\",\"@id\":\"https:\\\/\\\/gimnasticdetarragona.cat\\\/es\\\/#\\\/schema\\\/person\\\/47b6a637abf88f9bd835540f20ea069e\"},\"headline\":\"El martes se pondr\u00e1n a la venta las entradas para el Reus Deportiu \u2013 N\u00e0stic\",\"datePublished\":\"2016-11-12T20:36:37+00:00\",\"mainEntityOfPage\":{\"@id\":\"https:\\\/\\\/gimnasticdetarragona.cat\\\/dimarts-a-la-venda-les-entrades-pel-reus-deportiu-nastic\\\/\"},\"wordCount\":241,\"commentCount\":0,\"publisher\":{\"@id\":\"https:\\\/\\\/gimnasticdetarragona.cat\\\/es\\\/#organization\"},\"image\":{\"@id\":\"https:\\\/\\\/gimnasticdetarragona.cat\\\/dimarts-a-la-venda-les-entrades-pel-reus-deportiu-nastic\\\/#primaryimage\"},\"thumbnailUrl\":\"https:\\\/\\\/gimnasticdetarragona.cat\\\/wp-content\\\/uploads\\\/2022\\\/06\\\/05234658115157.png\",\"articleSection\":[\"Actualidad\",\"Home\",\"Primer Equipo\"],\"inLanguage\":\"es\"},{\"@type\":\"WebPage\",\"@id\":\"https:\\\/\\\/gimnasticdetarragona.cat\\\/dimarts-a-la-venda-les-entrades-pel-reus-deportiu-nastic\\\/\",\"url\":\"https:\\\/\\\/gimnasticdetarragona.cat\\\/dimarts-a-la-venda-les-entrades-pel-reus-deportiu-nastic\\\/\",\"name\":\"El martes se pondr\u00e1n a la venta las entradas para el Reus Deportiu \u2013 N\u00e0stic - Gimn\u00e0stic de Tarragona SAD\",\"isPartOf\":{\"@id\":\"https:\\\/\\\/gimnasticdetarragona.cat\\\/es\\\/#website\"},\"primaryImageOfPage\":{\"@id\":\"https:\\\/\\\/gimnasticdetarragona.cat\\\/dimarts-a-la-venda-les-entrades-pel-reus-deportiu-nastic\\\/#primaryimage\"},\"image\":{\"@id\":\"https:\\\/\\\/gimnasticdetarragona.cat\\\/dimarts-a-la-venda-les-entrades-pel-reus-deportiu-nastic\\\/#primaryimage\"},\"thumbnailUrl\":\"https:\\\/\\\/gimnasticdetarragona.cat\\\/wp-content\\\/uploads\\\/2022\\\/06\\\/05234658115157.png\",\"datePublished\":\"2016-11-12T20:36:37+00:00\",\"breadcrumb\":{\"@id\":\"https:\\\/\\\/gimnasticdetarragona.cat\\\/dimarts-a-la-venda-les-entrades-pel-reus-deportiu-nastic\\\/#breadcrumb\"},\"inLanguage\":\"es\",\"potentialAction\":[{\"@type\":\"ReadAction\",\"target\":[\"https:\\\/\\\/gimnasticdetarragona.cat\\\/dimarts-a-la-venda-les-entrades-pel-reus-deportiu-nastic\\\/\"]}]},{\"@type\":\"ImageObject\",\"inLanguage\":\"es\",\"@id\":\"https:\\\/\\\/gimnasticdetarragona.cat\\\/dimarts-a-la-venda-les-entrades-pel-reus-deportiu-nastic\\\/#primaryimage\",\"url\":\"https:\\\/\\\/gimnasticdetarragona.cat\\\/wp-content\\\/uploads\\\/2022\\\/06\\\/05234658115157.png\",\"contentUrl\":\"https:\\\/\\\/gimnasticdetarragona.cat\\\/wp-content\\\/uploads\\\/2022\\\/06\\\/05234658115157.png\",\"width\":885,\"height\":457},{\"@type\":\"BreadcrumbList\",\"@id\":\"https:\\\/\\\/gimnasticdetarragona.cat\\\/dimarts-a-la-venda-les-entrades-pel-reus-deportiu-nastic\\\/#breadcrumb\",\"itemListElement\":[{\"@type\":\"ListItem\",\"position\":1,\"name\":\"Inici\",\"item\":\"https:\\\/\\\/gimnasticdetarragona.cat\\\/es\\\/nastic\\\/\"},{\"@type\":\"ListItem\",\"position\":2,\"name\":\"El martes se pondr\u00e1n a la venta las entradas para el Reus Deportiu \u2013 N\u00e0stic\"}]},{\"@type\":\"WebSite\",\"@id\":\"https:\\\/\\\/gimnasticdetarragona.cat\\\/es\\\/#website\",\"url\":\"https:\\\/\\\/gimnasticdetarragona.cat\\\/es\\\/\",\"name\":\"Gimn\u00e0stic de Tarragona SAD\",\"description\":\"Gimn\u00e0stic de Tarragona\",\"publisher\":{\"@id\":\"https:\\\/\\\/gimnasticdetarragona.cat\\\/es\\\/#organization\"},\"potentialAction\":[{\"@type\":\"SearchAction\",\"target\":{\"@type\":\"EntryPoint\",\"urlTemplate\":\"https:\\\/\\\/gimnasticdetarragona.cat\\\/es\\\/?s={search_term_string}\"},\"query-input\":{\"@type\":\"PropertyValueSpecification\",\"valueRequired\":true,\"valueName\":\"search_term_string\"}}],\"inLanguage\":\"es\"},{\"@type\":\"Organization\",\"@id\":\"https:\\\/\\\/gimnasticdetarragona.cat\\\/es\\\/#organization\",\"name\":\"GIMN\u00c0STIC DE TARRAGONA\",\"alternateName\":\"N\u00c0STIC\",\"url\":\"https:\\\/\\\/gimnasticdetarragona.cat\\\/es\\\/\",\"logo\":{\"@type\":\"ImageObject\",\"inLanguage\":\"es\",\"@id\":\"https:\\\/\\\/gimnasticdetarragona.cat\\\/es\\\/#\\\/schema\\\/logo\\\/image\\\/\",\"url\":\"https:\\\/\\\/gimnasticdetarragona.cat\\\/wp-content\\\/uploads\\\/2022\\\/06\\\/cropped-logo-gimnastic.png\",\"contentUrl\":\"https:\\\/\\\/gimnasticdetarragona.cat\\\/wp-content\\\/uploads\\\/2022\\\/06\\\/cropped-logo-gimnastic.png\",\"width\":224,\"height\":83,\"caption\":\"GIMN\u00c0STIC DE TARRAGONA\"},\"image\":{\"@id\":\"https:\\\/\\\/gimnasticdetarragona.cat\\\/es\\\/#\\\/schema\\\/logo\\\/image\\\/\"},\"sameAs\":[\"https:\\\/\\\/x.com\\\/NASTICTARRAGONA\",\"https:\\\/\\\/www.instagram.com\\\/nastictarragona\\\/\"]},{\"@type\":\"Person\",\"@id\":\"https:\\\/\\\/gimnasticdetarragona.cat\\\/es\\\/#\\\/schema\\\/person\\\/47b6a637abf88f9bd835540f20ea069e\",\"name\":\"desarrollo\",\"sameAs\":[\"https:\\\/\\\/clone.gimnasticdetarragona.cat\"]}]}<\/script>\n<!-- \/ Yoast SEO plugin. -->","yoast_head_json":{"title":"El martes se pondr\u00e1n a la venta las entradas para el Reus Deportiu \u2013 N\u00e0stic - Gimn\u00e0stic de Tarragona SAD","robots":{"index":"index","follow":"follow","max-snippet":"max-snippet:-1","max-image-preview":"max-image-preview:large","max-video-preview":"max-video-preview:-1"},"canonical":"https:\/\/gimnasticdetarragona.cat\/dimarts-a-la-venda-les-entrades-pel-reus-deportiu-nastic\/","og_locale":"es_ES","og_type":"article","og_title":"El martes se pondr\u00e1n a la venta las entradas para el Reus Deportiu \u2013 N\u00e0stic - Gimn\u00e0stic de Tarragona SAD","og_description":"El Gimn\u00e0stic de Tarragona, SAD iniciar\u00e1 martes, 15 de noviembre, la venta de las entradas que el CF Reus Deportiu ha puesto a disposici\u00f3n del club grana para el partido del domingo, 20 de noviembre, en el Municipal de Reus","og_url":"https:\/\/gimnasticdetarragona.cat\/dimarts-a-la-venda-les-entrades-pel-reus-deportiu-nastic\/","og_site_name":"Gimn\u00e0stic de Tarragona SAD","article_published_time":"2016-11-12T20:36:37+00:00","og_image":[{"width":885,"height":457,"url":"https:\/\/gimnasticdetarragona.cat\/wp-content\/uploads\/2022\/06\/05234658115157.png","type":"image\/png"}],"author":"desarrollo","twitter_card":"summary_large_image","twitter_creator":"@NASTICTARRAGONA","twitter_site":"@NASTICTARRAGONA","twitter_misc":{"Escrito por":"desarrollo","Tiempo de lectura":"1 minuto"},"schema":{"@context":"https:\/\/schema.org","@graph":[{"@type":"Article","@id":"https:\/\/gimnasticdetarragona.cat\/dimarts-a-la-venda-les-entrades-pel-reus-deportiu-nastic\/#article","isPartOf":{"@id":"https:\/\/gimnasticdetarragona.cat\/dimarts-a-la-venda-les-entrades-pel-reus-deportiu-nastic\/"},"author":{"name":"desarrollo","@id":"https:\/\/gimnasticdetarragona.cat\/es\/#\/schema\/person\/47b6a637abf88f9bd835540f20ea069e"},"headline":"El martes se pondr\u00e1n a la venta las entradas para el Reus Deportiu \u2013 N\u00e0stic","datePublished":"2016-11-12T20:36:37+00:00","mainEntityOfPage":{"@id":"https:\/\/gimnasticdetarragona.cat\/dimarts-a-la-venda-les-entrades-pel-reus-deportiu-nastic\/"},"wordCount":241,"commentCount":0,"publisher":{"@id":"https:\/\/gimnasticdetarragona.cat\/es\/#organization"},"image":{"@id":"https:\/\/gimnasticdetarragona.cat\/dimarts-a-la-venda-les-entrades-pel-reus-deportiu-nastic\/#primaryimage"},"thumbnailUrl":"https:\/\/gimnasticdetarragona.cat\/wp-content\/uploads\/2022\/06\/05234658115157.png","articleSection":["Actualidad","Home","Primer Equipo"],"inLanguage":"es"},{"@type":"WebPage","@id":"https:\/\/gimnasticdetarragona.cat\/dimarts-a-la-venda-les-entrades-pel-reus-deportiu-nastic\/","url":"https:\/\/gimnasticdetarragona.cat\/dimarts-a-la-venda-les-entrades-pel-reus-deportiu-nastic\/","name":"El martes se pondr\u00e1n a la venta las entradas para el Reus Deportiu \u2013 N\u00e0stic - Gimn\u00e0stic de Tarragona SAD","isPartOf":{"@id":"https:\/\/gimnasticdetarragona.cat\/es\/#website"},"primaryImageOfPage":{"@id":"https:\/\/gimnasticdetarragona.cat\/dimarts-a-la-venda-les-entrades-pel-reus-deportiu-nastic\/#primaryimage"},"image":{"@id":"https:\/\/gimnasticdetarragona.cat\/dimarts-a-la-venda-les-entrades-pel-reus-deportiu-nastic\/#primaryimage"},"thumbnailUrl":"https:\/\/gimnasticdetarragona.cat\/wp-content\/uploads\/2022\/06\/05234658115157.png","datePublished":"2016-11-12T20:36:37+00:00","breadcrumb":{"@id":"https:\/\/gimnasticdetarragona.cat\/dimarts-a-la-venda-les-entrades-pel-reus-deportiu-nastic\/#breadcrumb"},"inLanguage":"es","potentialAction":[{"@type":"ReadAction","target":["https:\/\/gimnasticdetarragona.cat\/dimarts-a-la-venda-les-entrades-pel-reus-deportiu-nastic\/"]}]},{"@type":"ImageObject","inLanguage":"es","@id":"https:\/\/gimnasticdetarragona.cat\/dimarts-a-la-venda-les-entrades-pel-reus-deportiu-nastic\/#primaryimage","url":"https:\/\/gimnasticdetarragona.cat\/wp-content\/uploads\/2022\/06\/05234658115157.png","contentUrl":"https:\/\/gimnasticdetarragona.cat\/wp-content\/uploads\/2022\/06\/05234658115157.png","width":885,"height":457},{"@type":"BreadcrumbList","@id":"https:\/\/gimnasticdetarragona.cat\/dimarts-a-la-venda-les-entrades-pel-reus-deportiu-nastic\/#breadcrumb","itemListElement":[{"@type":"ListItem","position":1,"name":"Inici","item":"https:\/\/gimnasticdetarragona.cat\/es\/nastic\/"},{"@type":"ListItem","position":2,"name":"El martes se pondr\u00e1n a la venta las entradas para el Reus Deportiu \u2013 N\u00e0stic"}]},{"@type":"WebSite","@id":"https:\/\/gimnasticdetarragona.cat\/es\/#website","url":"https:\/\/gimnasticdetarragona.cat\/es\/","name":"Gimn\u00e0stic de Tarragona SAD","description":"Gimn\u00e0stic de Tarragona","publisher":{"@id":"https:\/\/gimnasticdetarragona.cat\/es\/#organization"},"potentialAction":[{"@type":"SearchAction","target":{"@type":"EntryPoint","urlTemplate":"https:\/\/gimnasticdetarragona.cat\/es\/?s={search_term_string}"},"query-input":{"@type":"PropertyValueSpecification","valueRequired":true,"valueName":"search_term_string"}}],"inLanguage":"es"},{"@type":"Organization","@id":"https:\/\/gimnasticdetarragona.cat\/es\/#organization","name":"GIMN\u00c0STIC DE TARRAGONA","alternateName":"N\u00c0STIC","url":"https:\/\/gimnasticdetarragona.cat\/es\/","logo":{"@type":"ImageObject","inLanguage":"es","@id":"https:\/\/gimnasticdetarragona.cat\/es\/#\/schema\/logo\/image\/","url":"https:\/\/gimnasticdetarragona.cat\/wp-content\/uploads\/2022\/06\/cropped-logo-gimnastic.png","contentUrl":"https:\/\/gimnasticdetarragona.cat\/wp-content\/uploads\/2022\/06\/cropped-logo-gimnastic.png","width":224,"height":83,"caption":"GIMN\u00c0STIC DE TARRAGONA"},"image":{"@id":"https:\/\/gimnasticdetarragona.cat\/es\/#\/schema\/logo\/image\/"},"sameAs":["https:\/\/x.com\/NASTICTARRAGONA","https:\/\/www.instagram.com\/nastictarragona\/"]},{"@type":"Person","@id":"https:\/\/gimnasticdetarragona.cat\/es\/#\/schema\/person\/47b6a637abf88f9bd835540f20ea069e","name":"desarrollo","sameAs":["https:\/\/clone.gimnasticdetarragona.cat"]}]}},"_links":{"self":[{"href":"https:\/\/gimnasticdetarragona.cat\/es\/wp-json\/wp\/v2\/posts\/60207","targetHints":{"allow":["GET"]}}],"collection":[{"href":"https:\/\/gimnasticdetarragona.cat\/es\/wp-json\/wp\/v2\/posts"}],"about":[{"href":"https:\/\/gimnasticdetarragona.cat\/es\/wp-json\/wp\/v2\/types\/post"}],"author":[{"embeddable":true,"href":"https:\/\/gimnasticdetarragona.cat\/es\/wp-json\/wp\/v2\/users\/1"}],"replies":[{"embeddable":true,"href":"https:\/\/gimnasticdetarragona.cat\/es\/wp-json\/wp\/v2\/comments?post=60207"}],"version-history":[{"count":0,"href":"https:\/\/gimnasticdetarragona.cat\/es\/wp-json\/wp\/v2\/posts\/60207\/revisions"}],"wp:featuredmedia":[{"embeddable":true,"href":"https:\/\/gimnasticdetarragona.cat\/es\/wp-json\/wp\/v2\/media\/60204"}],"wp:attachment":[{"href":"https:\/\/gimnasticdetarragona.cat\/es\/wp-json\/wp\/v2\/media?parent=60207"}],"wp:term":[{"taxonomy":"category","embeddable":true,"href":"https:\/\/gimnasticdetarragona.cat\/es\/wp-json\/wp\/v2\/categories?post=60207"},{"taxonomy":"post_tag","embeddable":true,"href":"https:\/\/gimnasticdetarragona.cat\/es\/wp-json\/wp\/v2\/tags?post=60207"}],"curies":[{"name":"wp","href":"https:\/\/api.w.org\/{rel}","templated":true}]}}