{"id":60219,"date":"2016-11-11T18:12:19","date_gmt":"2016-11-11T18:12:19","guid":{"rendered":"https:\/\/clone.gimnasticdetarragona.cat\/el-juvenil-a-vol-seguir-sumant-en-un-camp-complicat\/"},"modified":"2016-11-11T18:12:19","modified_gmt":"2016-11-11T18:12:19","slug":"el-juvenil-a-vol-seguir-sumant-en-un-camp-complicat","status":"publish","type":"post","link":"https:\/\/gimnasticdetarragona.cat\/es\/el-juvenil-a-vol-seguir-sumant-en-un-camp-complicat\/","title":{"rendered":"El Juvenil A quiere seguir sumando en un campo complicado"},"content":{"rendered":"<p style=\"text-align: justify;\">Los de Manel Cazorla quieren aprovechar la buena din\u00e1mica de las \u00faltimas jornadas para sumar una nueva victoria en un campo complicado como es el del Bellvitge.<\/p>\n<p style=\"text-align: justify;\">Los barceloneses son un conjunto muy s\u00f3lido en su campo, donde se muestran muy fuertes y conceden muy poco en defensa. Los locales tienen un estilo de juego muy definido y complicado de superar lo que convierte el encuentro en un reto para los tarraconenses. Los grana se muestran confiados en que el buen trabajo que se est\u00e1 haciendo cada jornada y la buena din\u00e1mica en la que se encuentra inmerso el equipo, les permitan volver a Tarragona con los 3 puntos.<\/p>\n<p style=\"text-align: justify;\">El t\u00e9cnico del Juvenil A, Manel Cazorla, destaca la importancia de seguir s\u00f3lidos en defensa. \u00abEstamos en un buen momento de forma y lo debemos aprovechar para seguir siendo intensos en defensa y muy creativos en ataque, intentando ser los protagonistas del partido. Adem\u00e1s, tenemos que conseguir que la pelota est\u00e9 sobre el c\u00e9sped el mayor tiempo posible ya que ellos se encuentran muy c\u00f3modos en el juego por alto y con balones largos. Es uno de esos partidos que todos los jugadores quieren jugar. Hemos hecho un buen trabajo esta semana para preparar el partido y creo que podemos estar tranquilos ya que llegamos preparados para competir contra un gran equipo \u00ab.<\/p>\n","protected":false},"excerpt":{"rendered":"<p>Los de Manel Cazorla quieren aprovechar la buena din\u00e1mica de las \u00faltimas jornadas para sumar una nueva victoria en un campo complicado como es el del Bellvitge.<\/p>\n","protected":false},"author":1,"featured_media":60216,"comment_status":"open","ping_status":"open","sticky":false,"template":"","format":"standard","meta":{"_acf_changed":false,"footnotes":""},"categories":[113,117],"tags":[],"class_list":["post-60219","post","type-post","status-publish","format-standard","has-post-thumbnail","hentry","category-actualidad","category-futbol-base"],"acf":[],"yoast_head":"<!-- This site is optimized with the Yoast SEO plugin v27.3 - https:\/\/yoast.com\/product\/yoast-seo-wordpress\/ -->\n<title>El Juvenil A quiere seguir sumando en un campo complicado - Gimn\u00e0stic de Tarragona SAD<\/title>\n<meta name=\"robots\" content=\"index, follow, max-snippet:-1, max-image-preview:large, max-video-preview:-1\" \/>\n<link rel=\"canonical\" href=\"https:\/\/gimnasticdetarragona.cat\/es\/el-juvenil-a-vol-seguir-sumant-en-un-camp-complicat\/\" \/>\n<meta property=\"og:locale\" content=\"es_ES\" \/>\n<meta property=\"og:type\" content=\"article\" \/>\n<meta property=\"og:title\" content=\"El Juvenil A quiere seguir sumando en un campo complicado - Gimn\u00e0stic de Tarragona SAD\" \/>\n<meta property=\"og:description\" content=\"Los de Manel Cazorla quieren aprovechar la buena din\u00e1mica de las \u00faltimas jornadas para sumar una nueva victoria en un campo complicado como es el del Bellvitge.\" \/>\n<meta property=\"og:url\" content=\"https:\/\/gimnasticdetarragona.cat\/es\/el-juvenil-a-vol-seguir-sumant-en-un-camp-complicat\/\" \/>\n<meta property=\"og:site_name\" content=\"Gimn\u00e0stic de Tarragona SAD\" \/>\n<meta property=\"article:published_time\" content=\"2016-11-11T18:12:19+00:00\" \/>\n<meta property=\"og:image\" content=\"https:\/\/gimnasticdetarragona.cat\/wp-content\/uploads\/2022\/06\/05234659115117.png\" \/>\n\t<meta property=\"og:image:width\" content=\"1116\" \/>\n\t<meta property=\"og:image:height\" content=\"714\" \/>\n\t<meta property=\"og:image:type\" content=\"image\/png\" \/>\n<meta name=\"author\" content=\"desarrollo\" \/>\n<meta name=\"twitter:card\" content=\"summary_large_image\" \/>\n<meta name=\"twitter:creator\" content=\"@NASTICTARRAGONA\" \/>\n<meta name=\"twitter:site\" content=\"@NASTICTARRAGONA\" \/>\n<meta name=\"twitter:label1\" content=\"Escrito por\" \/>\n\t<meta name=\"twitter:data1\" content=\"desarrollo\" \/>\n\t<meta name=\"twitter:label2\" content=\"Tiempo de lectura\" \/>\n\t<meta name=\"twitter:data2\" content=\"1 minuto\" \/>\n<script type=\"application\/ld+json\" class=\"yoast-schema-graph\">{\"@context\":\"https:\\\/\\\/schema.org\",\"@graph\":[{\"@type\":\"Article\",\"@id\":\"https:\\\/\\\/gimnasticdetarragona.cat\\\/es\\\/el-juvenil-a-vol-seguir-sumant-en-un-camp-complicat\\\/#article\",\"isPartOf\":{\"@id\":\"https:\\\/\\\/gimnasticdetarragona.cat\\\/es\\\/el-juvenil-a-vol-seguir-sumant-en-un-camp-complicat\\\/\"},\"author\":{\"name\":\"desarrollo\",\"@id\":\"https:\\\/\\\/gimnasticdetarragona.cat\\\/es\\\/#\\\/schema\\\/person\\\/47b6a637abf88f9bd835540f20ea069e\"},\"headline\":\"El Juvenil A quiere seguir sumando en un campo complicado\",\"datePublished\":\"2016-11-11T18:12:19+00:00\",\"mainEntityOfPage\":{\"@id\":\"https:\\\/\\\/gimnasticdetarragona.cat\\\/es\\\/el-juvenil-a-vol-seguir-sumant-en-un-camp-complicat\\\/\"},\"wordCount\":238,\"commentCount\":0,\"publisher\":{\"@id\":\"https:\\\/\\\/gimnasticdetarragona.cat\\\/es\\\/#organization\"},\"image\":{\"@id\":\"https:\\\/\\\/gimnasticdetarragona.cat\\\/es\\\/el-juvenil-a-vol-seguir-sumant-en-un-camp-complicat\\\/#primaryimage\"},\"thumbnailUrl\":\"https:\\\/\\\/gimnasticdetarragona.cat\\\/wp-content\\\/uploads\\\/2022\\\/06\\\/05234659115117.png\",\"articleSection\":[\"Actualidad\",\"F\u00fatbol Base\"],\"inLanguage\":\"es\"},{\"@type\":\"WebPage\",\"@id\":\"https:\\\/\\\/gimnasticdetarragona.cat\\\/es\\\/el-juvenil-a-vol-seguir-sumant-en-un-camp-complicat\\\/\",\"url\":\"https:\\\/\\\/gimnasticdetarragona.cat\\\/es\\\/el-juvenil-a-vol-seguir-sumant-en-un-camp-complicat\\\/\",\"name\":\"El Juvenil A quiere seguir sumando en un campo complicado - Gimn\u00e0stic de Tarragona SAD\",\"isPartOf\":{\"@id\":\"https:\\\/\\\/gimnasticdetarragona.cat\\\/es\\\/#website\"},\"primaryImageOfPage\":{\"@id\":\"https:\\\/\\\/gimnasticdetarragona.cat\\\/es\\\/el-juvenil-a-vol-seguir-sumant-en-un-camp-complicat\\\/#primaryimage\"},\"image\":{\"@id\":\"https:\\\/\\\/gimnasticdetarragona.cat\\\/es\\\/el-juvenil-a-vol-seguir-sumant-en-un-camp-complicat\\\/#primaryimage\"},\"thumbnailUrl\":\"https:\\\/\\\/gimnasticdetarragona.cat\\\/wp-content\\\/uploads\\\/2022\\\/06\\\/05234659115117.png\",\"datePublished\":\"2016-11-11T18:12:19+00:00\",\"breadcrumb\":{\"@id\":\"https:\\\/\\\/gimnasticdetarragona.cat\\\/es\\\/el-juvenil-a-vol-seguir-sumant-en-un-camp-complicat\\\/#breadcrumb\"},\"inLanguage\":\"es\",\"potentialAction\":[{\"@type\":\"ReadAction\",\"target\":[\"https:\\\/\\\/gimnasticdetarragona.cat\\\/es\\\/el-juvenil-a-vol-seguir-sumant-en-un-camp-complicat\\\/\"]}]},{\"@type\":\"ImageObject\",\"inLanguage\":\"es\",\"@id\":\"https:\\\/\\\/gimnasticdetarragona.cat\\\/es\\\/el-juvenil-a-vol-seguir-sumant-en-un-camp-complicat\\\/#primaryimage\",\"url\":\"https:\\\/\\\/gimnasticdetarragona.cat\\\/wp-content\\\/uploads\\\/2022\\\/06\\\/05234659115117.png\",\"contentUrl\":\"https:\\\/\\\/gimnasticdetarragona.cat\\\/wp-content\\\/uploads\\\/2022\\\/06\\\/05234659115117.png\",\"width\":1116,\"height\":714},{\"@type\":\"BreadcrumbList\",\"@id\":\"https:\\\/\\\/gimnasticdetarragona.cat\\\/es\\\/el-juvenil-a-vol-seguir-sumant-en-un-camp-complicat\\\/#breadcrumb\",\"itemListElement\":[{\"@type\":\"ListItem\",\"position\":1,\"name\":\"Inici\",\"item\":\"https:\\\/\\\/gimnasticdetarragona.cat\\\/es\\\/nastic\\\/\"},{\"@type\":\"ListItem\",\"position\":2,\"name\":\"El Juvenil A quiere seguir sumando en un campo complicado\"}]},{\"@type\":\"WebSite\",\"@id\":\"https:\\\/\\\/gimnasticdetarragona.cat\\\/es\\\/#website\",\"url\":\"https:\\\/\\\/gimnasticdetarragona.cat\\\/es\\\/\",\"name\":\"Gimn\u00e0stic de Tarragona SAD\",\"description\":\"Gimn\u00e0stic de Tarragona\",\"publisher\":{\"@id\":\"https:\\\/\\\/gimnasticdetarragona.cat\\\/es\\\/#organization\"},\"potentialAction\":[{\"@type\":\"SearchAction\",\"target\":{\"@type\":\"EntryPoint\",\"urlTemplate\":\"https:\\\/\\\/gimnasticdetarragona.cat\\\/es\\\/?s={search_term_string}\"},\"query-input\":{\"@type\":\"PropertyValueSpecification\",\"valueRequired\":true,\"valueName\":\"search_term_string\"}}],\"inLanguage\":\"es\"},{\"@type\":\"Organization\",\"@id\":\"https:\\\/\\\/gimnasticdetarragona.cat\\\/es\\\/#organization\",\"name\":\"GIMN\u00c0STIC DE TARRAGONA\",\"alternateName\":\"N\u00c0STIC\",\"url\":\"https:\\\/\\\/gimnasticdetarragona.cat\\\/es\\\/\",\"logo\":{\"@type\":\"ImageObject\",\"inLanguage\":\"es\",\"@id\":\"https:\\\/\\\/gimnasticdetarragona.cat\\\/es\\\/#\\\/schema\\\/logo\\\/image\\\/\",\"url\":\"https:\\\/\\\/gimnasticdetarragona.cat\\\/wp-content\\\/uploads\\\/2022\\\/06\\\/cropped-logo-gimnastic.png\",\"contentUrl\":\"https:\\\/\\\/gimnasticdetarragona.cat\\\/wp-content\\\/uploads\\\/2022\\\/06\\\/cropped-logo-gimnastic.png\",\"width\":224,\"height\":83,\"caption\":\"GIMN\u00c0STIC DE TARRAGONA\"},\"image\":{\"@id\":\"https:\\\/\\\/gimnasticdetarragona.cat\\\/es\\\/#\\\/schema\\\/logo\\\/image\\\/\"},\"sameAs\":[\"https:\\\/\\\/x.com\\\/NASTICTARRAGONA\",\"https:\\\/\\\/www.instagram.com\\\/nastictarragona\\\/\"]},{\"@type\":\"Person\",\"@id\":\"https:\\\/\\\/gimnasticdetarragona.cat\\\/es\\\/#\\\/schema\\\/person\\\/47b6a637abf88f9bd835540f20ea069e\",\"name\":\"desarrollo\",\"sameAs\":[\"https:\\\/\\\/clone.gimnasticdetarragona.cat\"]}]}<\/script>\n<!-- \/ Yoast SEO plugin. -->","yoast_head_json":{"title":"El Juvenil A quiere seguir sumando en un campo complicado - Gimn\u00e0stic de Tarragona SAD","robots":{"index":"index","follow":"follow","max-snippet":"max-snippet:-1","max-image-preview":"max-image-preview:large","max-video-preview":"max-video-preview:-1"},"canonical":"https:\/\/gimnasticdetarragona.cat\/es\/el-juvenil-a-vol-seguir-sumant-en-un-camp-complicat\/","og_locale":"es_ES","og_type":"article","og_title":"El Juvenil A quiere seguir sumando en un campo complicado - Gimn\u00e0stic de Tarragona SAD","og_description":"Los de Manel Cazorla quieren aprovechar la buena din\u00e1mica de las \u00faltimas jornadas para sumar una nueva victoria en un campo complicado como es el del Bellvitge.","og_url":"https:\/\/gimnasticdetarragona.cat\/es\/el-juvenil-a-vol-seguir-sumant-en-un-camp-complicat\/","og_site_name":"Gimn\u00e0stic de Tarragona SAD","article_published_time":"2016-11-11T18:12:19+00:00","og_image":[{"width":1116,"height":714,"url":"https:\/\/gimnasticdetarragona.cat\/wp-content\/uploads\/2022\/06\/05234659115117.png","type":"image\/png"}],"author":"desarrollo","twitter_card":"summary_large_image","twitter_creator":"@NASTICTARRAGONA","twitter_site":"@NASTICTARRAGONA","twitter_misc":{"Escrito por":"desarrollo","Tiempo de lectura":"1 minuto"},"schema":{"@context":"https:\/\/schema.org","@graph":[{"@type":"Article","@id":"https:\/\/gimnasticdetarragona.cat\/es\/el-juvenil-a-vol-seguir-sumant-en-un-camp-complicat\/#article","isPartOf":{"@id":"https:\/\/gimnasticdetarragona.cat\/es\/el-juvenil-a-vol-seguir-sumant-en-un-camp-complicat\/"},"author":{"name":"desarrollo","@id":"https:\/\/gimnasticdetarragona.cat\/es\/#\/schema\/person\/47b6a637abf88f9bd835540f20ea069e"},"headline":"El Juvenil A quiere seguir sumando en un campo complicado","datePublished":"2016-11-11T18:12:19+00:00","mainEntityOfPage":{"@id":"https:\/\/gimnasticdetarragona.cat\/es\/el-juvenil-a-vol-seguir-sumant-en-un-camp-complicat\/"},"wordCount":238,"commentCount":0,"publisher":{"@id":"https:\/\/gimnasticdetarragona.cat\/es\/#organization"},"image":{"@id":"https:\/\/gimnasticdetarragona.cat\/es\/el-juvenil-a-vol-seguir-sumant-en-un-camp-complicat\/#primaryimage"},"thumbnailUrl":"https:\/\/gimnasticdetarragona.cat\/wp-content\/uploads\/2022\/06\/05234659115117.png","articleSection":["Actualidad","F\u00fatbol Base"],"inLanguage":"es"},{"@type":"WebPage","@id":"https:\/\/gimnasticdetarragona.cat\/es\/el-juvenil-a-vol-seguir-sumant-en-un-camp-complicat\/","url":"https:\/\/gimnasticdetarragona.cat\/es\/el-juvenil-a-vol-seguir-sumant-en-un-camp-complicat\/","name":"El Juvenil A quiere seguir sumando en un campo complicado - Gimn\u00e0stic de Tarragona SAD","isPartOf":{"@id":"https:\/\/gimnasticdetarragona.cat\/es\/#website"},"primaryImageOfPage":{"@id":"https:\/\/gimnasticdetarragona.cat\/es\/el-juvenil-a-vol-seguir-sumant-en-un-camp-complicat\/#primaryimage"},"image":{"@id":"https:\/\/gimnasticdetarragona.cat\/es\/el-juvenil-a-vol-seguir-sumant-en-un-camp-complicat\/#primaryimage"},"thumbnailUrl":"https:\/\/gimnasticdetarragona.cat\/wp-content\/uploads\/2022\/06\/05234659115117.png","datePublished":"2016-11-11T18:12:19+00:00","breadcrumb":{"@id":"https:\/\/gimnasticdetarragona.cat\/es\/el-juvenil-a-vol-seguir-sumant-en-un-camp-complicat\/#breadcrumb"},"inLanguage":"es","potentialAction":[{"@type":"ReadAction","target":["https:\/\/gimnasticdetarragona.cat\/es\/el-juvenil-a-vol-seguir-sumant-en-un-camp-complicat\/"]}]},{"@type":"ImageObject","inLanguage":"es","@id":"https:\/\/gimnasticdetarragona.cat\/es\/el-juvenil-a-vol-seguir-sumant-en-un-camp-complicat\/#primaryimage","url":"https:\/\/gimnasticdetarragona.cat\/wp-content\/uploads\/2022\/06\/05234659115117.png","contentUrl":"https:\/\/gimnasticdetarragona.cat\/wp-content\/uploads\/2022\/06\/05234659115117.png","width":1116,"height":714},{"@type":"BreadcrumbList","@id":"https:\/\/gimnasticdetarragona.cat\/es\/el-juvenil-a-vol-seguir-sumant-en-un-camp-complicat\/#breadcrumb","itemListElement":[{"@type":"ListItem","position":1,"name":"Inici","item":"https:\/\/gimnasticdetarragona.cat\/es\/nastic\/"},{"@type":"ListItem","position":2,"name":"El Juvenil A quiere seguir sumando en un campo complicado"}]},{"@type":"WebSite","@id":"https:\/\/gimnasticdetarragona.cat\/es\/#website","url":"https:\/\/gimnasticdetarragona.cat\/es\/","name":"Gimn\u00e0stic de Tarragona SAD","description":"Gimn\u00e0stic de Tarragona","publisher":{"@id":"https:\/\/gimnasticdetarragona.cat\/es\/#organization"},"potentialAction":[{"@type":"SearchAction","target":{"@type":"EntryPoint","urlTemplate":"https:\/\/gimnasticdetarragona.cat\/es\/?s={search_term_string}"},"query-input":{"@type":"PropertyValueSpecification","valueRequired":true,"valueName":"search_term_string"}}],"inLanguage":"es"},{"@type":"Organization","@id":"https:\/\/gimnasticdetarragona.cat\/es\/#organization","name":"GIMN\u00c0STIC DE TARRAGONA","alternateName":"N\u00c0STIC","url":"https:\/\/gimnasticdetarragona.cat\/es\/","logo":{"@type":"ImageObject","inLanguage":"es","@id":"https:\/\/gimnasticdetarragona.cat\/es\/#\/schema\/logo\/image\/","url":"https:\/\/gimnasticdetarragona.cat\/wp-content\/uploads\/2022\/06\/cropped-logo-gimnastic.png","contentUrl":"https:\/\/gimnasticdetarragona.cat\/wp-content\/uploads\/2022\/06\/cropped-logo-gimnastic.png","width":224,"height":83,"caption":"GIMN\u00c0STIC DE TARRAGONA"},"image":{"@id":"https:\/\/gimnasticdetarragona.cat\/es\/#\/schema\/logo\/image\/"},"sameAs":["https:\/\/x.com\/NASTICTARRAGONA","https:\/\/www.instagram.com\/nastictarragona\/"]},{"@type":"Person","@id":"https:\/\/gimnasticdetarragona.cat\/es\/#\/schema\/person\/47b6a637abf88f9bd835540f20ea069e","name":"desarrollo","sameAs":["https:\/\/clone.gimnasticdetarragona.cat"]}]}},"_links":{"self":[{"href":"https:\/\/gimnasticdetarragona.cat\/es\/wp-json\/wp\/v2\/posts\/60219","targetHints":{"allow":["GET"]}}],"collection":[{"href":"https:\/\/gimnasticdetarragona.cat\/es\/wp-json\/wp\/v2\/posts"}],"about":[{"href":"https:\/\/gimnasticdetarragona.cat\/es\/wp-json\/wp\/v2\/types\/post"}],"author":[{"embeddable":true,"href":"https:\/\/gimnasticdetarragona.cat\/es\/wp-json\/wp\/v2\/users\/1"}],"replies":[{"embeddable":true,"href":"https:\/\/gimnasticdetarragona.cat\/es\/wp-json\/wp\/v2\/comments?post=60219"}],"version-history":[{"count":0,"href":"https:\/\/gimnasticdetarragona.cat\/es\/wp-json\/wp\/v2\/posts\/60219\/revisions"}],"wp:featuredmedia":[{"embeddable":true,"href":"https:\/\/gimnasticdetarragona.cat\/es\/wp-json\/wp\/v2\/media\/60216"}],"wp:attachment":[{"href":"https:\/\/gimnasticdetarragona.cat\/es\/wp-json\/wp\/v2\/media?parent=60219"}],"wp:term":[{"taxonomy":"category","embeddable":true,"href":"https:\/\/gimnasticdetarragona.cat\/es\/wp-json\/wp\/v2\/categories?post=60219"},{"taxonomy":"post_tag","embeddable":true,"href":"https:\/\/gimnasticdetarragona.cat\/es\/wp-json\/wp\/v2\/tags?post=60219"}],"curies":[{"name":"wp","href":"https:\/\/api.w.org\/{rel}","templated":true}]}}