{"id":60227,"date":"2016-11-10T20:18:12","date_gmt":"2016-11-10T20:18:12","guid":{"rendered":"https:\/\/clone.gimnasticdetarragona.cat\/g-ritmica-els-conjunts-grana-tambe-simposen-al-pavello-del-nastic\/"},"modified":"2016-11-10T20:18:12","modified_gmt":"2016-11-10T20:18:12","slug":"g-ritmica-els-conjunts-grana-tambe-simposen-al-pavello-del-nastic","status":"publish","type":"post","link":"https:\/\/gimnasticdetarragona.cat\/es\/g-ritmica-els-conjunts-grana-tambe-simposen-al-pavello-del-nastic\/","title":{"rendered":"G. R\u00edtmica | Los Conjuntos grana tambi\u00e9n se imponen en el Pabell\u00f3n del N\u00e0stic"},"content":{"rendered":"<p style=\"text-align: justify;\">El Pabell\u00f3n del N\u00e0stic acogi\u00f3 el pasado domingo 3\u00aa Fase de Copa Catalana de Conjuntos de Gimnasia R\u00edtmica. La jornada, en horario de ma\u00f1ana y tarde, con m\u00e1s de 1.500 personas de p\u00fablico, fue un gran \u00e9xito deportivo y tambi\u00e9n organizativo de la secci\u00f3n de Gimnasia R\u00edtmica del N\u00e0stic.<\/p>\n<p style=\"text-align: justify;\">En el apartado deportivo, los 3 Conjuntos con niveles Campeonato de Espa\u00f1a, ganaron sus categor\u00edas. El Conjunto Senior Absoluto, con 5 cintas, con una gran actuaci\u00f3n, qued\u00f3 en primer lugar por delante del Pratenc, que fue segundo y el Lloret que fue tercero. Por su parte, el Conjunto Junior Absoluto, con 3 pelotas y 2 cintas, se impuso al Sant Cugat, que fue segundo y al Lloret que fue tercero. Ambos han ganado el Campeonato de Catalunya, el Clasificatorio de la Copa de la Reina y todas las fases de Copa Catalana. Finalmente, en nivel Base, el Conjunto Cadet, actual Campe\u00f3n de Catalunya, compiti\u00f3 con 3 pelotas y 2 cintas y tuvo una de las mejores actuaciones de la temporada ya que, en una categor\u00eda muy competida con un total de 12 conjuntos, va obtener una gran victoria sobre el resto de rivales y qued\u00f3 por delante de la Ametlla de Mar, que fue segundo, y la Asociaci\u00f3n Deportiva R\u00edtmica Quart, que fue tercero.<\/p>\n<p style=\"text-align: justify;\">Destacar tambi\u00e9n que en el Nivel IV de Copa Catalana el Conjunto Benjam\u00edn, con manos libres, qued\u00f3 primer clasificado y el Conjunto Infantil, con 5 cuerdas, qued\u00f3 segundo clasificado. Y en Nivel V \/ VI, el Conjunto Junior, con 3 cuerdas y 2 pelotas, qued\u00f3 segundo.<\/p>\n<p style=\"text-align: justify;\">Este pr\u00f3ximo fin de semana la secci\u00f3n competir\u00e1 en una de las grandes metas de la temporada, el Campeonato de Espa\u00f1a Base y la Copa de la Reina de Conjuntos que se celebra en Valladolid. El\u00a0Conjunto Cadete Base, competir\u00e1 s\u00e1bado ma\u00f1ana y lo har\u00e1 como Campe\u00f3n de Catalunya. Tiene el objetivo de clasificarse entre los 10 primeros de la general en una competici\u00f3n donde participar\u00e1n m\u00e1s de 70 conjuntos de todo el Estado. Por su parte, tanto el Conjunto Senior como el Junior Absoluto participar\u00e1n como Campeones Auton\u00f3micos en la Copa de Espa\u00f1a de Conjuntos. En esta competici\u00f3n, \u00fanicamente participa el Campe\u00f3n de cada Comunidad y los rivales son de m\u00e1ximo nivel ya que todos son Campeones Auton\u00f3micos. Los dos Conjuntos, tienen el orgullo y la responsabilidad de defender los colores de la Federaci\u00f3n Catalana.<\/p>\n<p style=\"text-align: justify;\">Foto con los 3 conjuntos de Nivel Campeonato de Espa\u00f1a con las 3 copas de campeonas. Ante, de rodillas, el Conjunto Cadete Base, en medio el Conjunto Junior Absoluto y detr\u00e1s, de pie, el Conjunto Senior Absoluto con las entrenadoras.<\/p>\n<p style=\"text-align: justify;\">Las gimnastas de los conjunto son, por Senior Absoluto: Ariadna Morell, Aina Perramon, Ivet Canela, Ainhoa S\u00e1nchez, Marta Mart\u00edn, y Adriana Pinilla.<\/p>\n<p style=\"text-align: justify;\">En Junior Absoluto: Carla Marchal, Paula Oruj, Marina Sabat\u00e9, Marina Duque y Carla Cacho.<\/p>\n<p style=\"text-align: justify;\">Por Cadete Base: Alejandra Pinilla, Laura Morell, J\u00e9ssica Navarro, Mia Albacar, Sara Castander y Sheila S\u00e1nchez. Las entrenadoras son Gisela Camarero, Iria Medin y Victoria Grau.<\/p>\n","protected":false},"excerpt":{"rendered":"<p>El Pabell\u00f3n del N\u00e0stic acogi\u00f3 el pasado domingo 3\u00aa Fase de Copa Catalana de Conjuntos de Gimnasia R\u00edtmica. La jornada, en horario de ma\u00f1ana y tarde, con m\u00e1s de 1.500 personas de p\u00fablico, fue un gran \u00e9xito deportivo y tambi\u00e9n organizativo de la secci\u00f3n de Gimnasia R\u00edtmica del N\u00e0stic.<\/p>\n","protected":false},"author":1,"featured_media":60224,"comment_status":"open","ping_status":"open","sticky":false,"template":"","format":"standard","meta":{"_acf_changed":false,"footnotes":""},"categories":[127],"tags":[],"class_list":["post-60227","post","type-post","status-publish","format-standard","has-post-thumbnail","hentry","category-secciones"],"acf":[],"yoast_head":"<!-- This site is optimized with the Yoast SEO plugin v27.3 - https:\/\/yoast.com\/product\/yoast-seo-wordpress\/ -->\n<title>G. R\u00edtmica | Los Conjuntos grana tambi\u00e9n se imponen en el Pabell\u00f3n del N\u00e0stic - Gimn\u00e0stic de Tarragona SAD<\/title>\n<meta name=\"robots\" content=\"index, follow, max-snippet:-1, max-image-preview:large, max-video-preview:-1\" \/>\n<link rel=\"canonical\" href=\"https:\/\/gimnasticdetarragona.cat\/es\/g-ritmica-els-conjunts-grana-tambe-simposen-al-pavello-del-nastic\/\" \/>\n<meta property=\"og:locale\" content=\"es_ES\" \/>\n<meta property=\"og:type\" content=\"article\" \/>\n<meta property=\"og:title\" content=\"G. R\u00edtmica | Los Conjuntos grana tambi\u00e9n se imponen en el Pabell\u00f3n del N\u00e0stic - Gimn\u00e0stic de Tarragona SAD\" \/>\n<meta property=\"og:description\" content=\"El Pabell\u00f3n del N\u00e0stic acogi\u00f3 el pasado domingo 3\u00aa Fase de Copa Catalana de Conjuntos de Gimnasia R\u00edtmica. La jornada, en horario de ma\u00f1ana y tarde, con m\u00e1s de 1.500 personas de p\u00fablico, fue un gran \u00e9xito deportivo y tambi\u00e9n organizativo de la secci\u00f3n de Gimnasia R\u00edtmica del N\u00e0stic.\" \/>\n<meta property=\"og:url\" content=\"https:\/\/gimnasticdetarragona.cat\/es\/g-ritmica-els-conjunts-grana-tambe-simposen-al-pavello-del-nastic\/\" \/>\n<meta property=\"og:site_name\" content=\"Gimn\u00e0stic de Tarragona SAD\" \/>\n<meta property=\"article:published_time\" content=\"2016-11-10T20:18:12+00:00\" \/>\n<meta property=\"og:image\" content=\"https:\/\/gimnasticdetarragona.cat\/wp-content\/uploads\/2022\/06\/05234657115079.jpg\" \/>\n\t<meta property=\"og:image:width\" content=\"640\" \/>\n\t<meta property=\"og:image:height\" content=\"360\" \/>\n\t<meta property=\"og:image:type\" content=\"image\/jpeg\" \/>\n<meta name=\"author\" content=\"desarrollo\" \/>\n<meta name=\"twitter:card\" content=\"summary_large_image\" \/>\n<meta name=\"twitter:creator\" content=\"@NASTICTARRAGONA\" \/>\n<meta name=\"twitter:site\" content=\"@NASTICTARRAGONA\" \/>\n<meta name=\"twitter:label1\" content=\"Escrito por\" \/>\n\t<meta name=\"twitter:data1\" content=\"desarrollo\" \/>\n\t<meta name=\"twitter:label2\" content=\"Tiempo de lectura\" \/>\n\t<meta name=\"twitter:data2\" content=\"3 minutos\" \/>\n<script type=\"application\/ld+json\" class=\"yoast-schema-graph\">{\"@context\":\"https:\\\/\\\/schema.org\",\"@graph\":[{\"@type\":\"Article\",\"@id\":\"https:\\\/\\\/gimnasticdetarragona.cat\\\/es\\\/g-ritmica-els-conjunts-grana-tambe-simposen-al-pavello-del-nastic\\\/#article\",\"isPartOf\":{\"@id\":\"https:\\\/\\\/gimnasticdetarragona.cat\\\/es\\\/g-ritmica-els-conjunts-grana-tambe-simposen-al-pavello-del-nastic\\\/\"},\"author\":{\"name\":\"desarrollo\",\"@id\":\"https:\\\/\\\/gimnasticdetarragona.cat\\\/es\\\/#\\\/schema\\\/person\\\/47b6a637abf88f9bd835540f20ea069e\"},\"headline\":\"G. R\u00edtmica | Los Conjuntos grana tambi\u00e9n se imponen en el Pabell\u00f3n del N\u00e0stic\",\"datePublished\":\"2016-11-10T20:18:12+00:00\",\"mainEntityOfPage\":{\"@id\":\"https:\\\/\\\/gimnasticdetarragona.cat\\\/es\\\/g-ritmica-els-conjunts-grana-tambe-simposen-al-pavello-del-nastic\\\/\"},\"wordCount\":539,\"commentCount\":0,\"publisher\":{\"@id\":\"https:\\\/\\\/gimnasticdetarragona.cat\\\/es\\\/#organization\"},\"image\":{\"@id\":\"https:\\\/\\\/gimnasticdetarragona.cat\\\/es\\\/g-ritmica-els-conjunts-grana-tambe-simposen-al-pavello-del-nastic\\\/#primaryimage\"},\"thumbnailUrl\":\"https:\\\/\\\/gimnasticdetarragona.cat\\\/wp-content\\\/uploads\\\/2022\\\/06\\\/05234657115079.jpg\",\"articleSection\":[\"Secciones\"],\"inLanguage\":\"es\"},{\"@type\":\"WebPage\",\"@id\":\"https:\\\/\\\/gimnasticdetarragona.cat\\\/es\\\/g-ritmica-els-conjunts-grana-tambe-simposen-al-pavello-del-nastic\\\/\",\"url\":\"https:\\\/\\\/gimnasticdetarragona.cat\\\/es\\\/g-ritmica-els-conjunts-grana-tambe-simposen-al-pavello-del-nastic\\\/\",\"name\":\"G. R\u00edtmica | Los Conjuntos grana tambi\u00e9n se imponen en el Pabell\u00f3n del N\u00e0stic - Gimn\u00e0stic de Tarragona SAD\",\"isPartOf\":{\"@id\":\"https:\\\/\\\/gimnasticdetarragona.cat\\\/es\\\/#website\"},\"primaryImageOfPage\":{\"@id\":\"https:\\\/\\\/gimnasticdetarragona.cat\\\/es\\\/g-ritmica-els-conjunts-grana-tambe-simposen-al-pavello-del-nastic\\\/#primaryimage\"},\"image\":{\"@id\":\"https:\\\/\\\/gimnasticdetarragona.cat\\\/es\\\/g-ritmica-els-conjunts-grana-tambe-simposen-al-pavello-del-nastic\\\/#primaryimage\"},\"thumbnailUrl\":\"https:\\\/\\\/gimnasticdetarragona.cat\\\/wp-content\\\/uploads\\\/2022\\\/06\\\/05234657115079.jpg\",\"datePublished\":\"2016-11-10T20:18:12+00:00\",\"breadcrumb\":{\"@id\":\"https:\\\/\\\/gimnasticdetarragona.cat\\\/es\\\/g-ritmica-els-conjunts-grana-tambe-simposen-al-pavello-del-nastic\\\/#breadcrumb\"},\"inLanguage\":\"es\",\"potentialAction\":[{\"@type\":\"ReadAction\",\"target\":[\"https:\\\/\\\/gimnasticdetarragona.cat\\\/es\\\/g-ritmica-els-conjunts-grana-tambe-simposen-al-pavello-del-nastic\\\/\"]}]},{\"@type\":\"ImageObject\",\"inLanguage\":\"es\",\"@id\":\"https:\\\/\\\/gimnasticdetarragona.cat\\\/es\\\/g-ritmica-els-conjunts-grana-tambe-simposen-al-pavello-del-nastic\\\/#primaryimage\",\"url\":\"https:\\\/\\\/gimnasticdetarragona.cat\\\/wp-content\\\/uploads\\\/2022\\\/06\\\/05234657115079.jpg\",\"contentUrl\":\"https:\\\/\\\/gimnasticdetarragona.cat\\\/wp-content\\\/uploads\\\/2022\\\/06\\\/05234657115079.jpg\",\"width\":640,\"height\":360},{\"@type\":\"BreadcrumbList\",\"@id\":\"https:\\\/\\\/gimnasticdetarragona.cat\\\/es\\\/g-ritmica-els-conjunts-grana-tambe-simposen-al-pavello-del-nastic\\\/#breadcrumb\",\"itemListElement\":[{\"@type\":\"ListItem\",\"position\":1,\"name\":\"Inici\",\"item\":\"https:\\\/\\\/gimnasticdetarragona.cat\\\/es\\\/nastic\\\/\"},{\"@type\":\"ListItem\",\"position\":2,\"name\":\"G. R\u00edtmica | Los Conjuntos grana tambi\u00e9n se imponen en el Pabell\u00f3n del N\u00e0stic\"}]},{\"@type\":\"WebSite\",\"@id\":\"https:\\\/\\\/gimnasticdetarragona.cat\\\/es\\\/#website\",\"url\":\"https:\\\/\\\/gimnasticdetarragona.cat\\\/es\\\/\",\"name\":\"Gimn\u00e0stic de Tarragona SAD\",\"description\":\"Gimn\u00e0stic de Tarragona\",\"publisher\":{\"@id\":\"https:\\\/\\\/gimnasticdetarragona.cat\\\/es\\\/#organization\"},\"potentialAction\":[{\"@type\":\"SearchAction\",\"target\":{\"@type\":\"EntryPoint\",\"urlTemplate\":\"https:\\\/\\\/gimnasticdetarragona.cat\\\/es\\\/?s={search_term_string}\"},\"query-input\":{\"@type\":\"PropertyValueSpecification\",\"valueRequired\":true,\"valueName\":\"search_term_string\"}}],\"inLanguage\":\"es\"},{\"@type\":\"Organization\",\"@id\":\"https:\\\/\\\/gimnasticdetarragona.cat\\\/es\\\/#organization\",\"name\":\"GIMN\u00c0STIC DE TARRAGONA\",\"alternateName\":\"N\u00c0STIC\",\"url\":\"https:\\\/\\\/gimnasticdetarragona.cat\\\/es\\\/\",\"logo\":{\"@type\":\"ImageObject\",\"inLanguage\":\"es\",\"@id\":\"https:\\\/\\\/gimnasticdetarragona.cat\\\/es\\\/#\\\/schema\\\/logo\\\/image\\\/\",\"url\":\"https:\\\/\\\/gimnasticdetarragona.cat\\\/wp-content\\\/uploads\\\/2022\\\/06\\\/cropped-logo-gimnastic.png\",\"contentUrl\":\"https:\\\/\\\/gimnasticdetarragona.cat\\\/wp-content\\\/uploads\\\/2022\\\/06\\\/cropped-logo-gimnastic.png\",\"width\":224,\"height\":83,\"caption\":\"GIMN\u00c0STIC DE TARRAGONA\"},\"image\":{\"@id\":\"https:\\\/\\\/gimnasticdetarragona.cat\\\/es\\\/#\\\/schema\\\/logo\\\/image\\\/\"},\"sameAs\":[\"https:\\\/\\\/x.com\\\/NASTICTARRAGONA\",\"https:\\\/\\\/www.instagram.com\\\/nastictarragona\\\/\"]},{\"@type\":\"Person\",\"@id\":\"https:\\\/\\\/gimnasticdetarragona.cat\\\/es\\\/#\\\/schema\\\/person\\\/47b6a637abf88f9bd835540f20ea069e\",\"name\":\"desarrollo\",\"sameAs\":[\"https:\\\/\\\/clone.gimnasticdetarragona.cat\"]}]}<\/script>\n<!-- \/ Yoast SEO plugin. -->","yoast_head_json":{"title":"G. R\u00edtmica | Los Conjuntos grana tambi\u00e9n se imponen en el Pabell\u00f3n del N\u00e0stic - Gimn\u00e0stic de Tarragona SAD","robots":{"index":"index","follow":"follow","max-snippet":"max-snippet:-1","max-image-preview":"max-image-preview:large","max-video-preview":"max-video-preview:-1"},"canonical":"https:\/\/gimnasticdetarragona.cat\/es\/g-ritmica-els-conjunts-grana-tambe-simposen-al-pavello-del-nastic\/","og_locale":"es_ES","og_type":"article","og_title":"G. R\u00edtmica | Los Conjuntos grana tambi\u00e9n se imponen en el Pabell\u00f3n del N\u00e0stic - Gimn\u00e0stic de Tarragona SAD","og_description":"El Pabell\u00f3n del N\u00e0stic acogi\u00f3 el pasado domingo 3\u00aa Fase de Copa Catalana de Conjuntos de Gimnasia R\u00edtmica. La jornada, en horario de ma\u00f1ana y tarde, con m\u00e1s de 1.500 personas de p\u00fablico, fue un gran \u00e9xito deportivo y tambi\u00e9n organizativo de la secci\u00f3n de Gimnasia R\u00edtmica del N\u00e0stic.","og_url":"https:\/\/gimnasticdetarragona.cat\/es\/g-ritmica-els-conjunts-grana-tambe-simposen-al-pavello-del-nastic\/","og_site_name":"Gimn\u00e0stic de Tarragona SAD","article_published_time":"2016-11-10T20:18:12+00:00","og_image":[{"width":640,"height":360,"url":"https:\/\/gimnasticdetarragona.cat\/wp-content\/uploads\/2022\/06\/05234657115079.jpg","type":"image\/jpeg"}],"author":"desarrollo","twitter_card":"summary_large_image","twitter_creator":"@NASTICTARRAGONA","twitter_site":"@NASTICTARRAGONA","twitter_misc":{"Escrito por":"desarrollo","Tiempo de lectura":"3 minutos"},"schema":{"@context":"https:\/\/schema.org","@graph":[{"@type":"Article","@id":"https:\/\/gimnasticdetarragona.cat\/es\/g-ritmica-els-conjunts-grana-tambe-simposen-al-pavello-del-nastic\/#article","isPartOf":{"@id":"https:\/\/gimnasticdetarragona.cat\/es\/g-ritmica-els-conjunts-grana-tambe-simposen-al-pavello-del-nastic\/"},"author":{"name":"desarrollo","@id":"https:\/\/gimnasticdetarragona.cat\/es\/#\/schema\/person\/47b6a637abf88f9bd835540f20ea069e"},"headline":"G. R\u00edtmica | Los Conjuntos grana tambi\u00e9n se imponen en el Pabell\u00f3n del N\u00e0stic","datePublished":"2016-11-10T20:18:12+00:00","mainEntityOfPage":{"@id":"https:\/\/gimnasticdetarragona.cat\/es\/g-ritmica-els-conjunts-grana-tambe-simposen-al-pavello-del-nastic\/"},"wordCount":539,"commentCount":0,"publisher":{"@id":"https:\/\/gimnasticdetarragona.cat\/es\/#organization"},"image":{"@id":"https:\/\/gimnasticdetarragona.cat\/es\/g-ritmica-els-conjunts-grana-tambe-simposen-al-pavello-del-nastic\/#primaryimage"},"thumbnailUrl":"https:\/\/gimnasticdetarragona.cat\/wp-content\/uploads\/2022\/06\/05234657115079.jpg","articleSection":["Secciones"],"inLanguage":"es"},{"@type":"WebPage","@id":"https:\/\/gimnasticdetarragona.cat\/es\/g-ritmica-els-conjunts-grana-tambe-simposen-al-pavello-del-nastic\/","url":"https:\/\/gimnasticdetarragona.cat\/es\/g-ritmica-els-conjunts-grana-tambe-simposen-al-pavello-del-nastic\/","name":"G. R\u00edtmica | Los Conjuntos grana tambi\u00e9n se imponen en el Pabell\u00f3n del N\u00e0stic - Gimn\u00e0stic de Tarragona SAD","isPartOf":{"@id":"https:\/\/gimnasticdetarragona.cat\/es\/#website"},"primaryImageOfPage":{"@id":"https:\/\/gimnasticdetarragona.cat\/es\/g-ritmica-els-conjunts-grana-tambe-simposen-al-pavello-del-nastic\/#primaryimage"},"image":{"@id":"https:\/\/gimnasticdetarragona.cat\/es\/g-ritmica-els-conjunts-grana-tambe-simposen-al-pavello-del-nastic\/#primaryimage"},"thumbnailUrl":"https:\/\/gimnasticdetarragona.cat\/wp-content\/uploads\/2022\/06\/05234657115079.jpg","datePublished":"2016-11-10T20:18:12+00:00","breadcrumb":{"@id":"https:\/\/gimnasticdetarragona.cat\/es\/g-ritmica-els-conjunts-grana-tambe-simposen-al-pavello-del-nastic\/#breadcrumb"},"inLanguage":"es","potentialAction":[{"@type":"ReadAction","target":["https:\/\/gimnasticdetarragona.cat\/es\/g-ritmica-els-conjunts-grana-tambe-simposen-al-pavello-del-nastic\/"]}]},{"@type":"ImageObject","inLanguage":"es","@id":"https:\/\/gimnasticdetarragona.cat\/es\/g-ritmica-els-conjunts-grana-tambe-simposen-al-pavello-del-nastic\/#primaryimage","url":"https:\/\/gimnasticdetarragona.cat\/wp-content\/uploads\/2022\/06\/05234657115079.jpg","contentUrl":"https:\/\/gimnasticdetarragona.cat\/wp-content\/uploads\/2022\/06\/05234657115079.jpg","width":640,"height":360},{"@type":"BreadcrumbList","@id":"https:\/\/gimnasticdetarragona.cat\/es\/g-ritmica-els-conjunts-grana-tambe-simposen-al-pavello-del-nastic\/#breadcrumb","itemListElement":[{"@type":"ListItem","position":1,"name":"Inici","item":"https:\/\/gimnasticdetarragona.cat\/es\/nastic\/"},{"@type":"ListItem","position":2,"name":"G. R\u00edtmica | Los Conjuntos grana tambi\u00e9n se imponen en el Pabell\u00f3n del N\u00e0stic"}]},{"@type":"WebSite","@id":"https:\/\/gimnasticdetarragona.cat\/es\/#website","url":"https:\/\/gimnasticdetarragona.cat\/es\/","name":"Gimn\u00e0stic de Tarragona SAD","description":"Gimn\u00e0stic de Tarragona","publisher":{"@id":"https:\/\/gimnasticdetarragona.cat\/es\/#organization"},"potentialAction":[{"@type":"SearchAction","target":{"@type":"EntryPoint","urlTemplate":"https:\/\/gimnasticdetarragona.cat\/es\/?s={search_term_string}"},"query-input":{"@type":"PropertyValueSpecification","valueRequired":true,"valueName":"search_term_string"}}],"inLanguage":"es"},{"@type":"Organization","@id":"https:\/\/gimnasticdetarragona.cat\/es\/#organization","name":"GIMN\u00c0STIC DE TARRAGONA","alternateName":"N\u00c0STIC","url":"https:\/\/gimnasticdetarragona.cat\/es\/","logo":{"@type":"ImageObject","inLanguage":"es","@id":"https:\/\/gimnasticdetarragona.cat\/es\/#\/schema\/logo\/image\/","url":"https:\/\/gimnasticdetarragona.cat\/wp-content\/uploads\/2022\/06\/cropped-logo-gimnastic.png","contentUrl":"https:\/\/gimnasticdetarragona.cat\/wp-content\/uploads\/2022\/06\/cropped-logo-gimnastic.png","width":224,"height":83,"caption":"GIMN\u00c0STIC DE TARRAGONA"},"image":{"@id":"https:\/\/gimnasticdetarragona.cat\/es\/#\/schema\/logo\/image\/"},"sameAs":["https:\/\/x.com\/NASTICTARRAGONA","https:\/\/www.instagram.com\/nastictarragona\/"]},{"@type":"Person","@id":"https:\/\/gimnasticdetarragona.cat\/es\/#\/schema\/person\/47b6a637abf88f9bd835540f20ea069e","name":"desarrollo","sameAs":["https:\/\/clone.gimnasticdetarragona.cat"]}]}},"_links":{"self":[{"href":"https:\/\/gimnasticdetarragona.cat\/es\/wp-json\/wp\/v2\/posts\/60227","targetHints":{"allow":["GET"]}}],"collection":[{"href":"https:\/\/gimnasticdetarragona.cat\/es\/wp-json\/wp\/v2\/posts"}],"about":[{"href":"https:\/\/gimnasticdetarragona.cat\/es\/wp-json\/wp\/v2\/types\/post"}],"author":[{"embeddable":true,"href":"https:\/\/gimnasticdetarragona.cat\/es\/wp-json\/wp\/v2\/users\/1"}],"replies":[{"embeddable":true,"href":"https:\/\/gimnasticdetarragona.cat\/es\/wp-json\/wp\/v2\/comments?post=60227"}],"version-history":[{"count":0,"href":"https:\/\/gimnasticdetarragona.cat\/es\/wp-json\/wp\/v2\/posts\/60227\/revisions"}],"wp:featuredmedia":[{"embeddable":true,"href":"https:\/\/gimnasticdetarragona.cat\/es\/wp-json\/wp\/v2\/media\/60224"}],"wp:attachment":[{"href":"https:\/\/gimnasticdetarragona.cat\/es\/wp-json\/wp\/v2\/media?parent=60227"}],"wp:term":[{"taxonomy":"category","embeddable":true,"href":"https:\/\/gimnasticdetarragona.cat\/es\/wp-json\/wp\/v2\/categories?post=60227"},{"taxonomy":"post_tag","embeddable":true,"href":"https:\/\/gimnasticdetarragona.cat\/es\/wp-json\/wp\/v2\/tags?post=60227"}],"curies":[{"name":"wp","href":"https:\/\/api.w.org\/{rel}","templated":true}]}}