{"id":60239,"date":"2016-11-10T01:14:31","date_gmt":"2016-11-10T01:14:31","guid":{"rendered":"https:\/\/clone.gimnasticdetarragona.cat\/gava-0-0-nastic-2-1\/"},"modified":"2016-11-10T01:14:31","modified_gmt":"2016-11-10T01:14:31","slug":"gava-0-0-nastic-2-1","status":"publish","type":"post","link":"https:\/\/gimnasticdetarragona.cat\/es\/gava-0-0-nastic-2-1\/","title":{"rendered":"CF Gav\u00e0 0 &#8211; 0 N\u00e0stic (1-2)"},"content":{"rendered":"<p style=\"text-align: justify;\">El N\u00e0stic se clasifica para la final de la Copa Catalunya tras superar al CF Gav\u00e0 en un partido que se ha decidido en la tanda de penaltis.<\/p>\n<p style=\"text-align: justify;\">El Gav\u00e0 ha disfrutado de la primera ocasi\u00f3n del encuentro, frente a un N\u00e0stic con muchos jugadores de la Pobla. El local Herrera, en el minuto 1, ha enviado el bal\u00f3n por encima del larguero. Los siguientes minutos las defensas se han impuesto a los ataques y las llegadas no han sido destacadas; salvo alguna ocasi\u00f3n a bal\u00f3n parado por los locales. Con el paso de los minutos, el N\u00e0stic se ha hecho con el dominio del bal\u00f3n y ha llegado con comodidad al \u00e1rea barcelonesa. En el minuto 18&#8242; los visitantes han dispuesto de una doble ocasi\u00f3n. Primero lo intent\u00f3 Boiro, que debutaba con la camiseta grana, y despu\u00e9s Maloku, pero su disparo lo ha enviado la defensa a c\u00f3rner. Tres minutos m\u00e1s tarde han sido de nuevo los tarraconenses que lo han vuelto a probar, en este caso mediante el delantero camerun\u00e9s del primer equipo, S. Eman\u00e1, que ha obligado al portero local, Eric, a desviar a c\u00f3rner. Y en el minuto 29&#8242; Maloku ha estado a punto de marcar tras una acci\u00f3n individual por banda derecha. Su remate lo ha tenido que enviar a c\u00f3rner con el pie el portero local. El Gav\u00e0 ha dispuesto de una \u00faltima ocasi\u00f3n antes del descanso. El local Kata remat\u00f3 por encima el travesa\u00f1o en la salida de un c\u00f3rner. Al descanso se lleg\u00f3 con empate a 0 en el marcador.<\/p>\n<p style=\"text-align: justify;\">La segunda mitad comenz\u00f3 con cambios en las filas grana, Maloku, Delgado y Eman\u00e1 han dejado el terreno de juego para dar entrada a Jos\u00e9 Carlos, Bruguer y Vidal. La primera ocasi\u00f3n fue para el N\u00e0stic con un disparo de fuera del \u00e1rea de Boiro que se ha marchado desviado. El Gav\u00e0 tambi\u00e9n lo ha probado mediante Sascha con un remate de cabeza que detuvo sin problemas Perales. La respuesta visitante lleg\u00f3 en el 67 &#8216;con un disparo de falta desde la frontal de Rayco que se ha marchado rozando el larguero. En los \u00faltimos minutos de juego los locales han atacando con insistencia los dominios tarraconenses pero una defensa muy bien posicionada y acertada evit\u00f3 el gol local enviando la eliminatoria a los penaltis.<\/p>\n<p style=\"text-align: justify;\">Finalmente, ha sido desde los 11 metros como ha llegado la victoria de un N\u00e0stic que ha estado m\u00e1s acertado en una tanda de penaltis con m\u00e1s errores que goles. La parada de Perales en el quinto penalti ha supuesto la definitiva clasificaci\u00f3n del N\u00e0stic para la final de la Copa Catalu\u00f1a.<\/p>\n<p style=\"text-align: justify;\">El pr\u00f3ximo enfrentamiento grana ser\u00e1 ante el Getafe, en liga. El s\u00e1bado 12, a las 16 h, el N\u00e0stic jugar\u00e1 en el Nou Estadi en el partido correspondiente a la jornada 14 de Laliga 1|2|3.<\/p>\n<p style=\"text-align: justify;\">Alineaciones<\/p>\n<p style=\"text-align: justify;\">CF Gav\u00e0: Eric, Joel, Jorge, Alan, Fernando, Plan, Herrera, Lamas, (Reche, 84 &#8216;) Sascha, Kata (Hector, 81&#8217;) y Roque (Peque, 60 &#8216;).<\/p>\n<p style=\"text-align: justify;\">N\u00e0stic: Perales, Pol (Arturo, 77 &#8216;), Ruxi, Dani H (Roger F., 86&#8217;), Boiro, Rayco, Delgado (Jos\u00e9 Carlos, 46 &#8216;), Maloku (Bruguer, 46&#8217;), Jes\u00fas (Calavera, 68 &#8216;), Lopo y S. Eman\u00e1 (Iv\u00e1n Vidal, 46&#8217;).<\/p>\n<p style=\"text-align: justify;\">Tarjetas<\/p>\n<p style=\"text-align: justify;\">Albert Lopo (35 &#8216;), Juan Delgado (38&#8217;)<\/p>\n<p style=\"text-align: justify;\">\u00c1rbitro<\/p>\n<p style=\"text-align: justify;\">Sr. Oscar Carballo V\u00e1zquez (Colegio catal\u00e1n).<\/p>\n<p style=\"text-align: justify;\">Partido correspondiente a la eliminatoria de semifinales de la Copa Catalu\u00f1a. Estadio Municipal de La B\u00f2bila, Gav\u00e0.<\/p>\n","protected":false},"excerpt":{"rendered":"<p>El N\u00e0stic es classifica per a la final de la Copa Catalunya despr\u00e9s de superar al CF Gav\u00e0 en un partit que s\u2019ha decidit a la tanda de penals.<\/p>\n","protected":false},"author":1,"featured_media":60236,"comment_status":"open","ping_status":"open","sticky":false,"template":"","format":"standard","meta":{"_acf_changed":false,"footnotes":""},"categories":[113,126],"tags":[],"class_list":["post-60239","post","type-post","status-publish","format-standard","has-post-thumbnail","hentry","category-actualidad","category-primer-equipo"],"acf":[],"yoast_head":"<!-- This site is optimized with the Yoast SEO plugin v27.3 - https:\/\/yoast.com\/product\/yoast-seo-wordpress\/ -->\n<title>CF Gav\u00e0 0 - 0 N\u00e0stic (1-2) - Gimn\u00e0stic de Tarragona SAD<\/title>\n<meta name=\"robots\" content=\"index, follow, max-snippet:-1, max-image-preview:large, max-video-preview:-1\" \/>\n<link rel=\"canonical\" href=\"https:\/\/gimnasticdetarragona.cat\/es\/gava-0-0-nastic-2-1\/\" \/>\n<meta property=\"og:locale\" content=\"es_ES\" \/>\n<meta property=\"og:type\" content=\"article\" \/>\n<meta property=\"og:title\" content=\"CF Gav\u00e0 0 - 0 N\u00e0stic (1-2) - Gimn\u00e0stic de Tarragona SAD\" \/>\n<meta property=\"og:description\" content=\"El N\u00e0stic es classifica per a la final de la Copa Catalunya despr\u00e9s de superar al CF Gav\u00e0 en un partit que s\u2019ha decidit a la tanda de penals.\" \/>\n<meta property=\"og:url\" content=\"https:\/\/gimnasticdetarragona.cat\/es\/gava-0-0-nastic-2-1\/\" \/>\n<meta property=\"og:site_name\" content=\"Gimn\u00e0stic de Tarragona SAD\" \/>\n<meta property=\"article:published_time\" content=\"2016-11-10T01:14:31+00:00\" \/>\n<meta property=\"og:image\" content=\"https:\/\/gimnasticdetarragona.cat\/wp-content\/uploads\/2022\/06\/05234655115033-1024x684.png\" \/>\n\t<meta property=\"og:image:width\" content=\"1024\" \/>\n\t<meta property=\"og:image:height\" content=\"684\" \/>\n\t<meta property=\"og:image:type\" content=\"image\/png\" \/>\n<meta name=\"author\" content=\"desarrollo\" \/>\n<meta name=\"twitter:card\" content=\"summary_large_image\" \/>\n<meta name=\"twitter:creator\" content=\"@NASTICTARRAGONA\" \/>\n<meta name=\"twitter:site\" content=\"@NASTICTARRAGONA\" \/>\n<meta name=\"twitter:label1\" content=\"Escrito por\" \/>\n\t<meta name=\"twitter:data1\" content=\"desarrollo\" \/>\n\t<meta name=\"twitter:label2\" content=\"Tiempo de lectura\" \/>\n\t<meta name=\"twitter:data2\" content=\"3 minutos\" \/>\n<script type=\"application\/ld+json\" class=\"yoast-schema-graph\">{\"@context\":\"https:\\\/\\\/schema.org\",\"@graph\":[{\"@type\":\"Article\",\"@id\":\"https:\\\/\\\/gimnasticdetarragona.cat\\\/es\\\/gava-0-0-nastic-2-1\\\/#article\",\"isPartOf\":{\"@id\":\"https:\\\/\\\/gimnasticdetarragona.cat\\\/es\\\/gava-0-0-nastic-2-1\\\/\"},\"author\":{\"name\":\"desarrollo\",\"@id\":\"https:\\\/\\\/gimnasticdetarragona.cat\\\/es\\\/#\\\/schema\\\/person\\\/47b6a637abf88f9bd835540f20ea069e\"},\"headline\":\"CF Gav\u00e0 0 &#8211; 0 N\u00e0stic (1-2)\",\"datePublished\":\"2016-11-10T01:14:31+00:00\",\"mainEntityOfPage\":{\"@id\":\"https:\\\/\\\/gimnasticdetarragona.cat\\\/es\\\/gava-0-0-nastic-2-1\\\/\"},\"wordCount\":575,\"commentCount\":0,\"publisher\":{\"@id\":\"https:\\\/\\\/gimnasticdetarragona.cat\\\/es\\\/#organization\"},\"image\":{\"@id\":\"https:\\\/\\\/gimnasticdetarragona.cat\\\/es\\\/gava-0-0-nastic-2-1\\\/#primaryimage\"},\"thumbnailUrl\":\"https:\\\/\\\/gimnasticdetarragona.cat\\\/wp-content\\\/uploads\\\/2022\\\/06\\\/05234655115033.png\",\"articleSection\":[\"Actualidad\",\"Primer Equipo\"],\"inLanguage\":\"es\"},{\"@type\":\"WebPage\",\"@id\":\"https:\\\/\\\/gimnasticdetarragona.cat\\\/es\\\/gava-0-0-nastic-2-1\\\/\",\"url\":\"https:\\\/\\\/gimnasticdetarragona.cat\\\/es\\\/gava-0-0-nastic-2-1\\\/\",\"name\":\"CF Gav\u00e0 0 - 0 N\u00e0stic (1-2) - Gimn\u00e0stic de Tarragona SAD\",\"isPartOf\":{\"@id\":\"https:\\\/\\\/gimnasticdetarragona.cat\\\/es\\\/#website\"},\"primaryImageOfPage\":{\"@id\":\"https:\\\/\\\/gimnasticdetarragona.cat\\\/es\\\/gava-0-0-nastic-2-1\\\/#primaryimage\"},\"image\":{\"@id\":\"https:\\\/\\\/gimnasticdetarragona.cat\\\/es\\\/gava-0-0-nastic-2-1\\\/#primaryimage\"},\"thumbnailUrl\":\"https:\\\/\\\/gimnasticdetarragona.cat\\\/wp-content\\\/uploads\\\/2022\\\/06\\\/05234655115033.png\",\"datePublished\":\"2016-11-10T01:14:31+00:00\",\"breadcrumb\":{\"@id\":\"https:\\\/\\\/gimnasticdetarragona.cat\\\/es\\\/gava-0-0-nastic-2-1\\\/#breadcrumb\"},\"inLanguage\":\"es\",\"potentialAction\":[{\"@type\":\"ReadAction\",\"target\":[\"https:\\\/\\\/gimnasticdetarragona.cat\\\/es\\\/gava-0-0-nastic-2-1\\\/\"]}]},{\"@type\":\"ImageObject\",\"inLanguage\":\"es\",\"@id\":\"https:\\\/\\\/gimnasticdetarragona.cat\\\/es\\\/gava-0-0-nastic-2-1\\\/#primaryimage\",\"url\":\"https:\\\/\\\/gimnasticdetarragona.cat\\\/wp-content\\\/uploads\\\/2022\\\/06\\\/05234655115033.png\",\"contentUrl\":\"https:\\\/\\\/gimnasticdetarragona.cat\\\/wp-content\\\/uploads\\\/2022\\\/06\\\/05234655115033.png\",\"width\":1516,\"height\":1012},{\"@type\":\"BreadcrumbList\",\"@id\":\"https:\\\/\\\/gimnasticdetarragona.cat\\\/es\\\/gava-0-0-nastic-2-1\\\/#breadcrumb\",\"itemListElement\":[{\"@type\":\"ListItem\",\"position\":1,\"name\":\"Inici\",\"item\":\"https:\\\/\\\/gimnasticdetarragona.cat\\\/es\\\/nastic\\\/\"},{\"@type\":\"ListItem\",\"position\":2,\"name\":\"CF Gav\u00e0 0 &#8211; 0 N\u00e0stic (1-2)\"}]},{\"@type\":\"WebSite\",\"@id\":\"https:\\\/\\\/gimnasticdetarragona.cat\\\/es\\\/#website\",\"url\":\"https:\\\/\\\/gimnasticdetarragona.cat\\\/es\\\/\",\"name\":\"Gimn\u00e0stic de Tarragona SAD\",\"description\":\"Gimn\u00e0stic de Tarragona\",\"publisher\":{\"@id\":\"https:\\\/\\\/gimnasticdetarragona.cat\\\/es\\\/#organization\"},\"potentialAction\":[{\"@type\":\"SearchAction\",\"target\":{\"@type\":\"EntryPoint\",\"urlTemplate\":\"https:\\\/\\\/gimnasticdetarragona.cat\\\/es\\\/?s={search_term_string}\"},\"query-input\":{\"@type\":\"PropertyValueSpecification\",\"valueRequired\":true,\"valueName\":\"search_term_string\"}}],\"inLanguage\":\"es\"},{\"@type\":\"Organization\",\"@id\":\"https:\\\/\\\/gimnasticdetarragona.cat\\\/es\\\/#organization\",\"name\":\"GIMN\u00c0STIC DE TARRAGONA\",\"alternateName\":\"N\u00c0STIC\",\"url\":\"https:\\\/\\\/gimnasticdetarragona.cat\\\/es\\\/\",\"logo\":{\"@type\":\"ImageObject\",\"inLanguage\":\"es\",\"@id\":\"https:\\\/\\\/gimnasticdetarragona.cat\\\/es\\\/#\\\/schema\\\/logo\\\/image\\\/\",\"url\":\"https:\\\/\\\/gimnasticdetarragona.cat\\\/wp-content\\\/uploads\\\/2022\\\/06\\\/cropped-logo-gimnastic.png\",\"contentUrl\":\"https:\\\/\\\/gimnasticdetarragona.cat\\\/wp-content\\\/uploads\\\/2022\\\/06\\\/cropped-logo-gimnastic.png\",\"width\":224,\"height\":83,\"caption\":\"GIMN\u00c0STIC DE TARRAGONA\"},\"image\":{\"@id\":\"https:\\\/\\\/gimnasticdetarragona.cat\\\/es\\\/#\\\/schema\\\/logo\\\/image\\\/\"},\"sameAs\":[\"https:\\\/\\\/x.com\\\/NASTICTARRAGONA\",\"https:\\\/\\\/www.instagram.com\\\/nastictarragona\\\/\"]},{\"@type\":\"Person\",\"@id\":\"https:\\\/\\\/gimnasticdetarragona.cat\\\/es\\\/#\\\/schema\\\/person\\\/47b6a637abf88f9bd835540f20ea069e\",\"name\":\"desarrollo\",\"sameAs\":[\"https:\\\/\\\/clone.gimnasticdetarragona.cat\"]}]}<\/script>\n<!-- \/ Yoast SEO plugin. -->","yoast_head_json":{"title":"CF Gav\u00e0 0 - 0 N\u00e0stic (1-2) - Gimn\u00e0stic de Tarragona SAD","robots":{"index":"index","follow":"follow","max-snippet":"max-snippet:-1","max-image-preview":"max-image-preview:large","max-video-preview":"max-video-preview:-1"},"canonical":"https:\/\/gimnasticdetarragona.cat\/es\/gava-0-0-nastic-2-1\/","og_locale":"es_ES","og_type":"article","og_title":"CF Gav\u00e0 0 - 0 N\u00e0stic (1-2) - Gimn\u00e0stic de Tarragona SAD","og_description":"El N\u00e0stic es classifica per a la final de la Copa Catalunya despr\u00e9s de superar al CF Gav\u00e0 en un partit que s\u2019ha decidit a la tanda de penals.","og_url":"https:\/\/gimnasticdetarragona.cat\/es\/gava-0-0-nastic-2-1\/","og_site_name":"Gimn\u00e0stic de Tarragona SAD","article_published_time":"2016-11-10T01:14:31+00:00","og_image":[{"width":1024,"height":684,"url":"https:\/\/gimnasticdetarragona.cat\/wp-content\/uploads\/2022\/06\/05234655115033-1024x684.png","type":"image\/png"}],"author":"desarrollo","twitter_card":"summary_large_image","twitter_creator":"@NASTICTARRAGONA","twitter_site":"@NASTICTARRAGONA","twitter_misc":{"Escrito por":"desarrollo","Tiempo de lectura":"3 minutos"},"schema":{"@context":"https:\/\/schema.org","@graph":[{"@type":"Article","@id":"https:\/\/gimnasticdetarragona.cat\/es\/gava-0-0-nastic-2-1\/#article","isPartOf":{"@id":"https:\/\/gimnasticdetarragona.cat\/es\/gava-0-0-nastic-2-1\/"},"author":{"name":"desarrollo","@id":"https:\/\/gimnasticdetarragona.cat\/es\/#\/schema\/person\/47b6a637abf88f9bd835540f20ea069e"},"headline":"CF Gav\u00e0 0 &#8211; 0 N\u00e0stic (1-2)","datePublished":"2016-11-10T01:14:31+00:00","mainEntityOfPage":{"@id":"https:\/\/gimnasticdetarragona.cat\/es\/gava-0-0-nastic-2-1\/"},"wordCount":575,"commentCount":0,"publisher":{"@id":"https:\/\/gimnasticdetarragona.cat\/es\/#organization"},"image":{"@id":"https:\/\/gimnasticdetarragona.cat\/es\/gava-0-0-nastic-2-1\/#primaryimage"},"thumbnailUrl":"https:\/\/gimnasticdetarragona.cat\/wp-content\/uploads\/2022\/06\/05234655115033.png","articleSection":["Actualidad","Primer Equipo"],"inLanguage":"es"},{"@type":"WebPage","@id":"https:\/\/gimnasticdetarragona.cat\/es\/gava-0-0-nastic-2-1\/","url":"https:\/\/gimnasticdetarragona.cat\/es\/gava-0-0-nastic-2-1\/","name":"CF Gav\u00e0 0 - 0 N\u00e0stic (1-2) - Gimn\u00e0stic de Tarragona SAD","isPartOf":{"@id":"https:\/\/gimnasticdetarragona.cat\/es\/#website"},"primaryImageOfPage":{"@id":"https:\/\/gimnasticdetarragona.cat\/es\/gava-0-0-nastic-2-1\/#primaryimage"},"image":{"@id":"https:\/\/gimnasticdetarragona.cat\/es\/gava-0-0-nastic-2-1\/#primaryimage"},"thumbnailUrl":"https:\/\/gimnasticdetarragona.cat\/wp-content\/uploads\/2022\/06\/05234655115033.png","datePublished":"2016-11-10T01:14:31+00:00","breadcrumb":{"@id":"https:\/\/gimnasticdetarragona.cat\/es\/gava-0-0-nastic-2-1\/#breadcrumb"},"inLanguage":"es","potentialAction":[{"@type":"ReadAction","target":["https:\/\/gimnasticdetarragona.cat\/es\/gava-0-0-nastic-2-1\/"]}]},{"@type":"ImageObject","inLanguage":"es","@id":"https:\/\/gimnasticdetarragona.cat\/es\/gava-0-0-nastic-2-1\/#primaryimage","url":"https:\/\/gimnasticdetarragona.cat\/wp-content\/uploads\/2022\/06\/05234655115033.png","contentUrl":"https:\/\/gimnasticdetarragona.cat\/wp-content\/uploads\/2022\/06\/05234655115033.png","width":1516,"height":1012},{"@type":"BreadcrumbList","@id":"https:\/\/gimnasticdetarragona.cat\/es\/gava-0-0-nastic-2-1\/#breadcrumb","itemListElement":[{"@type":"ListItem","position":1,"name":"Inici","item":"https:\/\/gimnasticdetarragona.cat\/es\/nastic\/"},{"@type":"ListItem","position":2,"name":"CF Gav\u00e0 0 &#8211; 0 N\u00e0stic (1-2)"}]},{"@type":"WebSite","@id":"https:\/\/gimnasticdetarragona.cat\/es\/#website","url":"https:\/\/gimnasticdetarragona.cat\/es\/","name":"Gimn\u00e0stic de Tarragona SAD","description":"Gimn\u00e0stic de Tarragona","publisher":{"@id":"https:\/\/gimnasticdetarragona.cat\/es\/#organization"},"potentialAction":[{"@type":"SearchAction","target":{"@type":"EntryPoint","urlTemplate":"https:\/\/gimnasticdetarragona.cat\/es\/?s={search_term_string}"},"query-input":{"@type":"PropertyValueSpecification","valueRequired":true,"valueName":"search_term_string"}}],"inLanguage":"es"},{"@type":"Organization","@id":"https:\/\/gimnasticdetarragona.cat\/es\/#organization","name":"GIMN\u00c0STIC DE TARRAGONA","alternateName":"N\u00c0STIC","url":"https:\/\/gimnasticdetarragona.cat\/es\/","logo":{"@type":"ImageObject","inLanguage":"es","@id":"https:\/\/gimnasticdetarragona.cat\/es\/#\/schema\/logo\/image\/","url":"https:\/\/gimnasticdetarragona.cat\/wp-content\/uploads\/2022\/06\/cropped-logo-gimnastic.png","contentUrl":"https:\/\/gimnasticdetarragona.cat\/wp-content\/uploads\/2022\/06\/cropped-logo-gimnastic.png","width":224,"height":83,"caption":"GIMN\u00c0STIC DE TARRAGONA"},"image":{"@id":"https:\/\/gimnasticdetarragona.cat\/es\/#\/schema\/logo\/image\/"},"sameAs":["https:\/\/x.com\/NASTICTARRAGONA","https:\/\/www.instagram.com\/nastictarragona\/"]},{"@type":"Person","@id":"https:\/\/gimnasticdetarragona.cat\/es\/#\/schema\/person\/47b6a637abf88f9bd835540f20ea069e","name":"desarrollo","sameAs":["https:\/\/clone.gimnasticdetarragona.cat"]}]}},"_links":{"self":[{"href":"https:\/\/gimnasticdetarragona.cat\/es\/wp-json\/wp\/v2\/posts\/60239","targetHints":{"allow":["GET"]}}],"collection":[{"href":"https:\/\/gimnasticdetarragona.cat\/es\/wp-json\/wp\/v2\/posts"}],"about":[{"href":"https:\/\/gimnasticdetarragona.cat\/es\/wp-json\/wp\/v2\/types\/post"}],"author":[{"embeddable":true,"href":"https:\/\/gimnasticdetarragona.cat\/es\/wp-json\/wp\/v2\/users\/1"}],"replies":[{"embeddable":true,"href":"https:\/\/gimnasticdetarragona.cat\/es\/wp-json\/wp\/v2\/comments?post=60239"}],"version-history":[{"count":0,"href":"https:\/\/gimnasticdetarragona.cat\/es\/wp-json\/wp\/v2\/posts\/60239\/revisions"}],"wp:featuredmedia":[{"embeddable":true,"href":"https:\/\/gimnasticdetarragona.cat\/es\/wp-json\/wp\/v2\/media\/60236"}],"wp:attachment":[{"href":"https:\/\/gimnasticdetarragona.cat\/es\/wp-json\/wp\/v2\/media?parent=60239"}],"wp:term":[{"taxonomy":"category","embeddable":true,"href":"https:\/\/gimnasticdetarragona.cat\/es\/wp-json\/wp\/v2\/categories?post=60239"},{"taxonomy":"post_tag","embeddable":true,"href":"https:\/\/gimnasticdetarragona.cat\/es\/wp-json\/wp\/v2\/tags?post=60239"}],"curies":[{"name":"wp","href":"https:\/\/api.w.org\/{rel}","templated":true}]}}