{"id":60303,"date":"2016-11-03T20:13:09","date_gmt":"2016-11-03T20:13:09","guid":{"rendered":"https:\/\/clone.gimnasticdetarragona.cat\/g-ritmica-set-podis-en-el-trofeu-internacional-de-gimnastica-ritmica-tarragona\/"},"modified":"2016-11-03T20:13:09","modified_gmt":"2016-11-03T20:13:09","slug":"g-ritmica-set-podis-en-el-trofeu-internacional-de-gimnastica-ritmica-tarragona","status":"publish","type":"post","link":"https:\/\/gimnasticdetarragona.cat\/es\/g-ritmica-set-podis-en-el-trofeu-internacional-de-gimnastica-ritmica-tarragona\/","title":{"rendered":"G. R\u00edtmica | Siete podios en el Trofeo Internacional de Gimnasia R\u00edtmica Tarragona 2017"},"content":{"rendered":"<p style=\"text-align: justify;\">La secci\u00f3n grana consigui\u00f3 subir hasta tres veces al primer escal\u00f3n del podio, siendo el club que m\u00e1s conjuntos present\u00f3 en el Trofeo, con muy buenos resultados en todas las categor\u00edas.<\/p>\n<p style=\"text-align: justify;\">El conjunto Senior Absoluto, actual campe\u00f3n de Catalunya de su categor\u00eda con 5 cintas, ha quedado campe\u00f3n del Trofeo Internacional de Gimnasia R\u00edtmica Tarragona 2017 que se celebr\u00f3 en la Tarraco Arena Plaza el pasado s\u00e1bado. Tambi\u00e9n en categor\u00eda absoluta, el conjunto Junior del N\u00e0stic, actual Campe\u00f3n de Catalunya en su categor\u00eda ha hecho podio, consiguiendo una meritoria 3\u00aa posici\u00f3n, s\u00f3lo superados por el Club Escuela Zaragoza, que ha sido 1\u00ba, y el Reus Deportiu, que ha sido 2\u00ba.<\/p>\n<p style=\"text-align: justify;\">En categor\u00eda Base, el conjunto Cadete del N\u00e0stic, tambi\u00e9n actual Campe\u00f3n de Catalu\u00f1a, ha hecho una gran actuaci\u00f3n y ha conseguido el 2\u00ba lugar, s\u00f3lo superado por Morverdre de Sagunto, y por delante de la ECA Alicante, que ha sido tercero. En nivel V\/VI, tanto el conjunto Junior como el Benjam\u00edn han quedado campeones. En nivel IV, el Infantil ha sido 2\u00ba y el Alev\u00edn 3\u00ba.<\/p>\n<p style=\"text-align: justify;\">El Trofeo se ha celebrado como preparaci\u00f3n de los Juegos Mediterr\u00e1neos Tarragona 2017 y ha sido un \u00e9xito organizativo. La Tarraco Arena Plaza ha estado llena de p\u00fablico durante todo el s\u00e1bado y se ha contado con la presencia de clubes de primer nivel de diferentes lugares del estado. Tambi\u00e9n se han visto las exhibiciones del equipo nacional J\u00fanior y de las gimnastas internacionales Polina Berezina y Alicia Fernandez, que pusieron al p\u00fablico de pie. Adem\u00e1s, se hizo un homenaje a las gimnastas espa\u00f1olas que fueron plata en los Juegos Ol\u00edmpicos de R\u00edo, Sandra Aguilar, Artemio Gavezou y Claudia Heredia.<\/p>\n<p style=\"text-align: justify;\">Finalmente, tambi\u00e9n se homenaje\u00f3 a Bito Fuster, una referente de la gimnasia r\u00edtmica en Tarragona, con un grand\u00edsimo palmar\u00e9s y Campeona del Mundo en Atenas 1991.<\/p>\n","protected":false},"excerpt":{"rendered":"<p>La secci\u00f3n grana consigui\u00f3 subir hasta tres veces al primer escal\u00f3n del podio, siendo el club que m\u00e1s conjuntos present\u00f3 en el Trofeo, con muy buenos resultados en todas las categor\u00edas.<\/p>\n","protected":false},"author":1,"featured_media":60300,"comment_status":"open","ping_status":"open","sticky":false,"template":"","format":"standard","meta":{"_acf_changed":false,"footnotes":""},"categories":[127],"tags":[],"class_list":["post-60303","post","type-post","status-publish","format-standard","has-post-thumbnail","hentry","category-secciones"],"acf":[],"yoast_head":"<!-- This site is optimized with the Yoast SEO plugin v27.3 - https:\/\/yoast.com\/product\/yoast-seo-wordpress\/ -->\n<title>G. R\u00edtmica | Siete podios en el Trofeo Internacional de Gimnasia R\u00edtmica Tarragona 2017 - Gimn\u00e0stic de Tarragona SAD<\/title>\n<meta name=\"robots\" content=\"index, follow, max-snippet:-1, max-image-preview:large, max-video-preview:-1\" \/>\n<link rel=\"canonical\" href=\"https:\/\/gimnasticdetarragona.cat\/es\/g-ritmica-set-podis-en-el-trofeu-internacional-de-gimnastica-ritmica-tarragona\/\" \/>\n<meta property=\"og:locale\" content=\"es_ES\" \/>\n<meta property=\"og:type\" content=\"article\" \/>\n<meta property=\"og:title\" content=\"G. R\u00edtmica | Siete podios en el Trofeo Internacional de Gimnasia R\u00edtmica Tarragona 2017 - Gimn\u00e0stic de Tarragona SAD\" \/>\n<meta property=\"og:description\" content=\"La secci\u00f3n grana consigui\u00f3 subir hasta tres veces al primer escal\u00f3n del podio, siendo el club que m\u00e1s conjuntos present\u00f3 en el Trofeo, con muy buenos resultados en todas las categor\u00edas.\" \/>\n<meta property=\"og:url\" content=\"https:\/\/gimnasticdetarragona.cat\/es\/g-ritmica-set-podis-en-el-trofeu-internacional-de-gimnastica-ritmica-tarragona\/\" \/>\n<meta property=\"og:site_name\" content=\"Gimn\u00e0stic de Tarragona SAD\" \/>\n<meta property=\"article:published_time\" content=\"2016-11-03T20:13:09+00:00\" \/>\n<meta property=\"og:image\" content=\"https:\/\/gimnasticdetarragona.cat\/wp-content\/uploads\/2022\/06\/05234322114801.jpg\" \/>\n\t<meta property=\"og:image:width\" content=\"1600\" \/>\n\t<meta property=\"og:image:height\" content=\"900\" \/>\n\t<meta property=\"og:image:type\" content=\"image\/jpeg\" \/>\n<meta name=\"author\" content=\"desarrollo\" \/>\n<meta name=\"twitter:card\" content=\"summary_large_image\" \/>\n<meta name=\"twitter:creator\" content=\"@NASTICTARRAGONA\" \/>\n<meta name=\"twitter:site\" content=\"@NASTICTARRAGONA\" \/>\n<meta name=\"twitter:label1\" content=\"Escrito por\" \/>\n\t<meta name=\"twitter:data1\" content=\"desarrollo\" \/>\n\t<meta name=\"twitter:label2\" content=\"Tiempo de lectura\" \/>\n\t<meta name=\"twitter:data2\" content=\"2 minutos\" \/>\n<script type=\"application\/ld+json\" class=\"yoast-schema-graph\">{\"@context\":\"https:\\\/\\\/schema.org\",\"@graph\":[{\"@type\":\"Article\",\"@id\":\"https:\\\/\\\/gimnasticdetarragona.cat\\\/es\\\/g-ritmica-set-podis-en-el-trofeu-internacional-de-gimnastica-ritmica-tarragona\\\/#article\",\"isPartOf\":{\"@id\":\"https:\\\/\\\/gimnasticdetarragona.cat\\\/es\\\/g-ritmica-set-podis-en-el-trofeu-internacional-de-gimnastica-ritmica-tarragona\\\/\"},\"author\":{\"name\":\"desarrollo\",\"@id\":\"https:\\\/\\\/gimnasticdetarragona.cat\\\/es\\\/#\\\/schema\\\/person\\\/47b6a637abf88f9bd835540f20ea069e\"},\"headline\":\"G. R\u00edtmica | Siete podios en el Trofeo Internacional de Gimnasia R\u00edtmica Tarragona 2017\",\"datePublished\":\"2016-11-03T20:13:09+00:00\",\"mainEntityOfPage\":{\"@id\":\"https:\\\/\\\/gimnasticdetarragona.cat\\\/es\\\/g-ritmica-set-podis-en-el-trofeu-internacional-de-gimnastica-ritmica-tarragona\\\/\"},\"wordCount\":347,\"commentCount\":0,\"publisher\":{\"@id\":\"https:\\\/\\\/gimnasticdetarragona.cat\\\/es\\\/#organization\"},\"image\":{\"@id\":\"https:\\\/\\\/gimnasticdetarragona.cat\\\/es\\\/g-ritmica-set-podis-en-el-trofeu-internacional-de-gimnastica-ritmica-tarragona\\\/#primaryimage\"},\"thumbnailUrl\":\"https:\\\/\\\/gimnasticdetarragona.cat\\\/wp-content\\\/uploads\\\/2022\\\/06\\\/05234322114801.jpg\",\"articleSection\":[\"Secciones\"],\"inLanguage\":\"es\"},{\"@type\":\"WebPage\",\"@id\":\"https:\\\/\\\/gimnasticdetarragona.cat\\\/es\\\/g-ritmica-set-podis-en-el-trofeu-internacional-de-gimnastica-ritmica-tarragona\\\/\",\"url\":\"https:\\\/\\\/gimnasticdetarragona.cat\\\/es\\\/g-ritmica-set-podis-en-el-trofeu-internacional-de-gimnastica-ritmica-tarragona\\\/\",\"name\":\"G. R\u00edtmica | Siete podios en el Trofeo Internacional de Gimnasia R\u00edtmica Tarragona 2017 - Gimn\u00e0stic de Tarragona SAD\",\"isPartOf\":{\"@id\":\"https:\\\/\\\/gimnasticdetarragona.cat\\\/es\\\/#website\"},\"primaryImageOfPage\":{\"@id\":\"https:\\\/\\\/gimnasticdetarragona.cat\\\/es\\\/g-ritmica-set-podis-en-el-trofeu-internacional-de-gimnastica-ritmica-tarragona\\\/#primaryimage\"},\"image\":{\"@id\":\"https:\\\/\\\/gimnasticdetarragona.cat\\\/es\\\/g-ritmica-set-podis-en-el-trofeu-internacional-de-gimnastica-ritmica-tarragona\\\/#primaryimage\"},\"thumbnailUrl\":\"https:\\\/\\\/gimnasticdetarragona.cat\\\/wp-content\\\/uploads\\\/2022\\\/06\\\/05234322114801.jpg\",\"datePublished\":\"2016-11-03T20:13:09+00:00\",\"breadcrumb\":{\"@id\":\"https:\\\/\\\/gimnasticdetarragona.cat\\\/es\\\/g-ritmica-set-podis-en-el-trofeu-internacional-de-gimnastica-ritmica-tarragona\\\/#breadcrumb\"},\"inLanguage\":\"es\",\"potentialAction\":[{\"@type\":\"ReadAction\",\"target\":[\"https:\\\/\\\/gimnasticdetarragona.cat\\\/es\\\/g-ritmica-set-podis-en-el-trofeu-internacional-de-gimnastica-ritmica-tarragona\\\/\"]}]},{\"@type\":\"ImageObject\",\"inLanguage\":\"es\",\"@id\":\"https:\\\/\\\/gimnasticdetarragona.cat\\\/es\\\/g-ritmica-set-podis-en-el-trofeu-internacional-de-gimnastica-ritmica-tarragona\\\/#primaryimage\",\"url\":\"https:\\\/\\\/gimnasticdetarragona.cat\\\/wp-content\\\/uploads\\\/2022\\\/06\\\/05234322114801.jpg\",\"contentUrl\":\"https:\\\/\\\/gimnasticdetarragona.cat\\\/wp-content\\\/uploads\\\/2022\\\/06\\\/05234322114801.jpg\",\"width\":1600,\"height\":900},{\"@type\":\"BreadcrumbList\",\"@id\":\"https:\\\/\\\/gimnasticdetarragona.cat\\\/es\\\/g-ritmica-set-podis-en-el-trofeu-internacional-de-gimnastica-ritmica-tarragona\\\/#breadcrumb\",\"itemListElement\":[{\"@type\":\"ListItem\",\"position\":1,\"name\":\"Inici\",\"item\":\"https:\\\/\\\/gimnasticdetarragona.cat\\\/es\\\/nastic\\\/\"},{\"@type\":\"ListItem\",\"position\":2,\"name\":\"G. R\u00edtmica | Siete podios en el Trofeo Internacional de Gimnasia R\u00edtmica Tarragona 2017\"}]},{\"@type\":\"WebSite\",\"@id\":\"https:\\\/\\\/gimnasticdetarragona.cat\\\/es\\\/#website\",\"url\":\"https:\\\/\\\/gimnasticdetarragona.cat\\\/es\\\/\",\"name\":\"Gimn\u00e0stic de Tarragona SAD\",\"description\":\"Gimn\u00e0stic de Tarragona\",\"publisher\":{\"@id\":\"https:\\\/\\\/gimnasticdetarragona.cat\\\/es\\\/#organization\"},\"potentialAction\":[{\"@type\":\"SearchAction\",\"target\":{\"@type\":\"EntryPoint\",\"urlTemplate\":\"https:\\\/\\\/gimnasticdetarragona.cat\\\/es\\\/?s={search_term_string}\"},\"query-input\":{\"@type\":\"PropertyValueSpecification\",\"valueRequired\":true,\"valueName\":\"search_term_string\"}}],\"inLanguage\":\"es\"},{\"@type\":\"Organization\",\"@id\":\"https:\\\/\\\/gimnasticdetarragona.cat\\\/es\\\/#organization\",\"name\":\"GIMN\u00c0STIC DE TARRAGONA\",\"alternateName\":\"N\u00c0STIC\",\"url\":\"https:\\\/\\\/gimnasticdetarragona.cat\\\/es\\\/\",\"logo\":{\"@type\":\"ImageObject\",\"inLanguage\":\"es\",\"@id\":\"https:\\\/\\\/gimnasticdetarragona.cat\\\/es\\\/#\\\/schema\\\/logo\\\/image\\\/\",\"url\":\"https:\\\/\\\/gimnasticdetarragona.cat\\\/wp-content\\\/uploads\\\/2022\\\/06\\\/cropped-logo-gimnastic.png\",\"contentUrl\":\"https:\\\/\\\/gimnasticdetarragona.cat\\\/wp-content\\\/uploads\\\/2022\\\/06\\\/cropped-logo-gimnastic.png\",\"width\":224,\"height\":83,\"caption\":\"GIMN\u00c0STIC DE TARRAGONA\"},\"image\":{\"@id\":\"https:\\\/\\\/gimnasticdetarragona.cat\\\/es\\\/#\\\/schema\\\/logo\\\/image\\\/\"},\"sameAs\":[\"https:\\\/\\\/x.com\\\/NASTICTARRAGONA\",\"https:\\\/\\\/www.instagram.com\\\/nastictarragona\\\/\"]},{\"@type\":\"Person\",\"@id\":\"https:\\\/\\\/gimnasticdetarragona.cat\\\/es\\\/#\\\/schema\\\/person\\\/47b6a637abf88f9bd835540f20ea069e\",\"name\":\"desarrollo\",\"sameAs\":[\"https:\\\/\\\/clone.gimnasticdetarragona.cat\"]}]}<\/script>\n<!-- \/ Yoast SEO plugin. -->","yoast_head_json":{"title":"G. R\u00edtmica | Siete podios en el Trofeo Internacional de Gimnasia R\u00edtmica Tarragona 2017 - Gimn\u00e0stic de Tarragona SAD","robots":{"index":"index","follow":"follow","max-snippet":"max-snippet:-1","max-image-preview":"max-image-preview:large","max-video-preview":"max-video-preview:-1"},"canonical":"https:\/\/gimnasticdetarragona.cat\/es\/g-ritmica-set-podis-en-el-trofeu-internacional-de-gimnastica-ritmica-tarragona\/","og_locale":"es_ES","og_type":"article","og_title":"G. R\u00edtmica | Siete podios en el Trofeo Internacional de Gimnasia R\u00edtmica Tarragona 2017 - Gimn\u00e0stic de Tarragona SAD","og_description":"La secci\u00f3n grana consigui\u00f3 subir hasta tres veces al primer escal\u00f3n del podio, siendo el club que m\u00e1s conjuntos present\u00f3 en el Trofeo, con muy buenos resultados en todas las categor\u00edas.","og_url":"https:\/\/gimnasticdetarragona.cat\/es\/g-ritmica-set-podis-en-el-trofeu-internacional-de-gimnastica-ritmica-tarragona\/","og_site_name":"Gimn\u00e0stic de Tarragona SAD","article_published_time":"2016-11-03T20:13:09+00:00","og_image":[{"width":1600,"height":900,"url":"https:\/\/gimnasticdetarragona.cat\/wp-content\/uploads\/2022\/06\/05234322114801.jpg","type":"image\/jpeg"}],"author":"desarrollo","twitter_card":"summary_large_image","twitter_creator":"@NASTICTARRAGONA","twitter_site":"@NASTICTARRAGONA","twitter_misc":{"Escrito por":"desarrollo","Tiempo de lectura":"2 minutos"},"schema":{"@context":"https:\/\/schema.org","@graph":[{"@type":"Article","@id":"https:\/\/gimnasticdetarragona.cat\/es\/g-ritmica-set-podis-en-el-trofeu-internacional-de-gimnastica-ritmica-tarragona\/#article","isPartOf":{"@id":"https:\/\/gimnasticdetarragona.cat\/es\/g-ritmica-set-podis-en-el-trofeu-internacional-de-gimnastica-ritmica-tarragona\/"},"author":{"name":"desarrollo","@id":"https:\/\/gimnasticdetarragona.cat\/es\/#\/schema\/person\/47b6a637abf88f9bd835540f20ea069e"},"headline":"G. R\u00edtmica | Siete podios en el Trofeo Internacional de Gimnasia R\u00edtmica Tarragona 2017","datePublished":"2016-11-03T20:13:09+00:00","mainEntityOfPage":{"@id":"https:\/\/gimnasticdetarragona.cat\/es\/g-ritmica-set-podis-en-el-trofeu-internacional-de-gimnastica-ritmica-tarragona\/"},"wordCount":347,"commentCount":0,"publisher":{"@id":"https:\/\/gimnasticdetarragona.cat\/es\/#organization"},"image":{"@id":"https:\/\/gimnasticdetarragona.cat\/es\/g-ritmica-set-podis-en-el-trofeu-internacional-de-gimnastica-ritmica-tarragona\/#primaryimage"},"thumbnailUrl":"https:\/\/gimnasticdetarragona.cat\/wp-content\/uploads\/2022\/06\/05234322114801.jpg","articleSection":["Secciones"],"inLanguage":"es"},{"@type":"WebPage","@id":"https:\/\/gimnasticdetarragona.cat\/es\/g-ritmica-set-podis-en-el-trofeu-internacional-de-gimnastica-ritmica-tarragona\/","url":"https:\/\/gimnasticdetarragona.cat\/es\/g-ritmica-set-podis-en-el-trofeu-internacional-de-gimnastica-ritmica-tarragona\/","name":"G. R\u00edtmica | Siete podios en el Trofeo Internacional de Gimnasia R\u00edtmica Tarragona 2017 - Gimn\u00e0stic de Tarragona SAD","isPartOf":{"@id":"https:\/\/gimnasticdetarragona.cat\/es\/#website"},"primaryImageOfPage":{"@id":"https:\/\/gimnasticdetarragona.cat\/es\/g-ritmica-set-podis-en-el-trofeu-internacional-de-gimnastica-ritmica-tarragona\/#primaryimage"},"image":{"@id":"https:\/\/gimnasticdetarragona.cat\/es\/g-ritmica-set-podis-en-el-trofeu-internacional-de-gimnastica-ritmica-tarragona\/#primaryimage"},"thumbnailUrl":"https:\/\/gimnasticdetarragona.cat\/wp-content\/uploads\/2022\/06\/05234322114801.jpg","datePublished":"2016-11-03T20:13:09+00:00","breadcrumb":{"@id":"https:\/\/gimnasticdetarragona.cat\/es\/g-ritmica-set-podis-en-el-trofeu-internacional-de-gimnastica-ritmica-tarragona\/#breadcrumb"},"inLanguage":"es","potentialAction":[{"@type":"ReadAction","target":["https:\/\/gimnasticdetarragona.cat\/es\/g-ritmica-set-podis-en-el-trofeu-internacional-de-gimnastica-ritmica-tarragona\/"]}]},{"@type":"ImageObject","inLanguage":"es","@id":"https:\/\/gimnasticdetarragona.cat\/es\/g-ritmica-set-podis-en-el-trofeu-internacional-de-gimnastica-ritmica-tarragona\/#primaryimage","url":"https:\/\/gimnasticdetarragona.cat\/wp-content\/uploads\/2022\/06\/05234322114801.jpg","contentUrl":"https:\/\/gimnasticdetarragona.cat\/wp-content\/uploads\/2022\/06\/05234322114801.jpg","width":1600,"height":900},{"@type":"BreadcrumbList","@id":"https:\/\/gimnasticdetarragona.cat\/es\/g-ritmica-set-podis-en-el-trofeu-internacional-de-gimnastica-ritmica-tarragona\/#breadcrumb","itemListElement":[{"@type":"ListItem","position":1,"name":"Inici","item":"https:\/\/gimnasticdetarragona.cat\/es\/nastic\/"},{"@type":"ListItem","position":2,"name":"G. R\u00edtmica | Siete podios en el Trofeo Internacional de Gimnasia R\u00edtmica Tarragona 2017"}]},{"@type":"WebSite","@id":"https:\/\/gimnasticdetarragona.cat\/es\/#website","url":"https:\/\/gimnasticdetarragona.cat\/es\/","name":"Gimn\u00e0stic de Tarragona SAD","description":"Gimn\u00e0stic de Tarragona","publisher":{"@id":"https:\/\/gimnasticdetarragona.cat\/es\/#organization"},"potentialAction":[{"@type":"SearchAction","target":{"@type":"EntryPoint","urlTemplate":"https:\/\/gimnasticdetarragona.cat\/es\/?s={search_term_string}"},"query-input":{"@type":"PropertyValueSpecification","valueRequired":true,"valueName":"search_term_string"}}],"inLanguage":"es"},{"@type":"Organization","@id":"https:\/\/gimnasticdetarragona.cat\/es\/#organization","name":"GIMN\u00c0STIC DE TARRAGONA","alternateName":"N\u00c0STIC","url":"https:\/\/gimnasticdetarragona.cat\/es\/","logo":{"@type":"ImageObject","inLanguage":"es","@id":"https:\/\/gimnasticdetarragona.cat\/es\/#\/schema\/logo\/image\/","url":"https:\/\/gimnasticdetarragona.cat\/wp-content\/uploads\/2022\/06\/cropped-logo-gimnastic.png","contentUrl":"https:\/\/gimnasticdetarragona.cat\/wp-content\/uploads\/2022\/06\/cropped-logo-gimnastic.png","width":224,"height":83,"caption":"GIMN\u00c0STIC DE TARRAGONA"},"image":{"@id":"https:\/\/gimnasticdetarragona.cat\/es\/#\/schema\/logo\/image\/"},"sameAs":["https:\/\/x.com\/NASTICTARRAGONA","https:\/\/www.instagram.com\/nastictarragona\/"]},{"@type":"Person","@id":"https:\/\/gimnasticdetarragona.cat\/es\/#\/schema\/person\/47b6a637abf88f9bd835540f20ea069e","name":"desarrollo","sameAs":["https:\/\/clone.gimnasticdetarragona.cat"]}]}},"_links":{"self":[{"href":"https:\/\/gimnasticdetarragona.cat\/es\/wp-json\/wp\/v2\/posts\/60303","targetHints":{"allow":["GET"]}}],"collection":[{"href":"https:\/\/gimnasticdetarragona.cat\/es\/wp-json\/wp\/v2\/posts"}],"about":[{"href":"https:\/\/gimnasticdetarragona.cat\/es\/wp-json\/wp\/v2\/types\/post"}],"author":[{"embeddable":true,"href":"https:\/\/gimnasticdetarragona.cat\/es\/wp-json\/wp\/v2\/users\/1"}],"replies":[{"embeddable":true,"href":"https:\/\/gimnasticdetarragona.cat\/es\/wp-json\/wp\/v2\/comments?post=60303"}],"version-history":[{"count":0,"href":"https:\/\/gimnasticdetarragona.cat\/es\/wp-json\/wp\/v2\/posts\/60303\/revisions"}],"wp:featuredmedia":[{"embeddable":true,"href":"https:\/\/gimnasticdetarragona.cat\/es\/wp-json\/wp\/v2\/media\/60300"}],"wp:attachment":[{"href":"https:\/\/gimnasticdetarragona.cat\/es\/wp-json\/wp\/v2\/media?parent=60303"}],"wp:term":[{"taxonomy":"category","embeddable":true,"href":"https:\/\/gimnasticdetarragona.cat\/es\/wp-json\/wp\/v2\/categories?post=60303"},{"taxonomy":"post_tag","embeddable":true,"href":"https:\/\/gimnasticdetarragona.cat\/es\/wp-json\/wp\/v2\/tags?post=60303"}],"curies":[{"name":"wp","href":"https:\/\/api.w.org\/{rel}","templated":true}]}}