{"id":60401,"date":"2016-10-23T17:54:50","date_gmt":"2016-10-23T17:54:50","guid":{"rendered":"https:\/\/clone.gimnasticdetarragona.cat\/ud-almeria-3-0-nastic\/"},"modified":"2016-10-23T17:54:50","modified_gmt":"2016-10-23T17:54:50","slug":"ud-almeria-3-0-nastic","status":"publish","type":"post","link":"https:\/\/gimnasticdetarragona.cat\/es\/ud-almeria-3-0-nastic\/","title":{"rendered":"UD Almer\u00eda 3 &#8211; 0 N\u00e0stic"},"content":{"rendered":"<p style=\"text-align: justify;\">El conjunto tarraconense llegaba a tierras andaluzas en busca de la primera victoria para abandonar la 22\u00aa posici\u00f3n de la clasificaci\u00f3n. Enfrenta, el conjunto de Soriano, tambi\u00e9n necesitado de puntos.<\/p>\n<p style=\"text-align: justify;\">La primera ocasi\u00f3n del N\u00e0stic ha llegado a bal\u00f3n parado. En el minuto 3, Tejera ha buscado la cruceta del palo corto pero el bal\u00f3n se ha escapado por sobre el travesa\u00f1o. Dos minutos despu\u00e9s, el peligro estaba pr\u00f3ximo de la porter\u00eda visitante. Corona no encontr\u00f3 la meta\u00a0en un disparo desde fuera del \u00e1rea. Mientras que en el minuto 7, Dimitrievski anticipaba a Quique por atrapa el bal\u00f3n y desvanecer el peligro. Los locales se han visto forzados ha mover el banquillo en el minuto 13 despu\u00e9s de la lesi\u00f3n de Corona. Jos\u00e9 \u00c1ngel ha ocupado su lugar sobre el terreno de juego. En el minuto 22 ha sido Gerard quien buscaba porter\u00eda. El remate a ras de c\u00e9sped lo ha atrapado Casto. Y en el minuto 28, los andaluces se han adelantado en el marcador. Un centro de Pozo, lo ha rozando con la cabeza un compa\u00f1ero, y Antonio Puertas remat\u00f3 a placer. Despu\u00e9s del primer gol, el ritmo del encuentro ha bajado y los blanco-y-rojos se han cerrado bien en defensa, evitando las llegadas visitantes. La \u00faltima ocasi\u00f3n local, en peligro, del primer tiempo fue de Jos\u00e9 \u00c1ngel, rematando por sobre el travesa\u00f1o grana en el minuto 37. Mientras que el N\u00e0stic, mediante Tejera, ha buscado el disparo desde casi el medio campo, pero con la parada de Casto se ha llegado al tiempo de descanso.<\/p>\n<p style=\"text-align: justify;\">En la reanudaci\u00f3n, Vicente Moreno ha introducido un doble cambio sobre el terreno de juego, variando as\u00ed el sistema t\u00e1ctico inicialmente planteado. Zahibo y Iago Bouz\u00f3n han dejado su lugar a Juan Mu\u00f1iz y Stephane Eman\u00e1. Y en el minuto 52, Gerard ha sido expulsado al ver la segunda tarjeta amarilla del partido, dejando a sus compa\u00f1eros con inferioridad num\u00e9rica respecto al adversario. El t\u00e9cnico de Massanassa ha recompuesto r\u00e1pidamente el equipo, dando entrada a Kakabadze al lugar de Uche, en el minuto 54. A partir de este instante, los tarraconenses han dado un paso adelante, a pesar de estar con 10, para poner la igualada. En el 55&#8242;, Tejera lo ha buscado desde fuera del \u00e1rea, pero el bal\u00f3n sali\u00f3 por el lado del palo derecho de la porter\u00eda de Casto. Diez minutos despu\u00e9s, Eman\u00e1 no ha llegado a conectar un centro desde banda izquierda, por poco. En la siguiente acci\u00f3n ofensiva grana, un minuto despu\u00e9s, a bal\u00f3n parado, Mu\u00f1iz ha centrado desde el c\u00f3rner y despu\u00e9s de peinar Eman\u00e1, el bal\u00f3n no encontr\u00f3 rematador en el segundo palo. Cuando m\u00e1s peligro causaba el N\u00e0stic, ha llegado el segundo tanto local. Nuevamente Antonio Puertas ha sido capaz de marcar para el conjunto entrenado por Soriano. El remate desde la l\u00ednea del \u00e1rea grande ha acabado en el fondo de la red de Dimitrievski. El portero macedonio aparec\u00eda en el minuto 75, acertadamente, rechazando el remate colocado de Jos\u00e9 \u00c1ngel. Y en el 79&#8242;, otra vez el joven portero grana ha rechazado el esf\u00e9rico. El bal\u00f3n de Jos\u00e9 \u00c1ngel entraba por la escuadra. El N\u00e0stic, volcado en posiciones ofensivas y con inferioridad num\u00e9rica, dejaba espacios en defensa y los andaluces lo han aprovechado en el tiempo a\u00f1adido para hacer el tercero. El delantero Quique, solo ante Dimitrievski, instauraba el 3-0 final en el marcador y cerraba el partido, haciendo que el conjunto tarraconense haya sumado una nueva derrota en LaLiga 1|2|3.<\/p>\n<p style=\"text-align: justify;\">El pr\u00f3ximo enfrentamiento grana ser\u00e1 ante el RCD Mallorca. El domingo 30, a las 18 h, el N\u00e0stic jugar\u00e1 en el Nou\u00a0Estadi y buscar\u00e1 la victoria contra el conjunto balear en la jornada 12 de LaLiga 1|2|3.<\/p>\n<p style=\"text-align: justify;\"><strong>Alineaciones<\/strong><br \/>\nUD Almer\u00eda: Casto, Ximo Navarro, Quique, Pozo (Juanjo, 63&#8242;), Trujillo, Corona (Jos\u00e9 \u00c1ngel, 13&#8242;), Fidel, Antonio Puertas (Iv\u00e1n S\u00e1nchez, 73&#8242;), Nano, Morcillo y Joaqu\u00edn.<\/p>\n<p style=\"text-align: justify;\">N\u00e0stic: Dimitrievski, Gerard V, Xavi Molina, Lopo, I. Bouz\u00f3n U.Z. (Juan Mu\u00f1iz, 46&#8242;), Mossa, Tejera, Zahibo (S. Eman\u00e1, 46&#8242;), L. Madinda, Delgado y Uche (Kakabadze, 54&#8242;).<\/p>\n<p style=\"text-align: justify;\"><strong>Goles<\/strong><br \/>\n1-0, Antonio Puertas (27&#8242;); 2-0, Antonio Puertas (68&#8242;); 3-0, Quique (90+2&#8242;).<\/p>\n<p style=\"text-align: justify;\"><strong>Tarjetas<\/strong><br \/>\nGerard V. (20&#8242;; 52&#8242;, expulsado por doble cartulina amarilla), Xavi Molina (32&#8242;), Quique (70&#8242;), Trujillo (72&#8242;), Fidel (85&#8242;) y Juan Mu\u00f1iz (85&#8242;).<\/p>\n<p style=\"text-align: justify;\"><strong>\u00c1rbitro<\/strong><br \/>\nSr. Gorka Sagu\u00e9s Oscoz (Colegio vasco)<br \/>\nPartido correspondiente a la jornada 11 de LaLiga 1|2|3. 7223 espectadores. Estadio de los Juegos Mediterr\u00e1neos, Almer\u00eda.<\/p>\n","protected":false},"excerpt":{"rendered":"<p>El conjunto tarraconense llegaba a tierras andaluzas en busca de la primera victoria para abandonar la 22\u00aa posici\u00f3n de la clasificaci\u00f3n. Enfrenta, el conjunto de Soriano, tambi\u00e9n necesitado de puntos. La primera ocasi\u00f3n del N\u00e0stic ha llegado a bal\u00f3n parado. En el minuto 3, Tejera ha buscado la cruceta del palo corto pero el bal\u00f3n [&hellip;]<\/p>\n","protected":false},"author":1,"featured_media":60398,"comment_status":"open","ping_status":"open","sticky":false,"template":"","format":"standard","meta":{"_acf_changed":false,"footnotes":""},"categories":[113,126],"tags":[],"class_list":["post-60401","post","type-post","status-publish","format-standard","has-post-thumbnail","hentry","category-actualidad","category-primer-equipo"],"acf":[],"yoast_head":"<!-- This site is optimized with the Yoast SEO plugin v27.3 - https:\/\/yoast.com\/product\/yoast-seo-wordpress\/ -->\n<title>UD Almer\u00eda 3 - 0 N\u00e0stic - Gimn\u00e0stic de Tarragona SAD<\/title>\n<meta name=\"robots\" content=\"index, follow, max-snippet:-1, max-image-preview:large, max-video-preview:-1\" \/>\n<link rel=\"canonical\" href=\"https:\/\/gimnasticdetarragona.cat\/es\/ud-almeria-3-0-nastic\/\" \/>\n<meta property=\"og:locale\" content=\"es_ES\" \/>\n<meta property=\"og:type\" content=\"article\" \/>\n<meta property=\"og:title\" content=\"UD Almer\u00eda 3 - 0 N\u00e0stic - Gimn\u00e0stic de Tarragona SAD\" \/>\n<meta property=\"og:description\" content=\"El conjunto tarraconense llegaba a tierras andaluzas en busca de la primera victoria para abandonar la 22\u00aa posici\u00f3n de la clasificaci\u00f3n. Enfrenta, el conjunto de Soriano, tambi\u00e9n necesitado de puntos. La primera ocasi\u00f3n del N\u00e0stic ha llegado a bal\u00f3n parado. En el minuto 3, Tejera ha buscado la cruceta del palo corto pero el bal\u00f3n [&hellip;]\" \/>\n<meta property=\"og:url\" content=\"https:\/\/gimnasticdetarragona.cat\/es\/ud-almeria-3-0-nastic\/\" \/>\n<meta property=\"og:site_name\" content=\"Gimn\u00e0stic de Tarragona SAD\" \/>\n<meta property=\"article:published_time\" content=\"2016-10-23T17:54:50+00:00\" \/>\n<meta property=\"og:image\" content=\"https:\/\/gimnasticdetarragona.cat\/wp-content\/uploads\/2022\/06\/05234306114375.jpg\" \/>\n\t<meta property=\"og:image:width\" content=\"1412\" \/>\n\t<meta property=\"og:image:height\" content=\"706\" \/>\n\t<meta property=\"og:image:type\" content=\"image\/jpeg\" \/>\n<meta name=\"author\" content=\"desarrollo\" \/>\n<meta name=\"twitter:card\" content=\"summary_large_image\" \/>\n<meta name=\"twitter:creator\" content=\"@NASTICTARRAGONA\" \/>\n<meta name=\"twitter:site\" content=\"@NASTICTARRAGONA\" \/>\n<meta name=\"twitter:label1\" content=\"Escrito por\" \/>\n\t<meta name=\"twitter:data1\" content=\"desarrollo\" \/>\n\t<meta name=\"twitter:label2\" content=\"Tiempo de lectura\" \/>\n\t<meta name=\"twitter:data2\" content=\"4 minutos\" \/>\n<script type=\"application\/ld+json\" class=\"yoast-schema-graph\">{\"@context\":\"https:\\\/\\\/schema.org\",\"@graph\":[{\"@type\":\"Article\",\"@id\":\"https:\\\/\\\/gimnasticdetarragona.cat\\\/es\\\/ud-almeria-3-0-nastic\\\/#article\",\"isPartOf\":{\"@id\":\"https:\\\/\\\/gimnasticdetarragona.cat\\\/es\\\/ud-almeria-3-0-nastic\\\/\"},\"author\":{\"name\":\"desarrollo\",\"@id\":\"https:\\\/\\\/gimnasticdetarragona.cat\\\/es\\\/#\\\/schema\\\/person\\\/47b6a637abf88f9bd835540f20ea069e\"},\"headline\":\"UD Almer\u00eda 3 &#8211; 0 N\u00e0stic\",\"datePublished\":\"2016-10-23T17:54:50+00:00\",\"mainEntityOfPage\":{\"@id\":\"https:\\\/\\\/gimnasticdetarragona.cat\\\/es\\\/ud-almeria-3-0-nastic\\\/\"},\"wordCount\":759,\"commentCount\":0,\"publisher\":{\"@id\":\"https:\\\/\\\/gimnasticdetarragona.cat\\\/es\\\/#organization\"},\"image\":{\"@id\":\"https:\\\/\\\/gimnasticdetarragona.cat\\\/es\\\/ud-almeria-3-0-nastic\\\/#primaryimage\"},\"thumbnailUrl\":\"https:\\\/\\\/gimnasticdetarragona.cat\\\/wp-content\\\/uploads\\\/2022\\\/06\\\/05234306114375.jpg\",\"articleSection\":[\"Actualidad\",\"Primer Equipo\"],\"inLanguage\":\"es\"},{\"@type\":\"WebPage\",\"@id\":\"https:\\\/\\\/gimnasticdetarragona.cat\\\/es\\\/ud-almeria-3-0-nastic\\\/\",\"url\":\"https:\\\/\\\/gimnasticdetarragona.cat\\\/es\\\/ud-almeria-3-0-nastic\\\/\",\"name\":\"UD Almer\u00eda 3 - 0 N\u00e0stic - Gimn\u00e0stic de Tarragona SAD\",\"isPartOf\":{\"@id\":\"https:\\\/\\\/gimnasticdetarragona.cat\\\/es\\\/#website\"},\"primaryImageOfPage\":{\"@id\":\"https:\\\/\\\/gimnasticdetarragona.cat\\\/es\\\/ud-almeria-3-0-nastic\\\/#primaryimage\"},\"image\":{\"@id\":\"https:\\\/\\\/gimnasticdetarragona.cat\\\/es\\\/ud-almeria-3-0-nastic\\\/#primaryimage\"},\"thumbnailUrl\":\"https:\\\/\\\/gimnasticdetarragona.cat\\\/wp-content\\\/uploads\\\/2022\\\/06\\\/05234306114375.jpg\",\"datePublished\":\"2016-10-23T17:54:50+00:00\",\"breadcrumb\":{\"@id\":\"https:\\\/\\\/gimnasticdetarragona.cat\\\/es\\\/ud-almeria-3-0-nastic\\\/#breadcrumb\"},\"inLanguage\":\"es\",\"potentialAction\":[{\"@type\":\"ReadAction\",\"target\":[\"https:\\\/\\\/gimnasticdetarragona.cat\\\/es\\\/ud-almeria-3-0-nastic\\\/\"]}]},{\"@type\":\"ImageObject\",\"inLanguage\":\"es\",\"@id\":\"https:\\\/\\\/gimnasticdetarragona.cat\\\/es\\\/ud-almeria-3-0-nastic\\\/#primaryimage\",\"url\":\"https:\\\/\\\/gimnasticdetarragona.cat\\\/wp-content\\\/uploads\\\/2022\\\/06\\\/05234306114375.jpg\",\"contentUrl\":\"https:\\\/\\\/gimnasticdetarragona.cat\\\/wp-content\\\/uploads\\\/2022\\\/06\\\/05234306114375.jpg\",\"width\":1412,\"height\":706},{\"@type\":\"BreadcrumbList\",\"@id\":\"https:\\\/\\\/gimnasticdetarragona.cat\\\/es\\\/ud-almeria-3-0-nastic\\\/#breadcrumb\",\"itemListElement\":[{\"@type\":\"ListItem\",\"position\":1,\"name\":\"Inici\",\"item\":\"https:\\\/\\\/gimnasticdetarragona.cat\\\/es\\\/nastic\\\/\"},{\"@type\":\"ListItem\",\"position\":2,\"name\":\"UD Almer\u00eda 3 &#8211; 0 N\u00e0stic\"}]},{\"@type\":\"WebSite\",\"@id\":\"https:\\\/\\\/gimnasticdetarragona.cat\\\/es\\\/#website\",\"url\":\"https:\\\/\\\/gimnasticdetarragona.cat\\\/es\\\/\",\"name\":\"Gimn\u00e0stic de Tarragona SAD\",\"description\":\"Gimn\u00e0stic de Tarragona\",\"publisher\":{\"@id\":\"https:\\\/\\\/gimnasticdetarragona.cat\\\/es\\\/#organization\"},\"potentialAction\":[{\"@type\":\"SearchAction\",\"target\":{\"@type\":\"EntryPoint\",\"urlTemplate\":\"https:\\\/\\\/gimnasticdetarragona.cat\\\/es\\\/?s={search_term_string}\"},\"query-input\":{\"@type\":\"PropertyValueSpecification\",\"valueRequired\":true,\"valueName\":\"search_term_string\"}}],\"inLanguage\":\"es\"},{\"@type\":\"Organization\",\"@id\":\"https:\\\/\\\/gimnasticdetarragona.cat\\\/es\\\/#organization\",\"name\":\"GIMN\u00c0STIC DE TARRAGONA\",\"alternateName\":\"N\u00c0STIC\",\"url\":\"https:\\\/\\\/gimnasticdetarragona.cat\\\/es\\\/\",\"logo\":{\"@type\":\"ImageObject\",\"inLanguage\":\"es\",\"@id\":\"https:\\\/\\\/gimnasticdetarragona.cat\\\/es\\\/#\\\/schema\\\/logo\\\/image\\\/\",\"url\":\"https:\\\/\\\/gimnasticdetarragona.cat\\\/wp-content\\\/uploads\\\/2022\\\/06\\\/cropped-logo-gimnastic.png\",\"contentUrl\":\"https:\\\/\\\/gimnasticdetarragona.cat\\\/wp-content\\\/uploads\\\/2022\\\/06\\\/cropped-logo-gimnastic.png\",\"width\":224,\"height\":83,\"caption\":\"GIMN\u00c0STIC DE TARRAGONA\"},\"image\":{\"@id\":\"https:\\\/\\\/gimnasticdetarragona.cat\\\/es\\\/#\\\/schema\\\/logo\\\/image\\\/\"},\"sameAs\":[\"https:\\\/\\\/x.com\\\/NASTICTARRAGONA\",\"https:\\\/\\\/www.instagram.com\\\/nastictarragona\\\/\"]},{\"@type\":\"Person\",\"@id\":\"https:\\\/\\\/gimnasticdetarragona.cat\\\/es\\\/#\\\/schema\\\/person\\\/47b6a637abf88f9bd835540f20ea069e\",\"name\":\"desarrollo\",\"sameAs\":[\"https:\\\/\\\/clone.gimnasticdetarragona.cat\"]}]}<\/script>\n<!-- \/ Yoast SEO plugin. -->","yoast_head_json":{"title":"UD Almer\u00eda 3 - 0 N\u00e0stic - Gimn\u00e0stic de Tarragona SAD","robots":{"index":"index","follow":"follow","max-snippet":"max-snippet:-1","max-image-preview":"max-image-preview:large","max-video-preview":"max-video-preview:-1"},"canonical":"https:\/\/gimnasticdetarragona.cat\/es\/ud-almeria-3-0-nastic\/","og_locale":"es_ES","og_type":"article","og_title":"UD Almer\u00eda 3 - 0 N\u00e0stic - Gimn\u00e0stic de Tarragona SAD","og_description":"El conjunto tarraconense llegaba a tierras andaluzas en busca de la primera victoria para abandonar la 22\u00aa posici\u00f3n de la clasificaci\u00f3n. Enfrenta, el conjunto de Soriano, tambi\u00e9n necesitado de puntos. La primera ocasi\u00f3n del N\u00e0stic ha llegado a bal\u00f3n parado. En el minuto 3, Tejera ha buscado la cruceta del palo corto pero el bal\u00f3n [&hellip;]","og_url":"https:\/\/gimnasticdetarragona.cat\/es\/ud-almeria-3-0-nastic\/","og_site_name":"Gimn\u00e0stic de Tarragona SAD","article_published_time":"2016-10-23T17:54:50+00:00","og_image":[{"width":1412,"height":706,"url":"https:\/\/gimnasticdetarragona.cat\/wp-content\/uploads\/2022\/06\/05234306114375.jpg","type":"image\/jpeg"}],"author":"desarrollo","twitter_card":"summary_large_image","twitter_creator":"@NASTICTARRAGONA","twitter_site":"@NASTICTARRAGONA","twitter_misc":{"Escrito por":"desarrollo","Tiempo de lectura":"4 minutos"},"schema":{"@context":"https:\/\/schema.org","@graph":[{"@type":"Article","@id":"https:\/\/gimnasticdetarragona.cat\/es\/ud-almeria-3-0-nastic\/#article","isPartOf":{"@id":"https:\/\/gimnasticdetarragona.cat\/es\/ud-almeria-3-0-nastic\/"},"author":{"name":"desarrollo","@id":"https:\/\/gimnasticdetarragona.cat\/es\/#\/schema\/person\/47b6a637abf88f9bd835540f20ea069e"},"headline":"UD Almer\u00eda 3 &#8211; 0 N\u00e0stic","datePublished":"2016-10-23T17:54:50+00:00","mainEntityOfPage":{"@id":"https:\/\/gimnasticdetarragona.cat\/es\/ud-almeria-3-0-nastic\/"},"wordCount":759,"commentCount":0,"publisher":{"@id":"https:\/\/gimnasticdetarragona.cat\/es\/#organization"},"image":{"@id":"https:\/\/gimnasticdetarragona.cat\/es\/ud-almeria-3-0-nastic\/#primaryimage"},"thumbnailUrl":"https:\/\/gimnasticdetarragona.cat\/wp-content\/uploads\/2022\/06\/05234306114375.jpg","articleSection":["Actualidad","Primer Equipo"],"inLanguage":"es"},{"@type":"WebPage","@id":"https:\/\/gimnasticdetarragona.cat\/es\/ud-almeria-3-0-nastic\/","url":"https:\/\/gimnasticdetarragona.cat\/es\/ud-almeria-3-0-nastic\/","name":"UD Almer\u00eda 3 - 0 N\u00e0stic - Gimn\u00e0stic de Tarragona SAD","isPartOf":{"@id":"https:\/\/gimnasticdetarragona.cat\/es\/#website"},"primaryImageOfPage":{"@id":"https:\/\/gimnasticdetarragona.cat\/es\/ud-almeria-3-0-nastic\/#primaryimage"},"image":{"@id":"https:\/\/gimnasticdetarragona.cat\/es\/ud-almeria-3-0-nastic\/#primaryimage"},"thumbnailUrl":"https:\/\/gimnasticdetarragona.cat\/wp-content\/uploads\/2022\/06\/05234306114375.jpg","datePublished":"2016-10-23T17:54:50+00:00","breadcrumb":{"@id":"https:\/\/gimnasticdetarragona.cat\/es\/ud-almeria-3-0-nastic\/#breadcrumb"},"inLanguage":"es","potentialAction":[{"@type":"ReadAction","target":["https:\/\/gimnasticdetarragona.cat\/es\/ud-almeria-3-0-nastic\/"]}]},{"@type":"ImageObject","inLanguage":"es","@id":"https:\/\/gimnasticdetarragona.cat\/es\/ud-almeria-3-0-nastic\/#primaryimage","url":"https:\/\/gimnasticdetarragona.cat\/wp-content\/uploads\/2022\/06\/05234306114375.jpg","contentUrl":"https:\/\/gimnasticdetarragona.cat\/wp-content\/uploads\/2022\/06\/05234306114375.jpg","width":1412,"height":706},{"@type":"BreadcrumbList","@id":"https:\/\/gimnasticdetarragona.cat\/es\/ud-almeria-3-0-nastic\/#breadcrumb","itemListElement":[{"@type":"ListItem","position":1,"name":"Inici","item":"https:\/\/gimnasticdetarragona.cat\/es\/nastic\/"},{"@type":"ListItem","position":2,"name":"UD Almer\u00eda 3 &#8211; 0 N\u00e0stic"}]},{"@type":"WebSite","@id":"https:\/\/gimnasticdetarragona.cat\/es\/#website","url":"https:\/\/gimnasticdetarragona.cat\/es\/","name":"Gimn\u00e0stic de Tarragona SAD","description":"Gimn\u00e0stic de Tarragona","publisher":{"@id":"https:\/\/gimnasticdetarragona.cat\/es\/#organization"},"potentialAction":[{"@type":"SearchAction","target":{"@type":"EntryPoint","urlTemplate":"https:\/\/gimnasticdetarragona.cat\/es\/?s={search_term_string}"},"query-input":{"@type":"PropertyValueSpecification","valueRequired":true,"valueName":"search_term_string"}}],"inLanguage":"es"},{"@type":"Organization","@id":"https:\/\/gimnasticdetarragona.cat\/es\/#organization","name":"GIMN\u00c0STIC DE TARRAGONA","alternateName":"N\u00c0STIC","url":"https:\/\/gimnasticdetarragona.cat\/es\/","logo":{"@type":"ImageObject","inLanguage":"es","@id":"https:\/\/gimnasticdetarragona.cat\/es\/#\/schema\/logo\/image\/","url":"https:\/\/gimnasticdetarragona.cat\/wp-content\/uploads\/2022\/06\/cropped-logo-gimnastic.png","contentUrl":"https:\/\/gimnasticdetarragona.cat\/wp-content\/uploads\/2022\/06\/cropped-logo-gimnastic.png","width":224,"height":83,"caption":"GIMN\u00c0STIC DE TARRAGONA"},"image":{"@id":"https:\/\/gimnasticdetarragona.cat\/es\/#\/schema\/logo\/image\/"},"sameAs":["https:\/\/x.com\/NASTICTARRAGONA","https:\/\/www.instagram.com\/nastictarragona\/"]},{"@type":"Person","@id":"https:\/\/gimnasticdetarragona.cat\/es\/#\/schema\/person\/47b6a637abf88f9bd835540f20ea069e","name":"desarrollo","sameAs":["https:\/\/clone.gimnasticdetarragona.cat"]}]}},"_links":{"self":[{"href":"https:\/\/gimnasticdetarragona.cat\/es\/wp-json\/wp\/v2\/posts\/60401","targetHints":{"allow":["GET"]}}],"collection":[{"href":"https:\/\/gimnasticdetarragona.cat\/es\/wp-json\/wp\/v2\/posts"}],"about":[{"href":"https:\/\/gimnasticdetarragona.cat\/es\/wp-json\/wp\/v2\/types\/post"}],"author":[{"embeddable":true,"href":"https:\/\/gimnasticdetarragona.cat\/es\/wp-json\/wp\/v2\/users\/1"}],"replies":[{"embeddable":true,"href":"https:\/\/gimnasticdetarragona.cat\/es\/wp-json\/wp\/v2\/comments?post=60401"}],"version-history":[{"count":0,"href":"https:\/\/gimnasticdetarragona.cat\/es\/wp-json\/wp\/v2\/posts\/60401\/revisions"}],"wp:featuredmedia":[{"embeddable":true,"href":"https:\/\/gimnasticdetarragona.cat\/es\/wp-json\/wp\/v2\/media\/60398"}],"wp:attachment":[{"href":"https:\/\/gimnasticdetarragona.cat\/es\/wp-json\/wp\/v2\/media?parent=60401"}],"wp:term":[{"taxonomy":"category","embeddable":true,"href":"https:\/\/gimnasticdetarragona.cat\/es\/wp-json\/wp\/v2\/categories?post=60401"},{"taxonomy":"post_tag","embeddable":true,"href":"https:\/\/gimnasticdetarragona.cat\/es\/wp-json\/wp\/v2\/tags?post=60401"}],"curies":[{"name":"wp","href":"https:\/\/api.w.org\/{rel}","templated":true}]}}