{"id":60405,"date":"2016-10-21T16:25:38","date_gmt":"2016-10-21T16:25:38","guid":{"rendered":"https:\/\/clone.gimnasticdetarragona.cat\/partits-destacats-del-camp-de-setmana-del-plantergrana\/"},"modified":"2016-10-21T16:25:38","modified_gmt":"2016-10-21T16:25:38","slug":"partits-destacats-del-camp-de-setmana-del-plantergrana","status":"publish","type":"post","link":"https:\/\/gimnasticdetarragona.cat\/es\/partits-destacats-del-camp-de-setmana-del-plantergrana\/","title":{"rendered":"Partidos destacados del campo de semana del #PlanterGrana"},"content":{"rendered":"<p style=\"text-align: justify;\">\u00a0Partidos destacados del campo de semana del #PlanterGrana<\/p>\n<p><strong>Juvenil A y Juvenil B<\/strong><\/p>\n<p>Los juveniles A y B se enfrentan contra la Damm este fin de semana. El Juvenil B de Daniel Vidal se desplazar\u00e1 a Huerta el s\u00e1bado a las 12 horas; mientras que el Juvenil A de Manel Cazorla lo har\u00e1 el domingo, tambi\u00e9n a las 12 horas. La Damm es uno de los hist\u00f3ricos del f\u00fatbol catal\u00e1n y presenta buenos conjuntos en ambas categor\u00edas por lo que ser\u00e1 un rival muy complicado de batir.<\/p>\n<p><strong>cadete A<\/strong><\/p>\n<p>Derbi por Cadete A de Divisi\u00f3n de Honor. Los de Bruno Uria enfrentan a la Rapitenca en un partido que, a buen seguro, estar\u00e1 marcado por la competitividad que siempre existe en los partidos que se disputan en la R\u00e0pita. El t\u00e9cnico del cadete, Bruno Uria, espera un rival muy valiente. \u00abEllos necesitan puntuar por que saldr\u00e1n a morder desde el primer minuto. Necesitaremos paciencia para aguantar sus embestidas y evitar cometer errores cuando nos presionen. Estoy convencido de que si hacemos un buen partido podemos volver de tierras ebrencas con los 3 puntos que nos ir\u00edan muy bien para recuperar confianza despu\u00e9s de los \u00faltimos resultados \u00ab. El partido se disputar\u00e1 el s\u00e1bado a las 16 horas.<\/p>\n<p><strong>Infantil C<\/strong><\/p>\n<p>Los grana son l\u00edderes de 1\u00aa divisi\u00f3n y buscar\u00e1n mantener la din\u00e1mica contra el Valls en casa. En caso de victoria ser\u00eda la cuarta consecutiva para los tarraconenses. El partido se disputar\u00e1 en las instalaciones del N\u00e0stic el s\u00e1bado en partido de las 15:30 horas.<\/p>\n<p><strong>Alev\u00edn D<\/strong><\/p>\n<p>Los alevines visitan el campo de La Salle Reus donde buscar\u00e1n una nueva victoria que les permita mantener la imbatibilidad tras un gran inicio de temporada. El partido tendr\u00e1 lugar el s\u00e1bado a las 11 horas en el Colegio La Salle Reus.<\/p>\n<p><strong>Prebenjam\u00edn B<\/strong><\/p>\n<p>Los prebenjamines de Oriol Cabanes visitan Vilaseca en un partido complicado. Ambos equipos se encuentran en la zona alta de la clasificaci\u00f3n por lo que se espera un encuentro muy ajustado. Los grana jugar\u00e1n el s\u00e1bado, a las 10:30 horas, en el Municipal de Vilaseca.<\/p>\n","protected":false},"excerpt":{"rendered":"<p>\u00a0Partidos destacados del campo de semana del #PlanterGrana Juvenil A y Juvenil B Los juveniles A y B se enfrentan contra la Damm este fin de semana. El Juvenil B de Daniel Vidal se desplazar\u00e1 a Huerta el s\u00e1bado a las 12 horas; mientras que el Juvenil A de Manel Cazorla lo har\u00e1 el domingo, [&hellip;]<\/p>\n","protected":false},"author":1,"featured_media":60402,"comment_status":"open","ping_status":"open","sticky":false,"template":"","format":"standard","meta":{"_acf_changed":false,"footnotes":""},"categories":[113,117],"tags":[],"class_list":["post-60405","post","type-post","status-publish","format-standard","has-post-thumbnail","hentry","category-actualidad","category-futbol-base"],"acf":[],"yoast_head":"<!-- This site is optimized with the Yoast SEO plugin v27.3 - https:\/\/yoast.com\/product\/yoast-seo-wordpress\/ -->\n<title>Partidos destacados del campo de semana del #PlanterGrana - Gimn\u00e0stic de Tarragona SAD<\/title>\n<meta name=\"robots\" content=\"index, follow, max-snippet:-1, max-image-preview:large, max-video-preview:-1\" \/>\n<link rel=\"canonical\" href=\"https:\/\/gimnasticdetarragona.cat\/es\/partits-destacats-del-camp-de-setmana-del-plantergrana\/\" \/>\n<meta property=\"og:locale\" content=\"es_ES\" \/>\n<meta property=\"og:type\" content=\"article\" \/>\n<meta property=\"og:title\" content=\"Partidos destacados del campo de semana del #PlanterGrana - Gimn\u00e0stic de Tarragona SAD\" \/>\n<meta property=\"og:description\" content=\"\u00a0Partidos destacados del campo de semana del #PlanterGrana Juvenil A y Juvenil B Los juveniles A y B se enfrentan contra la Damm este fin de semana. El Juvenil B de Daniel Vidal se desplazar\u00e1 a Huerta el s\u00e1bado a las 12 horas; mientras que el Juvenil A de Manel Cazorla lo har\u00e1 el domingo, [&hellip;]\" \/>\n<meta property=\"og:url\" content=\"https:\/\/gimnasticdetarragona.cat\/es\/partits-destacats-del-camp-de-setmana-del-plantergrana\/\" \/>\n<meta property=\"og:site_name\" content=\"Gimn\u00e0stic de Tarragona SAD\" \/>\n<meta property=\"article:published_time\" content=\"2016-10-21T16:25:38+00:00\" \/>\n<meta property=\"og:image\" content=\"https:\/\/gimnasticdetarragona.cat\/wp-content\/uploads\/2022\/06\/05234305114363.jpg\" \/>\n\t<meta property=\"og:image:width\" content=\"600\" \/>\n\t<meta property=\"og:image:height\" content=\"400\" \/>\n\t<meta property=\"og:image:type\" content=\"image\/jpeg\" \/>\n<meta name=\"author\" content=\"desarrollo\" \/>\n<meta name=\"twitter:card\" content=\"summary_large_image\" \/>\n<meta name=\"twitter:creator\" content=\"@NASTICTARRAGONA\" \/>\n<meta name=\"twitter:site\" content=\"@NASTICTARRAGONA\" \/>\n<meta name=\"twitter:label1\" content=\"Escrito por\" \/>\n\t<meta name=\"twitter:data1\" content=\"desarrollo\" \/>\n\t<meta name=\"twitter:label2\" content=\"Tiempo de lectura\" \/>\n\t<meta name=\"twitter:data2\" content=\"2 minutos\" \/>\n<script type=\"application\/ld+json\" class=\"yoast-schema-graph\">{\"@context\":\"https:\\\/\\\/schema.org\",\"@graph\":[{\"@type\":\"Article\",\"@id\":\"https:\\\/\\\/gimnasticdetarragona.cat\\\/es\\\/partits-destacats-del-camp-de-setmana-del-plantergrana\\\/#article\",\"isPartOf\":{\"@id\":\"https:\\\/\\\/gimnasticdetarragona.cat\\\/es\\\/partits-destacats-del-camp-de-setmana-del-plantergrana\\\/\"},\"author\":{\"name\":\"desarrollo\",\"@id\":\"https:\\\/\\\/gimnasticdetarragona.cat\\\/es\\\/#\\\/schema\\\/person\\\/47b6a637abf88f9bd835540f20ea069e\"},\"headline\":\"Partidos destacados del campo de semana del #PlanterGrana\",\"datePublished\":\"2016-10-21T16:25:38+00:00\",\"mainEntityOfPage\":{\"@id\":\"https:\\\/\\\/gimnasticdetarragona.cat\\\/es\\\/partits-destacats-del-camp-de-setmana-del-plantergrana\\\/\"},\"wordCount\":371,\"commentCount\":0,\"publisher\":{\"@id\":\"https:\\\/\\\/gimnasticdetarragona.cat\\\/es\\\/#organization\"},\"image\":{\"@id\":\"https:\\\/\\\/gimnasticdetarragona.cat\\\/es\\\/partits-destacats-del-camp-de-setmana-del-plantergrana\\\/#primaryimage\"},\"thumbnailUrl\":\"https:\\\/\\\/gimnasticdetarragona.cat\\\/wp-content\\\/uploads\\\/2022\\\/06\\\/05234305114363.jpg\",\"articleSection\":[\"Actualidad\",\"F\u00fatbol Base\"],\"inLanguage\":\"es\"},{\"@type\":\"WebPage\",\"@id\":\"https:\\\/\\\/gimnasticdetarragona.cat\\\/es\\\/partits-destacats-del-camp-de-setmana-del-plantergrana\\\/\",\"url\":\"https:\\\/\\\/gimnasticdetarragona.cat\\\/es\\\/partits-destacats-del-camp-de-setmana-del-plantergrana\\\/\",\"name\":\"Partidos destacados del campo de semana del #PlanterGrana - Gimn\u00e0stic de Tarragona SAD\",\"isPartOf\":{\"@id\":\"https:\\\/\\\/gimnasticdetarragona.cat\\\/es\\\/#website\"},\"primaryImageOfPage\":{\"@id\":\"https:\\\/\\\/gimnasticdetarragona.cat\\\/es\\\/partits-destacats-del-camp-de-setmana-del-plantergrana\\\/#primaryimage\"},\"image\":{\"@id\":\"https:\\\/\\\/gimnasticdetarragona.cat\\\/es\\\/partits-destacats-del-camp-de-setmana-del-plantergrana\\\/#primaryimage\"},\"thumbnailUrl\":\"https:\\\/\\\/gimnasticdetarragona.cat\\\/wp-content\\\/uploads\\\/2022\\\/06\\\/05234305114363.jpg\",\"datePublished\":\"2016-10-21T16:25:38+00:00\",\"breadcrumb\":{\"@id\":\"https:\\\/\\\/gimnasticdetarragona.cat\\\/es\\\/partits-destacats-del-camp-de-setmana-del-plantergrana\\\/#breadcrumb\"},\"inLanguage\":\"es\",\"potentialAction\":[{\"@type\":\"ReadAction\",\"target\":[\"https:\\\/\\\/gimnasticdetarragona.cat\\\/es\\\/partits-destacats-del-camp-de-setmana-del-plantergrana\\\/\"]}]},{\"@type\":\"ImageObject\",\"inLanguage\":\"es\",\"@id\":\"https:\\\/\\\/gimnasticdetarragona.cat\\\/es\\\/partits-destacats-del-camp-de-setmana-del-plantergrana\\\/#primaryimage\",\"url\":\"https:\\\/\\\/gimnasticdetarragona.cat\\\/wp-content\\\/uploads\\\/2022\\\/06\\\/05234305114363.jpg\",\"contentUrl\":\"https:\\\/\\\/gimnasticdetarragona.cat\\\/wp-content\\\/uploads\\\/2022\\\/06\\\/05234305114363.jpg\",\"width\":600,\"height\":400,\"caption\":\"????????????????????????????????????\"},{\"@type\":\"BreadcrumbList\",\"@id\":\"https:\\\/\\\/gimnasticdetarragona.cat\\\/es\\\/partits-destacats-del-camp-de-setmana-del-plantergrana\\\/#breadcrumb\",\"itemListElement\":[{\"@type\":\"ListItem\",\"position\":1,\"name\":\"Inici\",\"item\":\"https:\\\/\\\/gimnasticdetarragona.cat\\\/es\\\/nastic\\\/\"},{\"@type\":\"ListItem\",\"position\":2,\"name\":\"Partidos destacados del campo de semana del #PlanterGrana\"}]},{\"@type\":\"WebSite\",\"@id\":\"https:\\\/\\\/gimnasticdetarragona.cat\\\/es\\\/#website\",\"url\":\"https:\\\/\\\/gimnasticdetarragona.cat\\\/es\\\/\",\"name\":\"Gimn\u00e0stic de Tarragona SAD\",\"description\":\"Gimn\u00e0stic de Tarragona\",\"publisher\":{\"@id\":\"https:\\\/\\\/gimnasticdetarragona.cat\\\/es\\\/#organization\"},\"potentialAction\":[{\"@type\":\"SearchAction\",\"target\":{\"@type\":\"EntryPoint\",\"urlTemplate\":\"https:\\\/\\\/gimnasticdetarragona.cat\\\/es\\\/?s={search_term_string}\"},\"query-input\":{\"@type\":\"PropertyValueSpecification\",\"valueRequired\":true,\"valueName\":\"search_term_string\"}}],\"inLanguage\":\"es\"},{\"@type\":\"Organization\",\"@id\":\"https:\\\/\\\/gimnasticdetarragona.cat\\\/es\\\/#organization\",\"name\":\"GIMN\u00c0STIC DE TARRAGONA\",\"alternateName\":\"N\u00c0STIC\",\"url\":\"https:\\\/\\\/gimnasticdetarragona.cat\\\/es\\\/\",\"logo\":{\"@type\":\"ImageObject\",\"inLanguage\":\"es\",\"@id\":\"https:\\\/\\\/gimnasticdetarragona.cat\\\/es\\\/#\\\/schema\\\/logo\\\/image\\\/\",\"url\":\"https:\\\/\\\/gimnasticdetarragona.cat\\\/wp-content\\\/uploads\\\/2022\\\/06\\\/cropped-logo-gimnastic.png\",\"contentUrl\":\"https:\\\/\\\/gimnasticdetarragona.cat\\\/wp-content\\\/uploads\\\/2022\\\/06\\\/cropped-logo-gimnastic.png\",\"width\":224,\"height\":83,\"caption\":\"GIMN\u00c0STIC DE TARRAGONA\"},\"image\":{\"@id\":\"https:\\\/\\\/gimnasticdetarragona.cat\\\/es\\\/#\\\/schema\\\/logo\\\/image\\\/\"},\"sameAs\":[\"https:\\\/\\\/x.com\\\/NASTICTARRAGONA\",\"https:\\\/\\\/www.instagram.com\\\/nastictarragona\\\/\"]},{\"@type\":\"Person\",\"@id\":\"https:\\\/\\\/gimnasticdetarragona.cat\\\/es\\\/#\\\/schema\\\/person\\\/47b6a637abf88f9bd835540f20ea069e\",\"name\":\"desarrollo\",\"sameAs\":[\"https:\\\/\\\/clone.gimnasticdetarragona.cat\"]}]}<\/script>\n<!-- \/ Yoast SEO plugin. -->","yoast_head_json":{"title":"Partidos destacados del campo de semana del #PlanterGrana - Gimn\u00e0stic de Tarragona SAD","robots":{"index":"index","follow":"follow","max-snippet":"max-snippet:-1","max-image-preview":"max-image-preview:large","max-video-preview":"max-video-preview:-1"},"canonical":"https:\/\/gimnasticdetarragona.cat\/es\/partits-destacats-del-camp-de-setmana-del-plantergrana\/","og_locale":"es_ES","og_type":"article","og_title":"Partidos destacados del campo de semana del #PlanterGrana - Gimn\u00e0stic de Tarragona SAD","og_description":"\u00a0Partidos destacados del campo de semana del #PlanterGrana Juvenil A y Juvenil B Los juveniles A y B se enfrentan contra la Damm este fin de semana. El Juvenil B de Daniel Vidal se desplazar\u00e1 a Huerta el s\u00e1bado a las 12 horas; mientras que el Juvenil A de Manel Cazorla lo har\u00e1 el domingo, [&hellip;]","og_url":"https:\/\/gimnasticdetarragona.cat\/es\/partits-destacats-del-camp-de-setmana-del-plantergrana\/","og_site_name":"Gimn\u00e0stic de Tarragona SAD","article_published_time":"2016-10-21T16:25:38+00:00","og_image":[{"width":600,"height":400,"url":"https:\/\/gimnasticdetarragona.cat\/wp-content\/uploads\/2022\/06\/05234305114363.jpg","type":"image\/jpeg"}],"author":"desarrollo","twitter_card":"summary_large_image","twitter_creator":"@NASTICTARRAGONA","twitter_site":"@NASTICTARRAGONA","twitter_misc":{"Escrito por":"desarrollo","Tiempo de lectura":"2 minutos"},"schema":{"@context":"https:\/\/schema.org","@graph":[{"@type":"Article","@id":"https:\/\/gimnasticdetarragona.cat\/es\/partits-destacats-del-camp-de-setmana-del-plantergrana\/#article","isPartOf":{"@id":"https:\/\/gimnasticdetarragona.cat\/es\/partits-destacats-del-camp-de-setmana-del-plantergrana\/"},"author":{"name":"desarrollo","@id":"https:\/\/gimnasticdetarragona.cat\/es\/#\/schema\/person\/47b6a637abf88f9bd835540f20ea069e"},"headline":"Partidos destacados del campo de semana del #PlanterGrana","datePublished":"2016-10-21T16:25:38+00:00","mainEntityOfPage":{"@id":"https:\/\/gimnasticdetarragona.cat\/es\/partits-destacats-del-camp-de-setmana-del-plantergrana\/"},"wordCount":371,"commentCount":0,"publisher":{"@id":"https:\/\/gimnasticdetarragona.cat\/es\/#organization"},"image":{"@id":"https:\/\/gimnasticdetarragona.cat\/es\/partits-destacats-del-camp-de-setmana-del-plantergrana\/#primaryimage"},"thumbnailUrl":"https:\/\/gimnasticdetarragona.cat\/wp-content\/uploads\/2022\/06\/05234305114363.jpg","articleSection":["Actualidad","F\u00fatbol Base"],"inLanguage":"es"},{"@type":"WebPage","@id":"https:\/\/gimnasticdetarragona.cat\/es\/partits-destacats-del-camp-de-setmana-del-plantergrana\/","url":"https:\/\/gimnasticdetarragona.cat\/es\/partits-destacats-del-camp-de-setmana-del-plantergrana\/","name":"Partidos destacados del campo de semana del #PlanterGrana - Gimn\u00e0stic de Tarragona SAD","isPartOf":{"@id":"https:\/\/gimnasticdetarragona.cat\/es\/#website"},"primaryImageOfPage":{"@id":"https:\/\/gimnasticdetarragona.cat\/es\/partits-destacats-del-camp-de-setmana-del-plantergrana\/#primaryimage"},"image":{"@id":"https:\/\/gimnasticdetarragona.cat\/es\/partits-destacats-del-camp-de-setmana-del-plantergrana\/#primaryimage"},"thumbnailUrl":"https:\/\/gimnasticdetarragona.cat\/wp-content\/uploads\/2022\/06\/05234305114363.jpg","datePublished":"2016-10-21T16:25:38+00:00","breadcrumb":{"@id":"https:\/\/gimnasticdetarragona.cat\/es\/partits-destacats-del-camp-de-setmana-del-plantergrana\/#breadcrumb"},"inLanguage":"es","potentialAction":[{"@type":"ReadAction","target":["https:\/\/gimnasticdetarragona.cat\/es\/partits-destacats-del-camp-de-setmana-del-plantergrana\/"]}]},{"@type":"ImageObject","inLanguage":"es","@id":"https:\/\/gimnasticdetarragona.cat\/es\/partits-destacats-del-camp-de-setmana-del-plantergrana\/#primaryimage","url":"https:\/\/gimnasticdetarragona.cat\/wp-content\/uploads\/2022\/06\/05234305114363.jpg","contentUrl":"https:\/\/gimnasticdetarragona.cat\/wp-content\/uploads\/2022\/06\/05234305114363.jpg","width":600,"height":400,"caption":"????????????????????????????????????"},{"@type":"BreadcrumbList","@id":"https:\/\/gimnasticdetarragona.cat\/es\/partits-destacats-del-camp-de-setmana-del-plantergrana\/#breadcrumb","itemListElement":[{"@type":"ListItem","position":1,"name":"Inici","item":"https:\/\/gimnasticdetarragona.cat\/es\/nastic\/"},{"@type":"ListItem","position":2,"name":"Partidos destacados del campo de semana del #PlanterGrana"}]},{"@type":"WebSite","@id":"https:\/\/gimnasticdetarragona.cat\/es\/#website","url":"https:\/\/gimnasticdetarragona.cat\/es\/","name":"Gimn\u00e0stic de Tarragona SAD","description":"Gimn\u00e0stic de Tarragona","publisher":{"@id":"https:\/\/gimnasticdetarragona.cat\/es\/#organization"},"potentialAction":[{"@type":"SearchAction","target":{"@type":"EntryPoint","urlTemplate":"https:\/\/gimnasticdetarragona.cat\/es\/?s={search_term_string}"},"query-input":{"@type":"PropertyValueSpecification","valueRequired":true,"valueName":"search_term_string"}}],"inLanguage":"es"},{"@type":"Organization","@id":"https:\/\/gimnasticdetarragona.cat\/es\/#organization","name":"GIMN\u00c0STIC DE TARRAGONA","alternateName":"N\u00c0STIC","url":"https:\/\/gimnasticdetarragona.cat\/es\/","logo":{"@type":"ImageObject","inLanguage":"es","@id":"https:\/\/gimnasticdetarragona.cat\/es\/#\/schema\/logo\/image\/","url":"https:\/\/gimnasticdetarragona.cat\/wp-content\/uploads\/2022\/06\/cropped-logo-gimnastic.png","contentUrl":"https:\/\/gimnasticdetarragona.cat\/wp-content\/uploads\/2022\/06\/cropped-logo-gimnastic.png","width":224,"height":83,"caption":"GIMN\u00c0STIC DE TARRAGONA"},"image":{"@id":"https:\/\/gimnasticdetarragona.cat\/es\/#\/schema\/logo\/image\/"},"sameAs":["https:\/\/x.com\/NASTICTARRAGONA","https:\/\/www.instagram.com\/nastictarragona\/"]},{"@type":"Person","@id":"https:\/\/gimnasticdetarragona.cat\/es\/#\/schema\/person\/47b6a637abf88f9bd835540f20ea069e","name":"desarrollo","sameAs":["https:\/\/clone.gimnasticdetarragona.cat"]}]}},"_links":{"self":[{"href":"https:\/\/gimnasticdetarragona.cat\/es\/wp-json\/wp\/v2\/posts\/60405","targetHints":{"allow":["GET"]}}],"collection":[{"href":"https:\/\/gimnasticdetarragona.cat\/es\/wp-json\/wp\/v2\/posts"}],"about":[{"href":"https:\/\/gimnasticdetarragona.cat\/es\/wp-json\/wp\/v2\/types\/post"}],"author":[{"embeddable":true,"href":"https:\/\/gimnasticdetarragona.cat\/es\/wp-json\/wp\/v2\/users\/1"}],"replies":[{"embeddable":true,"href":"https:\/\/gimnasticdetarragona.cat\/es\/wp-json\/wp\/v2\/comments?post=60405"}],"version-history":[{"count":0,"href":"https:\/\/gimnasticdetarragona.cat\/es\/wp-json\/wp\/v2\/posts\/60405\/revisions"}],"wp:featuredmedia":[{"embeddable":true,"href":"https:\/\/gimnasticdetarragona.cat\/es\/wp-json\/wp\/v2\/media\/60402"}],"wp:attachment":[{"href":"https:\/\/gimnasticdetarragona.cat\/es\/wp-json\/wp\/v2\/media?parent=60405"}],"wp:term":[{"taxonomy":"category","embeddable":true,"href":"https:\/\/gimnasticdetarragona.cat\/es\/wp-json\/wp\/v2\/categories?post=60405"},{"taxonomy":"post_tag","embeddable":true,"href":"https:\/\/gimnasticdetarragona.cat\/es\/wp-json\/wp\/v2\/tags?post=60405"}],"curies":[{"name":"wp","href":"https:\/\/api.w.org\/{rel}","templated":true}]}}