{"id":60429,"date":"2016-10-19T19:22:59","date_gmt":"2016-10-19T19:22:59","guid":{"rendered":"https:\/\/clone.gimnasticdetarragona.cat\/g-ritmica-nou-doblet-historic-al-campionat-de-catalunya\/"},"modified":"2016-10-19T19:22:59","modified_gmt":"2016-10-19T19:22:59","slug":"g-ritmica-nou-doblet-historic-al-campionat-de-catalunya","status":"publish","type":"post","link":"https:\/\/gimnasticdetarragona.cat\/es\/g-ritmica-nou-doblet-historic-al-campionat-de-catalunya\/","title":{"rendered":"G. R\u00edtmica | Nuevo doblete hist\u00f3rico en el Campeonato de Catalunya"},"content":{"rendered":"<p style=\"text-align: justify;\">\n<p style=\"text-align: justify;\">Los conjuntos Senior y Junior de la secci\u00f3n del club grana consiguen revalidar el triunfo del a\u00f1o pasado en el Campeonato de Catalunya absoluto de Gimnasia R\u00edtmica, que se celebr\u00f3 el pasado s\u00e1bado en Sant Cugat del Vall\u00e9s.<\/p>\n<p>Con una gran jornada de gimnasia r\u00edtmica, los conjuntos Senior y Junior ganaron nuevamente el Campeonato de Catalunya absoluto. Fue una jornada hist\u00f3rica para el N\u00e0stic, ya que, en un deporte altamente competitivo y de much\u00edsima rivalidad, los dos conjuntos se llevaron el m\u00e1ximo t\u00edtulo que se puede conseguir en la gimnasia r\u00edtmica catalana.<\/p>\n<p>El conjunto Senior, con 5 cintas se impuso al CER Pratenc, que fue segundo; y el Lloret, que fue tercero. Por su parte, el conjunto Junior, con 3 pelotas y 2 cintas, se impuso al S\u00edcoris de Lleida, que fue segundo; y el Reus Deportiu, que fue tercero.<\/p>\n<p>El campeonato se ha disputado en dos pasadas y la nota final era la suma de las dos actuaciones. De este modo, la clasificaci\u00f3n final premia la regularidad. Ambos conjuntos participar\u00e1n en el Campeonato de Espa\u00f1a que se celebrar\u00e1 el diciembre en\u00a0Murcia. Las grana participar\u00e1n en esta cita estatal y lo har\u00e1n como Campeonas de Catalu\u00f1a.<\/p>\n<p>Para acabar de redondear el d\u00eda, en la segunda fase de Copa Catalana, celebrada tambi\u00e9n en Sant Cugat, el equipo Cadete Base fue tercero. Mientras que los conjuntos Benjam\u00edn y J\u00fanior del nivel V\/VI consiguieron la victoria, y el conjunto Infantil de nivel IV subi\u00f3 al tercer escal\u00f3n del podio.<\/p>\n<p style=\"text-align: justify;\">La buena planificaci\u00f3n deportiva, la calidad de las gimnastas, las habilidades de las entrenadoras y el criterio de las responsables de la secci\u00f3n, han hecho posible este \u00e9xito grupal y que el N\u00e0stic sea el Club dominador en la gimnasia r\u00edtmica catalana.<\/p>\n","protected":false},"excerpt":{"rendered":"<p>Los conjuntos Senior y Junior de la secci\u00f3n del club grana consiguen revalidar el triunfo del a\u00f1o pasado en el Campeonato de Catalunya absoluto de Gimnasia R\u00edtmica, que se celebr\u00f3 el pasado s\u00e1bado en Sant Cugat del Vall\u00e9s.<\/p>\n","protected":false},"author":1,"featured_media":60426,"comment_status":"open","ping_status":"open","sticky":false,"template":"","format":"standard","meta":{"_acf_changed":false,"footnotes":""},"categories":[127],"tags":[],"class_list":["post-60429","post","type-post","status-publish","format-standard","has-post-thumbnail","hentry","category-secciones"],"acf":[],"yoast_head":"<!-- This site is optimized with the Yoast SEO plugin v27.3 - https:\/\/yoast.com\/product\/yoast-seo-wordpress\/ -->\n<title>G. R\u00edtmica | Nuevo doblete hist\u00f3rico en el Campeonato de Catalunya - Gimn\u00e0stic de Tarragona SAD<\/title>\n<meta name=\"robots\" content=\"index, follow, max-snippet:-1, max-image-preview:large, max-video-preview:-1\" \/>\n<link rel=\"canonical\" href=\"https:\/\/gimnasticdetarragona.cat\/es\/g-ritmica-nou-doblet-historic-al-campionat-de-catalunya\/\" \/>\n<meta property=\"og:locale\" content=\"es_ES\" \/>\n<meta property=\"og:type\" content=\"article\" \/>\n<meta property=\"og:title\" content=\"G. R\u00edtmica | Nuevo doblete hist\u00f3rico en el Campeonato de Catalunya - Gimn\u00e0stic de Tarragona SAD\" \/>\n<meta property=\"og:description\" content=\"Los conjuntos Senior y Junior de la secci\u00f3n del club grana consiguen revalidar el triunfo del a\u00f1o pasado en el Campeonato de Catalunya absoluto de Gimnasia R\u00edtmica, que se celebr\u00f3 el pasado s\u00e1bado en Sant Cugat del Vall\u00e9s.\" \/>\n<meta property=\"og:url\" content=\"https:\/\/gimnasticdetarragona.cat\/es\/g-ritmica-nou-doblet-historic-al-campionat-de-catalunya\/\" \/>\n<meta property=\"og:site_name\" content=\"Gimn\u00e0stic de Tarragona SAD\" \/>\n<meta property=\"article:published_time\" content=\"2016-10-19T19:22:59+00:00\" \/>\n<meta property=\"og:image\" content=\"https:\/\/gimnasticdetarragona.cat\/wp-content\/uploads\/2022\/06\/05234254114260.jpg\" \/>\n\t<meta property=\"og:image:width\" content=\"626\" \/>\n\t<meta property=\"og:image:height\" content=\"317\" \/>\n\t<meta property=\"og:image:type\" content=\"image\/jpeg\" \/>\n<meta name=\"author\" content=\"desarrollo\" \/>\n<meta name=\"twitter:card\" content=\"summary_large_image\" \/>\n<meta name=\"twitter:creator\" content=\"@NASTICTARRAGONA\" \/>\n<meta name=\"twitter:site\" content=\"@NASTICTARRAGONA\" \/>\n<meta name=\"twitter:label1\" content=\"Escrito por\" \/>\n\t<meta name=\"twitter:data1\" content=\"desarrollo\" \/>\n\t<meta name=\"twitter:label2\" content=\"Tiempo de lectura\" \/>\n\t<meta name=\"twitter:data2\" content=\"2 minutos\" \/>\n<script type=\"application\/ld+json\" class=\"yoast-schema-graph\">{\"@context\":\"https:\\\/\\\/schema.org\",\"@graph\":[{\"@type\":\"Article\",\"@id\":\"https:\\\/\\\/gimnasticdetarragona.cat\\\/es\\\/g-ritmica-nou-doblet-historic-al-campionat-de-catalunya\\\/#article\",\"isPartOf\":{\"@id\":\"https:\\\/\\\/gimnasticdetarragona.cat\\\/es\\\/g-ritmica-nou-doblet-historic-al-campionat-de-catalunya\\\/\"},\"author\":{\"name\":\"desarrollo\",\"@id\":\"https:\\\/\\\/gimnasticdetarragona.cat\\\/es\\\/#\\\/schema\\\/person\\\/47b6a637abf88f9bd835540f20ea069e\"},\"headline\":\"G. R\u00edtmica | Nuevo doblete hist\u00f3rico en el Campeonato de Catalunya\",\"datePublished\":\"2016-10-19T19:22:59+00:00\",\"mainEntityOfPage\":{\"@id\":\"https:\\\/\\\/gimnasticdetarragona.cat\\\/es\\\/g-ritmica-nou-doblet-historic-al-campionat-de-catalunya\\\/\"},\"wordCount\":327,\"commentCount\":0,\"publisher\":{\"@id\":\"https:\\\/\\\/gimnasticdetarragona.cat\\\/es\\\/#organization\"},\"image\":{\"@id\":\"https:\\\/\\\/gimnasticdetarragona.cat\\\/es\\\/g-ritmica-nou-doblet-historic-al-campionat-de-catalunya\\\/#primaryimage\"},\"thumbnailUrl\":\"https:\\\/\\\/gimnasticdetarragona.cat\\\/wp-content\\\/uploads\\\/2022\\\/06\\\/05234254114260.jpg\",\"articleSection\":[\"Secciones\"],\"inLanguage\":\"es\"},{\"@type\":\"WebPage\",\"@id\":\"https:\\\/\\\/gimnasticdetarragona.cat\\\/es\\\/g-ritmica-nou-doblet-historic-al-campionat-de-catalunya\\\/\",\"url\":\"https:\\\/\\\/gimnasticdetarragona.cat\\\/es\\\/g-ritmica-nou-doblet-historic-al-campionat-de-catalunya\\\/\",\"name\":\"G. R\u00edtmica | Nuevo doblete hist\u00f3rico en el Campeonato de Catalunya - Gimn\u00e0stic de Tarragona SAD\",\"isPartOf\":{\"@id\":\"https:\\\/\\\/gimnasticdetarragona.cat\\\/es\\\/#website\"},\"primaryImageOfPage\":{\"@id\":\"https:\\\/\\\/gimnasticdetarragona.cat\\\/es\\\/g-ritmica-nou-doblet-historic-al-campionat-de-catalunya\\\/#primaryimage\"},\"image\":{\"@id\":\"https:\\\/\\\/gimnasticdetarragona.cat\\\/es\\\/g-ritmica-nou-doblet-historic-al-campionat-de-catalunya\\\/#primaryimage\"},\"thumbnailUrl\":\"https:\\\/\\\/gimnasticdetarragona.cat\\\/wp-content\\\/uploads\\\/2022\\\/06\\\/05234254114260.jpg\",\"datePublished\":\"2016-10-19T19:22:59+00:00\",\"breadcrumb\":{\"@id\":\"https:\\\/\\\/gimnasticdetarragona.cat\\\/es\\\/g-ritmica-nou-doblet-historic-al-campionat-de-catalunya\\\/#breadcrumb\"},\"inLanguage\":\"es\",\"potentialAction\":[{\"@type\":\"ReadAction\",\"target\":[\"https:\\\/\\\/gimnasticdetarragona.cat\\\/es\\\/g-ritmica-nou-doblet-historic-al-campionat-de-catalunya\\\/\"]}]},{\"@type\":\"ImageObject\",\"inLanguage\":\"es\",\"@id\":\"https:\\\/\\\/gimnasticdetarragona.cat\\\/es\\\/g-ritmica-nou-doblet-historic-al-campionat-de-catalunya\\\/#primaryimage\",\"url\":\"https:\\\/\\\/gimnasticdetarragona.cat\\\/wp-content\\\/uploads\\\/2022\\\/06\\\/05234254114260.jpg\",\"contentUrl\":\"https:\\\/\\\/gimnasticdetarragona.cat\\\/wp-content\\\/uploads\\\/2022\\\/06\\\/05234254114260.jpg\",\"width\":626,\"height\":317},{\"@type\":\"BreadcrumbList\",\"@id\":\"https:\\\/\\\/gimnasticdetarragona.cat\\\/es\\\/g-ritmica-nou-doblet-historic-al-campionat-de-catalunya\\\/#breadcrumb\",\"itemListElement\":[{\"@type\":\"ListItem\",\"position\":1,\"name\":\"Inici\",\"item\":\"https:\\\/\\\/gimnasticdetarragona.cat\\\/es\\\/nastic\\\/\"},{\"@type\":\"ListItem\",\"position\":2,\"name\":\"G. R\u00edtmica | Nuevo doblete hist\u00f3rico en el Campeonato de Catalunya\"}]},{\"@type\":\"WebSite\",\"@id\":\"https:\\\/\\\/gimnasticdetarragona.cat\\\/es\\\/#website\",\"url\":\"https:\\\/\\\/gimnasticdetarragona.cat\\\/es\\\/\",\"name\":\"Gimn\u00e0stic de Tarragona SAD\",\"description\":\"Gimn\u00e0stic de Tarragona\",\"publisher\":{\"@id\":\"https:\\\/\\\/gimnasticdetarragona.cat\\\/es\\\/#organization\"},\"potentialAction\":[{\"@type\":\"SearchAction\",\"target\":{\"@type\":\"EntryPoint\",\"urlTemplate\":\"https:\\\/\\\/gimnasticdetarragona.cat\\\/es\\\/?s={search_term_string}\"},\"query-input\":{\"@type\":\"PropertyValueSpecification\",\"valueRequired\":true,\"valueName\":\"search_term_string\"}}],\"inLanguage\":\"es\"},{\"@type\":\"Organization\",\"@id\":\"https:\\\/\\\/gimnasticdetarragona.cat\\\/es\\\/#organization\",\"name\":\"GIMN\u00c0STIC DE TARRAGONA\",\"alternateName\":\"N\u00c0STIC\",\"url\":\"https:\\\/\\\/gimnasticdetarragona.cat\\\/es\\\/\",\"logo\":{\"@type\":\"ImageObject\",\"inLanguage\":\"es\",\"@id\":\"https:\\\/\\\/gimnasticdetarragona.cat\\\/es\\\/#\\\/schema\\\/logo\\\/image\\\/\",\"url\":\"https:\\\/\\\/gimnasticdetarragona.cat\\\/wp-content\\\/uploads\\\/2022\\\/06\\\/cropped-logo-gimnastic.png\",\"contentUrl\":\"https:\\\/\\\/gimnasticdetarragona.cat\\\/wp-content\\\/uploads\\\/2022\\\/06\\\/cropped-logo-gimnastic.png\",\"width\":224,\"height\":83,\"caption\":\"GIMN\u00c0STIC DE TARRAGONA\"},\"image\":{\"@id\":\"https:\\\/\\\/gimnasticdetarragona.cat\\\/es\\\/#\\\/schema\\\/logo\\\/image\\\/\"},\"sameAs\":[\"https:\\\/\\\/x.com\\\/NASTICTARRAGONA\",\"https:\\\/\\\/www.instagram.com\\\/nastictarragona\\\/\"]},{\"@type\":\"Person\",\"@id\":\"https:\\\/\\\/gimnasticdetarragona.cat\\\/es\\\/#\\\/schema\\\/person\\\/47b6a637abf88f9bd835540f20ea069e\",\"name\":\"desarrollo\",\"sameAs\":[\"https:\\\/\\\/clone.gimnasticdetarragona.cat\"]}]}<\/script>\n<!-- \/ Yoast SEO plugin. -->","yoast_head_json":{"title":"G. R\u00edtmica | Nuevo doblete hist\u00f3rico en el Campeonato de Catalunya - Gimn\u00e0stic de Tarragona SAD","robots":{"index":"index","follow":"follow","max-snippet":"max-snippet:-1","max-image-preview":"max-image-preview:large","max-video-preview":"max-video-preview:-1"},"canonical":"https:\/\/gimnasticdetarragona.cat\/es\/g-ritmica-nou-doblet-historic-al-campionat-de-catalunya\/","og_locale":"es_ES","og_type":"article","og_title":"G. R\u00edtmica | Nuevo doblete hist\u00f3rico en el Campeonato de Catalunya - Gimn\u00e0stic de Tarragona SAD","og_description":"Los conjuntos Senior y Junior de la secci\u00f3n del club grana consiguen revalidar el triunfo del a\u00f1o pasado en el Campeonato de Catalunya absoluto de Gimnasia R\u00edtmica, que se celebr\u00f3 el pasado s\u00e1bado en Sant Cugat del Vall\u00e9s.","og_url":"https:\/\/gimnasticdetarragona.cat\/es\/g-ritmica-nou-doblet-historic-al-campionat-de-catalunya\/","og_site_name":"Gimn\u00e0stic de Tarragona SAD","article_published_time":"2016-10-19T19:22:59+00:00","og_image":[{"width":626,"height":317,"url":"https:\/\/gimnasticdetarragona.cat\/wp-content\/uploads\/2022\/06\/05234254114260.jpg","type":"image\/jpeg"}],"author":"desarrollo","twitter_card":"summary_large_image","twitter_creator":"@NASTICTARRAGONA","twitter_site":"@NASTICTARRAGONA","twitter_misc":{"Escrito por":"desarrollo","Tiempo de lectura":"2 minutos"},"schema":{"@context":"https:\/\/schema.org","@graph":[{"@type":"Article","@id":"https:\/\/gimnasticdetarragona.cat\/es\/g-ritmica-nou-doblet-historic-al-campionat-de-catalunya\/#article","isPartOf":{"@id":"https:\/\/gimnasticdetarragona.cat\/es\/g-ritmica-nou-doblet-historic-al-campionat-de-catalunya\/"},"author":{"name":"desarrollo","@id":"https:\/\/gimnasticdetarragona.cat\/es\/#\/schema\/person\/47b6a637abf88f9bd835540f20ea069e"},"headline":"G. R\u00edtmica | Nuevo doblete hist\u00f3rico en el Campeonato de Catalunya","datePublished":"2016-10-19T19:22:59+00:00","mainEntityOfPage":{"@id":"https:\/\/gimnasticdetarragona.cat\/es\/g-ritmica-nou-doblet-historic-al-campionat-de-catalunya\/"},"wordCount":327,"commentCount":0,"publisher":{"@id":"https:\/\/gimnasticdetarragona.cat\/es\/#organization"},"image":{"@id":"https:\/\/gimnasticdetarragona.cat\/es\/g-ritmica-nou-doblet-historic-al-campionat-de-catalunya\/#primaryimage"},"thumbnailUrl":"https:\/\/gimnasticdetarragona.cat\/wp-content\/uploads\/2022\/06\/05234254114260.jpg","articleSection":["Secciones"],"inLanguage":"es"},{"@type":"WebPage","@id":"https:\/\/gimnasticdetarragona.cat\/es\/g-ritmica-nou-doblet-historic-al-campionat-de-catalunya\/","url":"https:\/\/gimnasticdetarragona.cat\/es\/g-ritmica-nou-doblet-historic-al-campionat-de-catalunya\/","name":"G. R\u00edtmica | Nuevo doblete hist\u00f3rico en el Campeonato de Catalunya - Gimn\u00e0stic de Tarragona SAD","isPartOf":{"@id":"https:\/\/gimnasticdetarragona.cat\/es\/#website"},"primaryImageOfPage":{"@id":"https:\/\/gimnasticdetarragona.cat\/es\/g-ritmica-nou-doblet-historic-al-campionat-de-catalunya\/#primaryimage"},"image":{"@id":"https:\/\/gimnasticdetarragona.cat\/es\/g-ritmica-nou-doblet-historic-al-campionat-de-catalunya\/#primaryimage"},"thumbnailUrl":"https:\/\/gimnasticdetarragona.cat\/wp-content\/uploads\/2022\/06\/05234254114260.jpg","datePublished":"2016-10-19T19:22:59+00:00","breadcrumb":{"@id":"https:\/\/gimnasticdetarragona.cat\/es\/g-ritmica-nou-doblet-historic-al-campionat-de-catalunya\/#breadcrumb"},"inLanguage":"es","potentialAction":[{"@type":"ReadAction","target":["https:\/\/gimnasticdetarragona.cat\/es\/g-ritmica-nou-doblet-historic-al-campionat-de-catalunya\/"]}]},{"@type":"ImageObject","inLanguage":"es","@id":"https:\/\/gimnasticdetarragona.cat\/es\/g-ritmica-nou-doblet-historic-al-campionat-de-catalunya\/#primaryimage","url":"https:\/\/gimnasticdetarragona.cat\/wp-content\/uploads\/2022\/06\/05234254114260.jpg","contentUrl":"https:\/\/gimnasticdetarragona.cat\/wp-content\/uploads\/2022\/06\/05234254114260.jpg","width":626,"height":317},{"@type":"BreadcrumbList","@id":"https:\/\/gimnasticdetarragona.cat\/es\/g-ritmica-nou-doblet-historic-al-campionat-de-catalunya\/#breadcrumb","itemListElement":[{"@type":"ListItem","position":1,"name":"Inici","item":"https:\/\/gimnasticdetarragona.cat\/es\/nastic\/"},{"@type":"ListItem","position":2,"name":"G. R\u00edtmica | Nuevo doblete hist\u00f3rico en el Campeonato de Catalunya"}]},{"@type":"WebSite","@id":"https:\/\/gimnasticdetarragona.cat\/es\/#website","url":"https:\/\/gimnasticdetarragona.cat\/es\/","name":"Gimn\u00e0stic de Tarragona SAD","description":"Gimn\u00e0stic de Tarragona","publisher":{"@id":"https:\/\/gimnasticdetarragona.cat\/es\/#organization"},"potentialAction":[{"@type":"SearchAction","target":{"@type":"EntryPoint","urlTemplate":"https:\/\/gimnasticdetarragona.cat\/es\/?s={search_term_string}"},"query-input":{"@type":"PropertyValueSpecification","valueRequired":true,"valueName":"search_term_string"}}],"inLanguage":"es"},{"@type":"Organization","@id":"https:\/\/gimnasticdetarragona.cat\/es\/#organization","name":"GIMN\u00c0STIC DE TARRAGONA","alternateName":"N\u00c0STIC","url":"https:\/\/gimnasticdetarragona.cat\/es\/","logo":{"@type":"ImageObject","inLanguage":"es","@id":"https:\/\/gimnasticdetarragona.cat\/es\/#\/schema\/logo\/image\/","url":"https:\/\/gimnasticdetarragona.cat\/wp-content\/uploads\/2022\/06\/cropped-logo-gimnastic.png","contentUrl":"https:\/\/gimnasticdetarragona.cat\/wp-content\/uploads\/2022\/06\/cropped-logo-gimnastic.png","width":224,"height":83,"caption":"GIMN\u00c0STIC DE TARRAGONA"},"image":{"@id":"https:\/\/gimnasticdetarragona.cat\/es\/#\/schema\/logo\/image\/"},"sameAs":["https:\/\/x.com\/NASTICTARRAGONA","https:\/\/www.instagram.com\/nastictarragona\/"]},{"@type":"Person","@id":"https:\/\/gimnasticdetarragona.cat\/es\/#\/schema\/person\/47b6a637abf88f9bd835540f20ea069e","name":"desarrollo","sameAs":["https:\/\/clone.gimnasticdetarragona.cat"]}]}},"_links":{"self":[{"href":"https:\/\/gimnasticdetarragona.cat\/es\/wp-json\/wp\/v2\/posts\/60429","targetHints":{"allow":["GET"]}}],"collection":[{"href":"https:\/\/gimnasticdetarragona.cat\/es\/wp-json\/wp\/v2\/posts"}],"about":[{"href":"https:\/\/gimnasticdetarragona.cat\/es\/wp-json\/wp\/v2\/types\/post"}],"author":[{"embeddable":true,"href":"https:\/\/gimnasticdetarragona.cat\/es\/wp-json\/wp\/v2\/users\/1"}],"replies":[{"embeddable":true,"href":"https:\/\/gimnasticdetarragona.cat\/es\/wp-json\/wp\/v2\/comments?post=60429"}],"version-history":[{"count":0,"href":"https:\/\/gimnasticdetarragona.cat\/es\/wp-json\/wp\/v2\/posts\/60429\/revisions"}],"wp:featuredmedia":[{"embeddable":true,"href":"https:\/\/gimnasticdetarragona.cat\/es\/wp-json\/wp\/v2\/media\/60426"}],"wp:attachment":[{"href":"https:\/\/gimnasticdetarragona.cat\/es\/wp-json\/wp\/v2\/media?parent=60429"}],"wp:term":[{"taxonomy":"category","embeddable":true,"href":"https:\/\/gimnasticdetarragona.cat\/es\/wp-json\/wp\/v2\/categories?post=60429"},{"taxonomy":"post_tag","embeddable":true,"href":"https:\/\/gimnasticdetarragona.cat\/es\/wp-json\/wp\/v2\/tags?post=60429"}],"curies":[{"name":"wp","href":"https:\/\/api.w.org\/{rel}","templated":true}]}}