{"id":60489,"date":"2016-10-13T18:12:01","date_gmt":"2016-10-13T18:12:01","guid":{"rendered":"https:\/\/clone.gimnasticdetarragona.cat\/presentadas-las-reformas-del-nou-estadi\/"},"modified":"2016-10-13T18:12:01","modified_gmt":"2016-10-13T18:12:01","slug":"presentadas-las-reformas-del-nou-estadi","status":"publish","type":"post","link":"https:\/\/gimnasticdetarragona.cat\/es\/presentadas-las-reformas-del-nou-estadi\/","title":{"rendered":"Presentadas las reformas del Nou Estadi"},"content":{"rendered":"<p style=\"text-align: justify;\">El Nou Estadi\u00a0mejorar\u00e1 en accesibilidad, seguridad, imagen y confort en motivo de los Juegos Mediterr\u00e1neos<\/p>\n<p style=\"text-align: justify;\">La primera fase del proyecto de reforma del estadio del N\u00e0stic\u00a0ya est\u00e1 en marcha y a punto de ser adjudicada. Las obras se complementar\u00e1n con el desmantelamiento de la antigua autov\u00eda, que se licitar\u00e1 pr\u00f3ximamente y permitir\u00e1 mejorar en accesos y plazas de aparcamiento<\/p>\n<p style=\"text-align: justify;\">Esta ma\u00f1ana se ha presentado el proyecto de reforma del Nou Estadi\u00a0de Tarragona con motivo de los Juegos Mediterr\u00e1neos Tarragona 2017. La instalaci\u00f3n, que est\u00e1 previsto que acoja las ceremonias de inauguraci\u00f3n y clausura de los Juegos, mejorar\u00e1 sus accesos, seguridad, imagen interior y exterior y confort de sus equipos y aficionados. El acto de presentaci\u00f3n del proyecto se ha llevado a cabo en la sala de prensa del N\u00e0stic\u00a0y ha contado con la presencia del alcalde y presidente del Comit\u00e9 Organizador de los Juegos, Josep F\u00e9lix Ballesteros; el presidente del Gimn\u00e0stic de Tarragona, Josep Maria Andreu; el coordinador general de Tarragona 2017, Javier Villamayor; la concejala de Deportes de l&#8217;Ajuntament de Tarragona, Marbel Negueruela; as\u00ed como del arquitecto responsable del proyecto.<\/p>\n<p style=\"text-align: justify;\">El alcalde y presidente del Comit\u00e9 Organizador de Tarragona 2017, Josep F\u00e8lix Ballesteros, ha asegurado que \u00ablas reformas permitir\u00e1n adaptar el estadio a los nuevos tiempos y mejorarlo en accesibilidad, seguridad, servicios, imagen y confort. Adem\u00e1s, todas las actuaciones est\u00e1n debidamente planificadas para minimizar las afectaciones al d\u00eda a d\u00eda de los aficionados y el equipo. Estamos reformando un estadio inaugurado en 1972 que formar\u00e1 parte del legado de los Juegos Mediterr\u00e1neos \u00ab. Por su parte, el Presidente del Gimn\u00e0stic de Tarragona, el Sr. Josep Maria Andreu, ha destacado que \u00ablas obras mejorar\u00e1n la accesibilidad y el confort del Nou Estadi; lo que es una gran noticia para nuestros socios y aficionados \u00ab.<\/p>\n<p style=\"text-align: justify;\">La primera fase del proyecto de reforma del Nou Estadi\u00a0tiene un presupuesto de licitaci\u00f3n de \u20ac 1.360.053,13 sin IVA y ser\u00e1 adjudicado en los pr\u00f3ximos d\u00edas. Esta fase contempla las siguientes actuaciones en el estadio, entre las que destacan:<\/p>\n<ul>\n<li>Nuevos accesos de Gol Norte<\/li>\n<li>Remodelaci\u00f3n y eliminaci\u00f3n de barreras arquitect\u00f3nicas en el recorrido de accesos en el Gol Norte y Preferente<\/li>\n<li>Nuevo acceso adaptado a la zona de Tribuna<\/li>\n<li>Adaptaci\u00f3n de la zona de la Lonja<\/li>\n<li>Ampliaci\u00f3n de los aseos y zonas de bar en la zona de Tribuna<\/li>\n<li>Mejora y modificaci\u00f3n de los accesos de Preferente y Gol Norte<\/li>\n<li>Nuevos aseos y zonas de bar en Preferente y Gol Sur<\/li>\n<li>Ampliaci\u00f3n de las bocas de acceso a Preferente Alta.<\/li>\n<li>Pavimentaci\u00f3n de los espacios exteriores<\/li>\n<li>Ampliaci\u00f3n de la puerta de salida principal del recinto exterior (zona parking)<\/li>\n<li>Reforma y mejora de la rampa de acceso al campo de c\u00e9sped artificial.<\/li>\n<li>Remodelaci\u00f3n y mejora integral de las fachadas de Tribuna y Gol Sur<\/li>\n<li>Construcci\u00f3n de la grada de animaci\u00f3n (accesos, aseos, bar, etc.)<\/li>\n<li>Nuevo espacio de enfermer\u00eda y anti-doping<\/li>\n<li>Saneamiento, reparaci\u00f3n y mejora de la zona de vestuarios.<\/li>\n<li>Tratamiento integral de reparaci\u00f3n y mejora de las sillas.<\/li>\n<\/ul>\n<p style=\"text-align: justify;\">As\u00ed pues, el estadio lucir\u00e1 una nueva y renovada imagen, donde tambi\u00e9n destacar\u00e1 el color grana en todas sus sillas, sustituyendo as\u00ed los bloques de asientos de franjas blancas y rojas actuales.\u00a0Las obras de reforma del estadio del Gimn\u00e0stic est\u00e1n financiadas por el Consejo Superior de Deportes, ra\u00edz del convenio firmado por este organismo con el Ajuntament de Tarragona en octubre de 2015.<\/p>\n<p style=\"text-align: justify;\">Desmantelamiento de la antigua autov\u00eda<\/p>\n<p style=\"text-align: justify;\">Hay que tener en cuenta que ya se ha llevado a cabo el saneamiento, reparaci\u00f3n y mejora de la valla perimetral del terreno de juego, y que pr\u00f3ximamente se licitar\u00e1 el desmantelamiento del antiguo trazado de la autov\u00eda, que permitir\u00e1 mejorar los accesos a el estadio y crear una nueva zona de aparcamiento perimetral. El proyecto se encuentra actualmente en fase de aprobaci\u00f3n y tiene un presupuesto de 650.000 \u20ac, que ser\u00e1 financiado con recursos propios del ayuntamiento.<\/p>\n","protected":false},"excerpt":{"rendered":"<p>El Nou Estadi mejorar\u00e1 en accesibilidad, seguridad, imagen y confort en motivo de los Juegos Mediterr\u00e1neos<\/p>\n","protected":false},"author":1,"featured_media":60486,"comment_status":"open","ping_status":"open","sticky":false,"template":"","format":"standard","meta":{"_acf_changed":false,"footnotes":""},"categories":[113,121,126],"tags":[],"class_list":["post-60489","post","type-post","status-publish","format-standard","has-post-thumbnail","hentry","category-actualidad","category-home","category-primer-equipo"],"acf":[],"yoast_head":"<!-- This site is optimized with the Yoast SEO plugin v27.3 - https:\/\/yoast.com\/product\/yoast-seo-wordpress\/ -->\n<title>Presentadas las reformas del Nou Estadi - Gimn\u00e0stic de Tarragona SAD<\/title>\n<meta name=\"robots\" content=\"index, follow, max-snippet:-1, max-image-preview:large, max-video-preview:-1\" \/>\n<link rel=\"canonical\" href=\"https:\/\/gimnasticdetarragona.cat\/presentades-les-reformes-del-nou-estadi\/\" \/>\n<meta property=\"og:locale\" content=\"es_ES\" \/>\n<meta property=\"og:type\" content=\"article\" \/>\n<meta property=\"og:title\" content=\"Presentadas las reformas del Nou Estadi - Gimn\u00e0stic de Tarragona SAD\" \/>\n<meta property=\"og:description\" content=\"El Nou Estadi mejorar\u00e1 en accesibilidad, seguridad, imagen y confort en motivo de los Juegos Mediterr\u00e1neos\" \/>\n<meta property=\"og:url\" content=\"https:\/\/gimnasticdetarragona.cat\/presentades-les-reformes-del-nou-estadi\/\" \/>\n<meta property=\"og:site_name\" content=\"Gimn\u00e0stic de Tarragona SAD\" \/>\n<meta property=\"article:published_time\" content=\"2016-10-13T18:12:01+00:00\" \/>\n<meta property=\"og:image\" content=\"https:\/\/gimnasticdetarragona.cat\/wp-content\/uploads\/2022\/06\/05234244114052.png\" \/>\n\t<meta property=\"og:image:width\" content=\"1262\" \/>\n\t<meta property=\"og:image:height\" content=\"694\" \/>\n\t<meta property=\"og:image:type\" content=\"image\/png\" \/>\n<meta name=\"author\" content=\"desarrollo\" \/>\n<meta name=\"twitter:card\" content=\"summary_large_image\" \/>\n<meta name=\"twitter:creator\" content=\"@NASTICTARRAGONA\" \/>\n<meta name=\"twitter:site\" content=\"@NASTICTARRAGONA\" \/>\n<meta name=\"twitter:label1\" content=\"Escrito por\" \/>\n\t<meta name=\"twitter:data1\" content=\"desarrollo\" \/>\n\t<meta name=\"twitter:label2\" content=\"Tiempo de lectura\" \/>\n\t<meta name=\"twitter:data2\" content=\"3 minutos\" \/>\n<script type=\"application\/ld+json\" class=\"yoast-schema-graph\">{\"@context\":\"https:\\\/\\\/schema.org\",\"@graph\":[{\"@type\":\"Article\",\"@id\":\"https:\\\/\\\/gimnasticdetarragona.cat\\\/presentades-les-reformes-del-nou-estadi\\\/#article\",\"isPartOf\":{\"@id\":\"https:\\\/\\\/gimnasticdetarragona.cat\\\/presentades-les-reformes-del-nou-estadi\\\/\"},\"author\":{\"name\":\"desarrollo\",\"@id\":\"https:\\\/\\\/gimnasticdetarragona.cat\\\/es\\\/#\\\/schema\\\/person\\\/47b6a637abf88f9bd835540f20ea069e\"},\"headline\":\"Presentadas las reformas del Nou Estadi\",\"datePublished\":\"2016-10-13T18:12:01+00:00\",\"mainEntityOfPage\":{\"@id\":\"https:\\\/\\\/gimnasticdetarragona.cat\\\/presentades-les-reformes-del-nou-estadi\\\/\"},\"wordCount\":688,\"commentCount\":0,\"publisher\":{\"@id\":\"https:\\\/\\\/gimnasticdetarragona.cat\\\/es\\\/#organization\"},\"image\":{\"@id\":\"https:\\\/\\\/gimnasticdetarragona.cat\\\/presentades-les-reformes-del-nou-estadi\\\/#primaryimage\"},\"thumbnailUrl\":\"https:\\\/\\\/gimnasticdetarragona.cat\\\/wp-content\\\/uploads\\\/2022\\\/06\\\/05234244114052.png\",\"articleSection\":[\"Actualidad\",\"Home\",\"Primer Equipo\"],\"inLanguage\":\"es\"},{\"@type\":\"WebPage\",\"@id\":\"https:\\\/\\\/gimnasticdetarragona.cat\\\/presentades-les-reformes-del-nou-estadi\\\/\",\"url\":\"https:\\\/\\\/gimnasticdetarragona.cat\\\/presentades-les-reformes-del-nou-estadi\\\/\",\"name\":\"Presentadas las reformas del Nou Estadi - Gimn\u00e0stic de Tarragona SAD\",\"isPartOf\":{\"@id\":\"https:\\\/\\\/gimnasticdetarragona.cat\\\/es\\\/#website\"},\"primaryImageOfPage\":{\"@id\":\"https:\\\/\\\/gimnasticdetarragona.cat\\\/presentades-les-reformes-del-nou-estadi\\\/#primaryimage\"},\"image\":{\"@id\":\"https:\\\/\\\/gimnasticdetarragona.cat\\\/presentades-les-reformes-del-nou-estadi\\\/#primaryimage\"},\"thumbnailUrl\":\"https:\\\/\\\/gimnasticdetarragona.cat\\\/wp-content\\\/uploads\\\/2022\\\/06\\\/05234244114052.png\",\"datePublished\":\"2016-10-13T18:12:01+00:00\",\"breadcrumb\":{\"@id\":\"https:\\\/\\\/gimnasticdetarragona.cat\\\/presentades-les-reformes-del-nou-estadi\\\/#breadcrumb\"},\"inLanguage\":\"es\",\"potentialAction\":[{\"@type\":\"ReadAction\",\"target\":[\"https:\\\/\\\/gimnasticdetarragona.cat\\\/presentades-les-reformes-del-nou-estadi\\\/\"]}]},{\"@type\":\"ImageObject\",\"inLanguage\":\"es\",\"@id\":\"https:\\\/\\\/gimnasticdetarragona.cat\\\/presentades-les-reformes-del-nou-estadi\\\/#primaryimage\",\"url\":\"https:\\\/\\\/gimnasticdetarragona.cat\\\/wp-content\\\/uploads\\\/2022\\\/06\\\/05234244114052.png\",\"contentUrl\":\"https:\\\/\\\/gimnasticdetarragona.cat\\\/wp-content\\\/uploads\\\/2022\\\/06\\\/05234244114052.png\",\"width\":1262,\"height\":694},{\"@type\":\"BreadcrumbList\",\"@id\":\"https:\\\/\\\/gimnasticdetarragona.cat\\\/presentades-les-reformes-del-nou-estadi\\\/#breadcrumb\",\"itemListElement\":[{\"@type\":\"ListItem\",\"position\":1,\"name\":\"Inici\",\"item\":\"https:\\\/\\\/gimnasticdetarragona.cat\\\/es\\\/nastic\\\/\"},{\"@type\":\"ListItem\",\"position\":2,\"name\":\"Presentadas las reformas del Nou Estadi\"}]},{\"@type\":\"WebSite\",\"@id\":\"https:\\\/\\\/gimnasticdetarragona.cat\\\/es\\\/#website\",\"url\":\"https:\\\/\\\/gimnasticdetarragona.cat\\\/es\\\/\",\"name\":\"Gimn\u00e0stic de Tarragona SAD\",\"description\":\"Gimn\u00e0stic de Tarragona\",\"publisher\":{\"@id\":\"https:\\\/\\\/gimnasticdetarragona.cat\\\/es\\\/#organization\"},\"potentialAction\":[{\"@type\":\"SearchAction\",\"target\":{\"@type\":\"EntryPoint\",\"urlTemplate\":\"https:\\\/\\\/gimnasticdetarragona.cat\\\/es\\\/?s={search_term_string}\"},\"query-input\":{\"@type\":\"PropertyValueSpecification\",\"valueRequired\":true,\"valueName\":\"search_term_string\"}}],\"inLanguage\":\"es\"},{\"@type\":\"Organization\",\"@id\":\"https:\\\/\\\/gimnasticdetarragona.cat\\\/es\\\/#organization\",\"name\":\"GIMN\u00c0STIC DE TARRAGONA\",\"alternateName\":\"N\u00c0STIC\",\"url\":\"https:\\\/\\\/gimnasticdetarragona.cat\\\/es\\\/\",\"logo\":{\"@type\":\"ImageObject\",\"inLanguage\":\"es\",\"@id\":\"https:\\\/\\\/gimnasticdetarragona.cat\\\/es\\\/#\\\/schema\\\/logo\\\/image\\\/\",\"url\":\"https:\\\/\\\/gimnasticdetarragona.cat\\\/wp-content\\\/uploads\\\/2022\\\/06\\\/cropped-logo-gimnastic.png\",\"contentUrl\":\"https:\\\/\\\/gimnasticdetarragona.cat\\\/wp-content\\\/uploads\\\/2022\\\/06\\\/cropped-logo-gimnastic.png\",\"width\":224,\"height\":83,\"caption\":\"GIMN\u00c0STIC DE TARRAGONA\"},\"image\":{\"@id\":\"https:\\\/\\\/gimnasticdetarragona.cat\\\/es\\\/#\\\/schema\\\/logo\\\/image\\\/\"},\"sameAs\":[\"https:\\\/\\\/x.com\\\/NASTICTARRAGONA\",\"https:\\\/\\\/www.instagram.com\\\/nastictarragona\\\/\"]},{\"@type\":\"Person\",\"@id\":\"https:\\\/\\\/gimnasticdetarragona.cat\\\/es\\\/#\\\/schema\\\/person\\\/47b6a637abf88f9bd835540f20ea069e\",\"name\":\"desarrollo\",\"sameAs\":[\"https:\\\/\\\/clone.gimnasticdetarragona.cat\"]}]}<\/script>\n<!-- \/ Yoast SEO plugin. -->","yoast_head_json":{"title":"Presentadas las reformas del Nou Estadi - Gimn\u00e0stic de Tarragona SAD","robots":{"index":"index","follow":"follow","max-snippet":"max-snippet:-1","max-image-preview":"max-image-preview:large","max-video-preview":"max-video-preview:-1"},"canonical":"https:\/\/gimnasticdetarragona.cat\/presentades-les-reformes-del-nou-estadi\/","og_locale":"es_ES","og_type":"article","og_title":"Presentadas las reformas del Nou Estadi - Gimn\u00e0stic de Tarragona SAD","og_description":"El Nou Estadi mejorar\u00e1 en accesibilidad, seguridad, imagen y confort en motivo de los Juegos Mediterr\u00e1neos","og_url":"https:\/\/gimnasticdetarragona.cat\/presentades-les-reformes-del-nou-estadi\/","og_site_name":"Gimn\u00e0stic de Tarragona SAD","article_published_time":"2016-10-13T18:12:01+00:00","og_image":[{"width":1262,"height":694,"url":"https:\/\/gimnasticdetarragona.cat\/wp-content\/uploads\/2022\/06\/05234244114052.png","type":"image\/png"}],"author":"desarrollo","twitter_card":"summary_large_image","twitter_creator":"@NASTICTARRAGONA","twitter_site":"@NASTICTARRAGONA","twitter_misc":{"Escrito por":"desarrollo","Tiempo de lectura":"3 minutos"},"schema":{"@context":"https:\/\/schema.org","@graph":[{"@type":"Article","@id":"https:\/\/gimnasticdetarragona.cat\/presentades-les-reformes-del-nou-estadi\/#article","isPartOf":{"@id":"https:\/\/gimnasticdetarragona.cat\/presentades-les-reformes-del-nou-estadi\/"},"author":{"name":"desarrollo","@id":"https:\/\/gimnasticdetarragona.cat\/es\/#\/schema\/person\/47b6a637abf88f9bd835540f20ea069e"},"headline":"Presentadas las reformas del Nou Estadi","datePublished":"2016-10-13T18:12:01+00:00","mainEntityOfPage":{"@id":"https:\/\/gimnasticdetarragona.cat\/presentades-les-reformes-del-nou-estadi\/"},"wordCount":688,"commentCount":0,"publisher":{"@id":"https:\/\/gimnasticdetarragona.cat\/es\/#organization"},"image":{"@id":"https:\/\/gimnasticdetarragona.cat\/presentades-les-reformes-del-nou-estadi\/#primaryimage"},"thumbnailUrl":"https:\/\/gimnasticdetarragona.cat\/wp-content\/uploads\/2022\/06\/05234244114052.png","articleSection":["Actualidad","Home","Primer Equipo"],"inLanguage":"es"},{"@type":"WebPage","@id":"https:\/\/gimnasticdetarragona.cat\/presentades-les-reformes-del-nou-estadi\/","url":"https:\/\/gimnasticdetarragona.cat\/presentades-les-reformes-del-nou-estadi\/","name":"Presentadas las reformas del Nou Estadi - Gimn\u00e0stic de Tarragona SAD","isPartOf":{"@id":"https:\/\/gimnasticdetarragona.cat\/es\/#website"},"primaryImageOfPage":{"@id":"https:\/\/gimnasticdetarragona.cat\/presentades-les-reformes-del-nou-estadi\/#primaryimage"},"image":{"@id":"https:\/\/gimnasticdetarragona.cat\/presentades-les-reformes-del-nou-estadi\/#primaryimage"},"thumbnailUrl":"https:\/\/gimnasticdetarragona.cat\/wp-content\/uploads\/2022\/06\/05234244114052.png","datePublished":"2016-10-13T18:12:01+00:00","breadcrumb":{"@id":"https:\/\/gimnasticdetarragona.cat\/presentades-les-reformes-del-nou-estadi\/#breadcrumb"},"inLanguage":"es","potentialAction":[{"@type":"ReadAction","target":["https:\/\/gimnasticdetarragona.cat\/presentades-les-reformes-del-nou-estadi\/"]}]},{"@type":"ImageObject","inLanguage":"es","@id":"https:\/\/gimnasticdetarragona.cat\/presentades-les-reformes-del-nou-estadi\/#primaryimage","url":"https:\/\/gimnasticdetarragona.cat\/wp-content\/uploads\/2022\/06\/05234244114052.png","contentUrl":"https:\/\/gimnasticdetarragona.cat\/wp-content\/uploads\/2022\/06\/05234244114052.png","width":1262,"height":694},{"@type":"BreadcrumbList","@id":"https:\/\/gimnasticdetarragona.cat\/presentades-les-reformes-del-nou-estadi\/#breadcrumb","itemListElement":[{"@type":"ListItem","position":1,"name":"Inici","item":"https:\/\/gimnasticdetarragona.cat\/es\/nastic\/"},{"@type":"ListItem","position":2,"name":"Presentadas las reformas del Nou Estadi"}]},{"@type":"WebSite","@id":"https:\/\/gimnasticdetarragona.cat\/es\/#website","url":"https:\/\/gimnasticdetarragona.cat\/es\/","name":"Gimn\u00e0stic de Tarragona SAD","description":"Gimn\u00e0stic de Tarragona","publisher":{"@id":"https:\/\/gimnasticdetarragona.cat\/es\/#organization"},"potentialAction":[{"@type":"SearchAction","target":{"@type":"EntryPoint","urlTemplate":"https:\/\/gimnasticdetarragona.cat\/es\/?s={search_term_string}"},"query-input":{"@type":"PropertyValueSpecification","valueRequired":true,"valueName":"search_term_string"}}],"inLanguage":"es"},{"@type":"Organization","@id":"https:\/\/gimnasticdetarragona.cat\/es\/#organization","name":"GIMN\u00c0STIC DE TARRAGONA","alternateName":"N\u00c0STIC","url":"https:\/\/gimnasticdetarragona.cat\/es\/","logo":{"@type":"ImageObject","inLanguage":"es","@id":"https:\/\/gimnasticdetarragona.cat\/es\/#\/schema\/logo\/image\/","url":"https:\/\/gimnasticdetarragona.cat\/wp-content\/uploads\/2022\/06\/cropped-logo-gimnastic.png","contentUrl":"https:\/\/gimnasticdetarragona.cat\/wp-content\/uploads\/2022\/06\/cropped-logo-gimnastic.png","width":224,"height":83,"caption":"GIMN\u00c0STIC DE TARRAGONA"},"image":{"@id":"https:\/\/gimnasticdetarragona.cat\/es\/#\/schema\/logo\/image\/"},"sameAs":["https:\/\/x.com\/NASTICTARRAGONA","https:\/\/www.instagram.com\/nastictarragona\/"]},{"@type":"Person","@id":"https:\/\/gimnasticdetarragona.cat\/es\/#\/schema\/person\/47b6a637abf88f9bd835540f20ea069e","name":"desarrollo","sameAs":["https:\/\/clone.gimnasticdetarragona.cat"]}]}},"_links":{"self":[{"href":"https:\/\/gimnasticdetarragona.cat\/es\/wp-json\/wp\/v2\/posts\/60489","targetHints":{"allow":["GET"]}}],"collection":[{"href":"https:\/\/gimnasticdetarragona.cat\/es\/wp-json\/wp\/v2\/posts"}],"about":[{"href":"https:\/\/gimnasticdetarragona.cat\/es\/wp-json\/wp\/v2\/types\/post"}],"author":[{"embeddable":true,"href":"https:\/\/gimnasticdetarragona.cat\/es\/wp-json\/wp\/v2\/users\/1"}],"replies":[{"embeddable":true,"href":"https:\/\/gimnasticdetarragona.cat\/es\/wp-json\/wp\/v2\/comments?post=60489"}],"version-history":[{"count":0,"href":"https:\/\/gimnasticdetarragona.cat\/es\/wp-json\/wp\/v2\/posts\/60489\/revisions"}],"wp:featuredmedia":[{"embeddable":true,"href":"https:\/\/gimnasticdetarragona.cat\/es\/wp-json\/wp\/v2\/media\/60486"}],"wp:attachment":[{"href":"https:\/\/gimnasticdetarragona.cat\/es\/wp-json\/wp\/v2\/media?parent=60489"}],"wp:term":[{"taxonomy":"category","embeddable":true,"href":"https:\/\/gimnasticdetarragona.cat\/es\/wp-json\/wp\/v2\/categories?post=60489"},{"taxonomy":"post_tag","embeddable":true,"href":"https:\/\/gimnasticdetarragona.cat\/es\/wp-json\/wp\/v2\/tags?post=60489"}],"curies":[{"name":"wp","href":"https:\/\/api.w.org\/{rel}","templated":true}]}}