{"id":60505,"date":"2016-10-12T20:35:54","date_gmt":"2016-10-12T20:35:54","guid":{"rendered":"https:\/\/clone.gimnasticdetarragona.cat\/rayo-1-1-nastic-1-4-5-penals-copa-del-rey\/"},"modified":"2016-10-12T20:35:54","modified_gmt":"2016-10-12T20:35:54","slug":"rayo-1-1-nastic-1-4-5-penals-copa-del-rey","status":"publish","type":"post","link":"https:\/\/gimnasticdetarragona.cat\/es\/rayo-1-1-nastic-1-4-5-penals-copa-del-rey\/","title":{"rendered":"Rayo Vallecano 1 &#8211; 1 N\u00e0stic (4 &#8211; 5), Copa del Rey"},"content":{"rendered":"<p style=\"text-align: justify;\">El N\u00e0stic supera la 3\u00aa ronda de Copa del Rey tras vencer a los de Vallecas en la tanda de penaltis. Maloku ha sido el goleador grana y, al inicio de la reanudaci\u00f3n, Manucho ha puesto la igualada. El equipo entrenado por Vicente Moreno conocer\u00e1 el viernes su pr\u00f3ximo rival, de LaLiga Santander, en los 16os de final de Copa.<\/p>\n<p style=\"text-align: justify;\">El conjunto grana ha presentado diferentes cambios en el once inicial, respecto del \u00faltimo partido de liga disputado en Elche. El N\u00e0stic, consciente de la importancia de la eliminatoria copera a partido \u00fanico, ha salido desde el inicio del encuentro en busca del gol; en el primer tramo de juego, los de Vicente Moreno han controlado la posesi\u00f3n del esf\u00e9rico en zona de medios. La primera ocasi\u00f3n ha llegado desde la esquina, en el minuto 4. Suzuki remat\u00f3 fuera, por poco, la centrada de Juan Mu\u00f1iz. Cuatro minutos despu\u00e9s, S. Eman\u00e1 ha dejado atr\u00e1s dos defensores y busc\u00f3 el remate desde la frontal del \u00e1rea. El bal\u00f3n ha salido muy desviado. Mientras que los de Vallecas, han disfrutado de la primera ocasi\u00f3n en el minuto 13, mediante Alex Moreno. El remate lo ha rechazado Dimitrievski. Dos minutos despu\u00e9s, ha sido Juan Mu\u00f1iz quien ha protagonizado una buena acci\u00f3n personal. El asturiano ha arrancado una conducci\u00f3n de bal\u00f3n desde campo propio y dispar\u00f3 desde la frontal. Gazzaniga ha atrapado sin complicaciones. El gol grana ha llegado en el minuto 24, tras el remate de cabeza de Maloku a centro de Ferran GP. Primer gol oficial del extremo nastiquer. Diez minutos despu\u00e9s, Juan Mu\u00f1iz intentaba sorprender al portero local en un centro-chut a bal\u00f3n parado. Gazzaniga ha respondido enviando a c\u00f3rner. En el 37&#8242;, Lobato culminaba una acci\u00f3n de volea, que atrapaba nuevamente el portero local. El conjunto entrenado por V\u00edctor Sandoval habr\u00eda puesto la igualada en el 42&#8242;, pero el remate a boca de gol de Claver\u00eda ha salido por encima del travesa\u00f1o. Nuevamente, Mu\u00f1iz, buscaba sorprender al meta de los vallecanos, pero este enviaba a c\u00f3rner. Con la victoria por la m\u00ednima se lleg\u00f3 al descanso.<\/p>\n<p style=\"text-align: justify;\">En la reanudaci\u00f3n, en el minuto 50, Manucho que acababa de entrar en el terreno de juego, puso la igualada. Los siguientes minutos de juego no han contado de ocasiones de gol. Ambos conjuntos alternaban la posesi\u00f3n y se manten\u00edan seguros en zona defensiva. En el 71&#8242; y 72&#8242;, respectivamente, los madrile\u00f1os han buscado el gol mediante Miku, con un remate desviado, y un segundo disparo atrapado por Dimitrievski en dos tiempos. Mientras que Delgado ha intentado el remate lejano en el 73&#8242;, sin acierto. El portero grana se ha mostrado r\u00e1pido en el minuto 87, tras anticiparse al remate del delantero del Rayo. Antes del a\u00f1adido, Djetei ha alejado el peligro del \u00e1rea grana con un despeje con la cabeza. Y ya en tiempo a\u00f1adido, el \u00e1rbitro decret\u00f3 penalti favorable a los de Vallecas. Dimitrievski ha parado la pena m\u00e1xima\u00a0con una buena estirada a su derecha y envi\u00f3 el partido a la pr\u00f3rroga.<\/p>\n<p style=\"text-align: justify;\">Vicente Moreno ha introducido el \u00faltimo cambio, dando entrada a \u00c1lex L\u00f3pez en lugar de Delgado. En el primer minuto de la pr\u00f3rroga, Stephane Eman\u00e1 ha disfrutado de una buena ocasi\u00f3n desde dentro del \u00e1rea. El remate del camerun\u00e9s ha salido excesivamente cruzado. Mientras que en el 97&#8242;, \u00c0lex L\u00f3pez ha hecho un buen recorte en una pelota controlada en el interior del \u00e1rea, y el remate final ha podido rechazar Gazzaniga. Dos minutos despu\u00e9s, a la porter\u00eda contraria, Dimitrievski respond\u00eda en dos tiempos al potente disparo de Manucho. En el 103&#8242;, Suzuki ha bloqueado el remate de Quini y, en el remate siguiente, el portero del N\u00e0stic ha atrapado el cabezazo\u00a0del mismo futbolista local. La \u00faltima ocasi\u00f3n del primer tiempo de la pr\u00f3rroga ha sido para Rharsalla, en un disparo desviado. En la segunda mitad del tiempo de pr\u00f3rroga, el Rayo Vallecano ha sido m\u00e1s activo que los grana, mediante centros desde la banda. Los hombres de Vicente Moreno, bien situados, se han mostrado contundentes en todo momento, evitando el segundo tanto local. Despu\u00e9s de los 120 minutos, la eliminatoria se ha decidido desde los 11 metros. En la tanda de penaltis, el N\u00e0stic ha transformado cinco de los siete penales ejecutados; los vallecanos solo han podido transformar cuatro de los siete, y el N\u00e0stic ha superado una nueva ronda de Copa del Rey.<\/p>\n<p style=\"text-align: justify;\">El pr\u00f3ximo enfrentamiento grana ser\u00e1 ante el Real Valladolid. El encuentro de la jornada 10 de LaLiga 1|2|3 se disputar\u00e1 este domingo 16 de octubre, a las 18 horas, en el Nou Estadi.<\/p>\n<p style=\"text-align: justify;\"><strong>Alineaciones<\/strong><\/p>\n<p style=\"text-align: justify;\">Rayo Vallecano: Gazzaniga, Quini, Zuculini, Z\u00e9 Castro, Nacho, Claver\u00eda (Trashorras, 46&#8242;), Fran Beltr\u00e1n, Lass, \u00c1lex Moreno (Gal\u00e1n, 101&#8242;), Piti (Manucho, 46&#8242;) y Miku.<\/p>\n<p style=\"text-align: justify;\">N\u00e0stic: Dimitrievski, Kakabadze, Suzuki, Djetei, Xavi Molina, Ferran GP, C. Lobato, Juan Mu\u00f1iz (M. Rharsalla, 85&#8242;), Maloku (L. Madinda, 46&#8242;), Delgado (\u00c0lex L\u00f3pez, 91&#8242;) y S. Eman\u00e1.<\/p>\n<p style=\"text-align: justify;\"><strong>Goles<\/strong><\/p>\n<p style=\"text-align: justify;\">0-1, Maloku (24&#8242;); 1-1, Manucho (50&#8242;).<\/p>\n<p style=\"text-align: justify;\">Penales: 0-1 (L. Madinda), 0-2 (Kakabadze), 1-2 (Ze Castro), 2-2 (Miku), 2-3 (M. Rharsalla), 3-3 (Manucho), 3 -4 (Suzuki), 4-4 (Fran), 4-5 (Xavi Molina).<\/p>\n<p style=\"text-align: justify;\"><strong>Tarjetas<\/strong><\/p>\n<p style=\"text-align: justify;\">Maloku (45+2&#8242;), Fran (60&#8242;), Quini (67 &#8216;), Manucho (76&#8242;), Trashorras (80&#8242;), Xavi Molina (88&#8242;), Delgado (89&#8242;) y Dimitrievski (90&#8217;).<\/p>\n<p style=\"text-align: justify;\"><strong>\u00c1rbitro<\/strong><\/p>\n<p style=\"text-align: justify;\">Sr. Rub\u00e9n Eiriz Mata (Colegio gallego)<\/p>\n<p style=\"text-align: justify;\">Partido correspondiente a la 3\u00aa eliminatoria de la Copa del Rey. Estadio de Vallecas, Madrid.<\/p>\n","protected":false},"excerpt":{"rendered":"<p>El N\u00e0stic supera la 3\u00aa ronda de Copa del Rey tras vencer a los de Vallecas en la tanda de penaltis. Maloku ha sido el goleador grana y, al inicio de la reanudaci\u00f3n, Manucho ha puesto la igualada. El equipo entrenado por Vicente Moreno conocer\u00e1 el viernes su pr\u00f3ximo rival, de LaLiga Santander, en los 16os de final de Copa.<\/p>\n","protected":false},"author":1,"featured_media":60502,"comment_status":"open","ping_status":"open","sticky":false,"template":"","format":"standard","meta":{"_acf_changed":false,"footnotes":""},"categories":[113,126],"tags":[],"class_list":["post-60505","post","type-post","status-publish","format-standard","has-post-thumbnail","hentry","category-actualidad","category-primer-equipo"],"acf":[],"yoast_head":"<!-- This site is optimized with the Yoast SEO plugin v27.3 - https:\/\/yoast.com\/product\/yoast-seo-wordpress\/ -->\n<title>Rayo Vallecano 1 - 1 N\u00e0stic (4 - 5), Copa del Rey - Gimn\u00e0stic de Tarragona SAD<\/title>\n<meta name=\"robots\" content=\"index, follow, max-snippet:-1, max-image-preview:large, max-video-preview:-1\" \/>\n<link rel=\"canonical\" href=\"https:\/\/gimnasticdetarragona.cat\/es\/rayo-1-1-nastic-1-4-5-penals-copa-del-rey\/\" \/>\n<meta property=\"og:locale\" content=\"es_ES\" \/>\n<meta property=\"og:type\" content=\"article\" \/>\n<meta property=\"og:title\" content=\"Rayo Vallecano 1 - 1 N\u00e0stic (4 - 5), Copa del Rey - Gimn\u00e0stic de Tarragona SAD\" \/>\n<meta property=\"og:description\" content=\"El N\u00e0stic supera la 3\u00aa ronda de Copa del Rey tras vencer a los de Vallecas en la tanda de penaltis. Maloku ha sido el goleador grana y, al inicio de la reanudaci\u00f3n, Manucho ha puesto la igualada. El equipo entrenado por Vicente Moreno conocer\u00e1 el viernes su pr\u00f3ximo rival, de LaLiga Santander, en los 16os de final de Copa.\" \/>\n<meta property=\"og:url\" content=\"https:\/\/gimnasticdetarragona.cat\/es\/rayo-1-1-nastic-1-4-5-penals-copa-del-rey\/\" \/>\n<meta property=\"og:site_name\" content=\"Gimn\u00e0stic de Tarragona SAD\" \/>\n<meta property=\"article:published_time\" content=\"2016-10-12T20:35:54+00:00\" \/>\n<meta property=\"og:image\" content=\"https:\/\/gimnasticdetarragona.cat\/wp-content\/uploads\/2022\/06\/05234237114003.jpg\" \/>\n\t<meta property=\"og:image:width\" content=\"1600\" \/>\n\t<meta property=\"og:image:height\" content=\"1200\" \/>\n\t<meta property=\"og:image:type\" content=\"image\/jpeg\" \/>\n<meta name=\"author\" content=\"desarrollo\" \/>\n<meta name=\"twitter:card\" content=\"summary_large_image\" \/>\n<meta name=\"twitter:creator\" content=\"@NASTICTARRAGONA\" \/>\n<meta name=\"twitter:site\" content=\"@NASTICTARRAGONA\" \/>\n<meta name=\"twitter:label1\" content=\"Escrito por\" \/>\n\t<meta name=\"twitter:data1\" content=\"desarrollo\" \/>\n\t<meta name=\"twitter:label2\" content=\"Tiempo de lectura\" \/>\n\t<meta name=\"twitter:data2\" content=\"5 minutos\" \/>\n<script type=\"application\/ld+json\" class=\"yoast-schema-graph\">{\"@context\":\"https:\\\/\\\/schema.org\",\"@graph\":[{\"@type\":\"Article\",\"@id\":\"https:\\\/\\\/gimnasticdetarragona.cat\\\/es\\\/rayo-1-1-nastic-1-4-5-penals-copa-del-rey\\\/#article\",\"isPartOf\":{\"@id\":\"https:\\\/\\\/gimnasticdetarragona.cat\\\/es\\\/rayo-1-1-nastic-1-4-5-penals-copa-del-rey\\\/\"},\"author\":{\"name\":\"desarrollo\",\"@id\":\"https:\\\/\\\/gimnasticdetarragona.cat\\\/es\\\/#\\\/schema\\\/person\\\/47b6a637abf88f9bd835540f20ea069e\"},\"headline\":\"Rayo Vallecano 1 &#8211; 1 N\u00e0stic (4 &#8211; 5), Copa del Rey\",\"datePublished\":\"2016-10-12T20:35:54+00:00\",\"mainEntityOfPage\":{\"@id\":\"https:\\\/\\\/gimnasticdetarragona.cat\\\/es\\\/rayo-1-1-nastic-1-4-5-penals-copa-del-rey\\\/\"},\"wordCount\":917,\"commentCount\":0,\"publisher\":{\"@id\":\"https:\\\/\\\/gimnasticdetarragona.cat\\\/es\\\/#organization\"},\"image\":{\"@id\":\"https:\\\/\\\/gimnasticdetarragona.cat\\\/es\\\/rayo-1-1-nastic-1-4-5-penals-copa-del-rey\\\/#primaryimage\"},\"thumbnailUrl\":\"https:\\\/\\\/gimnasticdetarragona.cat\\\/wp-content\\\/uploads\\\/2022\\\/06\\\/05234237114003.jpg\",\"articleSection\":[\"Actualidad\",\"Primer Equipo\"],\"inLanguage\":\"es\"},{\"@type\":\"WebPage\",\"@id\":\"https:\\\/\\\/gimnasticdetarragona.cat\\\/es\\\/rayo-1-1-nastic-1-4-5-penals-copa-del-rey\\\/\",\"url\":\"https:\\\/\\\/gimnasticdetarragona.cat\\\/es\\\/rayo-1-1-nastic-1-4-5-penals-copa-del-rey\\\/\",\"name\":\"Rayo Vallecano 1 - 1 N\u00e0stic (4 - 5), Copa del Rey - Gimn\u00e0stic de Tarragona SAD\",\"isPartOf\":{\"@id\":\"https:\\\/\\\/gimnasticdetarragona.cat\\\/es\\\/#website\"},\"primaryImageOfPage\":{\"@id\":\"https:\\\/\\\/gimnasticdetarragona.cat\\\/es\\\/rayo-1-1-nastic-1-4-5-penals-copa-del-rey\\\/#primaryimage\"},\"image\":{\"@id\":\"https:\\\/\\\/gimnasticdetarragona.cat\\\/es\\\/rayo-1-1-nastic-1-4-5-penals-copa-del-rey\\\/#primaryimage\"},\"thumbnailUrl\":\"https:\\\/\\\/gimnasticdetarragona.cat\\\/wp-content\\\/uploads\\\/2022\\\/06\\\/05234237114003.jpg\",\"datePublished\":\"2016-10-12T20:35:54+00:00\",\"breadcrumb\":{\"@id\":\"https:\\\/\\\/gimnasticdetarragona.cat\\\/es\\\/rayo-1-1-nastic-1-4-5-penals-copa-del-rey\\\/#breadcrumb\"},\"inLanguage\":\"es\",\"potentialAction\":[{\"@type\":\"ReadAction\",\"target\":[\"https:\\\/\\\/gimnasticdetarragona.cat\\\/es\\\/rayo-1-1-nastic-1-4-5-penals-copa-del-rey\\\/\"]}]},{\"@type\":\"ImageObject\",\"inLanguage\":\"es\",\"@id\":\"https:\\\/\\\/gimnasticdetarragona.cat\\\/es\\\/rayo-1-1-nastic-1-4-5-penals-copa-del-rey\\\/#primaryimage\",\"url\":\"https:\\\/\\\/gimnasticdetarragona.cat\\\/wp-content\\\/uploads\\\/2022\\\/06\\\/05234237114003.jpg\",\"contentUrl\":\"https:\\\/\\\/gimnasticdetarragona.cat\\\/wp-content\\\/uploads\\\/2022\\\/06\\\/05234237114003.jpg\",\"width\":1600,\"height\":1200},{\"@type\":\"BreadcrumbList\",\"@id\":\"https:\\\/\\\/gimnasticdetarragona.cat\\\/es\\\/rayo-1-1-nastic-1-4-5-penals-copa-del-rey\\\/#breadcrumb\",\"itemListElement\":[{\"@type\":\"ListItem\",\"position\":1,\"name\":\"Inici\",\"item\":\"https:\\\/\\\/gimnasticdetarragona.cat\\\/es\\\/nastic\\\/\"},{\"@type\":\"ListItem\",\"position\":2,\"name\":\"Rayo Vallecano 1 &#8211; 1 N\u00e0stic (4 &#8211; 5), Copa del Rey\"}]},{\"@type\":\"WebSite\",\"@id\":\"https:\\\/\\\/gimnasticdetarragona.cat\\\/es\\\/#website\",\"url\":\"https:\\\/\\\/gimnasticdetarragona.cat\\\/es\\\/\",\"name\":\"Gimn\u00e0stic de Tarragona SAD\",\"description\":\"Gimn\u00e0stic de Tarragona\",\"publisher\":{\"@id\":\"https:\\\/\\\/gimnasticdetarragona.cat\\\/es\\\/#organization\"},\"potentialAction\":[{\"@type\":\"SearchAction\",\"target\":{\"@type\":\"EntryPoint\",\"urlTemplate\":\"https:\\\/\\\/gimnasticdetarragona.cat\\\/es\\\/?s={search_term_string}\"},\"query-input\":{\"@type\":\"PropertyValueSpecification\",\"valueRequired\":true,\"valueName\":\"search_term_string\"}}],\"inLanguage\":\"es\"},{\"@type\":\"Organization\",\"@id\":\"https:\\\/\\\/gimnasticdetarragona.cat\\\/es\\\/#organization\",\"name\":\"GIMN\u00c0STIC DE TARRAGONA\",\"alternateName\":\"N\u00c0STIC\",\"url\":\"https:\\\/\\\/gimnasticdetarragona.cat\\\/es\\\/\",\"logo\":{\"@type\":\"ImageObject\",\"inLanguage\":\"es\",\"@id\":\"https:\\\/\\\/gimnasticdetarragona.cat\\\/es\\\/#\\\/schema\\\/logo\\\/image\\\/\",\"url\":\"https:\\\/\\\/gimnasticdetarragona.cat\\\/wp-content\\\/uploads\\\/2022\\\/06\\\/cropped-logo-gimnastic.png\",\"contentUrl\":\"https:\\\/\\\/gimnasticdetarragona.cat\\\/wp-content\\\/uploads\\\/2022\\\/06\\\/cropped-logo-gimnastic.png\",\"width\":224,\"height\":83,\"caption\":\"GIMN\u00c0STIC DE TARRAGONA\"},\"image\":{\"@id\":\"https:\\\/\\\/gimnasticdetarragona.cat\\\/es\\\/#\\\/schema\\\/logo\\\/image\\\/\"},\"sameAs\":[\"https:\\\/\\\/x.com\\\/NASTICTARRAGONA\",\"https:\\\/\\\/www.instagram.com\\\/nastictarragona\\\/\"]},{\"@type\":\"Person\",\"@id\":\"https:\\\/\\\/gimnasticdetarragona.cat\\\/es\\\/#\\\/schema\\\/person\\\/47b6a637abf88f9bd835540f20ea069e\",\"name\":\"desarrollo\",\"sameAs\":[\"https:\\\/\\\/clone.gimnasticdetarragona.cat\"]}]}<\/script>\n<!-- \/ Yoast SEO plugin. -->","yoast_head_json":{"title":"Rayo Vallecano 1 - 1 N\u00e0stic (4 - 5), Copa del Rey - Gimn\u00e0stic de Tarragona SAD","robots":{"index":"index","follow":"follow","max-snippet":"max-snippet:-1","max-image-preview":"max-image-preview:large","max-video-preview":"max-video-preview:-1"},"canonical":"https:\/\/gimnasticdetarragona.cat\/es\/rayo-1-1-nastic-1-4-5-penals-copa-del-rey\/","og_locale":"es_ES","og_type":"article","og_title":"Rayo Vallecano 1 - 1 N\u00e0stic (4 - 5), Copa del Rey - Gimn\u00e0stic de Tarragona SAD","og_description":"El N\u00e0stic supera la 3\u00aa ronda de Copa del Rey tras vencer a los de Vallecas en la tanda de penaltis. Maloku ha sido el goleador grana y, al inicio de la reanudaci\u00f3n, Manucho ha puesto la igualada. El equipo entrenado por Vicente Moreno conocer\u00e1 el viernes su pr\u00f3ximo rival, de LaLiga Santander, en los 16os de final de Copa.","og_url":"https:\/\/gimnasticdetarragona.cat\/es\/rayo-1-1-nastic-1-4-5-penals-copa-del-rey\/","og_site_name":"Gimn\u00e0stic de Tarragona SAD","article_published_time":"2016-10-12T20:35:54+00:00","og_image":[{"width":1600,"height":1200,"url":"https:\/\/gimnasticdetarragona.cat\/wp-content\/uploads\/2022\/06\/05234237114003.jpg","type":"image\/jpeg"}],"author":"desarrollo","twitter_card":"summary_large_image","twitter_creator":"@NASTICTARRAGONA","twitter_site":"@NASTICTARRAGONA","twitter_misc":{"Escrito por":"desarrollo","Tiempo de lectura":"5 minutos"},"schema":{"@context":"https:\/\/schema.org","@graph":[{"@type":"Article","@id":"https:\/\/gimnasticdetarragona.cat\/es\/rayo-1-1-nastic-1-4-5-penals-copa-del-rey\/#article","isPartOf":{"@id":"https:\/\/gimnasticdetarragona.cat\/es\/rayo-1-1-nastic-1-4-5-penals-copa-del-rey\/"},"author":{"name":"desarrollo","@id":"https:\/\/gimnasticdetarragona.cat\/es\/#\/schema\/person\/47b6a637abf88f9bd835540f20ea069e"},"headline":"Rayo Vallecano 1 &#8211; 1 N\u00e0stic (4 &#8211; 5), Copa del Rey","datePublished":"2016-10-12T20:35:54+00:00","mainEntityOfPage":{"@id":"https:\/\/gimnasticdetarragona.cat\/es\/rayo-1-1-nastic-1-4-5-penals-copa-del-rey\/"},"wordCount":917,"commentCount":0,"publisher":{"@id":"https:\/\/gimnasticdetarragona.cat\/es\/#organization"},"image":{"@id":"https:\/\/gimnasticdetarragona.cat\/es\/rayo-1-1-nastic-1-4-5-penals-copa-del-rey\/#primaryimage"},"thumbnailUrl":"https:\/\/gimnasticdetarragona.cat\/wp-content\/uploads\/2022\/06\/05234237114003.jpg","articleSection":["Actualidad","Primer Equipo"],"inLanguage":"es"},{"@type":"WebPage","@id":"https:\/\/gimnasticdetarragona.cat\/es\/rayo-1-1-nastic-1-4-5-penals-copa-del-rey\/","url":"https:\/\/gimnasticdetarragona.cat\/es\/rayo-1-1-nastic-1-4-5-penals-copa-del-rey\/","name":"Rayo Vallecano 1 - 1 N\u00e0stic (4 - 5), Copa del Rey - Gimn\u00e0stic de Tarragona SAD","isPartOf":{"@id":"https:\/\/gimnasticdetarragona.cat\/es\/#website"},"primaryImageOfPage":{"@id":"https:\/\/gimnasticdetarragona.cat\/es\/rayo-1-1-nastic-1-4-5-penals-copa-del-rey\/#primaryimage"},"image":{"@id":"https:\/\/gimnasticdetarragona.cat\/es\/rayo-1-1-nastic-1-4-5-penals-copa-del-rey\/#primaryimage"},"thumbnailUrl":"https:\/\/gimnasticdetarragona.cat\/wp-content\/uploads\/2022\/06\/05234237114003.jpg","datePublished":"2016-10-12T20:35:54+00:00","breadcrumb":{"@id":"https:\/\/gimnasticdetarragona.cat\/es\/rayo-1-1-nastic-1-4-5-penals-copa-del-rey\/#breadcrumb"},"inLanguage":"es","potentialAction":[{"@type":"ReadAction","target":["https:\/\/gimnasticdetarragona.cat\/es\/rayo-1-1-nastic-1-4-5-penals-copa-del-rey\/"]}]},{"@type":"ImageObject","inLanguage":"es","@id":"https:\/\/gimnasticdetarragona.cat\/es\/rayo-1-1-nastic-1-4-5-penals-copa-del-rey\/#primaryimage","url":"https:\/\/gimnasticdetarragona.cat\/wp-content\/uploads\/2022\/06\/05234237114003.jpg","contentUrl":"https:\/\/gimnasticdetarragona.cat\/wp-content\/uploads\/2022\/06\/05234237114003.jpg","width":1600,"height":1200},{"@type":"BreadcrumbList","@id":"https:\/\/gimnasticdetarragona.cat\/es\/rayo-1-1-nastic-1-4-5-penals-copa-del-rey\/#breadcrumb","itemListElement":[{"@type":"ListItem","position":1,"name":"Inici","item":"https:\/\/gimnasticdetarragona.cat\/es\/nastic\/"},{"@type":"ListItem","position":2,"name":"Rayo Vallecano 1 &#8211; 1 N\u00e0stic (4 &#8211; 5), Copa del Rey"}]},{"@type":"WebSite","@id":"https:\/\/gimnasticdetarragona.cat\/es\/#website","url":"https:\/\/gimnasticdetarragona.cat\/es\/","name":"Gimn\u00e0stic de Tarragona SAD","description":"Gimn\u00e0stic de Tarragona","publisher":{"@id":"https:\/\/gimnasticdetarragona.cat\/es\/#organization"},"potentialAction":[{"@type":"SearchAction","target":{"@type":"EntryPoint","urlTemplate":"https:\/\/gimnasticdetarragona.cat\/es\/?s={search_term_string}"},"query-input":{"@type":"PropertyValueSpecification","valueRequired":true,"valueName":"search_term_string"}}],"inLanguage":"es"},{"@type":"Organization","@id":"https:\/\/gimnasticdetarragona.cat\/es\/#organization","name":"GIMN\u00c0STIC DE TARRAGONA","alternateName":"N\u00c0STIC","url":"https:\/\/gimnasticdetarragona.cat\/es\/","logo":{"@type":"ImageObject","inLanguage":"es","@id":"https:\/\/gimnasticdetarragona.cat\/es\/#\/schema\/logo\/image\/","url":"https:\/\/gimnasticdetarragona.cat\/wp-content\/uploads\/2022\/06\/cropped-logo-gimnastic.png","contentUrl":"https:\/\/gimnasticdetarragona.cat\/wp-content\/uploads\/2022\/06\/cropped-logo-gimnastic.png","width":224,"height":83,"caption":"GIMN\u00c0STIC DE TARRAGONA"},"image":{"@id":"https:\/\/gimnasticdetarragona.cat\/es\/#\/schema\/logo\/image\/"},"sameAs":["https:\/\/x.com\/NASTICTARRAGONA","https:\/\/www.instagram.com\/nastictarragona\/"]},{"@type":"Person","@id":"https:\/\/gimnasticdetarragona.cat\/es\/#\/schema\/person\/47b6a637abf88f9bd835540f20ea069e","name":"desarrollo","sameAs":["https:\/\/clone.gimnasticdetarragona.cat"]}]}},"_links":{"self":[{"href":"https:\/\/gimnasticdetarragona.cat\/es\/wp-json\/wp\/v2\/posts\/60505","targetHints":{"allow":["GET"]}}],"collection":[{"href":"https:\/\/gimnasticdetarragona.cat\/es\/wp-json\/wp\/v2\/posts"}],"about":[{"href":"https:\/\/gimnasticdetarragona.cat\/es\/wp-json\/wp\/v2\/types\/post"}],"author":[{"embeddable":true,"href":"https:\/\/gimnasticdetarragona.cat\/es\/wp-json\/wp\/v2\/users\/1"}],"replies":[{"embeddable":true,"href":"https:\/\/gimnasticdetarragona.cat\/es\/wp-json\/wp\/v2\/comments?post=60505"}],"version-history":[{"count":0,"href":"https:\/\/gimnasticdetarragona.cat\/es\/wp-json\/wp\/v2\/posts\/60505\/revisions"}],"wp:featuredmedia":[{"embeddable":true,"href":"https:\/\/gimnasticdetarragona.cat\/es\/wp-json\/wp\/v2\/media\/60502"}],"wp:attachment":[{"href":"https:\/\/gimnasticdetarragona.cat\/es\/wp-json\/wp\/v2\/media?parent=60505"}],"wp:term":[{"taxonomy":"category","embeddable":true,"href":"https:\/\/gimnasticdetarragona.cat\/es\/wp-json\/wp\/v2\/categories?post=60505"},{"taxonomy":"post_tag","embeddable":true,"href":"https:\/\/gimnasticdetarragona.cat\/es\/wp-json\/wp\/v2\/tags?post=60505"}],"curies":[{"name":"wp","href":"https:\/\/api.w.org\/{rel}","templated":true}]}}