{"id":60551,"date":"2016-10-06T19:00:04","date_gmt":"2016-10-06T19:00:04","guid":{"rendered":"https:\/\/clone.gimnasticdetarragona.cat\/g-ritmica-tres-conjunts-grana-classificats-per-als-campionats-nacionals\/"},"modified":"2016-10-06T19:00:04","modified_gmt":"2016-10-06T19:00:04","slug":"g-ritmica-tres-conjunts-grana-classificats-per-als-campionats-nacionals","status":"publish","type":"post","link":"https:\/\/gimnasticdetarragona.cat\/es\/g-ritmica-tres-conjunts-grana-classificats-per-als-campionats-nacionals\/","title":{"rendered":"G. R\u00edtmica | Tres conjuntos grana clasificados para los campeonatos nacionales"},"content":{"rendered":"<p style=\"text-align: justify;\"><strong>El Conjunto Cadete VII consigue el Campeonato de Catalunya y obtiene la clasificaci\u00f3n para el Campeonato de Espa\u00f1a. Mientras que los conjuntos Senior Absoluto y Junior Absoluto del N\u00e0stic han ganado el clasificatorio de la Copa de Espa\u00f1a de Conjuntos, en la cita celebrada el pasado domingo en Figueres.<\/strong><\/p>\n<p style=\"text-align: justify;\">En cuanto al Conjunto Cadete Base, con 3 pelotas y 2 cintas, se ha proclamado Campe\u00f3n de Catalunya por delante de la Ametlla de Mar y el Manresa, que han sido segundos y terceros respectivamente, frente a 12 conjuntos participantes. El conjunto formado por Alejandra Pinilla, Laura Morell, J\u00e9ssica Navarro, Mia Albacar, Sara Castander y Sheila S\u00e1nchez, entrenado por Victoria Grau, se ha clasificado para el Campeonato de Espa\u00f1a Base, que se celebrar\u00e1 en Valladolid el mes de noviembre y lo har\u00e1 como Campe\u00f3n de Catalu\u00f1a.<\/p>\n<p style=\"text-align: justify;\">Mientras que el Conjunto Senior Absoluto, con 5 cintas, y formado por las gimnastas Marta Martin, Ainhoa S\u00e1nchez, Ariadna Morell, Ivet Canela, Aina Perram\u00f3n y Adriana Pinilla, entrenado por Gisela Camarero, se ha impuesto al Lloret y al Montigal\u00e0 Badalona, que han sido segundos y terceros respectivamente.<\/p>\n<p style=\"text-align: justify;\">Por su parte, el Conjunto Junior Absoluto, con 3 pelotas y 2 cintas, formado por Carla Marchal, Paula Oruj, Marina Sabat\u00e9, Marina Duque y Carla Cacho, entrenado por Iria Med\u00edn, se ha impuesto en el Reus Deportiu, segundo; y al Lloret, tercero.<\/p>\n<p style=\"text-align: justify;\">Ahora, los dos conjuntos del N\u00e0stic representar\u00e1n Catalu\u00f1a en la Copa de Espa\u00f1a, llamada Copa de la Reina, que se celebrar\u00e1 en Valladolid del 8 al 13 de noviembre. Hay que remarcar que en la Copa de la Reina s\u00f3lo participa el mejor conjunto, de cada categor\u00eda, de las diferentes comunidades aut\u00f3nomas.<\/p>\n","protected":false},"excerpt":{"rendered":"<p>El Conjunto Cadete VII consigue el Campeonato de Catalunya y obtiene la clasificaci\u00f3n para el Campeonato de Espa\u00f1a. Mientras que los conjuntos Senior Absoluto y Junior Absoluto del N\u00e0stic han ganado el clasificatorio de la Copa de Espa\u00f1a de Conjuntos, en la cita celebrada el pasado domingo en Figueres.<\/p>\n","protected":false},"author":1,"featured_media":60548,"comment_status":"open","ping_status":"open","sticky":false,"template":"","format":"standard","meta":{"_acf_changed":false,"footnotes":""},"categories":[113,127],"tags":[],"class_list":["post-60551","post","type-post","status-publish","format-standard","has-post-thumbnail","hentry","category-actualidad","category-secciones"],"acf":[],"yoast_head":"<!-- This site is optimized with the Yoast SEO plugin v27.3 - https:\/\/yoast.com\/product\/yoast-seo-wordpress\/ -->\n<title>G. R\u00edtmica | Tres conjuntos grana clasificados para los campeonatos nacionales - Gimn\u00e0stic de Tarragona SAD<\/title>\n<meta name=\"robots\" content=\"index, follow, max-snippet:-1, max-image-preview:large, max-video-preview:-1\" \/>\n<link rel=\"canonical\" href=\"https:\/\/gimnasticdetarragona.cat\/es\/g-ritmica-tres-conjunts-grana-classificats-per-als-campionats-nacionals\/\" \/>\n<meta property=\"og:locale\" content=\"es_ES\" \/>\n<meta property=\"og:type\" content=\"article\" \/>\n<meta property=\"og:title\" content=\"G. R\u00edtmica | Tres conjuntos grana clasificados para los campeonatos nacionales - Gimn\u00e0stic de Tarragona SAD\" \/>\n<meta property=\"og:description\" content=\"El Conjunto Cadete VII consigue el Campeonato de Catalunya y obtiene la clasificaci\u00f3n para el Campeonato de Espa\u00f1a. Mientras que los conjuntos Senior Absoluto y Junior Absoluto del N\u00e0stic han ganado el clasificatorio de la Copa de Espa\u00f1a de Conjuntos, en la cita celebrada el pasado domingo en Figueres.\" \/>\n<meta property=\"og:url\" content=\"https:\/\/gimnasticdetarragona.cat\/es\/g-ritmica-tres-conjunts-grana-classificats-per-als-campionats-nacionals\/\" \/>\n<meta property=\"og:site_name\" content=\"Gimn\u00e0stic de Tarragona SAD\" \/>\n<meta property=\"article:published_time\" content=\"2016-10-06T19:00:04+00:00\" \/>\n<meta property=\"og:image\" content=\"https:\/\/gimnasticdetarragona.cat\/wp-content\/uploads\/2022\/06\/05234234113864-scaled.jpg\" \/>\n\t<meta property=\"og:image:width\" content=\"2560\" \/>\n\t<meta property=\"og:image:height\" content=\"1440\" \/>\n\t<meta property=\"og:image:type\" content=\"image\/jpeg\" \/>\n<meta name=\"author\" content=\"desarrollo\" \/>\n<meta name=\"twitter:card\" content=\"summary_large_image\" \/>\n<meta name=\"twitter:creator\" content=\"@NASTICTARRAGONA\" \/>\n<meta name=\"twitter:site\" content=\"@NASTICTARRAGONA\" \/>\n<meta name=\"twitter:label1\" content=\"Escrito por\" \/>\n\t<meta name=\"twitter:data1\" content=\"desarrollo\" \/>\n\t<meta name=\"twitter:label2\" content=\"Tiempo de lectura\" \/>\n\t<meta name=\"twitter:data2\" content=\"1 minuto\" \/>\n<script type=\"application\/ld+json\" class=\"yoast-schema-graph\">{\"@context\":\"https:\\\/\\\/schema.org\",\"@graph\":[{\"@type\":\"Article\",\"@id\":\"https:\\\/\\\/gimnasticdetarragona.cat\\\/es\\\/g-ritmica-tres-conjunts-grana-classificats-per-als-campionats-nacionals\\\/#article\",\"isPartOf\":{\"@id\":\"https:\\\/\\\/gimnasticdetarragona.cat\\\/es\\\/g-ritmica-tres-conjunts-grana-classificats-per-als-campionats-nacionals\\\/\"},\"author\":{\"name\":\"desarrollo\",\"@id\":\"https:\\\/\\\/gimnasticdetarragona.cat\\\/es\\\/#\\\/schema\\\/person\\\/47b6a637abf88f9bd835540f20ea069e\"},\"headline\":\"G. R\u00edtmica | Tres conjuntos grana clasificados para los campeonatos nacionales\",\"datePublished\":\"2016-10-06T19:00:04+00:00\",\"mainEntityOfPage\":{\"@id\":\"https:\\\/\\\/gimnasticdetarragona.cat\\\/es\\\/g-ritmica-tres-conjunts-grana-classificats-per-als-campionats-nacionals\\\/\"},\"wordCount\":299,\"commentCount\":0,\"publisher\":{\"@id\":\"https:\\\/\\\/gimnasticdetarragona.cat\\\/es\\\/#organization\"},\"image\":{\"@id\":\"https:\\\/\\\/gimnasticdetarragona.cat\\\/es\\\/g-ritmica-tres-conjunts-grana-classificats-per-als-campionats-nacionals\\\/#primaryimage\"},\"thumbnailUrl\":\"https:\\\/\\\/gimnasticdetarragona.cat\\\/wp-content\\\/uploads\\\/2022\\\/06\\\/05234234113864-scaled.jpg\",\"articleSection\":[\"Actualidad\",\"Secciones\"],\"inLanguage\":\"es\"},{\"@type\":\"WebPage\",\"@id\":\"https:\\\/\\\/gimnasticdetarragona.cat\\\/es\\\/g-ritmica-tres-conjunts-grana-classificats-per-als-campionats-nacionals\\\/\",\"url\":\"https:\\\/\\\/gimnasticdetarragona.cat\\\/es\\\/g-ritmica-tres-conjunts-grana-classificats-per-als-campionats-nacionals\\\/\",\"name\":\"G. R\u00edtmica | Tres conjuntos grana clasificados para los campeonatos nacionales - Gimn\u00e0stic de Tarragona SAD\",\"isPartOf\":{\"@id\":\"https:\\\/\\\/gimnasticdetarragona.cat\\\/es\\\/#website\"},\"primaryImageOfPage\":{\"@id\":\"https:\\\/\\\/gimnasticdetarragona.cat\\\/es\\\/g-ritmica-tres-conjunts-grana-classificats-per-als-campionats-nacionals\\\/#primaryimage\"},\"image\":{\"@id\":\"https:\\\/\\\/gimnasticdetarragona.cat\\\/es\\\/g-ritmica-tres-conjunts-grana-classificats-per-als-campionats-nacionals\\\/#primaryimage\"},\"thumbnailUrl\":\"https:\\\/\\\/gimnasticdetarragona.cat\\\/wp-content\\\/uploads\\\/2022\\\/06\\\/05234234113864-scaled.jpg\",\"datePublished\":\"2016-10-06T19:00:04+00:00\",\"breadcrumb\":{\"@id\":\"https:\\\/\\\/gimnasticdetarragona.cat\\\/es\\\/g-ritmica-tres-conjunts-grana-classificats-per-als-campionats-nacionals\\\/#breadcrumb\"},\"inLanguage\":\"es\",\"potentialAction\":[{\"@type\":\"ReadAction\",\"target\":[\"https:\\\/\\\/gimnasticdetarragona.cat\\\/es\\\/g-ritmica-tres-conjunts-grana-classificats-per-als-campionats-nacionals\\\/\"]}]},{\"@type\":\"ImageObject\",\"inLanguage\":\"es\",\"@id\":\"https:\\\/\\\/gimnasticdetarragona.cat\\\/es\\\/g-ritmica-tres-conjunts-grana-classificats-per-als-campionats-nacionals\\\/#primaryimage\",\"url\":\"https:\\\/\\\/gimnasticdetarragona.cat\\\/wp-content\\\/uploads\\\/2022\\\/06\\\/05234234113864-scaled.jpg\",\"contentUrl\":\"https:\\\/\\\/gimnasticdetarragona.cat\\\/wp-content\\\/uploads\\\/2022\\\/06\\\/05234234113864-scaled.jpg\",\"width\":2560,\"height\":1440,\"caption\":\"?\"},{\"@type\":\"BreadcrumbList\",\"@id\":\"https:\\\/\\\/gimnasticdetarragona.cat\\\/es\\\/g-ritmica-tres-conjunts-grana-classificats-per-als-campionats-nacionals\\\/#breadcrumb\",\"itemListElement\":[{\"@type\":\"ListItem\",\"position\":1,\"name\":\"Inici\",\"item\":\"https:\\\/\\\/gimnasticdetarragona.cat\\\/es\\\/nastic\\\/\"},{\"@type\":\"ListItem\",\"position\":2,\"name\":\"G. R\u00edtmica | Tres conjuntos grana clasificados para los campeonatos nacionales\"}]},{\"@type\":\"WebSite\",\"@id\":\"https:\\\/\\\/gimnasticdetarragona.cat\\\/es\\\/#website\",\"url\":\"https:\\\/\\\/gimnasticdetarragona.cat\\\/es\\\/\",\"name\":\"Gimn\u00e0stic de Tarragona SAD\",\"description\":\"Gimn\u00e0stic de Tarragona\",\"publisher\":{\"@id\":\"https:\\\/\\\/gimnasticdetarragona.cat\\\/es\\\/#organization\"},\"potentialAction\":[{\"@type\":\"SearchAction\",\"target\":{\"@type\":\"EntryPoint\",\"urlTemplate\":\"https:\\\/\\\/gimnasticdetarragona.cat\\\/es\\\/?s={search_term_string}\"},\"query-input\":{\"@type\":\"PropertyValueSpecification\",\"valueRequired\":true,\"valueName\":\"search_term_string\"}}],\"inLanguage\":\"es\"},{\"@type\":\"Organization\",\"@id\":\"https:\\\/\\\/gimnasticdetarragona.cat\\\/es\\\/#organization\",\"name\":\"GIMN\u00c0STIC DE TARRAGONA\",\"alternateName\":\"N\u00c0STIC\",\"url\":\"https:\\\/\\\/gimnasticdetarragona.cat\\\/es\\\/\",\"logo\":{\"@type\":\"ImageObject\",\"inLanguage\":\"es\",\"@id\":\"https:\\\/\\\/gimnasticdetarragona.cat\\\/es\\\/#\\\/schema\\\/logo\\\/image\\\/\",\"url\":\"https:\\\/\\\/gimnasticdetarragona.cat\\\/wp-content\\\/uploads\\\/2022\\\/06\\\/cropped-logo-gimnastic.png\",\"contentUrl\":\"https:\\\/\\\/gimnasticdetarragona.cat\\\/wp-content\\\/uploads\\\/2022\\\/06\\\/cropped-logo-gimnastic.png\",\"width\":224,\"height\":83,\"caption\":\"GIMN\u00c0STIC DE TARRAGONA\"},\"image\":{\"@id\":\"https:\\\/\\\/gimnasticdetarragona.cat\\\/es\\\/#\\\/schema\\\/logo\\\/image\\\/\"},\"sameAs\":[\"https:\\\/\\\/x.com\\\/NASTICTARRAGONA\",\"https:\\\/\\\/www.instagram.com\\\/nastictarragona\\\/\"]},{\"@type\":\"Person\",\"@id\":\"https:\\\/\\\/gimnasticdetarragona.cat\\\/es\\\/#\\\/schema\\\/person\\\/47b6a637abf88f9bd835540f20ea069e\",\"name\":\"desarrollo\",\"sameAs\":[\"https:\\\/\\\/clone.gimnasticdetarragona.cat\"]}]}<\/script>\n<!-- \/ Yoast SEO plugin. -->","yoast_head_json":{"title":"G. R\u00edtmica | Tres conjuntos grana clasificados para los campeonatos nacionales - Gimn\u00e0stic de Tarragona SAD","robots":{"index":"index","follow":"follow","max-snippet":"max-snippet:-1","max-image-preview":"max-image-preview:large","max-video-preview":"max-video-preview:-1"},"canonical":"https:\/\/gimnasticdetarragona.cat\/es\/g-ritmica-tres-conjunts-grana-classificats-per-als-campionats-nacionals\/","og_locale":"es_ES","og_type":"article","og_title":"G. R\u00edtmica | Tres conjuntos grana clasificados para los campeonatos nacionales - Gimn\u00e0stic de Tarragona SAD","og_description":"El Conjunto Cadete VII consigue el Campeonato de Catalunya y obtiene la clasificaci\u00f3n para el Campeonato de Espa\u00f1a. Mientras que los conjuntos Senior Absoluto y Junior Absoluto del N\u00e0stic han ganado el clasificatorio de la Copa de Espa\u00f1a de Conjuntos, en la cita celebrada el pasado domingo en Figueres.","og_url":"https:\/\/gimnasticdetarragona.cat\/es\/g-ritmica-tres-conjunts-grana-classificats-per-als-campionats-nacionals\/","og_site_name":"Gimn\u00e0stic de Tarragona SAD","article_published_time":"2016-10-06T19:00:04+00:00","og_image":[{"width":2560,"height":1440,"url":"https:\/\/gimnasticdetarragona.cat\/wp-content\/uploads\/2022\/06\/05234234113864-scaled.jpg","type":"image\/jpeg"}],"author":"desarrollo","twitter_card":"summary_large_image","twitter_creator":"@NASTICTARRAGONA","twitter_site":"@NASTICTARRAGONA","twitter_misc":{"Escrito por":"desarrollo","Tiempo de lectura":"1 minuto"},"schema":{"@context":"https:\/\/schema.org","@graph":[{"@type":"Article","@id":"https:\/\/gimnasticdetarragona.cat\/es\/g-ritmica-tres-conjunts-grana-classificats-per-als-campionats-nacionals\/#article","isPartOf":{"@id":"https:\/\/gimnasticdetarragona.cat\/es\/g-ritmica-tres-conjunts-grana-classificats-per-als-campionats-nacionals\/"},"author":{"name":"desarrollo","@id":"https:\/\/gimnasticdetarragona.cat\/es\/#\/schema\/person\/47b6a637abf88f9bd835540f20ea069e"},"headline":"G. R\u00edtmica | Tres conjuntos grana clasificados para los campeonatos nacionales","datePublished":"2016-10-06T19:00:04+00:00","mainEntityOfPage":{"@id":"https:\/\/gimnasticdetarragona.cat\/es\/g-ritmica-tres-conjunts-grana-classificats-per-als-campionats-nacionals\/"},"wordCount":299,"commentCount":0,"publisher":{"@id":"https:\/\/gimnasticdetarragona.cat\/es\/#organization"},"image":{"@id":"https:\/\/gimnasticdetarragona.cat\/es\/g-ritmica-tres-conjunts-grana-classificats-per-als-campionats-nacionals\/#primaryimage"},"thumbnailUrl":"https:\/\/gimnasticdetarragona.cat\/wp-content\/uploads\/2022\/06\/05234234113864-scaled.jpg","articleSection":["Actualidad","Secciones"],"inLanguage":"es"},{"@type":"WebPage","@id":"https:\/\/gimnasticdetarragona.cat\/es\/g-ritmica-tres-conjunts-grana-classificats-per-als-campionats-nacionals\/","url":"https:\/\/gimnasticdetarragona.cat\/es\/g-ritmica-tres-conjunts-grana-classificats-per-als-campionats-nacionals\/","name":"G. R\u00edtmica | Tres conjuntos grana clasificados para los campeonatos nacionales - Gimn\u00e0stic de Tarragona SAD","isPartOf":{"@id":"https:\/\/gimnasticdetarragona.cat\/es\/#website"},"primaryImageOfPage":{"@id":"https:\/\/gimnasticdetarragona.cat\/es\/g-ritmica-tres-conjunts-grana-classificats-per-als-campionats-nacionals\/#primaryimage"},"image":{"@id":"https:\/\/gimnasticdetarragona.cat\/es\/g-ritmica-tres-conjunts-grana-classificats-per-als-campionats-nacionals\/#primaryimage"},"thumbnailUrl":"https:\/\/gimnasticdetarragona.cat\/wp-content\/uploads\/2022\/06\/05234234113864-scaled.jpg","datePublished":"2016-10-06T19:00:04+00:00","breadcrumb":{"@id":"https:\/\/gimnasticdetarragona.cat\/es\/g-ritmica-tres-conjunts-grana-classificats-per-als-campionats-nacionals\/#breadcrumb"},"inLanguage":"es","potentialAction":[{"@type":"ReadAction","target":["https:\/\/gimnasticdetarragona.cat\/es\/g-ritmica-tres-conjunts-grana-classificats-per-als-campionats-nacionals\/"]}]},{"@type":"ImageObject","inLanguage":"es","@id":"https:\/\/gimnasticdetarragona.cat\/es\/g-ritmica-tres-conjunts-grana-classificats-per-als-campionats-nacionals\/#primaryimage","url":"https:\/\/gimnasticdetarragona.cat\/wp-content\/uploads\/2022\/06\/05234234113864-scaled.jpg","contentUrl":"https:\/\/gimnasticdetarragona.cat\/wp-content\/uploads\/2022\/06\/05234234113864-scaled.jpg","width":2560,"height":1440,"caption":"?"},{"@type":"BreadcrumbList","@id":"https:\/\/gimnasticdetarragona.cat\/es\/g-ritmica-tres-conjunts-grana-classificats-per-als-campionats-nacionals\/#breadcrumb","itemListElement":[{"@type":"ListItem","position":1,"name":"Inici","item":"https:\/\/gimnasticdetarragona.cat\/es\/nastic\/"},{"@type":"ListItem","position":2,"name":"G. R\u00edtmica | Tres conjuntos grana clasificados para los campeonatos nacionales"}]},{"@type":"WebSite","@id":"https:\/\/gimnasticdetarragona.cat\/es\/#website","url":"https:\/\/gimnasticdetarragona.cat\/es\/","name":"Gimn\u00e0stic de Tarragona SAD","description":"Gimn\u00e0stic de Tarragona","publisher":{"@id":"https:\/\/gimnasticdetarragona.cat\/es\/#organization"},"potentialAction":[{"@type":"SearchAction","target":{"@type":"EntryPoint","urlTemplate":"https:\/\/gimnasticdetarragona.cat\/es\/?s={search_term_string}"},"query-input":{"@type":"PropertyValueSpecification","valueRequired":true,"valueName":"search_term_string"}}],"inLanguage":"es"},{"@type":"Organization","@id":"https:\/\/gimnasticdetarragona.cat\/es\/#organization","name":"GIMN\u00c0STIC DE TARRAGONA","alternateName":"N\u00c0STIC","url":"https:\/\/gimnasticdetarragona.cat\/es\/","logo":{"@type":"ImageObject","inLanguage":"es","@id":"https:\/\/gimnasticdetarragona.cat\/es\/#\/schema\/logo\/image\/","url":"https:\/\/gimnasticdetarragona.cat\/wp-content\/uploads\/2022\/06\/cropped-logo-gimnastic.png","contentUrl":"https:\/\/gimnasticdetarragona.cat\/wp-content\/uploads\/2022\/06\/cropped-logo-gimnastic.png","width":224,"height":83,"caption":"GIMN\u00c0STIC DE TARRAGONA"},"image":{"@id":"https:\/\/gimnasticdetarragona.cat\/es\/#\/schema\/logo\/image\/"},"sameAs":["https:\/\/x.com\/NASTICTARRAGONA","https:\/\/www.instagram.com\/nastictarragona\/"]},{"@type":"Person","@id":"https:\/\/gimnasticdetarragona.cat\/es\/#\/schema\/person\/47b6a637abf88f9bd835540f20ea069e","name":"desarrollo","sameAs":["https:\/\/clone.gimnasticdetarragona.cat"]}]}},"_links":{"self":[{"href":"https:\/\/gimnasticdetarragona.cat\/es\/wp-json\/wp\/v2\/posts\/60551","targetHints":{"allow":["GET"]}}],"collection":[{"href":"https:\/\/gimnasticdetarragona.cat\/es\/wp-json\/wp\/v2\/posts"}],"about":[{"href":"https:\/\/gimnasticdetarragona.cat\/es\/wp-json\/wp\/v2\/types\/post"}],"author":[{"embeddable":true,"href":"https:\/\/gimnasticdetarragona.cat\/es\/wp-json\/wp\/v2\/users\/1"}],"replies":[{"embeddable":true,"href":"https:\/\/gimnasticdetarragona.cat\/es\/wp-json\/wp\/v2\/comments?post=60551"}],"version-history":[{"count":0,"href":"https:\/\/gimnasticdetarragona.cat\/es\/wp-json\/wp\/v2\/posts\/60551\/revisions"}],"wp:featuredmedia":[{"embeddable":true,"href":"https:\/\/gimnasticdetarragona.cat\/es\/wp-json\/wp\/v2\/media\/60548"}],"wp:attachment":[{"href":"https:\/\/gimnasticdetarragona.cat\/es\/wp-json\/wp\/v2\/media?parent=60551"}],"wp:term":[{"taxonomy":"category","embeddable":true,"href":"https:\/\/gimnasticdetarragona.cat\/es\/wp-json\/wp\/v2\/categories?post=60551"},{"taxonomy":"post_tag","embeddable":true,"href":"https:\/\/gimnasticdetarragona.cat\/es\/wp-json\/wp\/v2\/tags?post=60551"}],"curies":[{"name":"wp","href":"https:\/\/api.w.org\/{rel}","templated":true}]}}