{"id":60563,"date":"2016-10-05T23:34:22","date_gmt":"2016-10-05T23:34:22","guid":{"rendered":"https:\/\/clone.gimnasticdetarragona.cat\/classificats-per-les-semifinals-de-copa-catalunya\/"},"modified":"2016-10-05T23:34:22","modified_gmt":"2016-10-05T23:34:22","slug":"classificats-per-les-semifinals-de-copa-catalunya","status":"publish","type":"post","link":"https:\/\/gimnasticdetarragona.cat\/es\/classificats-per-les-semifinals-de-copa-catalunya\/","title":{"rendered":"Clasificados para las semifinales de Copa Catalunya"},"content":{"rendered":"<p style=\"text-align: justify;\">El conjunto entrenado por Vicente Moreno ha superado al equipo cuatribarrado en la tanda de penaltis y jugar\u00e1 las semifinales de la Copa Catalunya ante el CF Gav\u00e0. Un mixto de jugadores del primer equipo y de La Pobla han participado en esta eliminatoria a partido \u00fanico.<\/p>\n<p style=\"text-align: justify;\">La primera mitad fue muy igualada entre ambos conjuntos catalanes. Las ocasiones m\u00e1s destacadas han llegado mediante disparos lejanos que han sido bloqueados por los dos porteros. La primera ocasi\u00f3n de gol fue en el minuto 15, en un remate de Maloku que ha acabado en c\u00f3rner. Cuatro minutos despu\u00e9s, el arquero local sacaba dos buenas manos en los remates consecutivos de Mu\u00f1iz y Ferran GP. Los cuadribarrados han disfrutado de tres llegadas a partir del minuto 24, que no han supuesto peligro para Dimitrievski. Y en el 38&#8242;, el exgrana Luismi ha buscado el gol en un remate desde dentro del \u00e1rea, desacertado. Las \u00faltimos remates de la primera mitad fueron de color grana; los disparos de Rharsalla y Maloku en la recta final no han supuesto peligro para Segovia.<\/p>\n<p style=\"text-align: justify;\">En la reanudaci\u00f3n, el hoy debutante Rayco, que ha entrado en el terreno de juego al inicio de la segunda mitad, ha gozado de dos buenas ocasiones consecutivas. En el minuto 60, el canario se ha hecho espacio para buscar el gol y, nuevamente, Segovia, respond\u00eda con dos paradas consecutivas. Cinco minutos despu\u00e9s, el mismo portero tambi\u00e9n respond\u00eda al remate en propia puerta de su compa\u00f1ero Juanma. La \u00faltima media hora de juego ha sido muy disputada en zona de medios y el ritmo de juego se cortaba constantemente mediante las faltas de los dos equipos, adem\u00e1s, de los cambios que han ido introduciendo los dos entrenadores. Con el empate a cero inicial se ha llegado a la conclusi\u00f3n de los 90 minutos reglamentarios. El paso a las semifinales de la presente edici\u00f3n de la Copa Catalu\u00f1a Absoluta se ha certificado desde los 11 metros, donde los tarraconenses han sido capaces de marcar cuatro de los cinco\u00a0lanzamientos, mientras que el Sant Andreu solo ha transformado dos de los cuatro penales ejecutados. El CF Gav\u00e0 ya espera en la pr\u00f3xima ronda, el d\u00eda y hora de la nueva eliminatoria a partido \u00fanico que buscar\u00e1n superar los de Vicente Moreno todav\u00eda est\u00e1 por confirmar.<\/p>\n<p style=\"text-align: justify;\">El pr\u00f3ximo enfrentamiento grana ser\u00e1 en Elche. En la jornada 9, el conjunto entrenado por Vicente Moreno buscar\u00e1 la victoria ante el Elche CF. El encuentro se disputar\u00e1 el s\u00e1bado, d\u00eda 8 de octubre, a las 18 horas, en el estadio Mart\u00ednez Valero.<\/p>\n<p style=\"text-align: justify;\"><strong>Alineaciones<\/strong><\/p>\n<p style=\"text-align: justify;\">UE Sant Andreu: Segovia, Llamas, Santolalla, Juanma, Noguera, Guerrero (Joel, 72&#8242;), David Lopez (Arjona, 56&#8242;), Jorge Mu\u00f1oz, Sekou (Makaay, 80&#8242;), Luismi (Toro, 66&#8242;) y Alcover.<\/p>\n<p style=\"text-align: justify;\">N\u00e0stic: Dimitrievski, Gabri Vidal, Xavi Molina (I. Bouz\u00f3n UZ, 46&#8242;), Zahibo (Roger, 46&#8242;), Lobato (Bruguer, 76&#8242;), Juan Mu\u00f1iz, Ivan Vidal (Ricky, 61&#8242;), Maloku, Rharsalla (Rayco, 46&#8242;), Ferran GP y Vadillo.<\/p>\n<p style=\"text-align: justify;\"><strong>Goles<\/strong><\/p>\n<p style=\"text-align: justify;\">Penales: 0-1 (Rayco), 1-1 (Ton Alcover), 1-2 (Juan Mu\u00f1iz), 2-2 (Arjona), 2-3 (Maloku), 2-4 (Ferran GP)<\/p>\n<p style=\"text-align: justify;\"><strong>Tarjetas<\/strong><\/p>\n<p style=\"text-align: justify;\">Rayco (55&#8242;), Ton Alcover (64&#8242;), Guerrero (68&#8242;), Roger (71&#8242;) y I. Bouz\u00f3n U.Z. (73&#8242;).<\/p>\n<p style=\"text-align: justify;\"><strong>\u00c1rbitro<\/strong><\/p>\n<p style=\"text-align: justify;\">Sr. Hector Robas Bondia (Colegio catal\u00e1n)<\/p>\n","protected":false},"excerpt":{"rendered":"<p>El conjunto entrenado por Vicente Moreno ha superado al equipo cuatribarrado en la tanda de penaltis y jugar\u00e1 las semifinales de la Copa Catalunya ante el CF Gav\u00e0. Un mixto de jugadores del primer equipo y de La Pobla han participado en esta eliminatoria a partido \u00fanico. La primera mitad fue muy igualada entre ambos [&hellip;]<\/p>\n","protected":false},"author":1,"featured_media":60560,"comment_status":"open","ping_status":"open","sticky":false,"template":"","format":"standard","meta":{"_acf_changed":false,"footnotes":""},"categories":[113,126],"tags":[],"class_list":["post-60563","post","type-post","status-publish","format-standard","has-post-thumbnail","hentry","category-actualidad","category-primer-equipo"],"acf":[],"yoast_head":"<!-- This site is optimized with the Yoast SEO plugin v27.3 - https:\/\/yoast.com\/product\/yoast-seo-wordpress\/ -->\n<title>Clasificados para las semifinales de Copa Catalunya - Gimn\u00e0stic de Tarragona SAD<\/title>\n<meta name=\"robots\" content=\"index, follow, max-snippet:-1, max-image-preview:large, max-video-preview:-1\" \/>\n<link rel=\"canonical\" href=\"https:\/\/gimnasticdetarragona.cat\/es\/classificats-per-les-semifinals-de-copa-catalunya\/\" \/>\n<meta property=\"og:locale\" content=\"es_ES\" \/>\n<meta property=\"og:type\" content=\"article\" \/>\n<meta property=\"og:title\" content=\"Clasificados para las semifinales de Copa Catalunya - Gimn\u00e0stic de Tarragona SAD\" \/>\n<meta property=\"og:description\" content=\"El conjunto entrenado por Vicente Moreno ha superado al equipo cuatribarrado en la tanda de penaltis y jugar\u00e1 las semifinales de la Copa Catalunya ante el CF Gav\u00e0. Un mixto de jugadores del primer equipo y de La Pobla han participado en esta eliminatoria a partido \u00fanico. La primera mitad fue muy igualada entre ambos [&hellip;]\" \/>\n<meta property=\"og:url\" content=\"https:\/\/gimnasticdetarragona.cat\/es\/classificats-per-les-semifinals-de-copa-catalunya\/\" \/>\n<meta property=\"og:site_name\" content=\"Gimn\u00e0stic de Tarragona SAD\" \/>\n<meta property=\"article:published_time\" content=\"2016-10-05T23:34:22+00:00\" \/>\n<meta property=\"og:image\" content=\"https:\/\/gimnasticdetarragona.cat\/wp-content\/uploads\/2022\/06\/05234228113818.png\" \/>\n\t<meta property=\"og:image:width\" content=\"1478\" \/>\n\t<meta property=\"og:image:height\" content=\"820\" \/>\n\t<meta property=\"og:image:type\" content=\"image\/png\" \/>\n<meta name=\"author\" content=\"desarrollo\" \/>\n<meta name=\"twitter:card\" content=\"summary_large_image\" \/>\n<meta name=\"twitter:creator\" content=\"@NASTICTARRAGONA\" \/>\n<meta name=\"twitter:site\" content=\"@NASTICTARRAGONA\" \/>\n<meta name=\"twitter:label1\" content=\"Escrito por\" \/>\n\t<meta name=\"twitter:data1\" content=\"desarrollo\" \/>\n\t<meta name=\"twitter:label2\" content=\"Tiempo de lectura\" \/>\n\t<meta name=\"twitter:data2\" content=\"3 minutos\" \/>\n<script type=\"application\/ld+json\" class=\"yoast-schema-graph\">{\"@context\":\"https:\\\/\\\/schema.org\",\"@graph\":[{\"@type\":\"Article\",\"@id\":\"https:\\\/\\\/gimnasticdetarragona.cat\\\/es\\\/classificats-per-les-semifinals-de-copa-catalunya\\\/#article\",\"isPartOf\":{\"@id\":\"https:\\\/\\\/gimnasticdetarragona.cat\\\/es\\\/classificats-per-les-semifinals-de-copa-catalunya\\\/\"},\"author\":{\"name\":\"desarrollo\",\"@id\":\"https:\\\/\\\/gimnasticdetarragona.cat\\\/es\\\/#\\\/schema\\\/person\\\/47b6a637abf88f9bd835540f20ea069e\"},\"headline\":\"Clasificados para las semifinales de Copa Catalunya\",\"datePublished\":\"2016-10-05T23:34:22+00:00\",\"mainEntityOfPage\":{\"@id\":\"https:\\\/\\\/gimnasticdetarragona.cat\\\/es\\\/classificats-per-les-semifinals-de-copa-catalunya\\\/\"},\"wordCount\":534,\"commentCount\":0,\"publisher\":{\"@id\":\"https:\\\/\\\/gimnasticdetarragona.cat\\\/es\\\/#organization\"},\"image\":{\"@id\":\"https:\\\/\\\/gimnasticdetarragona.cat\\\/es\\\/classificats-per-les-semifinals-de-copa-catalunya\\\/#primaryimage\"},\"thumbnailUrl\":\"https:\\\/\\\/gimnasticdetarragona.cat\\\/wp-content\\\/uploads\\\/2022\\\/06\\\/05234228113818.png\",\"articleSection\":[\"Actualidad\",\"Primer Equipo\"],\"inLanguage\":\"es\"},{\"@type\":\"WebPage\",\"@id\":\"https:\\\/\\\/gimnasticdetarragona.cat\\\/es\\\/classificats-per-les-semifinals-de-copa-catalunya\\\/\",\"url\":\"https:\\\/\\\/gimnasticdetarragona.cat\\\/es\\\/classificats-per-les-semifinals-de-copa-catalunya\\\/\",\"name\":\"Clasificados para las semifinales de Copa Catalunya - Gimn\u00e0stic de Tarragona SAD\",\"isPartOf\":{\"@id\":\"https:\\\/\\\/gimnasticdetarragona.cat\\\/es\\\/#website\"},\"primaryImageOfPage\":{\"@id\":\"https:\\\/\\\/gimnasticdetarragona.cat\\\/es\\\/classificats-per-les-semifinals-de-copa-catalunya\\\/#primaryimage\"},\"image\":{\"@id\":\"https:\\\/\\\/gimnasticdetarragona.cat\\\/es\\\/classificats-per-les-semifinals-de-copa-catalunya\\\/#primaryimage\"},\"thumbnailUrl\":\"https:\\\/\\\/gimnasticdetarragona.cat\\\/wp-content\\\/uploads\\\/2022\\\/06\\\/05234228113818.png\",\"datePublished\":\"2016-10-05T23:34:22+00:00\",\"breadcrumb\":{\"@id\":\"https:\\\/\\\/gimnasticdetarragona.cat\\\/es\\\/classificats-per-les-semifinals-de-copa-catalunya\\\/#breadcrumb\"},\"inLanguage\":\"es\",\"potentialAction\":[{\"@type\":\"ReadAction\",\"target\":[\"https:\\\/\\\/gimnasticdetarragona.cat\\\/es\\\/classificats-per-les-semifinals-de-copa-catalunya\\\/\"]}]},{\"@type\":\"ImageObject\",\"inLanguage\":\"es\",\"@id\":\"https:\\\/\\\/gimnasticdetarragona.cat\\\/es\\\/classificats-per-les-semifinals-de-copa-catalunya\\\/#primaryimage\",\"url\":\"https:\\\/\\\/gimnasticdetarragona.cat\\\/wp-content\\\/uploads\\\/2022\\\/06\\\/05234228113818.png\",\"contentUrl\":\"https:\\\/\\\/gimnasticdetarragona.cat\\\/wp-content\\\/uploads\\\/2022\\\/06\\\/05234228113818.png\",\"width\":1478,\"height\":820},{\"@type\":\"BreadcrumbList\",\"@id\":\"https:\\\/\\\/gimnasticdetarragona.cat\\\/es\\\/classificats-per-les-semifinals-de-copa-catalunya\\\/#breadcrumb\",\"itemListElement\":[{\"@type\":\"ListItem\",\"position\":1,\"name\":\"Inici\",\"item\":\"https:\\\/\\\/gimnasticdetarragona.cat\\\/es\\\/nastic\\\/\"},{\"@type\":\"ListItem\",\"position\":2,\"name\":\"Clasificados para las semifinales de Copa Catalunya\"}]},{\"@type\":\"WebSite\",\"@id\":\"https:\\\/\\\/gimnasticdetarragona.cat\\\/es\\\/#website\",\"url\":\"https:\\\/\\\/gimnasticdetarragona.cat\\\/es\\\/\",\"name\":\"Gimn\u00e0stic de Tarragona SAD\",\"description\":\"Gimn\u00e0stic de Tarragona\",\"publisher\":{\"@id\":\"https:\\\/\\\/gimnasticdetarragona.cat\\\/es\\\/#organization\"},\"potentialAction\":[{\"@type\":\"SearchAction\",\"target\":{\"@type\":\"EntryPoint\",\"urlTemplate\":\"https:\\\/\\\/gimnasticdetarragona.cat\\\/es\\\/?s={search_term_string}\"},\"query-input\":{\"@type\":\"PropertyValueSpecification\",\"valueRequired\":true,\"valueName\":\"search_term_string\"}}],\"inLanguage\":\"es\"},{\"@type\":\"Organization\",\"@id\":\"https:\\\/\\\/gimnasticdetarragona.cat\\\/es\\\/#organization\",\"name\":\"GIMN\u00c0STIC DE TARRAGONA\",\"alternateName\":\"N\u00c0STIC\",\"url\":\"https:\\\/\\\/gimnasticdetarragona.cat\\\/es\\\/\",\"logo\":{\"@type\":\"ImageObject\",\"inLanguage\":\"es\",\"@id\":\"https:\\\/\\\/gimnasticdetarragona.cat\\\/es\\\/#\\\/schema\\\/logo\\\/image\\\/\",\"url\":\"https:\\\/\\\/gimnasticdetarragona.cat\\\/wp-content\\\/uploads\\\/2022\\\/06\\\/cropped-logo-gimnastic.png\",\"contentUrl\":\"https:\\\/\\\/gimnasticdetarragona.cat\\\/wp-content\\\/uploads\\\/2022\\\/06\\\/cropped-logo-gimnastic.png\",\"width\":224,\"height\":83,\"caption\":\"GIMN\u00c0STIC DE TARRAGONA\"},\"image\":{\"@id\":\"https:\\\/\\\/gimnasticdetarragona.cat\\\/es\\\/#\\\/schema\\\/logo\\\/image\\\/\"},\"sameAs\":[\"https:\\\/\\\/x.com\\\/NASTICTARRAGONA\",\"https:\\\/\\\/www.instagram.com\\\/nastictarragona\\\/\"]},{\"@type\":\"Person\",\"@id\":\"https:\\\/\\\/gimnasticdetarragona.cat\\\/es\\\/#\\\/schema\\\/person\\\/47b6a637abf88f9bd835540f20ea069e\",\"name\":\"desarrollo\",\"sameAs\":[\"https:\\\/\\\/clone.gimnasticdetarragona.cat\"]}]}<\/script>\n<!-- \/ Yoast SEO plugin. -->","yoast_head_json":{"title":"Clasificados para las semifinales de Copa Catalunya - Gimn\u00e0stic de Tarragona SAD","robots":{"index":"index","follow":"follow","max-snippet":"max-snippet:-1","max-image-preview":"max-image-preview:large","max-video-preview":"max-video-preview:-1"},"canonical":"https:\/\/gimnasticdetarragona.cat\/es\/classificats-per-les-semifinals-de-copa-catalunya\/","og_locale":"es_ES","og_type":"article","og_title":"Clasificados para las semifinales de Copa Catalunya - Gimn\u00e0stic de Tarragona SAD","og_description":"El conjunto entrenado por Vicente Moreno ha superado al equipo cuatribarrado en la tanda de penaltis y jugar\u00e1 las semifinales de la Copa Catalunya ante el CF Gav\u00e0. Un mixto de jugadores del primer equipo y de La Pobla han participado en esta eliminatoria a partido \u00fanico. La primera mitad fue muy igualada entre ambos [&hellip;]","og_url":"https:\/\/gimnasticdetarragona.cat\/es\/classificats-per-les-semifinals-de-copa-catalunya\/","og_site_name":"Gimn\u00e0stic de Tarragona SAD","article_published_time":"2016-10-05T23:34:22+00:00","og_image":[{"width":1478,"height":820,"url":"https:\/\/gimnasticdetarragona.cat\/wp-content\/uploads\/2022\/06\/05234228113818.png","type":"image\/png"}],"author":"desarrollo","twitter_card":"summary_large_image","twitter_creator":"@NASTICTARRAGONA","twitter_site":"@NASTICTARRAGONA","twitter_misc":{"Escrito por":"desarrollo","Tiempo de lectura":"3 minutos"},"schema":{"@context":"https:\/\/schema.org","@graph":[{"@type":"Article","@id":"https:\/\/gimnasticdetarragona.cat\/es\/classificats-per-les-semifinals-de-copa-catalunya\/#article","isPartOf":{"@id":"https:\/\/gimnasticdetarragona.cat\/es\/classificats-per-les-semifinals-de-copa-catalunya\/"},"author":{"name":"desarrollo","@id":"https:\/\/gimnasticdetarragona.cat\/es\/#\/schema\/person\/47b6a637abf88f9bd835540f20ea069e"},"headline":"Clasificados para las semifinales de Copa Catalunya","datePublished":"2016-10-05T23:34:22+00:00","mainEntityOfPage":{"@id":"https:\/\/gimnasticdetarragona.cat\/es\/classificats-per-les-semifinals-de-copa-catalunya\/"},"wordCount":534,"commentCount":0,"publisher":{"@id":"https:\/\/gimnasticdetarragona.cat\/es\/#organization"},"image":{"@id":"https:\/\/gimnasticdetarragona.cat\/es\/classificats-per-les-semifinals-de-copa-catalunya\/#primaryimage"},"thumbnailUrl":"https:\/\/gimnasticdetarragona.cat\/wp-content\/uploads\/2022\/06\/05234228113818.png","articleSection":["Actualidad","Primer Equipo"],"inLanguage":"es"},{"@type":"WebPage","@id":"https:\/\/gimnasticdetarragona.cat\/es\/classificats-per-les-semifinals-de-copa-catalunya\/","url":"https:\/\/gimnasticdetarragona.cat\/es\/classificats-per-les-semifinals-de-copa-catalunya\/","name":"Clasificados para las semifinales de Copa Catalunya - Gimn\u00e0stic de Tarragona SAD","isPartOf":{"@id":"https:\/\/gimnasticdetarragona.cat\/es\/#website"},"primaryImageOfPage":{"@id":"https:\/\/gimnasticdetarragona.cat\/es\/classificats-per-les-semifinals-de-copa-catalunya\/#primaryimage"},"image":{"@id":"https:\/\/gimnasticdetarragona.cat\/es\/classificats-per-les-semifinals-de-copa-catalunya\/#primaryimage"},"thumbnailUrl":"https:\/\/gimnasticdetarragona.cat\/wp-content\/uploads\/2022\/06\/05234228113818.png","datePublished":"2016-10-05T23:34:22+00:00","breadcrumb":{"@id":"https:\/\/gimnasticdetarragona.cat\/es\/classificats-per-les-semifinals-de-copa-catalunya\/#breadcrumb"},"inLanguage":"es","potentialAction":[{"@type":"ReadAction","target":["https:\/\/gimnasticdetarragona.cat\/es\/classificats-per-les-semifinals-de-copa-catalunya\/"]}]},{"@type":"ImageObject","inLanguage":"es","@id":"https:\/\/gimnasticdetarragona.cat\/es\/classificats-per-les-semifinals-de-copa-catalunya\/#primaryimage","url":"https:\/\/gimnasticdetarragona.cat\/wp-content\/uploads\/2022\/06\/05234228113818.png","contentUrl":"https:\/\/gimnasticdetarragona.cat\/wp-content\/uploads\/2022\/06\/05234228113818.png","width":1478,"height":820},{"@type":"BreadcrumbList","@id":"https:\/\/gimnasticdetarragona.cat\/es\/classificats-per-les-semifinals-de-copa-catalunya\/#breadcrumb","itemListElement":[{"@type":"ListItem","position":1,"name":"Inici","item":"https:\/\/gimnasticdetarragona.cat\/es\/nastic\/"},{"@type":"ListItem","position":2,"name":"Clasificados para las semifinales de Copa Catalunya"}]},{"@type":"WebSite","@id":"https:\/\/gimnasticdetarragona.cat\/es\/#website","url":"https:\/\/gimnasticdetarragona.cat\/es\/","name":"Gimn\u00e0stic de Tarragona SAD","description":"Gimn\u00e0stic de Tarragona","publisher":{"@id":"https:\/\/gimnasticdetarragona.cat\/es\/#organization"},"potentialAction":[{"@type":"SearchAction","target":{"@type":"EntryPoint","urlTemplate":"https:\/\/gimnasticdetarragona.cat\/es\/?s={search_term_string}"},"query-input":{"@type":"PropertyValueSpecification","valueRequired":true,"valueName":"search_term_string"}}],"inLanguage":"es"},{"@type":"Organization","@id":"https:\/\/gimnasticdetarragona.cat\/es\/#organization","name":"GIMN\u00c0STIC DE TARRAGONA","alternateName":"N\u00c0STIC","url":"https:\/\/gimnasticdetarragona.cat\/es\/","logo":{"@type":"ImageObject","inLanguage":"es","@id":"https:\/\/gimnasticdetarragona.cat\/es\/#\/schema\/logo\/image\/","url":"https:\/\/gimnasticdetarragona.cat\/wp-content\/uploads\/2022\/06\/cropped-logo-gimnastic.png","contentUrl":"https:\/\/gimnasticdetarragona.cat\/wp-content\/uploads\/2022\/06\/cropped-logo-gimnastic.png","width":224,"height":83,"caption":"GIMN\u00c0STIC DE TARRAGONA"},"image":{"@id":"https:\/\/gimnasticdetarragona.cat\/es\/#\/schema\/logo\/image\/"},"sameAs":["https:\/\/x.com\/NASTICTARRAGONA","https:\/\/www.instagram.com\/nastictarragona\/"]},{"@type":"Person","@id":"https:\/\/gimnasticdetarragona.cat\/es\/#\/schema\/person\/47b6a637abf88f9bd835540f20ea069e","name":"desarrollo","sameAs":["https:\/\/clone.gimnasticdetarragona.cat"]}]}},"_links":{"self":[{"href":"https:\/\/gimnasticdetarragona.cat\/es\/wp-json\/wp\/v2\/posts\/60563","targetHints":{"allow":["GET"]}}],"collection":[{"href":"https:\/\/gimnasticdetarragona.cat\/es\/wp-json\/wp\/v2\/posts"}],"about":[{"href":"https:\/\/gimnasticdetarragona.cat\/es\/wp-json\/wp\/v2\/types\/post"}],"author":[{"embeddable":true,"href":"https:\/\/gimnasticdetarragona.cat\/es\/wp-json\/wp\/v2\/users\/1"}],"replies":[{"embeddable":true,"href":"https:\/\/gimnasticdetarragona.cat\/es\/wp-json\/wp\/v2\/comments?post=60563"}],"version-history":[{"count":0,"href":"https:\/\/gimnasticdetarragona.cat\/es\/wp-json\/wp\/v2\/posts\/60563\/revisions"}],"wp:featuredmedia":[{"embeddable":true,"href":"https:\/\/gimnasticdetarragona.cat\/es\/wp-json\/wp\/v2\/media\/60560"}],"wp:attachment":[{"href":"https:\/\/gimnasticdetarragona.cat\/es\/wp-json\/wp\/v2\/media?parent=60563"}],"wp:term":[{"taxonomy":"category","embeddable":true,"href":"https:\/\/gimnasticdetarragona.cat\/es\/wp-json\/wp\/v2\/categories?post=60563"},{"taxonomy":"post_tag","embeddable":true,"href":"https:\/\/gimnasticdetarragona.cat\/es\/wp-json\/wp\/v2\/tags?post=60563"}],"curies":[{"name":"wp","href":"https:\/\/api.w.org\/{rel}","templated":true}]}}