{"id":60599,"date":"2016-10-01T20:02:40","date_gmt":"2016-10-01T20:02:40","guid":{"rendered":"https:\/\/clone.gimnasticdetarragona.cat\/nastic-1-1-sevilla-at\/"},"modified":"2016-10-01T20:02:40","modified_gmt":"2016-10-01T20:02:40","slug":"nastic-1-1-sevilla-at","status":"publish","type":"post","link":"https:\/\/gimnasticdetarragona.cat\/es\/nastic-1-1-sevilla-at\/","title":{"rendered":"N\u00e0stic 1 &#8211; 1 Sevilla At."},"content":{"rendered":"<p style=\"text-align: justify;\">El N\u00e0stic suma un nuevo empate en un partido en el que dispuso de numerosas ocasiones pero no ha tenido la fortuna de conseguir el gol de la victoria.<\/p>\n<p style=\"text-align: justify;\">El N\u00e0stic ha saltado al c\u00e9sped con un objetivo claro, conseguir la primera victoria de la temporada, y ha demostrado desde el minuto 1 que quer\u00eda dominar el partido. En el minuto 2 ha llegado la primera ocasi\u00f3n grana. Tras una buena jugada personal de Lobato, la pelota lleg\u00f3 a los pies de Juan Mu\u00f1iz pero su disparo se march\u00f3 desviado. En el minuto 6, el mismo Mu\u00f1iz ha sido quien ha sacado un buen centro que ha alejado la defensa del Sevilla At. El rechace lo ha aprovechado Suzuki con un disparo que se march\u00f3 alto por encima de la porter\u00eda de Soriano. Y en el minuto 7 ha llegado el primer gol del partido. \u00c0lex L\u00f3pez ha asistido de espaldas para Uche que llegaba en carrera y, tras desbordar a la defensa, ha enviado el bal\u00f3n al fondo de la red\u00a0con un tiro cruzado. Los grana han seguido dominando y llegando con claridad al \u00e1rea sevillana. En el minuto 17, Uche ha disfrutado de una nueva ocasi\u00f3n, tras un centro por banda izquierda de Mossa. El remate del nigeriano lo ha tenido que enviar la defensa a c\u00f3rner. Acto seguido ha sido Suzuki quien ha estado a punto de marcar. Mu\u00f1iz ha servido de esquina y el central japon\u00e9s ha conectado de cabeza enviando el bal\u00f3n fuera rozando el palo.<\/p>\n<p style=\"text-align: justify;\">El N\u00e0stic dominaba pero el Sevilla ha sabido aprovechar una acci\u00f3n de estrategia, en el minuto 19, para coger desprevenida a la defensa local y hacer subir el 1-1 al marcador. Con el gol, los sevillanos han recuperado la moral y han comenzado a llegar con m\u00e1s peligro al \u00e1rea del N\u00e0stic. Los grana han sabido seguir controlando y han disfrutado de un par de ocasiones a bal\u00f3n parado. El Sevilla At, por su parte, ha dispuesto de una ocasi\u00f3n muy clara en el minuto 30. Carlos Fern\u00e1ndez ha empalmado un potente disparo desde dentro del \u00e1rea que ha obligado a Saja a lucirse para evitar el gol. Al descanso se lleg\u00f3 con el empate a goles.<\/p>\n<p style=\"text-align: justify;\">La segunda mitad comenz\u00f3 con el mismo gui\u00f3n. Los grana, muy enchufados, han sido los primeros en crear peligro. En el primer minuto de la reanudaci\u00f3n Tejera ha empalmado un gran disparo que se estrell\u00f3 en la cruceta de la porter\u00eda andaluza. Los locales dominaban y llegaban con claridad pero el gol se segu\u00eda resistiendo. Vicente Moreno dio entrada a Jean Luc, en el 52&#8242;, y a Rharsalla, en el 59&#8242;, buscando dar refresco al ataque, y la apuesta se ha notado desde el primer minuto. Los locales han vuelto a encontrar profundidad por las bandas llegando hasta la l\u00ednea de fondo y disfrutando de buenas ocasiones. En el minuto 64, el N\u00e0stic ha estado a punto de conseguir el segundo pero de nuevo el palo evit\u00f3 que los grana se adelantaran en el marcador. Rharsalla ha asistido para Uche que ha enviado el bal\u00f3n al palo. Y en el 66 &#8216;una nueva centrada de Rharsalla desde banda izquierda lo ha controlado Alex L\u00f3pez en la peque\u00f1a. Su disparo a la media vuelta lo ha enviado la defensa a c\u00f3rner. En los \u00faltimos 10 minutos de partido el N\u00e0stic ha avanzado l\u00edneas y dispuso de numerosas ocasiones. El equipo ha luchado hasta el final y en el tiempo de a\u00f1adido ha estado a punto de conseguir el gol de la victoria, pero la fortuna no ha estado del lado de los grana.<\/p>\n<p style=\"text-align: justify;\">El pr\u00f3ximo enfrentamiento grana ser\u00e1 contra la UE Sant Andreu, en el partido de 1\/4 de final de Copa Catalu\u00f1a Absoluta que se disputar\u00e1 el mi\u00e9rcoles 5, a las 20.45 horas, en el Narc\u00eds Sala. Mientras que el pr\u00f3ximo encuentro de LaLiga 1| 2|3 ser\u00e1 ante el Elche en el Estadio Mart\u00ednez Valero. El encuentro se disputar\u00e1 el s\u00e1bado, d\u00eda 8 de octubre, a las 18 horas.<\/p>\n<p style=\"text-align: justify;\">\n<p style=\"text-align: justify;\"><strong>Alineaciones<\/strong><\/p>\n<p style=\"text-align: justify;\">N\u00e0stic: Saja, Gerard V. (Kakabadze, 81&#8242;), I. Bouz\u00f3n UZ, Suzuki, Mossa, L. Madinda, Tejera, C. Lobato (M. Rharsalla, 59&#8242;), Juan Mu\u00f1iz (J. Assoubre, 52&#8242;), Alex L\u00f3pez y Uche.<\/p>\n<p style=\"text-align: justify;\">Sevilla Atl\u00e9tico: Soriano, Carmona, Matos, Diego, Bernardo, Carlos, Borja Lasso, Carrillo, Schetino (Fede S, 52&#8242;), Boutobba (Pozo, 67&#8242; (C. Gonz\u00e1lez, 87 &#8216;)) y Yan Etequi.<\/p>\n<p style=\"text-align: justify;\"><strong>Goles<\/strong><\/p>\n<p style=\"text-align: justify;\">1-0, Uche (7&#8242;); 1-1, Bernardo Cruz (19&#8242;).<\/p>\n<p style=\"text-align: justify;\"><strong>Tarjetas<\/strong><\/p>\n<p style=\"text-align: justify;\">Schetino (10&#8242;), Carrillo (24&#8242;), Juan Mu\u00f1iz (26&#8242;), Valent\u00edn (62&#8242;) Matos (62&#8242;), Tejera (75&#8242;), Bernardo Cruz (85&#8242;), Diego Glez. (80&#8242;), Carrillo (85&#8242;), Bouz\u00f3n (87 &#8216;) y Soriano (93&#8217;).<\/p>\n<p style=\"text-align: justify;\"><strong>\u00c1rbitro<\/strong><\/p>\n<p style=\"text-align: justify;\">Sr. D\u00e1maso Arcediano Monescillo (Colegio castellano-manchego)<\/p>\n<p style=\"text-align: justify;\">Partido correspondiente a la jornada 8 de Laliga 1|2|3. Nou Estadi, 5206 espectadores.<\/p>\n","protected":false},"excerpt":{"rendered":"<p>El N\u00e0stic suma un nuevo empate en el Nou Estadi tras insistir y luchar en busca del gol de la victoria.<\/p>\n","protected":false},"author":1,"featured_media":60596,"comment_status":"open","ping_status":"open","sticky":false,"template":"","format":"standard","meta":{"_acf_changed":false,"footnotes":""},"categories":[113,126],"tags":[],"class_list":["post-60599","post","type-post","status-publish","format-standard","has-post-thumbnail","hentry","category-actualidad","category-primer-equipo"],"acf":[],"yoast_head":"<!-- This site is optimized with the Yoast SEO plugin v27.3 - https:\/\/yoast.com\/product\/yoast-seo-wordpress\/ -->\n<title>N\u00e0stic 1 - 1 Sevilla At. - Gimn\u00e0stic de Tarragona SAD<\/title>\n<meta name=\"robots\" content=\"index, follow, max-snippet:-1, max-image-preview:large, max-video-preview:-1\" \/>\n<link rel=\"canonical\" href=\"https:\/\/gimnasticdetarragona.cat\/es\/nastic-1-1-sevilla-at\/\" \/>\n<meta property=\"og:locale\" content=\"es_ES\" \/>\n<meta property=\"og:type\" content=\"article\" \/>\n<meta property=\"og:title\" content=\"N\u00e0stic 1 - 1 Sevilla At. - Gimn\u00e0stic de Tarragona SAD\" \/>\n<meta property=\"og:description\" content=\"El N\u00e0stic suma un nuevo empate en el Nou Estadi tras insistir y luchar en busca del gol de la victoria.\" \/>\n<meta property=\"og:url\" content=\"https:\/\/gimnasticdetarragona.cat\/es\/nastic-1-1-sevilla-at\/\" \/>\n<meta property=\"og:site_name\" content=\"Gimn\u00e0stic de Tarragona SAD\" \/>\n<meta property=\"article:published_time\" content=\"2016-10-01T20:02:40+00:00\" \/>\n<meta property=\"og:image\" content=\"https:\/\/gimnasticdetarragona.cat\/wp-content\/uploads\/2022\/06\/05234225113630.png\" \/>\n\t<meta property=\"og:image:width\" content=\"879\" \/>\n\t<meta property=\"og:image:height\" content=\"549\" \/>\n\t<meta property=\"og:image:type\" content=\"image\/png\" \/>\n<meta name=\"author\" content=\"desarrollo\" \/>\n<meta name=\"twitter:card\" content=\"summary_large_image\" \/>\n<meta name=\"twitter:creator\" content=\"@NASTICTARRAGONA\" \/>\n<meta name=\"twitter:site\" content=\"@NASTICTARRAGONA\" \/>\n<meta name=\"twitter:label1\" content=\"Escrito por\" \/>\n\t<meta name=\"twitter:data1\" content=\"desarrollo\" \/>\n\t<meta name=\"twitter:label2\" content=\"Tiempo de lectura\" \/>\n\t<meta name=\"twitter:data2\" content=\"4 minutos\" \/>\n<script type=\"application\/ld+json\" class=\"yoast-schema-graph\">{\"@context\":\"https:\\\/\\\/schema.org\",\"@graph\":[{\"@type\":\"Article\",\"@id\":\"https:\\\/\\\/gimnasticdetarragona.cat\\\/es\\\/nastic-1-1-sevilla-at\\\/#article\",\"isPartOf\":{\"@id\":\"https:\\\/\\\/gimnasticdetarragona.cat\\\/es\\\/nastic-1-1-sevilla-at\\\/\"},\"author\":{\"name\":\"desarrollo\",\"@id\":\"https:\\\/\\\/gimnasticdetarragona.cat\\\/es\\\/#\\\/schema\\\/person\\\/47b6a637abf88f9bd835540f20ea069e\"},\"headline\":\"N\u00e0stic 1 &#8211; 1 Sevilla At.\",\"datePublished\":\"2016-10-01T20:02:40+00:00\",\"mainEntityOfPage\":{\"@id\":\"https:\\\/\\\/gimnasticdetarragona.cat\\\/es\\\/nastic-1-1-sevilla-at\\\/\"},\"wordCount\":793,\"commentCount\":0,\"publisher\":{\"@id\":\"https:\\\/\\\/gimnasticdetarragona.cat\\\/es\\\/#organization\"},\"image\":{\"@id\":\"https:\\\/\\\/gimnasticdetarragona.cat\\\/es\\\/nastic-1-1-sevilla-at\\\/#primaryimage\"},\"thumbnailUrl\":\"https:\\\/\\\/gimnasticdetarragona.cat\\\/wp-content\\\/uploads\\\/2022\\\/06\\\/05234225113630.png\",\"articleSection\":[\"Actualidad\",\"Primer Equipo\"],\"inLanguage\":\"es\"},{\"@type\":\"WebPage\",\"@id\":\"https:\\\/\\\/gimnasticdetarragona.cat\\\/es\\\/nastic-1-1-sevilla-at\\\/\",\"url\":\"https:\\\/\\\/gimnasticdetarragona.cat\\\/es\\\/nastic-1-1-sevilla-at\\\/\",\"name\":\"N\u00e0stic 1 - 1 Sevilla At. - Gimn\u00e0stic de Tarragona SAD\",\"isPartOf\":{\"@id\":\"https:\\\/\\\/gimnasticdetarragona.cat\\\/es\\\/#website\"},\"primaryImageOfPage\":{\"@id\":\"https:\\\/\\\/gimnasticdetarragona.cat\\\/es\\\/nastic-1-1-sevilla-at\\\/#primaryimage\"},\"image\":{\"@id\":\"https:\\\/\\\/gimnasticdetarragona.cat\\\/es\\\/nastic-1-1-sevilla-at\\\/#primaryimage\"},\"thumbnailUrl\":\"https:\\\/\\\/gimnasticdetarragona.cat\\\/wp-content\\\/uploads\\\/2022\\\/06\\\/05234225113630.png\",\"datePublished\":\"2016-10-01T20:02:40+00:00\",\"breadcrumb\":{\"@id\":\"https:\\\/\\\/gimnasticdetarragona.cat\\\/es\\\/nastic-1-1-sevilla-at\\\/#breadcrumb\"},\"inLanguage\":\"es\",\"potentialAction\":[{\"@type\":\"ReadAction\",\"target\":[\"https:\\\/\\\/gimnasticdetarragona.cat\\\/es\\\/nastic-1-1-sevilla-at\\\/\"]}]},{\"@type\":\"ImageObject\",\"inLanguage\":\"es\",\"@id\":\"https:\\\/\\\/gimnasticdetarragona.cat\\\/es\\\/nastic-1-1-sevilla-at\\\/#primaryimage\",\"url\":\"https:\\\/\\\/gimnasticdetarragona.cat\\\/wp-content\\\/uploads\\\/2022\\\/06\\\/05234225113630.png\",\"contentUrl\":\"https:\\\/\\\/gimnasticdetarragona.cat\\\/wp-content\\\/uploads\\\/2022\\\/06\\\/05234225113630.png\",\"width\":879,\"height\":549},{\"@type\":\"BreadcrumbList\",\"@id\":\"https:\\\/\\\/gimnasticdetarragona.cat\\\/es\\\/nastic-1-1-sevilla-at\\\/#breadcrumb\",\"itemListElement\":[{\"@type\":\"ListItem\",\"position\":1,\"name\":\"Inici\",\"item\":\"https:\\\/\\\/gimnasticdetarragona.cat\\\/es\\\/nastic\\\/\"},{\"@type\":\"ListItem\",\"position\":2,\"name\":\"N\u00e0stic 1 &#8211; 1 Sevilla At.\"}]},{\"@type\":\"WebSite\",\"@id\":\"https:\\\/\\\/gimnasticdetarragona.cat\\\/es\\\/#website\",\"url\":\"https:\\\/\\\/gimnasticdetarragona.cat\\\/es\\\/\",\"name\":\"Gimn\u00e0stic de Tarragona SAD\",\"description\":\"Gimn\u00e0stic de Tarragona\",\"publisher\":{\"@id\":\"https:\\\/\\\/gimnasticdetarragona.cat\\\/es\\\/#organization\"},\"potentialAction\":[{\"@type\":\"SearchAction\",\"target\":{\"@type\":\"EntryPoint\",\"urlTemplate\":\"https:\\\/\\\/gimnasticdetarragona.cat\\\/es\\\/?s={search_term_string}\"},\"query-input\":{\"@type\":\"PropertyValueSpecification\",\"valueRequired\":true,\"valueName\":\"search_term_string\"}}],\"inLanguage\":\"es\"},{\"@type\":\"Organization\",\"@id\":\"https:\\\/\\\/gimnasticdetarragona.cat\\\/es\\\/#organization\",\"name\":\"GIMN\u00c0STIC DE TARRAGONA\",\"alternateName\":\"N\u00c0STIC\",\"url\":\"https:\\\/\\\/gimnasticdetarragona.cat\\\/es\\\/\",\"logo\":{\"@type\":\"ImageObject\",\"inLanguage\":\"es\",\"@id\":\"https:\\\/\\\/gimnasticdetarragona.cat\\\/es\\\/#\\\/schema\\\/logo\\\/image\\\/\",\"url\":\"https:\\\/\\\/gimnasticdetarragona.cat\\\/wp-content\\\/uploads\\\/2022\\\/06\\\/cropped-logo-gimnastic.png\",\"contentUrl\":\"https:\\\/\\\/gimnasticdetarragona.cat\\\/wp-content\\\/uploads\\\/2022\\\/06\\\/cropped-logo-gimnastic.png\",\"width\":224,\"height\":83,\"caption\":\"GIMN\u00c0STIC DE TARRAGONA\"},\"image\":{\"@id\":\"https:\\\/\\\/gimnasticdetarragona.cat\\\/es\\\/#\\\/schema\\\/logo\\\/image\\\/\"},\"sameAs\":[\"https:\\\/\\\/x.com\\\/NASTICTARRAGONA\",\"https:\\\/\\\/www.instagram.com\\\/nastictarragona\\\/\"]},{\"@type\":\"Person\",\"@id\":\"https:\\\/\\\/gimnasticdetarragona.cat\\\/es\\\/#\\\/schema\\\/person\\\/47b6a637abf88f9bd835540f20ea069e\",\"name\":\"desarrollo\",\"sameAs\":[\"https:\\\/\\\/clone.gimnasticdetarragona.cat\"]}]}<\/script>\n<!-- \/ Yoast SEO plugin. -->","yoast_head_json":{"title":"N\u00e0stic 1 - 1 Sevilla At. - Gimn\u00e0stic de Tarragona SAD","robots":{"index":"index","follow":"follow","max-snippet":"max-snippet:-1","max-image-preview":"max-image-preview:large","max-video-preview":"max-video-preview:-1"},"canonical":"https:\/\/gimnasticdetarragona.cat\/es\/nastic-1-1-sevilla-at\/","og_locale":"es_ES","og_type":"article","og_title":"N\u00e0stic 1 - 1 Sevilla At. - Gimn\u00e0stic de Tarragona SAD","og_description":"El N\u00e0stic suma un nuevo empate en el Nou Estadi tras insistir y luchar en busca del gol de la victoria.","og_url":"https:\/\/gimnasticdetarragona.cat\/es\/nastic-1-1-sevilla-at\/","og_site_name":"Gimn\u00e0stic de Tarragona SAD","article_published_time":"2016-10-01T20:02:40+00:00","og_image":[{"width":879,"height":549,"url":"https:\/\/gimnasticdetarragona.cat\/wp-content\/uploads\/2022\/06\/05234225113630.png","type":"image\/png"}],"author":"desarrollo","twitter_card":"summary_large_image","twitter_creator":"@NASTICTARRAGONA","twitter_site":"@NASTICTARRAGONA","twitter_misc":{"Escrito por":"desarrollo","Tiempo de lectura":"4 minutos"},"schema":{"@context":"https:\/\/schema.org","@graph":[{"@type":"Article","@id":"https:\/\/gimnasticdetarragona.cat\/es\/nastic-1-1-sevilla-at\/#article","isPartOf":{"@id":"https:\/\/gimnasticdetarragona.cat\/es\/nastic-1-1-sevilla-at\/"},"author":{"name":"desarrollo","@id":"https:\/\/gimnasticdetarragona.cat\/es\/#\/schema\/person\/47b6a637abf88f9bd835540f20ea069e"},"headline":"N\u00e0stic 1 &#8211; 1 Sevilla At.","datePublished":"2016-10-01T20:02:40+00:00","mainEntityOfPage":{"@id":"https:\/\/gimnasticdetarragona.cat\/es\/nastic-1-1-sevilla-at\/"},"wordCount":793,"commentCount":0,"publisher":{"@id":"https:\/\/gimnasticdetarragona.cat\/es\/#organization"},"image":{"@id":"https:\/\/gimnasticdetarragona.cat\/es\/nastic-1-1-sevilla-at\/#primaryimage"},"thumbnailUrl":"https:\/\/gimnasticdetarragona.cat\/wp-content\/uploads\/2022\/06\/05234225113630.png","articleSection":["Actualidad","Primer Equipo"],"inLanguage":"es"},{"@type":"WebPage","@id":"https:\/\/gimnasticdetarragona.cat\/es\/nastic-1-1-sevilla-at\/","url":"https:\/\/gimnasticdetarragona.cat\/es\/nastic-1-1-sevilla-at\/","name":"N\u00e0stic 1 - 1 Sevilla At. - Gimn\u00e0stic de Tarragona SAD","isPartOf":{"@id":"https:\/\/gimnasticdetarragona.cat\/es\/#website"},"primaryImageOfPage":{"@id":"https:\/\/gimnasticdetarragona.cat\/es\/nastic-1-1-sevilla-at\/#primaryimage"},"image":{"@id":"https:\/\/gimnasticdetarragona.cat\/es\/nastic-1-1-sevilla-at\/#primaryimage"},"thumbnailUrl":"https:\/\/gimnasticdetarragona.cat\/wp-content\/uploads\/2022\/06\/05234225113630.png","datePublished":"2016-10-01T20:02:40+00:00","breadcrumb":{"@id":"https:\/\/gimnasticdetarragona.cat\/es\/nastic-1-1-sevilla-at\/#breadcrumb"},"inLanguage":"es","potentialAction":[{"@type":"ReadAction","target":["https:\/\/gimnasticdetarragona.cat\/es\/nastic-1-1-sevilla-at\/"]}]},{"@type":"ImageObject","inLanguage":"es","@id":"https:\/\/gimnasticdetarragona.cat\/es\/nastic-1-1-sevilla-at\/#primaryimage","url":"https:\/\/gimnasticdetarragona.cat\/wp-content\/uploads\/2022\/06\/05234225113630.png","contentUrl":"https:\/\/gimnasticdetarragona.cat\/wp-content\/uploads\/2022\/06\/05234225113630.png","width":879,"height":549},{"@type":"BreadcrumbList","@id":"https:\/\/gimnasticdetarragona.cat\/es\/nastic-1-1-sevilla-at\/#breadcrumb","itemListElement":[{"@type":"ListItem","position":1,"name":"Inici","item":"https:\/\/gimnasticdetarragona.cat\/es\/nastic\/"},{"@type":"ListItem","position":2,"name":"N\u00e0stic 1 &#8211; 1 Sevilla At."}]},{"@type":"WebSite","@id":"https:\/\/gimnasticdetarragona.cat\/es\/#website","url":"https:\/\/gimnasticdetarragona.cat\/es\/","name":"Gimn\u00e0stic de Tarragona SAD","description":"Gimn\u00e0stic de Tarragona","publisher":{"@id":"https:\/\/gimnasticdetarragona.cat\/es\/#organization"},"potentialAction":[{"@type":"SearchAction","target":{"@type":"EntryPoint","urlTemplate":"https:\/\/gimnasticdetarragona.cat\/es\/?s={search_term_string}"},"query-input":{"@type":"PropertyValueSpecification","valueRequired":true,"valueName":"search_term_string"}}],"inLanguage":"es"},{"@type":"Organization","@id":"https:\/\/gimnasticdetarragona.cat\/es\/#organization","name":"GIMN\u00c0STIC DE TARRAGONA","alternateName":"N\u00c0STIC","url":"https:\/\/gimnasticdetarragona.cat\/es\/","logo":{"@type":"ImageObject","inLanguage":"es","@id":"https:\/\/gimnasticdetarragona.cat\/es\/#\/schema\/logo\/image\/","url":"https:\/\/gimnasticdetarragona.cat\/wp-content\/uploads\/2022\/06\/cropped-logo-gimnastic.png","contentUrl":"https:\/\/gimnasticdetarragona.cat\/wp-content\/uploads\/2022\/06\/cropped-logo-gimnastic.png","width":224,"height":83,"caption":"GIMN\u00c0STIC DE TARRAGONA"},"image":{"@id":"https:\/\/gimnasticdetarragona.cat\/es\/#\/schema\/logo\/image\/"},"sameAs":["https:\/\/x.com\/NASTICTARRAGONA","https:\/\/www.instagram.com\/nastictarragona\/"]},{"@type":"Person","@id":"https:\/\/gimnasticdetarragona.cat\/es\/#\/schema\/person\/47b6a637abf88f9bd835540f20ea069e","name":"desarrollo","sameAs":["https:\/\/clone.gimnasticdetarragona.cat"]}]}},"_links":{"self":[{"href":"https:\/\/gimnasticdetarragona.cat\/es\/wp-json\/wp\/v2\/posts\/60599","targetHints":{"allow":["GET"]}}],"collection":[{"href":"https:\/\/gimnasticdetarragona.cat\/es\/wp-json\/wp\/v2\/posts"}],"about":[{"href":"https:\/\/gimnasticdetarragona.cat\/es\/wp-json\/wp\/v2\/types\/post"}],"author":[{"embeddable":true,"href":"https:\/\/gimnasticdetarragona.cat\/es\/wp-json\/wp\/v2\/users\/1"}],"replies":[{"embeddable":true,"href":"https:\/\/gimnasticdetarragona.cat\/es\/wp-json\/wp\/v2\/comments?post=60599"}],"version-history":[{"count":0,"href":"https:\/\/gimnasticdetarragona.cat\/es\/wp-json\/wp\/v2\/posts\/60599\/revisions"}],"wp:featuredmedia":[{"embeddable":true,"href":"https:\/\/gimnasticdetarragona.cat\/es\/wp-json\/wp\/v2\/media\/60596"}],"wp:attachment":[{"href":"https:\/\/gimnasticdetarragona.cat\/es\/wp-json\/wp\/v2\/media?parent=60599"}],"wp:term":[{"taxonomy":"category","embeddable":true,"href":"https:\/\/gimnasticdetarragona.cat\/es\/wp-json\/wp\/v2\/categories?post=60599"},{"taxonomy":"post_tag","embeddable":true,"href":"https:\/\/gimnasticdetarragona.cat\/es\/wp-json\/wp\/v2\/tags?post=60599"}],"curies":[{"name":"wp","href":"https:\/\/api.w.org\/{rel}","templated":true}]}}