{"id":60623,"date":"2016-09-26T17:32:49","date_gmt":"2016-09-26T17:32:49","guid":{"rendered":"https:\/\/clone.gimnasticdetarragona.cat\/resultats-del-cap-de-setmana\/"},"modified":"2016-09-26T17:32:49","modified_gmt":"2016-09-26T17:32:49","slug":"resultats-del-cap-de-setmana","status":"publish","type":"post","link":"https:\/\/gimnasticdetarragona.cat\/es\/resultats-del-cap-de-setmana\/","title":{"rendered":"Resultats del cap de setmana"},"content":{"rendered":"<p style=\"text-align: justify;\">Resum dels partits del futbol base del cap de semana.<\/p>\n<p style=\"text-align: justify;\"><strong>Juvenil A<\/strong><\/p>\n<p style=\"text-align: justify;\">Els Juvenil A de Manel Cazorla supera al Girona en un gran partit dels grana. (N\u00e0stic 1-0 Juvenil A)<\/p>\n<p style=\"text-align: justify;\">Els locals van ser molt superior al rival en gran part del partit, aconseguint dominar amb claredat durant tota la primera meitat i gaudint de bones arribades que no van ser capa\u00e7os de materialitzar en els darrers metres. El Girona, un rival perill\u00f3s i amb molta qualitat, sobre tot en posicions ofensives, arribava al matx en molt bona din\u00e0mica despr\u00e9s d\u2019haver encadenat una s\u00e8rie de bons resultats les darreres jornades. Els gironins s\u00f3n un equip cridat a estar a la zona alta de la taula, el que dona encara m\u00e9s m\u00e8rit als tres punts aconseguits pels de Cazorla dissabte.<\/p>\n<p style=\"text-align: justify;\"><strong>Juvenil B<\/strong><\/p>\n<p style=\"text-align: justify;\">El Juvenil B que entrena Daniel Vidal va empatar a 1 al camp de l\u2019Europa un dels equips hist\u00f2rics de Catalunya.<\/p>\n<p style=\"text-align: justify;\">Els grana van quallar un gran partit contra un conjunt molt f\u00edsic i amb qualitat. Els barcelonins s\u00f3n un equip amb talent i que busca dominar la possessi\u00f3, per\u00f2 dissabte els nostres van ser superiors durant tot el partit. Els de Vidal van gaudir de diverses clares ocasions i haguessin pogut sentenciar el partit a la segona meitat. L\u2019empat final deixava entre els tarragonins la sensaci\u00f3 que havien merescut els 3 punts.<\/p>\n<p style=\"text-align: justify;\"><strong>Cadet A<\/strong><\/p>\n<p style=\"text-align: justify;\">Els de Bruno Uria van superar a l\u2019Hospitalet malgrat jugar tota la segona meitat amb un home menys. (Hospitalet 1-2 Cadet A)<\/p>\n<p style=\"text-align: justify;\">Els grana van superar a l\u2019Hospitalet amb gols de Ricard i Malcom, en un\u00a0 partit que s\u2019havia complicat, i molt, amb l\u2019expulsi\u00f3 en el minut 40 de la primera d\u2019Hugo per protestar a l\u2019\u00e0rbitre. Malgrat les dificultats els tarragonins van ser capa\u00e7os de plantar cara als locals i endur-se el matx.<\/p>\n<p style=\"text-align: justify;\">El t\u00e8cnic del N\u00e0stic, Bruno Uria, destacava despr\u00e9s del partit l\u2019entrega dels seus. \u201cHem jugat amb 10 tota la segona meitat i l\u2019equip ha estat capa\u00e7 de competir de meravella. L\u2019equip ha cregut fins al final en les nostres possibilitats i al final hem tingut premi. Vict\u00f2ria m\u00e9s que merescuda\u201d.<\/p>\n<p style=\"text-align: justify;\"><strong>Infantil A<\/strong><\/p>\n<p style=\"text-align: justify;\">Els de Paco Pastor van aconseguir un treballat empat contra el Girona despr\u00e9s que els visitants es van posar per davant en dues ocasions.<\/p>\n<p style=\"text-align: justify;\">En un partit molt igualat, els errors dels grana van permetre que els gironins d\u2019avancessin en el marcador tot i les clares ocasions de que havien gaudit els locals durant la primera meitat. A la mitja part es va arribar amb un 1-2 favorable al Girona.<\/p>\n<p style=\"text-align: justify;\">A la segona, els de Pastor van comen\u00e7ar un xic adormits i van veure com el rival aconseguia el tercer gol. Amb el 1-3 el N\u00e0stic no va deixar d\u2019atacar amb convicci\u00f3 la porteria del gironina i finalment l\u2019empenta va tenir recompensa. En un minut els grana van ser capa\u00e7os de fer dos gols per empatar el matx.<\/p>\n<p style=\"text-align: justify;\"><strong>Benjam\u00ed Sansa<\/strong><\/p>\n<p style=\"text-align: justify;\">El Benjam\u00ed Sansa va guanyar al Tancat en un partit d\u2019anada i tornada i amb molts gols. El Tancat va plantejar un partit molt defensiu, cedint la pilota als nostres, i buscant molt les pilotes llargues. Els grana van aprofitar-ho per dominar l\u2019esf\u00e8ric i arribar amb comoditat a l\u2019\u00e0rea rival amb possessions llargues despr\u00e9s de cada pilota recuperada. La bona combinaci\u00f3 dels locals va fer que en diverses entrades per bandes arribessin els gols, fins a 6.<\/p>\n","protected":false},"excerpt":{"rendered":"<p>Resum dels partits del futbol base del cap de semana. Juvenil A Els Juvenil A de Manel Cazorla supera al Girona en un gran partit dels grana. (N\u00e0stic 1-0 Juvenil A) Els locals van ser molt superior al rival en gran part del partit, aconseguint dominar amb claredat durant tota la primera meitat i gaudint [&hellip;]<\/p>\n","protected":false},"author":1,"featured_media":60620,"comment_status":"open","ping_status":"open","sticky":false,"template":"","format":"standard","meta":{"_acf_changed":false,"footnotes":""},"categories":[113,117],"tags":[],"class_list":["post-60623","post","type-post","status-publish","format-standard","has-post-thumbnail","hentry","category-actualidad","category-futbol-base"],"acf":[],"yoast_head":"<!-- This site is optimized with the Yoast SEO plugin v27.3 - https:\/\/yoast.com\/product\/yoast-seo-wordpress\/ -->\n<title>Resultats del cap de setmana - Gimn\u00e0stic de Tarragona SAD<\/title>\n<meta name=\"robots\" content=\"index, follow, max-snippet:-1, max-image-preview:large, max-video-preview:-1\" \/>\n<link rel=\"canonical\" href=\"https:\/\/gimnasticdetarragona.cat\/es\/resultats-del-cap-de-setmana\/\" \/>\n<meta property=\"og:locale\" content=\"es_ES\" \/>\n<meta property=\"og:type\" content=\"article\" \/>\n<meta property=\"og:title\" content=\"Resultats del cap de setmana - Gimn\u00e0stic de Tarragona SAD\" \/>\n<meta property=\"og:description\" content=\"Resum dels partits del futbol base del cap de semana. Juvenil A Els Juvenil A de Manel Cazorla supera al Girona en un gran partit dels grana. (N\u00e0stic 1-0 Juvenil A) Els locals van ser molt superior al rival en gran part del partit, aconseguint dominar amb claredat durant tota la primera meitat i gaudint [&hellip;]\" \/>\n<meta property=\"og:url\" content=\"https:\/\/gimnasticdetarragona.cat\/es\/resultats-del-cap-de-setmana\/\" \/>\n<meta property=\"og:site_name\" content=\"Gimn\u00e0stic de Tarragona SAD\" \/>\n<meta property=\"article:published_time\" content=\"2016-09-26T17:32:49+00:00\" \/>\n<meta property=\"og:image\" content=\"https:\/\/gimnasticdetarragona.cat\/wp-content\/uploads\/2022\/06\/05234218113488.jpg\" \/>\n\t<meta property=\"og:image:width\" content=\"600\" \/>\n\t<meta property=\"og:image:height\" content=\"400\" \/>\n\t<meta property=\"og:image:type\" content=\"image\/jpeg\" \/>\n<meta name=\"author\" content=\"desarrollo\" \/>\n<meta name=\"twitter:card\" content=\"summary_large_image\" \/>\n<meta name=\"twitter:creator\" content=\"@NASTICTARRAGONA\" \/>\n<meta name=\"twitter:site\" content=\"@NASTICTARRAGONA\" \/>\n<meta name=\"twitter:label1\" content=\"Escrito por\" \/>\n\t<meta name=\"twitter:data1\" content=\"desarrollo\" \/>\n\t<meta name=\"twitter:label2\" content=\"Tiempo de lectura\" \/>\n\t<meta name=\"twitter:data2\" content=\"3 minutos\" \/>\n<script type=\"application\/ld+json\" class=\"yoast-schema-graph\">{\"@context\":\"https:\\\/\\\/schema.org\",\"@graph\":[{\"@type\":\"Article\",\"@id\":\"https:\\\/\\\/gimnasticdetarragona.cat\\\/es\\\/resultats-del-cap-de-setmana\\\/#article\",\"isPartOf\":{\"@id\":\"https:\\\/\\\/gimnasticdetarragona.cat\\\/es\\\/resultats-del-cap-de-setmana\\\/\"},\"author\":{\"name\":\"desarrollo\",\"@id\":\"https:\\\/\\\/gimnasticdetarragona.cat\\\/es\\\/#\\\/schema\\\/person\\\/47b6a637abf88f9bd835540f20ea069e\"},\"headline\":\"Resultats del cap de setmana\",\"datePublished\":\"2016-09-26T17:32:49+00:00\",\"mainEntityOfPage\":{\"@id\":\"https:\\\/\\\/gimnasticdetarragona.cat\\\/es\\\/resultats-del-cap-de-setmana\\\/\"},\"wordCount\":601,\"commentCount\":0,\"publisher\":{\"@id\":\"https:\\\/\\\/gimnasticdetarragona.cat\\\/es\\\/#organization\"},\"image\":{\"@id\":\"https:\\\/\\\/gimnasticdetarragona.cat\\\/es\\\/resultats-del-cap-de-setmana\\\/#primaryimage\"},\"thumbnailUrl\":\"https:\\\/\\\/gimnasticdetarragona.cat\\\/wp-content\\\/uploads\\\/2022\\\/06\\\/05234218113488.jpg\",\"articleSection\":[\"Actualidad\",\"F\u00fatbol Base\"],\"inLanguage\":\"es\"},{\"@type\":\"WebPage\",\"@id\":\"https:\\\/\\\/gimnasticdetarragona.cat\\\/es\\\/resultats-del-cap-de-setmana\\\/\",\"url\":\"https:\\\/\\\/gimnasticdetarragona.cat\\\/es\\\/resultats-del-cap-de-setmana\\\/\",\"name\":\"Resultats del cap de setmana - Gimn\u00e0stic de Tarragona SAD\",\"isPartOf\":{\"@id\":\"https:\\\/\\\/gimnasticdetarragona.cat\\\/es\\\/#website\"},\"primaryImageOfPage\":{\"@id\":\"https:\\\/\\\/gimnasticdetarragona.cat\\\/es\\\/resultats-del-cap-de-setmana\\\/#primaryimage\"},\"image\":{\"@id\":\"https:\\\/\\\/gimnasticdetarragona.cat\\\/es\\\/resultats-del-cap-de-setmana\\\/#primaryimage\"},\"thumbnailUrl\":\"https:\\\/\\\/gimnasticdetarragona.cat\\\/wp-content\\\/uploads\\\/2022\\\/06\\\/05234218113488.jpg\",\"datePublished\":\"2016-09-26T17:32:49+00:00\",\"breadcrumb\":{\"@id\":\"https:\\\/\\\/gimnasticdetarragona.cat\\\/es\\\/resultats-del-cap-de-setmana\\\/#breadcrumb\"},\"inLanguage\":\"es\",\"potentialAction\":[{\"@type\":\"ReadAction\",\"target\":[\"https:\\\/\\\/gimnasticdetarragona.cat\\\/es\\\/resultats-del-cap-de-setmana\\\/\"]}]},{\"@type\":\"ImageObject\",\"inLanguage\":\"es\",\"@id\":\"https:\\\/\\\/gimnasticdetarragona.cat\\\/es\\\/resultats-del-cap-de-setmana\\\/#primaryimage\",\"url\":\"https:\\\/\\\/gimnasticdetarragona.cat\\\/wp-content\\\/uploads\\\/2022\\\/06\\\/05234218113488.jpg\",\"contentUrl\":\"https:\\\/\\\/gimnasticdetarragona.cat\\\/wp-content\\\/uploads\\\/2022\\\/06\\\/05234218113488.jpg\",\"width\":600,\"height\":400,\"caption\":\"????????????????????????????????????\"},{\"@type\":\"BreadcrumbList\",\"@id\":\"https:\\\/\\\/gimnasticdetarragona.cat\\\/es\\\/resultats-del-cap-de-setmana\\\/#breadcrumb\",\"itemListElement\":[{\"@type\":\"ListItem\",\"position\":1,\"name\":\"Inici\",\"item\":\"https:\\\/\\\/gimnasticdetarragona.cat\\\/es\\\/nastic\\\/\"},{\"@type\":\"ListItem\",\"position\":2,\"name\":\"Resultats del cap de setmana\"}]},{\"@type\":\"WebSite\",\"@id\":\"https:\\\/\\\/gimnasticdetarragona.cat\\\/es\\\/#website\",\"url\":\"https:\\\/\\\/gimnasticdetarragona.cat\\\/es\\\/\",\"name\":\"Gimn\u00e0stic de Tarragona SAD\",\"description\":\"Gimn\u00e0stic de Tarragona\",\"publisher\":{\"@id\":\"https:\\\/\\\/gimnasticdetarragona.cat\\\/es\\\/#organization\"},\"potentialAction\":[{\"@type\":\"SearchAction\",\"target\":{\"@type\":\"EntryPoint\",\"urlTemplate\":\"https:\\\/\\\/gimnasticdetarragona.cat\\\/es\\\/?s={search_term_string}\"},\"query-input\":{\"@type\":\"PropertyValueSpecification\",\"valueRequired\":true,\"valueName\":\"search_term_string\"}}],\"inLanguage\":\"es\"},{\"@type\":\"Organization\",\"@id\":\"https:\\\/\\\/gimnasticdetarragona.cat\\\/es\\\/#organization\",\"name\":\"GIMN\u00c0STIC DE TARRAGONA\",\"alternateName\":\"N\u00c0STIC\",\"url\":\"https:\\\/\\\/gimnasticdetarragona.cat\\\/es\\\/\",\"logo\":{\"@type\":\"ImageObject\",\"inLanguage\":\"es\",\"@id\":\"https:\\\/\\\/gimnasticdetarragona.cat\\\/es\\\/#\\\/schema\\\/logo\\\/image\\\/\",\"url\":\"https:\\\/\\\/gimnasticdetarragona.cat\\\/wp-content\\\/uploads\\\/2022\\\/06\\\/cropped-logo-gimnastic.png\",\"contentUrl\":\"https:\\\/\\\/gimnasticdetarragona.cat\\\/wp-content\\\/uploads\\\/2022\\\/06\\\/cropped-logo-gimnastic.png\",\"width\":224,\"height\":83,\"caption\":\"GIMN\u00c0STIC DE TARRAGONA\"},\"image\":{\"@id\":\"https:\\\/\\\/gimnasticdetarragona.cat\\\/es\\\/#\\\/schema\\\/logo\\\/image\\\/\"},\"sameAs\":[\"https:\\\/\\\/x.com\\\/NASTICTARRAGONA\",\"https:\\\/\\\/www.instagram.com\\\/nastictarragona\\\/\"]},{\"@type\":\"Person\",\"@id\":\"https:\\\/\\\/gimnasticdetarragona.cat\\\/es\\\/#\\\/schema\\\/person\\\/47b6a637abf88f9bd835540f20ea069e\",\"name\":\"desarrollo\",\"sameAs\":[\"https:\\\/\\\/clone.gimnasticdetarragona.cat\"]}]}<\/script>\n<!-- \/ Yoast SEO plugin. -->","yoast_head_json":{"title":"Resultats del cap de setmana - Gimn\u00e0stic de Tarragona SAD","robots":{"index":"index","follow":"follow","max-snippet":"max-snippet:-1","max-image-preview":"max-image-preview:large","max-video-preview":"max-video-preview:-1"},"canonical":"https:\/\/gimnasticdetarragona.cat\/es\/resultats-del-cap-de-setmana\/","og_locale":"es_ES","og_type":"article","og_title":"Resultats del cap de setmana - Gimn\u00e0stic de Tarragona SAD","og_description":"Resum dels partits del futbol base del cap de semana. Juvenil A Els Juvenil A de Manel Cazorla supera al Girona en un gran partit dels grana. (N\u00e0stic 1-0 Juvenil A) Els locals van ser molt superior al rival en gran part del partit, aconseguint dominar amb claredat durant tota la primera meitat i gaudint [&hellip;]","og_url":"https:\/\/gimnasticdetarragona.cat\/es\/resultats-del-cap-de-setmana\/","og_site_name":"Gimn\u00e0stic de Tarragona SAD","article_published_time":"2016-09-26T17:32:49+00:00","og_image":[{"width":600,"height":400,"url":"https:\/\/gimnasticdetarragona.cat\/wp-content\/uploads\/2022\/06\/05234218113488.jpg","type":"image\/jpeg"}],"author":"desarrollo","twitter_card":"summary_large_image","twitter_creator":"@NASTICTARRAGONA","twitter_site":"@NASTICTARRAGONA","twitter_misc":{"Escrito por":"desarrollo","Tiempo de lectura":"3 minutos"},"schema":{"@context":"https:\/\/schema.org","@graph":[{"@type":"Article","@id":"https:\/\/gimnasticdetarragona.cat\/es\/resultats-del-cap-de-setmana\/#article","isPartOf":{"@id":"https:\/\/gimnasticdetarragona.cat\/es\/resultats-del-cap-de-setmana\/"},"author":{"name":"desarrollo","@id":"https:\/\/gimnasticdetarragona.cat\/es\/#\/schema\/person\/47b6a637abf88f9bd835540f20ea069e"},"headline":"Resultats del cap de setmana","datePublished":"2016-09-26T17:32:49+00:00","mainEntityOfPage":{"@id":"https:\/\/gimnasticdetarragona.cat\/es\/resultats-del-cap-de-setmana\/"},"wordCount":601,"commentCount":0,"publisher":{"@id":"https:\/\/gimnasticdetarragona.cat\/es\/#organization"},"image":{"@id":"https:\/\/gimnasticdetarragona.cat\/es\/resultats-del-cap-de-setmana\/#primaryimage"},"thumbnailUrl":"https:\/\/gimnasticdetarragona.cat\/wp-content\/uploads\/2022\/06\/05234218113488.jpg","articleSection":["Actualidad","F\u00fatbol Base"],"inLanguage":"es"},{"@type":"WebPage","@id":"https:\/\/gimnasticdetarragona.cat\/es\/resultats-del-cap-de-setmana\/","url":"https:\/\/gimnasticdetarragona.cat\/es\/resultats-del-cap-de-setmana\/","name":"Resultats del cap de setmana - Gimn\u00e0stic de Tarragona SAD","isPartOf":{"@id":"https:\/\/gimnasticdetarragona.cat\/es\/#website"},"primaryImageOfPage":{"@id":"https:\/\/gimnasticdetarragona.cat\/es\/resultats-del-cap-de-setmana\/#primaryimage"},"image":{"@id":"https:\/\/gimnasticdetarragona.cat\/es\/resultats-del-cap-de-setmana\/#primaryimage"},"thumbnailUrl":"https:\/\/gimnasticdetarragona.cat\/wp-content\/uploads\/2022\/06\/05234218113488.jpg","datePublished":"2016-09-26T17:32:49+00:00","breadcrumb":{"@id":"https:\/\/gimnasticdetarragona.cat\/es\/resultats-del-cap-de-setmana\/#breadcrumb"},"inLanguage":"es","potentialAction":[{"@type":"ReadAction","target":["https:\/\/gimnasticdetarragona.cat\/es\/resultats-del-cap-de-setmana\/"]}]},{"@type":"ImageObject","inLanguage":"es","@id":"https:\/\/gimnasticdetarragona.cat\/es\/resultats-del-cap-de-setmana\/#primaryimage","url":"https:\/\/gimnasticdetarragona.cat\/wp-content\/uploads\/2022\/06\/05234218113488.jpg","contentUrl":"https:\/\/gimnasticdetarragona.cat\/wp-content\/uploads\/2022\/06\/05234218113488.jpg","width":600,"height":400,"caption":"????????????????????????????????????"},{"@type":"BreadcrumbList","@id":"https:\/\/gimnasticdetarragona.cat\/es\/resultats-del-cap-de-setmana\/#breadcrumb","itemListElement":[{"@type":"ListItem","position":1,"name":"Inici","item":"https:\/\/gimnasticdetarragona.cat\/es\/nastic\/"},{"@type":"ListItem","position":2,"name":"Resultats del cap de setmana"}]},{"@type":"WebSite","@id":"https:\/\/gimnasticdetarragona.cat\/es\/#website","url":"https:\/\/gimnasticdetarragona.cat\/es\/","name":"Gimn\u00e0stic de Tarragona SAD","description":"Gimn\u00e0stic de Tarragona","publisher":{"@id":"https:\/\/gimnasticdetarragona.cat\/es\/#organization"},"potentialAction":[{"@type":"SearchAction","target":{"@type":"EntryPoint","urlTemplate":"https:\/\/gimnasticdetarragona.cat\/es\/?s={search_term_string}"},"query-input":{"@type":"PropertyValueSpecification","valueRequired":true,"valueName":"search_term_string"}}],"inLanguage":"es"},{"@type":"Organization","@id":"https:\/\/gimnasticdetarragona.cat\/es\/#organization","name":"GIMN\u00c0STIC DE TARRAGONA","alternateName":"N\u00c0STIC","url":"https:\/\/gimnasticdetarragona.cat\/es\/","logo":{"@type":"ImageObject","inLanguage":"es","@id":"https:\/\/gimnasticdetarragona.cat\/es\/#\/schema\/logo\/image\/","url":"https:\/\/gimnasticdetarragona.cat\/wp-content\/uploads\/2022\/06\/cropped-logo-gimnastic.png","contentUrl":"https:\/\/gimnasticdetarragona.cat\/wp-content\/uploads\/2022\/06\/cropped-logo-gimnastic.png","width":224,"height":83,"caption":"GIMN\u00c0STIC DE TARRAGONA"},"image":{"@id":"https:\/\/gimnasticdetarragona.cat\/es\/#\/schema\/logo\/image\/"},"sameAs":["https:\/\/x.com\/NASTICTARRAGONA","https:\/\/www.instagram.com\/nastictarragona\/"]},{"@type":"Person","@id":"https:\/\/gimnasticdetarragona.cat\/es\/#\/schema\/person\/47b6a637abf88f9bd835540f20ea069e","name":"desarrollo","sameAs":["https:\/\/clone.gimnasticdetarragona.cat"]}]}},"_links":{"self":[{"href":"https:\/\/gimnasticdetarragona.cat\/es\/wp-json\/wp\/v2\/posts\/60623","targetHints":{"allow":["GET"]}}],"collection":[{"href":"https:\/\/gimnasticdetarragona.cat\/es\/wp-json\/wp\/v2\/posts"}],"about":[{"href":"https:\/\/gimnasticdetarragona.cat\/es\/wp-json\/wp\/v2\/types\/post"}],"author":[{"embeddable":true,"href":"https:\/\/gimnasticdetarragona.cat\/es\/wp-json\/wp\/v2\/users\/1"}],"replies":[{"embeddable":true,"href":"https:\/\/gimnasticdetarragona.cat\/es\/wp-json\/wp\/v2\/comments?post=60623"}],"version-history":[{"count":0,"href":"https:\/\/gimnasticdetarragona.cat\/es\/wp-json\/wp\/v2\/posts\/60623\/revisions"}],"wp:featuredmedia":[{"embeddable":true,"href":"https:\/\/gimnasticdetarragona.cat\/es\/wp-json\/wp\/v2\/media\/60620"}],"wp:attachment":[{"href":"https:\/\/gimnasticdetarragona.cat\/es\/wp-json\/wp\/v2\/media?parent=60623"}],"wp:term":[{"taxonomy":"category","embeddable":true,"href":"https:\/\/gimnasticdetarragona.cat\/es\/wp-json\/wp\/v2\/categories?post=60623"},{"taxonomy":"post_tag","embeddable":true,"href":"https:\/\/gimnasticdetarragona.cat\/es\/wp-json\/wp\/v2\/tags?post=60623"}],"curies":[{"name":"wp","href":"https:\/\/api.w.org\/{rel}","templated":true}]}}