{"id":60653,"date":"2016-09-21T00:40:30","date_gmt":"2016-09-21T00:40:30","guid":{"rendered":"https:\/\/clone.gimnasticdetarragona.cat\/nastic-0-0-real-zaragoza-completa\/"},"modified":"2016-09-21T00:40:30","modified_gmt":"2016-09-21T00:40:30","slug":"nastic-0-0-real-zaragoza-completa","status":"publish","type":"post","link":"https:\/\/gimnasticdetarragona.cat\/es\/nastic-0-0-real-zaragoza-completa\/","title":{"rendered":"N\u00e0stic 0 &#8211; 0 Real Zaragoza"},"content":{"rendered":"<p style=\"text-align: justify;\">El N\u00e0stic ha empatado a cero contra el Zaragoza en un partido que los locales fueron superiores dominando el partido en todas las facetas del juego.<\/p>\n<p style=\"text-align: justify;\">El N\u00e0stic ha empezado el partido muy enchufado y con ganas de dominar desde el primer minuto. Los grana controlaban la posesi\u00f3n y en el minuto 6 lleg\u00f3 la primera ocasi\u00f3n local. Despu\u00e9s de una buena triangulaci\u00f3n ofensiva, Giner lo ha probado con un disparo desde dentro del \u00e1rea y el portero local ha tenido que enviar a c\u00f3rner. Con el paso de los minutos el Zaragoza se ha expulsado la presi\u00f3n inicial de los tarraconenses y ha conseguido acercarse al \u00e1rea de Saja. El meta argentino, muy seguro bajo palos evit\u00f3 cualquier opci\u00f3n de gol.<\/p>\n<p style=\"text-align: justify;\">El N\u00e0stic ha seguido dominando y en el 31&#8242; Uche ha aprovechado un rechace de la defensa aragonesa para enganchar un potente disparo que se march\u00f3 por poco a la derecha de Irureta. Un minuto m\u00e1s tarde, el portero visitante ha tenido que enviar con el pie el bal\u00f3n a c\u00f3rner tras un centro envenenado de Valent\u00edn que hab\u00eda desbordado por banda derecha. Y en el 43&#8242; Casado ha cometido penalti sobre Uche cuando el delantero grana intentaba controlar un bal\u00f3n dentro del \u00e1rea. El mismo Uche ha sido el encargado de chutar pero el portero rival ha sabido aguantar y ha conseguido rechazar el bal\u00f3n con los pies.\u00a0Al descanso se lleg\u00f3 con empate en el marcador pero con la sensaci\u00f3n de que el N\u00e0stic hab\u00eda sido superior.<\/p>\n<p style=\"text-align: justify;\">La segunda comenz\u00f3 con un N\u00e0stic muy profundo que llegaba con facilidad por las bandas. En el 47&#8242; la defensa ha enviado a c\u00f3rner un centro peligroso de Giner, y en el 48&#8242; fue \u00c0lex L\u00f3pez quien cabece\u00f3 desviado tras una jugada de estrategia. En el 54&#8242; ha sido de nuevo el delantero de Calafell qui\u00e9n lo ha probado de cabeza sin fortuna, y en el 58&#8242; Giner lo intent\u00f3 con un disparo lejano que ha desviado la defensa del Zaragoza. La primera ocasi\u00f3n visitante lleg\u00f3 en el 65&#8242;, cuando Lanza ha intentado superar por alto a Saja que ha evitado el gol con una gran estirada a mano cambiada.<\/p>\n<p style=\"text-align: justify;\">Los grana segu\u00edan llevando el ritmo del partido, presionando muy arriba y evitando que el Zaragoza hiciera circular el bal\u00f3n con comodidad. La entrada de Rharsalla y Jean Luc han dado adem\u00e1s refresca en el ataque de un N\u00e0stic que segu\u00eda superando a los aragoneses por banda. En el 70&#8242;, la defensa ha rechazado un remate de Uche y en el 75&#8242; Iago Bouz\u00f3n ha conectado un buen remate de cabeza a la salida de un c\u00f3rner, pero el bal\u00f3n se march\u00f3 a la izquierda de Irureta. Los grana lo han seguido probando hasta el \u00faltimo instante y han disfrutado de hasta dos ocasiones claras de gol pero la pelota hoy no quer\u00eda entrar. Al final empate y un punto m\u00e1s para un equipo que ha merecido la victoria.<\/p>\n<p style=\"text-align: justify;\">El pr\u00f3ximo partido de los N\u00e0stic ser\u00e1 el s\u00e1bado 24 de septiembre, a las 18 horas en el Arcangel, contra el C\u00f3rdoba CF, correspondiente a la jornada 7 de Laliga 1|2|3.<\/p>\n<p style=\"text-align: justify;\"><strong>Alineaciones<\/strong><\/p>\n<p style=\"text-align: justify;\">N\u00e0stic: Saja, Mossa, I. Bouz\u00f3n U.Z., Lopo A.M., Gerard V., Cordero, L. Madinda, C. Lobato (J. Assoubre, 60\u2019), Ferran G.P. (Rharsalla, 65\u2019), \u00c0lex L\u00f3pez i Uche.<\/p>\n<p style=\"text-align: justify;\">Real Zaragoza: Irureta, Fran (\u00c9rik Mor\u00e1n, 59\u2019), J. Casado, Cabrera (Pombo, 74\u2019), \u00c1ngel (Juan Mu\u00f1oz, 76\u2019), Javi Ros, MM. Lanza, Marcelo Silva, Iza C., A. Barrera i Zapater.<\/p>\n<p style=\"text-align: justify;\"><strong>Goles<\/strong><\/p>\n<p style=\"text-align: justify;\">Empate sin goles.<\/p>\n<p style=\"text-align: justify;\"><strong>Targetas<\/strong><\/p>\n<p style=\"text-align: justify;\">Javi Ros (42\u2019), Pombo (79\u2019), J. Assoubre (87\u2019)<\/p>\n<p style=\"text-align: justify;\"><strong>\u00c1rbitro<\/strong><\/p>\n<p style=\"text-align: justify;\">Sr. V\u00edctor Areces Franco (Colegio\u00a0asturiano).<\/p>\n<p style=\"text-align: justify;\">Partido correspondiente a la Jornada 6 de LaLiga 1|2|3. Nou Estadi. 4.255 espectadores.<\/p>\n","protected":false},"excerpt":{"rendered":"<p>El N\u00e0stic ha empatado a cero contra el Zaragoza en un partido que los locales fueron superiores dominando el partido en todas las facetas del juego.<\/p>\n","protected":false},"author":1,"featured_media":60650,"comment_status":"open","ping_status":"open","sticky":false,"template":"","format":"standard","meta":{"_acf_changed":false,"footnotes":""},"categories":[113,126],"tags":[],"class_list":["post-60653","post","type-post","status-publish","format-standard","has-post-thumbnail","hentry","category-actualidad","category-primer-equipo"],"acf":[],"yoast_head":"<!-- This site is optimized with the Yoast SEO plugin v27.3 - https:\/\/yoast.com\/product\/yoast-seo-wordpress\/ -->\n<title>N\u00e0stic 0 - 0 Real Zaragoza - Gimn\u00e0stic de Tarragona SAD<\/title>\n<meta name=\"robots\" content=\"index, follow, max-snippet:-1, max-image-preview:large, max-video-preview:-1\" \/>\n<link rel=\"canonical\" href=\"https:\/\/gimnasticdetarragona.cat\/es\/nastic-0-0-real-zaragoza-completa\/\" \/>\n<meta property=\"og:locale\" content=\"es_ES\" \/>\n<meta property=\"og:type\" content=\"article\" \/>\n<meta property=\"og:title\" content=\"N\u00e0stic 0 - 0 Real Zaragoza - Gimn\u00e0stic de Tarragona SAD\" \/>\n<meta property=\"og:description\" content=\"El N\u00e0stic ha empatado a cero contra el Zaragoza en un partido que los locales fueron superiores dominando el partido en todas las facetas del juego.\" \/>\n<meta property=\"og:url\" content=\"https:\/\/gimnasticdetarragona.cat\/es\/nastic-0-0-real-zaragoza-completa\/\" \/>\n<meta property=\"og:site_name\" content=\"Gimn\u00e0stic de Tarragona SAD\" \/>\n<meta property=\"article:published_time\" content=\"2016-09-21T00:40:30+00:00\" \/>\n<meta property=\"og:image\" content=\"https:\/\/gimnasticdetarragona.cat\/wp-content\/uploads\/2022\/06\/05234208113345.png\" \/>\n\t<meta property=\"og:image:width\" content=\"900\" \/>\n\t<meta property=\"og:image:height\" content=\"450\" \/>\n\t<meta property=\"og:image:type\" content=\"image\/png\" \/>\n<meta name=\"author\" content=\"desarrollo\" \/>\n<meta name=\"twitter:card\" content=\"summary_large_image\" \/>\n<meta name=\"twitter:creator\" content=\"@NASTICTARRAGONA\" \/>\n<meta name=\"twitter:site\" content=\"@NASTICTARRAGONA\" \/>\n<meta name=\"twitter:label1\" content=\"Escrito por\" \/>\n\t<meta name=\"twitter:data1\" content=\"desarrollo\" \/>\n\t<meta name=\"twitter:label2\" content=\"Tiempo de lectura\" \/>\n\t<meta name=\"twitter:data2\" content=\"3 minutos\" \/>\n<script type=\"application\/ld+json\" class=\"yoast-schema-graph\">{\"@context\":\"https:\\\/\\\/schema.org\",\"@graph\":[{\"@type\":\"Article\",\"@id\":\"https:\\\/\\\/gimnasticdetarragona.cat\\\/es\\\/nastic-0-0-real-zaragoza-completa\\\/#article\",\"isPartOf\":{\"@id\":\"https:\\\/\\\/gimnasticdetarragona.cat\\\/es\\\/nastic-0-0-real-zaragoza-completa\\\/\"},\"author\":{\"name\":\"desarrollo\",\"@id\":\"https:\\\/\\\/gimnasticdetarragona.cat\\\/es\\\/#\\\/schema\\\/person\\\/47b6a637abf88f9bd835540f20ea069e\"},\"headline\":\"N\u00e0stic 0 &#8211; 0 Real Zaragoza\",\"datePublished\":\"2016-09-21T00:40:30+00:00\",\"mainEntityOfPage\":{\"@id\":\"https:\\\/\\\/gimnasticdetarragona.cat\\\/es\\\/nastic-0-0-real-zaragoza-completa\\\/\"},\"wordCount\":637,\"commentCount\":0,\"publisher\":{\"@id\":\"https:\\\/\\\/gimnasticdetarragona.cat\\\/es\\\/#organization\"},\"image\":{\"@id\":\"https:\\\/\\\/gimnasticdetarragona.cat\\\/es\\\/nastic-0-0-real-zaragoza-completa\\\/#primaryimage\"},\"thumbnailUrl\":\"https:\\\/\\\/gimnasticdetarragona.cat\\\/wp-content\\\/uploads\\\/2022\\\/06\\\/05234208113345.png\",\"articleSection\":[\"Actualidad\",\"Primer Equipo\"],\"inLanguage\":\"es\"},{\"@type\":\"WebPage\",\"@id\":\"https:\\\/\\\/gimnasticdetarragona.cat\\\/es\\\/nastic-0-0-real-zaragoza-completa\\\/\",\"url\":\"https:\\\/\\\/gimnasticdetarragona.cat\\\/es\\\/nastic-0-0-real-zaragoza-completa\\\/\",\"name\":\"N\u00e0stic 0 - 0 Real Zaragoza - Gimn\u00e0stic de Tarragona SAD\",\"isPartOf\":{\"@id\":\"https:\\\/\\\/gimnasticdetarragona.cat\\\/es\\\/#website\"},\"primaryImageOfPage\":{\"@id\":\"https:\\\/\\\/gimnasticdetarragona.cat\\\/es\\\/nastic-0-0-real-zaragoza-completa\\\/#primaryimage\"},\"image\":{\"@id\":\"https:\\\/\\\/gimnasticdetarragona.cat\\\/es\\\/nastic-0-0-real-zaragoza-completa\\\/#primaryimage\"},\"thumbnailUrl\":\"https:\\\/\\\/gimnasticdetarragona.cat\\\/wp-content\\\/uploads\\\/2022\\\/06\\\/05234208113345.png\",\"datePublished\":\"2016-09-21T00:40:30+00:00\",\"breadcrumb\":{\"@id\":\"https:\\\/\\\/gimnasticdetarragona.cat\\\/es\\\/nastic-0-0-real-zaragoza-completa\\\/#breadcrumb\"},\"inLanguage\":\"es\",\"potentialAction\":[{\"@type\":\"ReadAction\",\"target\":[\"https:\\\/\\\/gimnasticdetarragona.cat\\\/es\\\/nastic-0-0-real-zaragoza-completa\\\/\"]}]},{\"@type\":\"ImageObject\",\"inLanguage\":\"es\",\"@id\":\"https:\\\/\\\/gimnasticdetarragona.cat\\\/es\\\/nastic-0-0-real-zaragoza-completa\\\/#primaryimage\",\"url\":\"https:\\\/\\\/gimnasticdetarragona.cat\\\/wp-content\\\/uploads\\\/2022\\\/06\\\/05234208113345.png\",\"contentUrl\":\"https:\\\/\\\/gimnasticdetarragona.cat\\\/wp-content\\\/uploads\\\/2022\\\/06\\\/05234208113345.png\",\"width\":900,\"height\":450},{\"@type\":\"BreadcrumbList\",\"@id\":\"https:\\\/\\\/gimnasticdetarragona.cat\\\/es\\\/nastic-0-0-real-zaragoza-completa\\\/#breadcrumb\",\"itemListElement\":[{\"@type\":\"ListItem\",\"position\":1,\"name\":\"Inici\",\"item\":\"https:\\\/\\\/gimnasticdetarragona.cat\\\/es\\\/nastic\\\/\"},{\"@type\":\"ListItem\",\"position\":2,\"name\":\"N\u00e0stic 0 &#8211; 0 Real Zaragoza\"}]},{\"@type\":\"WebSite\",\"@id\":\"https:\\\/\\\/gimnasticdetarragona.cat\\\/es\\\/#website\",\"url\":\"https:\\\/\\\/gimnasticdetarragona.cat\\\/es\\\/\",\"name\":\"Gimn\u00e0stic de Tarragona SAD\",\"description\":\"Gimn\u00e0stic de Tarragona\",\"publisher\":{\"@id\":\"https:\\\/\\\/gimnasticdetarragona.cat\\\/es\\\/#organization\"},\"potentialAction\":[{\"@type\":\"SearchAction\",\"target\":{\"@type\":\"EntryPoint\",\"urlTemplate\":\"https:\\\/\\\/gimnasticdetarragona.cat\\\/es\\\/?s={search_term_string}\"},\"query-input\":{\"@type\":\"PropertyValueSpecification\",\"valueRequired\":true,\"valueName\":\"search_term_string\"}}],\"inLanguage\":\"es\"},{\"@type\":\"Organization\",\"@id\":\"https:\\\/\\\/gimnasticdetarragona.cat\\\/es\\\/#organization\",\"name\":\"GIMN\u00c0STIC DE TARRAGONA\",\"alternateName\":\"N\u00c0STIC\",\"url\":\"https:\\\/\\\/gimnasticdetarragona.cat\\\/es\\\/\",\"logo\":{\"@type\":\"ImageObject\",\"inLanguage\":\"es\",\"@id\":\"https:\\\/\\\/gimnasticdetarragona.cat\\\/es\\\/#\\\/schema\\\/logo\\\/image\\\/\",\"url\":\"https:\\\/\\\/gimnasticdetarragona.cat\\\/wp-content\\\/uploads\\\/2022\\\/06\\\/cropped-logo-gimnastic.png\",\"contentUrl\":\"https:\\\/\\\/gimnasticdetarragona.cat\\\/wp-content\\\/uploads\\\/2022\\\/06\\\/cropped-logo-gimnastic.png\",\"width\":224,\"height\":83,\"caption\":\"GIMN\u00c0STIC DE TARRAGONA\"},\"image\":{\"@id\":\"https:\\\/\\\/gimnasticdetarragona.cat\\\/es\\\/#\\\/schema\\\/logo\\\/image\\\/\"},\"sameAs\":[\"https:\\\/\\\/x.com\\\/NASTICTARRAGONA\",\"https:\\\/\\\/www.instagram.com\\\/nastictarragona\\\/\"]},{\"@type\":\"Person\",\"@id\":\"https:\\\/\\\/gimnasticdetarragona.cat\\\/es\\\/#\\\/schema\\\/person\\\/47b6a637abf88f9bd835540f20ea069e\",\"name\":\"desarrollo\",\"sameAs\":[\"https:\\\/\\\/clone.gimnasticdetarragona.cat\"]}]}<\/script>\n<!-- \/ Yoast SEO plugin. -->","yoast_head_json":{"title":"N\u00e0stic 0 - 0 Real Zaragoza - Gimn\u00e0stic de Tarragona SAD","robots":{"index":"index","follow":"follow","max-snippet":"max-snippet:-1","max-image-preview":"max-image-preview:large","max-video-preview":"max-video-preview:-1"},"canonical":"https:\/\/gimnasticdetarragona.cat\/es\/nastic-0-0-real-zaragoza-completa\/","og_locale":"es_ES","og_type":"article","og_title":"N\u00e0stic 0 - 0 Real Zaragoza - Gimn\u00e0stic de Tarragona SAD","og_description":"El N\u00e0stic ha empatado a cero contra el Zaragoza en un partido que los locales fueron superiores dominando el partido en todas las facetas del juego.","og_url":"https:\/\/gimnasticdetarragona.cat\/es\/nastic-0-0-real-zaragoza-completa\/","og_site_name":"Gimn\u00e0stic de Tarragona SAD","article_published_time":"2016-09-21T00:40:30+00:00","og_image":[{"width":900,"height":450,"url":"https:\/\/gimnasticdetarragona.cat\/wp-content\/uploads\/2022\/06\/05234208113345.png","type":"image\/png"}],"author":"desarrollo","twitter_card":"summary_large_image","twitter_creator":"@NASTICTARRAGONA","twitter_site":"@NASTICTARRAGONA","twitter_misc":{"Escrito por":"desarrollo","Tiempo de lectura":"3 minutos"},"schema":{"@context":"https:\/\/schema.org","@graph":[{"@type":"Article","@id":"https:\/\/gimnasticdetarragona.cat\/es\/nastic-0-0-real-zaragoza-completa\/#article","isPartOf":{"@id":"https:\/\/gimnasticdetarragona.cat\/es\/nastic-0-0-real-zaragoza-completa\/"},"author":{"name":"desarrollo","@id":"https:\/\/gimnasticdetarragona.cat\/es\/#\/schema\/person\/47b6a637abf88f9bd835540f20ea069e"},"headline":"N\u00e0stic 0 &#8211; 0 Real Zaragoza","datePublished":"2016-09-21T00:40:30+00:00","mainEntityOfPage":{"@id":"https:\/\/gimnasticdetarragona.cat\/es\/nastic-0-0-real-zaragoza-completa\/"},"wordCount":637,"commentCount":0,"publisher":{"@id":"https:\/\/gimnasticdetarragona.cat\/es\/#organization"},"image":{"@id":"https:\/\/gimnasticdetarragona.cat\/es\/nastic-0-0-real-zaragoza-completa\/#primaryimage"},"thumbnailUrl":"https:\/\/gimnasticdetarragona.cat\/wp-content\/uploads\/2022\/06\/05234208113345.png","articleSection":["Actualidad","Primer Equipo"],"inLanguage":"es"},{"@type":"WebPage","@id":"https:\/\/gimnasticdetarragona.cat\/es\/nastic-0-0-real-zaragoza-completa\/","url":"https:\/\/gimnasticdetarragona.cat\/es\/nastic-0-0-real-zaragoza-completa\/","name":"N\u00e0stic 0 - 0 Real Zaragoza - Gimn\u00e0stic de Tarragona SAD","isPartOf":{"@id":"https:\/\/gimnasticdetarragona.cat\/es\/#website"},"primaryImageOfPage":{"@id":"https:\/\/gimnasticdetarragona.cat\/es\/nastic-0-0-real-zaragoza-completa\/#primaryimage"},"image":{"@id":"https:\/\/gimnasticdetarragona.cat\/es\/nastic-0-0-real-zaragoza-completa\/#primaryimage"},"thumbnailUrl":"https:\/\/gimnasticdetarragona.cat\/wp-content\/uploads\/2022\/06\/05234208113345.png","datePublished":"2016-09-21T00:40:30+00:00","breadcrumb":{"@id":"https:\/\/gimnasticdetarragona.cat\/es\/nastic-0-0-real-zaragoza-completa\/#breadcrumb"},"inLanguage":"es","potentialAction":[{"@type":"ReadAction","target":["https:\/\/gimnasticdetarragona.cat\/es\/nastic-0-0-real-zaragoza-completa\/"]}]},{"@type":"ImageObject","inLanguage":"es","@id":"https:\/\/gimnasticdetarragona.cat\/es\/nastic-0-0-real-zaragoza-completa\/#primaryimage","url":"https:\/\/gimnasticdetarragona.cat\/wp-content\/uploads\/2022\/06\/05234208113345.png","contentUrl":"https:\/\/gimnasticdetarragona.cat\/wp-content\/uploads\/2022\/06\/05234208113345.png","width":900,"height":450},{"@type":"BreadcrumbList","@id":"https:\/\/gimnasticdetarragona.cat\/es\/nastic-0-0-real-zaragoza-completa\/#breadcrumb","itemListElement":[{"@type":"ListItem","position":1,"name":"Inici","item":"https:\/\/gimnasticdetarragona.cat\/es\/nastic\/"},{"@type":"ListItem","position":2,"name":"N\u00e0stic 0 &#8211; 0 Real Zaragoza"}]},{"@type":"WebSite","@id":"https:\/\/gimnasticdetarragona.cat\/es\/#website","url":"https:\/\/gimnasticdetarragona.cat\/es\/","name":"Gimn\u00e0stic de Tarragona SAD","description":"Gimn\u00e0stic de Tarragona","publisher":{"@id":"https:\/\/gimnasticdetarragona.cat\/es\/#organization"},"potentialAction":[{"@type":"SearchAction","target":{"@type":"EntryPoint","urlTemplate":"https:\/\/gimnasticdetarragona.cat\/es\/?s={search_term_string}"},"query-input":{"@type":"PropertyValueSpecification","valueRequired":true,"valueName":"search_term_string"}}],"inLanguage":"es"},{"@type":"Organization","@id":"https:\/\/gimnasticdetarragona.cat\/es\/#organization","name":"GIMN\u00c0STIC DE TARRAGONA","alternateName":"N\u00c0STIC","url":"https:\/\/gimnasticdetarragona.cat\/es\/","logo":{"@type":"ImageObject","inLanguage":"es","@id":"https:\/\/gimnasticdetarragona.cat\/es\/#\/schema\/logo\/image\/","url":"https:\/\/gimnasticdetarragona.cat\/wp-content\/uploads\/2022\/06\/cropped-logo-gimnastic.png","contentUrl":"https:\/\/gimnasticdetarragona.cat\/wp-content\/uploads\/2022\/06\/cropped-logo-gimnastic.png","width":224,"height":83,"caption":"GIMN\u00c0STIC DE TARRAGONA"},"image":{"@id":"https:\/\/gimnasticdetarragona.cat\/es\/#\/schema\/logo\/image\/"},"sameAs":["https:\/\/x.com\/NASTICTARRAGONA","https:\/\/www.instagram.com\/nastictarragona\/"]},{"@type":"Person","@id":"https:\/\/gimnasticdetarragona.cat\/es\/#\/schema\/person\/47b6a637abf88f9bd835540f20ea069e","name":"desarrollo","sameAs":["https:\/\/clone.gimnasticdetarragona.cat"]}]}},"_links":{"self":[{"href":"https:\/\/gimnasticdetarragona.cat\/es\/wp-json\/wp\/v2\/posts\/60653","targetHints":{"allow":["GET"]}}],"collection":[{"href":"https:\/\/gimnasticdetarragona.cat\/es\/wp-json\/wp\/v2\/posts"}],"about":[{"href":"https:\/\/gimnasticdetarragona.cat\/es\/wp-json\/wp\/v2\/types\/post"}],"author":[{"embeddable":true,"href":"https:\/\/gimnasticdetarragona.cat\/es\/wp-json\/wp\/v2\/users\/1"}],"replies":[{"embeddable":true,"href":"https:\/\/gimnasticdetarragona.cat\/es\/wp-json\/wp\/v2\/comments?post=60653"}],"version-history":[{"count":0,"href":"https:\/\/gimnasticdetarragona.cat\/es\/wp-json\/wp\/v2\/posts\/60653\/revisions"}],"wp:featuredmedia":[{"embeddable":true,"href":"https:\/\/gimnasticdetarragona.cat\/es\/wp-json\/wp\/v2\/media\/60650"}],"wp:attachment":[{"href":"https:\/\/gimnasticdetarragona.cat\/es\/wp-json\/wp\/v2\/media?parent=60653"}],"wp:term":[{"taxonomy":"category","embeddable":true,"href":"https:\/\/gimnasticdetarragona.cat\/es\/wp-json\/wp\/v2\/categories?post=60653"},{"taxonomy":"post_tag","embeddable":true,"href":"https:\/\/gimnasticdetarragona.cat\/es\/wp-json\/wp\/v2\/tags?post=60653"}],"curies":[{"name":"wp","href":"https:\/\/api.w.org\/{rel}","templated":true}]}}