{"id":60721,"date":"2016-09-12T19:05:13","date_gmt":"2016-09-12T19:05:13","guid":{"rendered":"https:\/\/clone.gimnasticdetarragona.cat\/el-juvenil-a-guanya-en-el-primer-partit-a-casa\/"},"modified":"2016-09-12T19:05:13","modified_gmt":"2016-09-12T19:05:13","slug":"el-juvenil-a-guanya-en-el-primer-partit-a-casa","status":"publish","type":"post","link":"https:\/\/gimnasticdetarragona.cat\/es\/el-juvenil-a-guanya-en-el-primer-partit-a-casa\/","title":{"rendered":"El Juvenil A guanya en el primer partit a casa"},"content":{"rendered":"<p><strong>Els Juvenil A va superar dissabte al At. Baleares per un c\u00f2mode 3-0 en un partit que van dominar de principi a fi.<\/strong><\/p>\n<p style=\"text-align: justify;\">Els grana afrontaven el primer partit com a locals amb moltes ganes de sumar despr\u00e9s de la derrota en la primera jornada contra el potent Espanyol. Els locals, van sortir molt concentrats des del primer minut, sabedors que calia tenir el domini de la pilota si volien evitar que els balears es sentissin c\u00f2modes. Els primers 15 minuts per\u00f2 els juvenils no va ser capa\u00e7os de dominar la possessi\u00f3, permetent que el Baleares plantegessin un joc sense ritme. Amb el pas dels minuts els de Cazorla es van fer amb el control de la pilota, reduint les opcions dels visitants.<\/p>\n<p style=\"text-align: justify;\">Un cop amb la pilota les ocasions no farien esperar i el N\u00e0stic gaudiria d\u2019oportunitats molt clares arribant amb comoditat per banda i controlant els intents de sortida a la contra per part del rival. El Balears, en canvi, tan sols van fer un xut amb perill en tot el partit, mentre que els locals haguessin pogut aconseguir fins hi tot algun gol m\u00e9s.<\/p>\n<p style=\"text-align: justify;\">\u201cEstic content amb el partit que hem fet. Els primers 15-20 minuts hem jugat al que ells volien per\u00f2 despr\u00e9s hem estat capa\u00e7os de controlar el joc i hem rendit a un gran nivell. Els tres punts s\u00f3n m\u00e9s que merescuts\u201d.<\/p>\n","protected":false},"excerpt":{"rendered":"<p>Els Juvenil A va superar dissabte al At. Baleares per un c\u00f2mode 3-0 en un partit que van dominar de principi a fi.<\/p>\n","protected":false},"author":1,"featured_media":60718,"comment_status":"open","ping_status":"open","sticky":false,"template":"","format":"standard","meta":{"_acf_changed":false,"footnotes":""},"categories":[113,117],"tags":[],"class_list":["post-60721","post","type-post","status-publish","format-standard","has-post-thumbnail","hentry","category-actualidad","category-futbol-base"],"acf":[],"yoast_head":"<!-- This site is optimized with the Yoast SEO plugin v27.3 - https:\/\/yoast.com\/product\/yoast-seo-wordpress\/ -->\n<title>El Juvenil A guanya en el primer partit a casa - Gimn\u00e0stic de Tarragona SAD<\/title>\n<meta name=\"robots\" content=\"index, follow, max-snippet:-1, max-image-preview:large, max-video-preview:-1\" \/>\n<link rel=\"canonical\" href=\"https:\/\/gimnasticdetarragona.cat\/es\/el-juvenil-a-guanya-en-el-primer-partit-a-casa\/\" \/>\n<meta property=\"og:locale\" content=\"es_ES\" \/>\n<meta property=\"og:type\" content=\"article\" \/>\n<meta property=\"og:title\" content=\"El Juvenil A guanya en el primer partit a casa - Gimn\u00e0stic de Tarragona SAD\" \/>\n<meta property=\"og:description\" content=\"Els Juvenil A va superar dissabte al At. Baleares per un c\u00f2mode 3-0 en un partit que van dominar de principi a fi.\" \/>\n<meta property=\"og:url\" content=\"https:\/\/gimnasticdetarragona.cat\/es\/el-juvenil-a-guanya-en-el-primer-partit-a-casa\/\" \/>\n<meta property=\"og:site_name\" content=\"Gimn\u00e0stic de Tarragona SAD\" \/>\n<meta property=\"article:published_time\" content=\"2016-09-12T19:05:13+00:00\" \/>\n<meta property=\"og:image\" content=\"https:\/\/gimnasticdetarragona.cat\/wp-content\/uploads\/2022\/06\/05234159113013.jpg\" \/>\n\t<meta property=\"og:image:width\" content=\"640\" \/>\n\t<meta property=\"og:image:height\" content=\"427\" \/>\n\t<meta property=\"og:image:type\" content=\"image\/jpeg\" \/>\n<meta name=\"author\" content=\"desarrollo\" \/>\n<meta name=\"twitter:card\" content=\"summary_large_image\" \/>\n<meta name=\"twitter:creator\" content=\"@NASTICTARRAGONA\" \/>\n<meta name=\"twitter:site\" content=\"@NASTICTARRAGONA\" \/>\n<meta name=\"twitter:label1\" content=\"Escrito por\" \/>\n\t<meta name=\"twitter:data1\" content=\"desarrollo\" \/>\n\t<meta name=\"twitter:label2\" content=\"Tiempo de lectura\" \/>\n\t<meta name=\"twitter:data2\" content=\"1 minuto\" \/>\n<script type=\"application\/ld+json\" class=\"yoast-schema-graph\">{\"@context\":\"https:\\\/\\\/schema.org\",\"@graph\":[{\"@type\":\"Article\",\"@id\":\"https:\\\/\\\/gimnasticdetarragona.cat\\\/es\\\/el-juvenil-a-guanya-en-el-primer-partit-a-casa\\\/#article\",\"isPartOf\":{\"@id\":\"https:\\\/\\\/gimnasticdetarragona.cat\\\/es\\\/el-juvenil-a-guanya-en-el-primer-partit-a-casa\\\/\"},\"author\":{\"name\":\"desarrollo\",\"@id\":\"https:\\\/\\\/gimnasticdetarragona.cat\\\/es\\\/#\\\/schema\\\/person\\\/47b6a637abf88f9bd835540f20ea069e\"},\"headline\":\"El Juvenil A guanya en el primer partit a casa\",\"datePublished\":\"2016-09-12T19:05:13+00:00\",\"mainEntityOfPage\":{\"@id\":\"https:\\\/\\\/gimnasticdetarragona.cat\\\/es\\\/el-juvenil-a-guanya-en-el-primer-partit-a-casa\\\/\"},\"wordCount\":248,\"commentCount\":0,\"publisher\":{\"@id\":\"https:\\\/\\\/gimnasticdetarragona.cat\\\/es\\\/#organization\"},\"image\":{\"@id\":\"https:\\\/\\\/gimnasticdetarragona.cat\\\/es\\\/el-juvenil-a-guanya-en-el-primer-partit-a-casa\\\/#primaryimage\"},\"thumbnailUrl\":\"https:\\\/\\\/gimnasticdetarragona.cat\\\/wp-content\\\/uploads\\\/2022\\\/06\\\/05234159113013.jpg\",\"articleSection\":[\"Actualidad\",\"F\u00fatbol Base\"],\"inLanguage\":\"es\"},{\"@type\":\"WebPage\",\"@id\":\"https:\\\/\\\/gimnasticdetarragona.cat\\\/es\\\/el-juvenil-a-guanya-en-el-primer-partit-a-casa\\\/\",\"url\":\"https:\\\/\\\/gimnasticdetarragona.cat\\\/es\\\/el-juvenil-a-guanya-en-el-primer-partit-a-casa\\\/\",\"name\":\"El Juvenil A guanya en el primer partit a casa - Gimn\u00e0stic de Tarragona SAD\",\"isPartOf\":{\"@id\":\"https:\\\/\\\/gimnasticdetarragona.cat\\\/es\\\/#website\"},\"primaryImageOfPage\":{\"@id\":\"https:\\\/\\\/gimnasticdetarragona.cat\\\/es\\\/el-juvenil-a-guanya-en-el-primer-partit-a-casa\\\/#primaryimage\"},\"image\":{\"@id\":\"https:\\\/\\\/gimnasticdetarragona.cat\\\/es\\\/el-juvenil-a-guanya-en-el-primer-partit-a-casa\\\/#primaryimage\"},\"thumbnailUrl\":\"https:\\\/\\\/gimnasticdetarragona.cat\\\/wp-content\\\/uploads\\\/2022\\\/06\\\/05234159113013.jpg\",\"datePublished\":\"2016-09-12T19:05:13+00:00\",\"breadcrumb\":{\"@id\":\"https:\\\/\\\/gimnasticdetarragona.cat\\\/es\\\/el-juvenil-a-guanya-en-el-primer-partit-a-casa\\\/#breadcrumb\"},\"inLanguage\":\"es\",\"potentialAction\":[{\"@type\":\"ReadAction\",\"target\":[\"https:\\\/\\\/gimnasticdetarragona.cat\\\/es\\\/el-juvenil-a-guanya-en-el-primer-partit-a-casa\\\/\"]}]},{\"@type\":\"ImageObject\",\"inLanguage\":\"es\",\"@id\":\"https:\\\/\\\/gimnasticdetarragona.cat\\\/es\\\/el-juvenil-a-guanya-en-el-primer-partit-a-casa\\\/#primaryimage\",\"url\":\"https:\\\/\\\/gimnasticdetarragona.cat\\\/wp-content\\\/uploads\\\/2022\\\/06\\\/05234159113013.jpg\",\"contentUrl\":\"https:\\\/\\\/gimnasticdetarragona.cat\\\/wp-content\\\/uploads\\\/2022\\\/06\\\/05234159113013.jpg\",\"width\":640,\"height\":427},{\"@type\":\"BreadcrumbList\",\"@id\":\"https:\\\/\\\/gimnasticdetarragona.cat\\\/es\\\/el-juvenil-a-guanya-en-el-primer-partit-a-casa\\\/#breadcrumb\",\"itemListElement\":[{\"@type\":\"ListItem\",\"position\":1,\"name\":\"Inici\",\"item\":\"https:\\\/\\\/gimnasticdetarragona.cat\\\/es\\\/nastic\\\/\"},{\"@type\":\"ListItem\",\"position\":2,\"name\":\"El Juvenil A guanya en el primer partit a casa\"}]},{\"@type\":\"WebSite\",\"@id\":\"https:\\\/\\\/gimnasticdetarragona.cat\\\/es\\\/#website\",\"url\":\"https:\\\/\\\/gimnasticdetarragona.cat\\\/es\\\/\",\"name\":\"Gimn\u00e0stic de Tarragona SAD\",\"description\":\"Gimn\u00e0stic de Tarragona\",\"publisher\":{\"@id\":\"https:\\\/\\\/gimnasticdetarragona.cat\\\/es\\\/#organization\"},\"potentialAction\":[{\"@type\":\"SearchAction\",\"target\":{\"@type\":\"EntryPoint\",\"urlTemplate\":\"https:\\\/\\\/gimnasticdetarragona.cat\\\/es\\\/?s={search_term_string}\"},\"query-input\":{\"@type\":\"PropertyValueSpecification\",\"valueRequired\":true,\"valueName\":\"search_term_string\"}}],\"inLanguage\":\"es\"},{\"@type\":\"Organization\",\"@id\":\"https:\\\/\\\/gimnasticdetarragona.cat\\\/es\\\/#organization\",\"name\":\"GIMN\u00c0STIC DE TARRAGONA\",\"alternateName\":\"N\u00c0STIC\",\"url\":\"https:\\\/\\\/gimnasticdetarragona.cat\\\/es\\\/\",\"logo\":{\"@type\":\"ImageObject\",\"inLanguage\":\"es\",\"@id\":\"https:\\\/\\\/gimnasticdetarragona.cat\\\/es\\\/#\\\/schema\\\/logo\\\/image\\\/\",\"url\":\"https:\\\/\\\/gimnasticdetarragona.cat\\\/wp-content\\\/uploads\\\/2022\\\/06\\\/cropped-logo-gimnastic.png\",\"contentUrl\":\"https:\\\/\\\/gimnasticdetarragona.cat\\\/wp-content\\\/uploads\\\/2022\\\/06\\\/cropped-logo-gimnastic.png\",\"width\":224,\"height\":83,\"caption\":\"GIMN\u00c0STIC DE TARRAGONA\"},\"image\":{\"@id\":\"https:\\\/\\\/gimnasticdetarragona.cat\\\/es\\\/#\\\/schema\\\/logo\\\/image\\\/\"},\"sameAs\":[\"https:\\\/\\\/x.com\\\/NASTICTARRAGONA\",\"https:\\\/\\\/www.instagram.com\\\/nastictarragona\\\/\"]},{\"@type\":\"Person\",\"@id\":\"https:\\\/\\\/gimnasticdetarragona.cat\\\/es\\\/#\\\/schema\\\/person\\\/47b6a637abf88f9bd835540f20ea069e\",\"name\":\"desarrollo\",\"sameAs\":[\"https:\\\/\\\/clone.gimnasticdetarragona.cat\"]}]}<\/script>\n<!-- \/ Yoast SEO plugin. -->","yoast_head_json":{"title":"El Juvenil A guanya en el primer partit a casa - Gimn\u00e0stic de Tarragona SAD","robots":{"index":"index","follow":"follow","max-snippet":"max-snippet:-1","max-image-preview":"max-image-preview:large","max-video-preview":"max-video-preview:-1"},"canonical":"https:\/\/gimnasticdetarragona.cat\/es\/el-juvenil-a-guanya-en-el-primer-partit-a-casa\/","og_locale":"es_ES","og_type":"article","og_title":"El Juvenil A guanya en el primer partit a casa - Gimn\u00e0stic de Tarragona SAD","og_description":"Els Juvenil A va superar dissabte al At. Baleares per un c\u00f2mode 3-0 en un partit que van dominar de principi a fi.","og_url":"https:\/\/gimnasticdetarragona.cat\/es\/el-juvenil-a-guanya-en-el-primer-partit-a-casa\/","og_site_name":"Gimn\u00e0stic de Tarragona SAD","article_published_time":"2016-09-12T19:05:13+00:00","og_image":[{"width":640,"height":427,"url":"https:\/\/gimnasticdetarragona.cat\/wp-content\/uploads\/2022\/06\/05234159113013.jpg","type":"image\/jpeg"}],"author":"desarrollo","twitter_card":"summary_large_image","twitter_creator":"@NASTICTARRAGONA","twitter_site":"@NASTICTARRAGONA","twitter_misc":{"Escrito por":"desarrollo","Tiempo de lectura":"1 minuto"},"schema":{"@context":"https:\/\/schema.org","@graph":[{"@type":"Article","@id":"https:\/\/gimnasticdetarragona.cat\/es\/el-juvenil-a-guanya-en-el-primer-partit-a-casa\/#article","isPartOf":{"@id":"https:\/\/gimnasticdetarragona.cat\/es\/el-juvenil-a-guanya-en-el-primer-partit-a-casa\/"},"author":{"name":"desarrollo","@id":"https:\/\/gimnasticdetarragona.cat\/es\/#\/schema\/person\/47b6a637abf88f9bd835540f20ea069e"},"headline":"El Juvenil A guanya en el primer partit a casa","datePublished":"2016-09-12T19:05:13+00:00","mainEntityOfPage":{"@id":"https:\/\/gimnasticdetarragona.cat\/es\/el-juvenil-a-guanya-en-el-primer-partit-a-casa\/"},"wordCount":248,"commentCount":0,"publisher":{"@id":"https:\/\/gimnasticdetarragona.cat\/es\/#organization"},"image":{"@id":"https:\/\/gimnasticdetarragona.cat\/es\/el-juvenil-a-guanya-en-el-primer-partit-a-casa\/#primaryimage"},"thumbnailUrl":"https:\/\/gimnasticdetarragona.cat\/wp-content\/uploads\/2022\/06\/05234159113013.jpg","articleSection":["Actualidad","F\u00fatbol Base"],"inLanguage":"es"},{"@type":"WebPage","@id":"https:\/\/gimnasticdetarragona.cat\/es\/el-juvenil-a-guanya-en-el-primer-partit-a-casa\/","url":"https:\/\/gimnasticdetarragona.cat\/es\/el-juvenil-a-guanya-en-el-primer-partit-a-casa\/","name":"El Juvenil A guanya en el primer partit a casa - Gimn\u00e0stic de Tarragona SAD","isPartOf":{"@id":"https:\/\/gimnasticdetarragona.cat\/es\/#website"},"primaryImageOfPage":{"@id":"https:\/\/gimnasticdetarragona.cat\/es\/el-juvenil-a-guanya-en-el-primer-partit-a-casa\/#primaryimage"},"image":{"@id":"https:\/\/gimnasticdetarragona.cat\/es\/el-juvenil-a-guanya-en-el-primer-partit-a-casa\/#primaryimage"},"thumbnailUrl":"https:\/\/gimnasticdetarragona.cat\/wp-content\/uploads\/2022\/06\/05234159113013.jpg","datePublished":"2016-09-12T19:05:13+00:00","breadcrumb":{"@id":"https:\/\/gimnasticdetarragona.cat\/es\/el-juvenil-a-guanya-en-el-primer-partit-a-casa\/#breadcrumb"},"inLanguage":"es","potentialAction":[{"@type":"ReadAction","target":["https:\/\/gimnasticdetarragona.cat\/es\/el-juvenil-a-guanya-en-el-primer-partit-a-casa\/"]}]},{"@type":"ImageObject","inLanguage":"es","@id":"https:\/\/gimnasticdetarragona.cat\/es\/el-juvenil-a-guanya-en-el-primer-partit-a-casa\/#primaryimage","url":"https:\/\/gimnasticdetarragona.cat\/wp-content\/uploads\/2022\/06\/05234159113013.jpg","contentUrl":"https:\/\/gimnasticdetarragona.cat\/wp-content\/uploads\/2022\/06\/05234159113013.jpg","width":640,"height":427},{"@type":"BreadcrumbList","@id":"https:\/\/gimnasticdetarragona.cat\/es\/el-juvenil-a-guanya-en-el-primer-partit-a-casa\/#breadcrumb","itemListElement":[{"@type":"ListItem","position":1,"name":"Inici","item":"https:\/\/gimnasticdetarragona.cat\/es\/nastic\/"},{"@type":"ListItem","position":2,"name":"El Juvenil A guanya en el primer partit a casa"}]},{"@type":"WebSite","@id":"https:\/\/gimnasticdetarragona.cat\/es\/#website","url":"https:\/\/gimnasticdetarragona.cat\/es\/","name":"Gimn\u00e0stic de Tarragona SAD","description":"Gimn\u00e0stic de Tarragona","publisher":{"@id":"https:\/\/gimnasticdetarragona.cat\/es\/#organization"},"potentialAction":[{"@type":"SearchAction","target":{"@type":"EntryPoint","urlTemplate":"https:\/\/gimnasticdetarragona.cat\/es\/?s={search_term_string}"},"query-input":{"@type":"PropertyValueSpecification","valueRequired":true,"valueName":"search_term_string"}}],"inLanguage":"es"},{"@type":"Organization","@id":"https:\/\/gimnasticdetarragona.cat\/es\/#organization","name":"GIMN\u00c0STIC DE TARRAGONA","alternateName":"N\u00c0STIC","url":"https:\/\/gimnasticdetarragona.cat\/es\/","logo":{"@type":"ImageObject","inLanguage":"es","@id":"https:\/\/gimnasticdetarragona.cat\/es\/#\/schema\/logo\/image\/","url":"https:\/\/gimnasticdetarragona.cat\/wp-content\/uploads\/2022\/06\/cropped-logo-gimnastic.png","contentUrl":"https:\/\/gimnasticdetarragona.cat\/wp-content\/uploads\/2022\/06\/cropped-logo-gimnastic.png","width":224,"height":83,"caption":"GIMN\u00c0STIC DE TARRAGONA"},"image":{"@id":"https:\/\/gimnasticdetarragona.cat\/es\/#\/schema\/logo\/image\/"},"sameAs":["https:\/\/x.com\/NASTICTARRAGONA","https:\/\/www.instagram.com\/nastictarragona\/"]},{"@type":"Person","@id":"https:\/\/gimnasticdetarragona.cat\/es\/#\/schema\/person\/47b6a637abf88f9bd835540f20ea069e","name":"desarrollo","sameAs":["https:\/\/clone.gimnasticdetarragona.cat"]}]}},"_links":{"self":[{"href":"https:\/\/gimnasticdetarragona.cat\/es\/wp-json\/wp\/v2\/posts\/60721","targetHints":{"allow":["GET"]}}],"collection":[{"href":"https:\/\/gimnasticdetarragona.cat\/es\/wp-json\/wp\/v2\/posts"}],"about":[{"href":"https:\/\/gimnasticdetarragona.cat\/es\/wp-json\/wp\/v2\/types\/post"}],"author":[{"embeddable":true,"href":"https:\/\/gimnasticdetarragona.cat\/es\/wp-json\/wp\/v2\/users\/1"}],"replies":[{"embeddable":true,"href":"https:\/\/gimnasticdetarragona.cat\/es\/wp-json\/wp\/v2\/comments?post=60721"}],"version-history":[{"count":0,"href":"https:\/\/gimnasticdetarragona.cat\/es\/wp-json\/wp\/v2\/posts\/60721\/revisions"}],"wp:featuredmedia":[{"embeddable":true,"href":"https:\/\/gimnasticdetarragona.cat\/es\/wp-json\/wp\/v2\/media\/60718"}],"wp:attachment":[{"href":"https:\/\/gimnasticdetarragona.cat\/es\/wp-json\/wp\/v2\/media?parent=60721"}],"wp:term":[{"taxonomy":"category","embeddable":true,"href":"https:\/\/gimnasticdetarragona.cat\/es\/wp-json\/wp\/v2\/categories?post=60721"},{"taxonomy":"post_tag","embeddable":true,"href":"https:\/\/gimnasticdetarragona.cat\/es\/wp-json\/wp\/v2\/tags?post=60721"}],"curies":[{"name":"wp","href":"https:\/\/api.w.org\/{rel}","templated":true}]}}