{"id":60743,"date":"2016-09-09T18:17:22","date_gmt":"2016-09-09T18:17:22","guid":{"rendered":"https:\/\/clone.gimnasticdetarragona.cat\/els-internacionals-grana-ja-estan-a-disposicio-de-vicente-moreno\/"},"modified":"2016-09-09T18:17:22","modified_gmt":"2016-09-09T18:17:22","slug":"els-internacionals-grana-ja-estan-a-disposicio-de-vicente-moreno","status":"publish","type":"post","link":"https:\/\/gimnasticdetarragona.cat\/es\/els-internacionals-grana-ja-estan-a-disposicio-de-vicente-moreno\/","title":{"rendered":"Los internacionales grana ya est\u00e1n a disposici\u00f3n de Vicente Moreno"},"content":{"rendered":"<p style=\"text-align: justify;\">Los cuatro futbolistas del primer equipo Levy Madinda, Mohammed Djetei, Oto Kakabadze y Stole Dimitrievski han completado la sesi\u00f3n de entrenamiento de esta ma\u00f1ana en el Nou Estadi, bajo las \u00f3rdenes de\u00a0Vicente Moreno. La totalidad de los jugadores internacionales ya est\u00e1n a disposici\u00f3n del t\u00e9cnico grana para entrar en la convocatoria para el partido de este domingo en Alcorc\u00f3n.<\/p>\n<p style=\"text-align: justify;\">El primero en llegar a Tarragona fue Dimitrievski, que disput\u00f3 el partido de Copa del Rey del mi\u00e9rcoles ante el CD Numancia. Mientras que ayer, jueves, el camerun\u00e9s Djetei complet\u00f3 la primera sesi\u00f3n de entrenamiento con el resto de compa\u00f1eros, despu\u00e9s de participar en los dos partidos de los \u00ableones indomables\u00bb. Hoy, viernes, Madinda y Kakabadze han sido los \u00faltimos internacionales en incorporarse a los entrenamientos del equipo.<\/p>\n<p style=\"text-align: justify;\">Los africanos Djetei y Madinda estar\u00e1n presentes en la pr\u00f3xima edici\u00f3n de la Copa de \u00c1frica. Por su parte, el macedonio Dimitrievski y el georgiano Kakabadze han iniciado la fase de grupos, con sus respectivas selecciones, buscando\u00a0clasificarse para el Mundial\u00a0de 2018 en Rusia.<\/p>\n<p style=\"text-align: justify;\">Estos han sido los resultados de los jugadores grana en sus respectivas selecciones:<\/p>\n<p style=\"text-align: justify;\">Sud\u00e1n &#8211; Gab\u00f3n (Madinda), 1-2<\/p>\n<p style=\"text-align: justify;\">Camer\u00fan (Djetei) &#8211; Gambia, 2-0<\/p>\n<p style=\"text-align: justify;\">Georgia (Kakabadze) &#8211; Austria, 1-2<\/p>\n<p style=\"text-align: justify;\">Albania &#8211; Macedonia (Dimitrievski), 2-1<\/p>\n<p style=\"text-align: justify;\">Camer\u00fan (Djetei) &#8211; Gab\u00f3n (Madinda), 2-1<\/p>\n","protected":false},"excerpt":{"rendered":"<p>Los cuatro futbolistas del primer equipo Levy Madinda, Mohammed Djetei, Oto Kakabadze y Stole Dimitrievski han completado la sesi\u00f3n de entrenamiento de esta ma\u00f1ana en el Nou Estadi, bajo las \u00f3rdenes de Vicente Moreno. La totalidad de los jugadores internacionales ya est\u00e1n a disposici\u00f3n del t\u00e9cnico grana para entrar en la convocatoria para el partido de este domingo en Alcorc\u00f3n.<\/p>\n","protected":false},"author":1,"featured_media":60740,"comment_status":"open","ping_status":"open","sticky":false,"template":"","format":"standard","meta":{"_acf_changed":false,"footnotes":""},"categories":[113],"tags":[],"class_list":["post-60743","post","type-post","status-publish","format-standard","has-post-thumbnail","hentry","category-actualidad"],"acf":[],"yoast_head":"<!-- This site is optimized with the Yoast SEO plugin v27.3 - https:\/\/yoast.com\/product\/yoast-seo-wordpress\/ -->\n<title>Los internacionales grana ya est\u00e1n a disposici\u00f3n de Vicente Moreno - Gimn\u00e0stic de Tarragona SAD<\/title>\n<meta name=\"robots\" content=\"index, follow, max-snippet:-1, max-image-preview:large, max-video-preview:-1\" \/>\n<link rel=\"canonical\" href=\"https:\/\/gimnasticdetarragona.cat\/es\/els-internacionals-grana-ja-estan-a-disposicio-de-vicente-moreno\/\" \/>\n<meta property=\"og:locale\" content=\"es_ES\" \/>\n<meta property=\"og:type\" content=\"article\" \/>\n<meta property=\"og:title\" content=\"Los internacionales grana ya est\u00e1n a disposici\u00f3n de Vicente Moreno - Gimn\u00e0stic de Tarragona SAD\" \/>\n<meta property=\"og:description\" content=\"Los cuatro futbolistas del primer equipo Levy Madinda, Mohammed Djetei, Oto Kakabadze y Stole Dimitrievski han completado la sesi\u00f3n de entrenamiento de esta ma\u00f1ana en el Nou Estadi, bajo las \u00f3rdenes de Vicente Moreno. La totalidad de los jugadores internacionales ya est\u00e1n a disposici\u00f3n del t\u00e9cnico grana para entrar en la convocatoria para el partido de este domingo en Alcorc\u00f3n.\" \/>\n<meta property=\"og:url\" content=\"https:\/\/gimnasticdetarragona.cat\/es\/els-internacionals-grana-ja-estan-a-disposicio-de-vicente-moreno\/\" \/>\n<meta property=\"og:site_name\" content=\"Gimn\u00e0stic de Tarragona SAD\" \/>\n<meta property=\"article:published_time\" content=\"2016-09-09T18:17:22+00:00\" \/>\n<meta property=\"og:image\" content=\"https:\/\/gimnasticdetarragona.cat\/wp-content\/uploads\/2022\/06\/05234200112909.jpg\" \/>\n\t<meta property=\"og:image:width\" content=\"1908\" \/>\n\t<meta property=\"og:image:height\" content=\"1272\" \/>\n\t<meta property=\"og:image:type\" content=\"image\/jpeg\" \/>\n<meta name=\"author\" content=\"desarrollo\" \/>\n<meta name=\"twitter:card\" content=\"summary_large_image\" \/>\n<meta name=\"twitter:creator\" content=\"@NASTICTARRAGONA\" \/>\n<meta name=\"twitter:site\" content=\"@NASTICTARRAGONA\" \/>\n<meta name=\"twitter:label1\" content=\"Escrito por\" \/>\n\t<meta name=\"twitter:data1\" content=\"desarrollo\" \/>\n\t<meta name=\"twitter:label2\" content=\"Tiempo de lectura\" \/>\n\t<meta name=\"twitter:data2\" content=\"1 minuto\" \/>\n<script type=\"application\/ld+json\" class=\"yoast-schema-graph\">{\"@context\":\"https:\\\/\\\/schema.org\",\"@graph\":[{\"@type\":\"Article\",\"@id\":\"https:\\\/\\\/gimnasticdetarragona.cat\\\/es\\\/els-internacionals-grana-ja-estan-a-disposicio-de-vicente-moreno\\\/#article\",\"isPartOf\":{\"@id\":\"https:\\\/\\\/gimnasticdetarragona.cat\\\/es\\\/els-internacionals-grana-ja-estan-a-disposicio-de-vicente-moreno\\\/\"},\"author\":{\"name\":\"desarrollo\",\"@id\":\"https:\\\/\\\/gimnasticdetarragona.cat\\\/es\\\/#\\\/schema\\\/person\\\/47b6a637abf88f9bd835540f20ea069e\"},\"headline\":\"Los internacionales grana ya est\u00e1n a disposici\u00f3n de Vicente Moreno\",\"datePublished\":\"2016-09-09T18:17:22+00:00\",\"mainEntityOfPage\":{\"@id\":\"https:\\\/\\\/gimnasticdetarragona.cat\\\/es\\\/els-internacionals-grana-ja-estan-a-disposicio-de-vicente-moreno\\\/\"},\"wordCount\":242,\"commentCount\":0,\"publisher\":{\"@id\":\"https:\\\/\\\/gimnasticdetarragona.cat\\\/es\\\/#organization\"},\"image\":{\"@id\":\"https:\\\/\\\/gimnasticdetarragona.cat\\\/es\\\/els-internacionals-grana-ja-estan-a-disposicio-de-vicente-moreno\\\/#primaryimage\"},\"thumbnailUrl\":\"https:\\\/\\\/gimnasticdetarragona.cat\\\/wp-content\\\/uploads\\\/2022\\\/06\\\/05234200112909.jpg\",\"articleSection\":[\"Actualidad\"],\"inLanguage\":\"es\"},{\"@type\":\"WebPage\",\"@id\":\"https:\\\/\\\/gimnasticdetarragona.cat\\\/es\\\/els-internacionals-grana-ja-estan-a-disposicio-de-vicente-moreno\\\/\",\"url\":\"https:\\\/\\\/gimnasticdetarragona.cat\\\/es\\\/els-internacionals-grana-ja-estan-a-disposicio-de-vicente-moreno\\\/\",\"name\":\"Los internacionales grana ya est\u00e1n a disposici\u00f3n de Vicente Moreno - Gimn\u00e0stic de Tarragona SAD\",\"isPartOf\":{\"@id\":\"https:\\\/\\\/gimnasticdetarragona.cat\\\/es\\\/#website\"},\"primaryImageOfPage\":{\"@id\":\"https:\\\/\\\/gimnasticdetarragona.cat\\\/es\\\/els-internacionals-grana-ja-estan-a-disposicio-de-vicente-moreno\\\/#primaryimage\"},\"image\":{\"@id\":\"https:\\\/\\\/gimnasticdetarragona.cat\\\/es\\\/els-internacionals-grana-ja-estan-a-disposicio-de-vicente-moreno\\\/#primaryimage\"},\"thumbnailUrl\":\"https:\\\/\\\/gimnasticdetarragona.cat\\\/wp-content\\\/uploads\\\/2022\\\/06\\\/05234200112909.jpg\",\"datePublished\":\"2016-09-09T18:17:22+00:00\",\"breadcrumb\":{\"@id\":\"https:\\\/\\\/gimnasticdetarragona.cat\\\/es\\\/els-internacionals-grana-ja-estan-a-disposicio-de-vicente-moreno\\\/#breadcrumb\"},\"inLanguage\":\"es\",\"potentialAction\":[{\"@type\":\"ReadAction\",\"target\":[\"https:\\\/\\\/gimnasticdetarragona.cat\\\/es\\\/els-internacionals-grana-ja-estan-a-disposicio-de-vicente-moreno\\\/\"]}]},{\"@type\":\"ImageObject\",\"inLanguage\":\"es\",\"@id\":\"https:\\\/\\\/gimnasticdetarragona.cat\\\/es\\\/els-internacionals-grana-ja-estan-a-disposicio-de-vicente-moreno\\\/#primaryimage\",\"url\":\"https:\\\/\\\/gimnasticdetarragona.cat\\\/wp-content\\\/uploads\\\/2022\\\/06\\\/05234200112909.jpg\",\"contentUrl\":\"https:\\\/\\\/gimnasticdetarragona.cat\\\/wp-content\\\/uploads\\\/2022\\\/06\\\/05234200112909.jpg\",\"width\":1908,\"height\":1272,\"caption\":\"????????????????????????????????????\"},{\"@type\":\"BreadcrumbList\",\"@id\":\"https:\\\/\\\/gimnasticdetarragona.cat\\\/es\\\/els-internacionals-grana-ja-estan-a-disposicio-de-vicente-moreno\\\/#breadcrumb\",\"itemListElement\":[{\"@type\":\"ListItem\",\"position\":1,\"name\":\"Inici\",\"item\":\"https:\\\/\\\/gimnasticdetarragona.cat\\\/es\\\/nastic\\\/\"},{\"@type\":\"ListItem\",\"position\":2,\"name\":\"Los internacionales grana ya est\u00e1n a disposici\u00f3n de Vicente Moreno\"}]},{\"@type\":\"WebSite\",\"@id\":\"https:\\\/\\\/gimnasticdetarragona.cat\\\/es\\\/#website\",\"url\":\"https:\\\/\\\/gimnasticdetarragona.cat\\\/es\\\/\",\"name\":\"Gimn\u00e0stic de Tarragona SAD\",\"description\":\"Gimn\u00e0stic de Tarragona\",\"publisher\":{\"@id\":\"https:\\\/\\\/gimnasticdetarragona.cat\\\/es\\\/#organization\"},\"potentialAction\":[{\"@type\":\"SearchAction\",\"target\":{\"@type\":\"EntryPoint\",\"urlTemplate\":\"https:\\\/\\\/gimnasticdetarragona.cat\\\/es\\\/?s={search_term_string}\"},\"query-input\":{\"@type\":\"PropertyValueSpecification\",\"valueRequired\":true,\"valueName\":\"search_term_string\"}}],\"inLanguage\":\"es\"},{\"@type\":\"Organization\",\"@id\":\"https:\\\/\\\/gimnasticdetarragona.cat\\\/es\\\/#organization\",\"name\":\"GIMN\u00c0STIC DE TARRAGONA\",\"alternateName\":\"N\u00c0STIC\",\"url\":\"https:\\\/\\\/gimnasticdetarragona.cat\\\/es\\\/\",\"logo\":{\"@type\":\"ImageObject\",\"inLanguage\":\"es\",\"@id\":\"https:\\\/\\\/gimnasticdetarragona.cat\\\/es\\\/#\\\/schema\\\/logo\\\/image\\\/\",\"url\":\"https:\\\/\\\/gimnasticdetarragona.cat\\\/wp-content\\\/uploads\\\/2022\\\/06\\\/cropped-logo-gimnastic.png\",\"contentUrl\":\"https:\\\/\\\/gimnasticdetarragona.cat\\\/wp-content\\\/uploads\\\/2022\\\/06\\\/cropped-logo-gimnastic.png\",\"width\":224,\"height\":83,\"caption\":\"GIMN\u00c0STIC DE TARRAGONA\"},\"image\":{\"@id\":\"https:\\\/\\\/gimnasticdetarragona.cat\\\/es\\\/#\\\/schema\\\/logo\\\/image\\\/\"},\"sameAs\":[\"https:\\\/\\\/x.com\\\/NASTICTARRAGONA\",\"https:\\\/\\\/www.instagram.com\\\/nastictarragona\\\/\"]},{\"@type\":\"Person\",\"@id\":\"https:\\\/\\\/gimnasticdetarragona.cat\\\/es\\\/#\\\/schema\\\/person\\\/47b6a637abf88f9bd835540f20ea069e\",\"name\":\"desarrollo\",\"sameAs\":[\"https:\\\/\\\/clone.gimnasticdetarragona.cat\"]}]}<\/script>\n<!-- \/ Yoast SEO plugin. -->","yoast_head_json":{"title":"Los internacionales grana ya est\u00e1n a disposici\u00f3n de Vicente Moreno - Gimn\u00e0stic de Tarragona SAD","robots":{"index":"index","follow":"follow","max-snippet":"max-snippet:-1","max-image-preview":"max-image-preview:large","max-video-preview":"max-video-preview:-1"},"canonical":"https:\/\/gimnasticdetarragona.cat\/es\/els-internacionals-grana-ja-estan-a-disposicio-de-vicente-moreno\/","og_locale":"es_ES","og_type":"article","og_title":"Los internacionales grana ya est\u00e1n a disposici\u00f3n de Vicente Moreno - Gimn\u00e0stic de Tarragona SAD","og_description":"Los cuatro futbolistas del primer equipo Levy Madinda, Mohammed Djetei, Oto Kakabadze y Stole Dimitrievski han completado la sesi\u00f3n de entrenamiento de esta ma\u00f1ana en el Nou Estadi, bajo las \u00f3rdenes de Vicente Moreno. La totalidad de los jugadores internacionales ya est\u00e1n a disposici\u00f3n del t\u00e9cnico grana para entrar en la convocatoria para el partido de este domingo en Alcorc\u00f3n.","og_url":"https:\/\/gimnasticdetarragona.cat\/es\/els-internacionals-grana-ja-estan-a-disposicio-de-vicente-moreno\/","og_site_name":"Gimn\u00e0stic de Tarragona SAD","article_published_time":"2016-09-09T18:17:22+00:00","og_image":[{"width":1908,"height":1272,"url":"https:\/\/gimnasticdetarragona.cat\/wp-content\/uploads\/2022\/06\/05234200112909.jpg","type":"image\/jpeg"}],"author":"desarrollo","twitter_card":"summary_large_image","twitter_creator":"@NASTICTARRAGONA","twitter_site":"@NASTICTARRAGONA","twitter_misc":{"Escrito por":"desarrollo","Tiempo de lectura":"1 minuto"},"schema":{"@context":"https:\/\/schema.org","@graph":[{"@type":"Article","@id":"https:\/\/gimnasticdetarragona.cat\/es\/els-internacionals-grana-ja-estan-a-disposicio-de-vicente-moreno\/#article","isPartOf":{"@id":"https:\/\/gimnasticdetarragona.cat\/es\/els-internacionals-grana-ja-estan-a-disposicio-de-vicente-moreno\/"},"author":{"name":"desarrollo","@id":"https:\/\/gimnasticdetarragona.cat\/es\/#\/schema\/person\/47b6a637abf88f9bd835540f20ea069e"},"headline":"Los internacionales grana ya est\u00e1n a disposici\u00f3n de Vicente Moreno","datePublished":"2016-09-09T18:17:22+00:00","mainEntityOfPage":{"@id":"https:\/\/gimnasticdetarragona.cat\/es\/els-internacionals-grana-ja-estan-a-disposicio-de-vicente-moreno\/"},"wordCount":242,"commentCount":0,"publisher":{"@id":"https:\/\/gimnasticdetarragona.cat\/es\/#organization"},"image":{"@id":"https:\/\/gimnasticdetarragona.cat\/es\/els-internacionals-grana-ja-estan-a-disposicio-de-vicente-moreno\/#primaryimage"},"thumbnailUrl":"https:\/\/gimnasticdetarragona.cat\/wp-content\/uploads\/2022\/06\/05234200112909.jpg","articleSection":["Actualidad"],"inLanguage":"es"},{"@type":"WebPage","@id":"https:\/\/gimnasticdetarragona.cat\/es\/els-internacionals-grana-ja-estan-a-disposicio-de-vicente-moreno\/","url":"https:\/\/gimnasticdetarragona.cat\/es\/els-internacionals-grana-ja-estan-a-disposicio-de-vicente-moreno\/","name":"Los internacionales grana ya est\u00e1n a disposici\u00f3n de Vicente Moreno - Gimn\u00e0stic de Tarragona SAD","isPartOf":{"@id":"https:\/\/gimnasticdetarragona.cat\/es\/#website"},"primaryImageOfPage":{"@id":"https:\/\/gimnasticdetarragona.cat\/es\/els-internacionals-grana-ja-estan-a-disposicio-de-vicente-moreno\/#primaryimage"},"image":{"@id":"https:\/\/gimnasticdetarragona.cat\/es\/els-internacionals-grana-ja-estan-a-disposicio-de-vicente-moreno\/#primaryimage"},"thumbnailUrl":"https:\/\/gimnasticdetarragona.cat\/wp-content\/uploads\/2022\/06\/05234200112909.jpg","datePublished":"2016-09-09T18:17:22+00:00","breadcrumb":{"@id":"https:\/\/gimnasticdetarragona.cat\/es\/els-internacionals-grana-ja-estan-a-disposicio-de-vicente-moreno\/#breadcrumb"},"inLanguage":"es","potentialAction":[{"@type":"ReadAction","target":["https:\/\/gimnasticdetarragona.cat\/es\/els-internacionals-grana-ja-estan-a-disposicio-de-vicente-moreno\/"]}]},{"@type":"ImageObject","inLanguage":"es","@id":"https:\/\/gimnasticdetarragona.cat\/es\/els-internacionals-grana-ja-estan-a-disposicio-de-vicente-moreno\/#primaryimage","url":"https:\/\/gimnasticdetarragona.cat\/wp-content\/uploads\/2022\/06\/05234200112909.jpg","contentUrl":"https:\/\/gimnasticdetarragona.cat\/wp-content\/uploads\/2022\/06\/05234200112909.jpg","width":1908,"height":1272,"caption":"????????????????????????????????????"},{"@type":"BreadcrumbList","@id":"https:\/\/gimnasticdetarragona.cat\/es\/els-internacionals-grana-ja-estan-a-disposicio-de-vicente-moreno\/#breadcrumb","itemListElement":[{"@type":"ListItem","position":1,"name":"Inici","item":"https:\/\/gimnasticdetarragona.cat\/es\/nastic\/"},{"@type":"ListItem","position":2,"name":"Los internacionales grana ya est\u00e1n a disposici\u00f3n de Vicente Moreno"}]},{"@type":"WebSite","@id":"https:\/\/gimnasticdetarragona.cat\/es\/#website","url":"https:\/\/gimnasticdetarragona.cat\/es\/","name":"Gimn\u00e0stic de Tarragona SAD","description":"Gimn\u00e0stic de Tarragona","publisher":{"@id":"https:\/\/gimnasticdetarragona.cat\/es\/#organization"},"potentialAction":[{"@type":"SearchAction","target":{"@type":"EntryPoint","urlTemplate":"https:\/\/gimnasticdetarragona.cat\/es\/?s={search_term_string}"},"query-input":{"@type":"PropertyValueSpecification","valueRequired":true,"valueName":"search_term_string"}}],"inLanguage":"es"},{"@type":"Organization","@id":"https:\/\/gimnasticdetarragona.cat\/es\/#organization","name":"GIMN\u00c0STIC DE TARRAGONA","alternateName":"N\u00c0STIC","url":"https:\/\/gimnasticdetarragona.cat\/es\/","logo":{"@type":"ImageObject","inLanguage":"es","@id":"https:\/\/gimnasticdetarragona.cat\/es\/#\/schema\/logo\/image\/","url":"https:\/\/gimnasticdetarragona.cat\/wp-content\/uploads\/2022\/06\/cropped-logo-gimnastic.png","contentUrl":"https:\/\/gimnasticdetarragona.cat\/wp-content\/uploads\/2022\/06\/cropped-logo-gimnastic.png","width":224,"height":83,"caption":"GIMN\u00c0STIC DE TARRAGONA"},"image":{"@id":"https:\/\/gimnasticdetarragona.cat\/es\/#\/schema\/logo\/image\/"},"sameAs":["https:\/\/x.com\/NASTICTARRAGONA","https:\/\/www.instagram.com\/nastictarragona\/"]},{"@type":"Person","@id":"https:\/\/gimnasticdetarragona.cat\/es\/#\/schema\/person\/47b6a637abf88f9bd835540f20ea069e","name":"desarrollo","sameAs":["https:\/\/clone.gimnasticdetarragona.cat"]}]}},"_links":{"self":[{"href":"https:\/\/gimnasticdetarragona.cat\/es\/wp-json\/wp\/v2\/posts\/60743","targetHints":{"allow":["GET"]}}],"collection":[{"href":"https:\/\/gimnasticdetarragona.cat\/es\/wp-json\/wp\/v2\/posts"}],"about":[{"href":"https:\/\/gimnasticdetarragona.cat\/es\/wp-json\/wp\/v2\/types\/post"}],"author":[{"embeddable":true,"href":"https:\/\/gimnasticdetarragona.cat\/es\/wp-json\/wp\/v2\/users\/1"}],"replies":[{"embeddable":true,"href":"https:\/\/gimnasticdetarragona.cat\/es\/wp-json\/wp\/v2\/comments?post=60743"}],"version-history":[{"count":0,"href":"https:\/\/gimnasticdetarragona.cat\/es\/wp-json\/wp\/v2\/posts\/60743\/revisions"}],"wp:featuredmedia":[{"embeddable":true,"href":"https:\/\/gimnasticdetarragona.cat\/es\/wp-json\/wp\/v2\/media\/60740"}],"wp:attachment":[{"href":"https:\/\/gimnasticdetarragona.cat\/es\/wp-json\/wp\/v2\/media?parent=60743"}],"wp:term":[{"taxonomy":"category","embeddable":true,"href":"https:\/\/gimnasticdetarragona.cat\/es\/wp-json\/wp\/v2\/categories?post=60743"},{"taxonomy":"post_tag","embeddable":true,"href":"https:\/\/gimnasticdetarragona.cat\/es\/wp-json\/wp\/v2\/tags?post=60743"}],"curies":[{"name":"wp","href":"https:\/\/api.w.org\/{rel}","templated":true}]}}