{"id":60787,"date":"2016-09-03T17:38:26","date_gmt":"2016-09-03T17:38:26","guid":{"rendered":"https:\/\/clone.gimnasticdetarragona.cat\/guia-practica-per-als-aficionats-realitzada-per-laliga\/"},"modified":"2016-09-03T17:38:26","modified_gmt":"2016-09-03T17:38:26","slug":"guia-practica-per-als-aficionats-realitzada-per-laliga","status":"publish","type":"post","link":"https:\/\/gimnasticdetarragona.cat\/es\/guia-practica-per-als-aficionats-realitzada-per-laliga\/","title":{"rendered":"Gu\u00eda pr\u00e1ctica para los aficionados, realizada por LaLiga"},"content":{"rendered":"<p style=\"text-align: justify;\">LaLiga facilita como cada temporada la \u00abGu\u00eda Pr\u00e1ctica para aficionados &#8211; Manual de Bienvenida 2016\/17\u00bb, una nueva iniciativa dirigida a todos los aficionados y espectadores de los diferentes equipos que completan Laliga Santander y LaLiga 1|2|3.<\/p>\n<p style=\"text-align: justify;\">LaLiga, junto con Aficiones Unidas y el Consejo Superior de Deportes, ha realizado esta gu\u00eda ilustrada que busca hacer part\u00edcipes a aficionados y espectadores de la pasi\u00f3n del f\u00fatbol, como protagonistas y parte del espect\u00e1culo, transmitiendo el fomento de los valores del f\u00fatbol y la integridad de todos los seguidores.<\/p>\n<p style=\"text-align: justify;\">En el manual, se nos anima a jugar el partido para ganar contra la violencia y la intolerancia, independientemente cual sea el estadio donde se dispute el encuentro o el resultado que figure en el videomarcador.<\/p>\n<p style=\"text-align: justify;\">Dentro del mismo documento, tambi\u00e9n se incluye el Reglamento de prevenci\u00f3n de la violencia, el racismo, la xenofobia y la intolerancia en el deporte y la Normativa de Acceso a los Estadios de Laliga, donde se explica las buenas pr\u00e1cticas a realizar dentro de un recinto deportivo y evitar cualquier acci\u00f3n de incivismo o que pueda alterar el desarrollo del partido.<\/p>\n<p style=\"text-align: justify;\">Nastiquer, ya puedes consultar la Gu\u00eda de LaLiga en el <a href=\"https:\/\/issuu.com\/nastictarragona\/docs\/29130941guia-practica-aficionados-2\">canal Issuu del Gimn\u00e0stic de Tarragona<\/a>.<\/p>\n<p style=\"text-align: justify;\">Afici\u00f3n + respeto: \u00a1Vive el f\u00fatbol!<\/p>\n","protected":false},"excerpt":{"rendered":"<p>LaLiga facilita como cada temporada la \u00abGu\u00eda Pr\u00e1ctica para aficionados &#8211; Manual de Bienvenida 2016\/17\u00bb, una nueva iniciativa dirigida a todos los aficionados y espectadores de los diferentes equipos que completan Laliga Santander y LaLiga 1|2|3.<\/p>\n","protected":false},"author":1,"featured_media":60784,"comment_status":"open","ping_status":"open","sticky":false,"template":"","format":"standard","meta":{"_acf_changed":false,"footnotes":""},"categories":[113,139],"tags":[],"class_list":["post-60787","post","type-post","status-publish","format-standard","has-post-thumbnail","hentry","category-actualidad","category-social"],"acf":[],"yoast_head":"<!-- This site is optimized with the Yoast SEO plugin v27.3 - https:\/\/yoast.com\/product\/yoast-seo-wordpress\/ -->\n<title>Gu\u00eda pr\u00e1ctica para los aficionados, realizada por LaLiga - Gimn\u00e0stic de Tarragona SAD<\/title>\n<meta name=\"robots\" content=\"index, follow, max-snippet:-1, max-image-preview:large, max-video-preview:-1\" \/>\n<link rel=\"canonical\" href=\"https:\/\/gimnasticdetarragona.cat\/es\/guia-practica-per-als-aficionats-realitzada-per-laliga\/\" \/>\n<meta property=\"og:locale\" content=\"es_ES\" \/>\n<meta property=\"og:type\" content=\"article\" \/>\n<meta property=\"og:title\" content=\"Gu\u00eda pr\u00e1ctica para los aficionados, realizada por LaLiga - Gimn\u00e0stic de Tarragona SAD\" \/>\n<meta property=\"og:description\" content=\"LaLiga facilita como cada temporada la &quot;Gu\u00eda Pr\u00e1ctica para aficionados - Manual de Bienvenida 2016\/17&quot;, una nueva iniciativa dirigida a todos los aficionados y espectadores de los diferentes equipos que completan Laliga Santander y LaLiga 1|2|3.\" \/>\n<meta property=\"og:url\" content=\"https:\/\/gimnasticdetarragona.cat\/es\/guia-practica-per-als-aficionats-realitzada-per-laliga\/\" \/>\n<meta property=\"og:site_name\" content=\"Gimn\u00e0stic de Tarragona SAD\" \/>\n<meta property=\"article:published_time\" content=\"2016-09-03T17:38:26+00:00\" \/>\n<meta property=\"og:image\" content=\"https:\/\/gimnasticdetarragona.cat\/wp-content\/uploads\/2022\/06\/05234139112738.jpg\" \/>\n\t<meta property=\"og:image:width\" content=\"659\" \/>\n\t<meta property=\"og:image:height\" content=\"398\" \/>\n\t<meta property=\"og:image:type\" content=\"image\/jpeg\" \/>\n<meta name=\"author\" content=\"desarrollo\" \/>\n<meta name=\"twitter:card\" content=\"summary_large_image\" \/>\n<meta name=\"twitter:creator\" content=\"@NASTICTARRAGONA\" \/>\n<meta name=\"twitter:site\" content=\"@NASTICTARRAGONA\" \/>\n<meta name=\"twitter:label1\" content=\"Escrito por\" \/>\n\t<meta name=\"twitter:data1\" content=\"desarrollo\" \/>\n\t<meta name=\"twitter:label2\" content=\"Tiempo de lectura\" \/>\n\t<meta name=\"twitter:data2\" content=\"1 minuto\" \/>\n<script type=\"application\/ld+json\" class=\"yoast-schema-graph\">{\"@context\":\"https:\\\/\\\/schema.org\",\"@graph\":[{\"@type\":\"Article\",\"@id\":\"https:\\\/\\\/gimnasticdetarragona.cat\\\/es\\\/guia-practica-per-als-aficionats-realitzada-per-laliga\\\/#article\",\"isPartOf\":{\"@id\":\"https:\\\/\\\/gimnasticdetarragona.cat\\\/es\\\/guia-practica-per-als-aficionats-realitzada-per-laliga\\\/\"},\"author\":{\"name\":\"desarrollo\",\"@id\":\"https:\\\/\\\/gimnasticdetarragona.cat\\\/es\\\/#\\\/schema\\\/person\\\/47b6a637abf88f9bd835540f20ea069e\"},\"headline\":\"Gu\u00eda pr\u00e1ctica para los aficionados, realizada por LaLiga\",\"datePublished\":\"2016-09-03T17:38:26+00:00\",\"mainEntityOfPage\":{\"@id\":\"https:\\\/\\\/gimnasticdetarragona.cat\\\/es\\\/guia-practica-per-als-aficionats-realitzada-per-laliga\\\/\"},\"wordCount\":228,\"commentCount\":0,\"publisher\":{\"@id\":\"https:\\\/\\\/gimnasticdetarragona.cat\\\/es\\\/#organization\"},\"image\":{\"@id\":\"https:\\\/\\\/gimnasticdetarragona.cat\\\/es\\\/guia-practica-per-als-aficionats-realitzada-per-laliga\\\/#primaryimage\"},\"thumbnailUrl\":\"https:\\\/\\\/gimnasticdetarragona.cat\\\/wp-content\\\/uploads\\\/2022\\\/06\\\/05234139112738.jpg\",\"articleSection\":[\"Actualidad\",\"Social\"],\"inLanguage\":\"es\"},{\"@type\":\"WebPage\",\"@id\":\"https:\\\/\\\/gimnasticdetarragona.cat\\\/es\\\/guia-practica-per-als-aficionats-realitzada-per-laliga\\\/\",\"url\":\"https:\\\/\\\/gimnasticdetarragona.cat\\\/es\\\/guia-practica-per-als-aficionats-realitzada-per-laliga\\\/\",\"name\":\"Gu\u00eda pr\u00e1ctica para los aficionados, realizada por LaLiga - Gimn\u00e0stic de Tarragona SAD\",\"isPartOf\":{\"@id\":\"https:\\\/\\\/gimnasticdetarragona.cat\\\/es\\\/#website\"},\"primaryImageOfPage\":{\"@id\":\"https:\\\/\\\/gimnasticdetarragona.cat\\\/es\\\/guia-practica-per-als-aficionats-realitzada-per-laliga\\\/#primaryimage\"},\"image\":{\"@id\":\"https:\\\/\\\/gimnasticdetarragona.cat\\\/es\\\/guia-practica-per-als-aficionats-realitzada-per-laliga\\\/#primaryimage\"},\"thumbnailUrl\":\"https:\\\/\\\/gimnasticdetarragona.cat\\\/wp-content\\\/uploads\\\/2022\\\/06\\\/05234139112738.jpg\",\"datePublished\":\"2016-09-03T17:38:26+00:00\",\"breadcrumb\":{\"@id\":\"https:\\\/\\\/gimnasticdetarragona.cat\\\/es\\\/guia-practica-per-als-aficionats-realitzada-per-laliga\\\/#breadcrumb\"},\"inLanguage\":\"es\",\"potentialAction\":[{\"@type\":\"ReadAction\",\"target\":[\"https:\\\/\\\/gimnasticdetarragona.cat\\\/es\\\/guia-practica-per-als-aficionats-realitzada-per-laliga\\\/\"]}]},{\"@type\":\"ImageObject\",\"inLanguage\":\"es\",\"@id\":\"https:\\\/\\\/gimnasticdetarragona.cat\\\/es\\\/guia-practica-per-als-aficionats-realitzada-per-laliga\\\/#primaryimage\",\"url\":\"https:\\\/\\\/gimnasticdetarragona.cat\\\/wp-content\\\/uploads\\\/2022\\\/06\\\/05234139112738.jpg\",\"contentUrl\":\"https:\\\/\\\/gimnasticdetarragona.cat\\\/wp-content\\\/uploads\\\/2022\\\/06\\\/05234139112738.jpg\",\"width\":659,\"height\":398},{\"@type\":\"BreadcrumbList\",\"@id\":\"https:\\\/\\\/gimnasticdetarragona.cat\\\/es\\\/guia-practica-per-als-aficionats-realitzada-per-laliga\\\/#breadcrumb\",\"itemListElement\":[{\"@type\":\"ListItem\",\"position\":1,\"name\":\"Inici\",\"item\":\"https:\\\/\\\/gimnasticdetarragona.cat\\\/es\\\/nastic\\\/\"},{\"@type\":\"ListItem\",\"position\":2,\"name\":\"Gu\u00eda pr\u00e1ctica para los aficionados, realizada por LaLiga\"}]},{\"@type\":\"WebSite\",\"@id\":\"https:\\\/\\\/gimnasticdetarragona.cat\\\/es\\\/#website\",\"url\":\"https:\\\/\\\/gimnasticdetarragona.cat\\\/es\\\/\",\"name\":\"Gimn\u00e0stic de Tarragona SAD\",\"description\":\"Gimn\u00e0stic de Tarragona\",\"publisher\":{\"@id\":\"https:\\\/\\\/gimnasticdetarragona.cat\\\/es\\\/#organization\"},\"potentialAction\":[{\"@type\":\"SearchAction\",\"target\":{\"@type\":\"EntryPoint\",\"urlTemplate\":\"https:\\\/\\\/gimnasticdetarragona.cat\\\/es\\\/?s={search_term_string}\"},\"query-input\":{\"@type\":\"PropertyValueSpecification\",\"valueRequired\":true,\"valueName\":\"search_term_string\"}}],\"inLanguage\":\"es\"},{\"@type\":\"Organization\",\"@id\":\"https:\\\/\\\/gimnasticdetarragona.cat\\\/es\\\/#organization\",\"name\":\"GIMN\u00c0STIC DE TARRAGONA\",\"alternateName\":\"N\u00c0STIC\",\"url\":\"https:\\\/\\\/gimnasticdetarragona.cat\\\/es\\\/\",\"logo\":{\"@type\":\"ImageObject\",\"inLanguage\":\"es\",\"@id\":\"https:\\\/\\\/gimnasticdetarragona.cat\\\/es\\\/#\\\/schema\\\/logo\\\/image\\\/\",\"url\":\"https:\\\/\\\/gimnasticdetarragona.cat\\\/wp-content\\\/uploads\\\/2022\\\/06\\\/cropped-logo-gimnastic.png\",\"contentUrl\":\"https:\\\/\\\/gimnasticdetarragona.cat\\\/wp-content\\\/uploads\\\/2022\\\/06\\\/cropped-logo-gimnastic.png\",\"width\":224,\"height\":83,\"caption\":\"GIMN\u00c0STIC DE TARRAGONA\"},\"image\":{\"@id\":\"https:\\\/\\\/gimnasticdetarragona.cat\\\/es\\\/#\\\/schema\\\/logo\\\/image\\\/\"},\"sameAs\":[\"https:\\\/\\\/x.com\\\/NASTICTARRAGONA\",\"https:\\\/\\\/www.instagram.com\\\/nastictarragona\\\/\"]},{\"@type\":\"Person\",\"@id\":\"https:\\\/\\\/gimnasticdetarragona.cat\\\/es\\\/#\\\/schema\\\/person\\\/47b6a637abf88f9bd835540f20ea069e\",\"name\":\"desarrollo\",\"sameAs\":[\"https:\\\/\\\/clone.gimnasticdetarragona.cat\"]}]}<\/script>\n<!-- \/ Yoast SEO plugin. -->","yoast_head_json":{"title":"Gu\u00eda pr\u00e1ctica para los aficionados, realizada por LaLiga - Gimn\u00e0stic de Tarragona SAD","robots":{"index":"index","follow":"follow","max-snippet":"max-snippet:-1","max-image-preview":"max-image-preview:large","max-video-preview":"max-video-preview:-1"},"canonical":"https:\/\/gimnasticdetarragona.cat\/es\/guia-practica-per-als-aficionats-realitzada-per-laliga\/","og_locale":"es_ES","og_type":"article","og_title":"Gu\u00eda pr\u00e1ctica para los aficionados, realizada por LaLiga - Gimn\u00e0stic de Tarragona SAD","og_description":"LaLiga facilita como cada temporada la \"Gu\u00eda Pr\u00e1ctica para aficionados - Manual de Bienvenida 2016\/17\", una nueva iniciativa dirigida a todos los aficionados y espectadores de los diferentes equipos que completan Laliga Santander y LaLiga 1|2|3.","og_url":"https:\/\/gimnasticdetarragona.cat\/es\/guia-practica-per-als-aficionats-realitzada-per-laliga\/","og_site_name":"Gimn\u00e0stic de Tarragona SAD","article_published_time":"2016-09-03T17:38:26+00:00","og_image":[{"width":659,"height":398,"url":"https:\/\/gimnasticdetarragona.cat\/wp-content\/uploads\/2022\/06\/05234139112738.jpg","type":"image\/jpeg"}],"author":"desarrollo","twitter_card":"summary_large_image","twitter_creator":"@NASTICTARRAGONA","twitter_site":"@NASTICTARRAGONA","twitter_misc":{"Escrito por":"desarrollo","Tiempo de lectura":"1 minuto"},"schema":{"@context":"https:\/\/schema.org","@graph":[{"@type":"Article","@id":"https:\/\/gimnasticdetarragona.cat\/es\/guia-practica-per-als-aficionats-realitzada-per-laliga\/#article","isPartOf":{"@id":"https:\/\/gimnasticdetarragona.cat\/es\/guia-practica-per-als-aficionats-realitzada-per-laliga\/"},"author":{"name":"desarrollo","@id":"https:\/\/gimnasticdetarragona.cat\/es\/#\/schema\/person\/47b6a637abf88f9bd835540f20ea069e"},"headline":"Gu\u00eda pr\u00e1ctica para los aficionados, realizada por LaLiga","datePublished":"2016-09-03T17:38:26+00:00","mainEntityOfPage":{"@id":"https:\/\/gimnasticdetarragona.cat\/es\/guia-practica-per-als-aficionats-realitzada-per-laliga\/"},"wordCount":228,"commentCount":0,"publisher":{"@id":"https:\/\/gimnasticdetarragona.cat\/es\/#organization"},"image":{"@id":"https:\/\/gimnasticdetarragona.cat\/es\/guia-practica-per-als-aficionats-realitzada-per-laliga\/#primaryimage"},"thumbnailUrl":"https:\/\/gimnasticdetarragona.cat\/wp-content\/uploads\/2022\/06\/05234139112738.jpg","articleSection":["Actualidad","Social"],"inLanguage":"es"},{"@type":"WebPage","@id":"https:\/\/gimnasticdetarragona.cat\/es\/guia-practica-per-als-aficionats-realitzada-per-laliga\/","url":"https:\/\/gimnasticdetarragona.cat\/es\/guia-practica-per-als-aficionats-realitzada-per-laliga\/","name":"Gu\u00eda pr\u00e1ctica para los aficionados, realizada por LaLiga - Gimn\u00e0stic de Tarragona SAD","isPartOf":{"@id":"https:\/\/gimnasticdetarragona.cat\/es\/#website"},"primaryImageOfPage":{"@id":"https:\/\/gimnasticdetarragona.cat\/es\/guia-practica-per-als-aficionats-realitzada-per-laliga\/#primaryimage"},"image":{"@id":"https:\/\/gimnasticdetarragona.cat\/es\/guia-practica-per-als-aficionats-realitzada-per-laliga\/#primaryimage"},"thumbnailUrl":"https:\/\/gimnasticdetarragona.cat\/wp-content\/uploads\/2022\/06\/05234139112738.jpg","datePublished":"2016-09-03T17:38:26+00:00","breadcrumb":{"@id":"https:\/\/gimnasticdetarragona.cat\/es\/guia-practica-per-als-aficionats-realitzada-per-laliga\/#breadcrumb"},"inLanguage":"es","potentialAction":[{"@type":"ReadAction","target":["https:\/\/gimnasticdetarragona.cat\/es\/guia-practica-per-als-aficionats-realitzada-per-laliga\/"]}]},{"@type":"ImageObject","inLanguage":"es","@id":"https:\/\/gimnasticdetarragona.cat\/es\/guia-practica-per-als-aficionats-realitzada-per-laliga\/#primaryimage","url":"https:\/\/gimnasticdetarragona.cat\/wp-content\/uploads\/2022\/06\/05234139112738.jpg","contentUrl":"https:\/\/gimnasticdetarragona.cat\/wp-content\/uploads\/2022\/06\/05234139112738.jpg","width":659,"height":398},{"@type":"BreadcrumbList","@id":"https:\/\/gimnasticdetarragona.cat\/es\/guia-practica-per-als-aficionats-realitzada-per-laliga\/#breadcrumb","itemListElement":[{"@type":"ListItem","position":1,"name":"Inici","item":"https:\/\/gimnasticdetarragona.cat\/es\/nastic\/"},{"@type":"ListItem","position":2,"name":"Gu\u00eda pr\u00e1ctica para los aficionados, realizada por LaLiga"}]},{"@type":"WebSite","@id":"https:\/\/gimnasticdetarragona.cat\/es\/#website","url":"https:\/\/gimnasticdetarragona.cat\/es\/","name":"Gimn\u00e0stic de Tarragona SAD","description":"Gimn\u00e0stic de Tarragona","publisher":{"@id":"https:\/\/gimnasticdetarragona.cat\/es\/#organization"},"potentialAction":[{"@type":"SearchAction","target":{"@type":"EntryPoint","urlTemplate":"https:\/\/gimnasticdetarragona.cat\/es\/?s={search_term_string}"},"query-input":{"@type":"PropertyValueSpecification","valueRequired":true,"valueName":"search_term_string"}}],"inLanguage":"es"},{"@type":"Organization","@id":"https:\/\/gimnasticdetarragona.cat\/es\/#organization","name":"GIMN\u00c0STIC DE TARRAGONA","alternateName":"N\u00c0STIC","url":"https:\/\/gimnasticdetarragona.cat\/es\/","logo":{"@type":"ImageObject","inLanguage":"es","@id":"https:\/\/gimnasticdetarragona.cat\/es\/#\/schema\/logo\/image\/","url":"https:\/\/gimnasticdetarragona.cat\/wp-content\/uploads\/2022\/06\/cropped-logo-gimnastic.png","contentUrl":"https:\/\/gimnasticdetarragona.cat\/wp-content\/uploads\/2022\/06\/cropped-logo-gimnastic.png","width":224,"height":83,"caption":"GIMN\u00c0STIC DE TARRAGONA"},"image":{"@id":"https:\/\/gimnasticdetarragona.cat\/es\/#\/schema\/logo\/image\/"},"sameAs":["https:\/\/x.com\/NASTICTARRAGONA","https:\/\/www.instagram.com\/nastictarragona\/"]},{"@type":"Person","@id":"https:\/\/gimnasticdetarragona.cat\/es\/#\/schema\/person\/47b6a637abf88f9bd835540f20ea069e","name":"desarrollo","sameAs":["https:\/\/clone.gimnasticdetarragona.cat"]}]}},"_links":{"self":[{"href":"https:\/\/gimnasticdetarragona.cat\/es\/wp-json\/wp\/v2\/posts\/60787","targetHints":{"allow":["GET"]}}],"collection":[{"href":"https:\/\/gimnasticdetarragona.cat\/es\/wp-json\/wp\/v2\/posts"}],"about":[{"href":"https:\/\/gimnasticdetarragona.cat\/es\/wp-json\/wp\/v2\/types\/post"}],"author":[{"embeddable":true,"href":"https:\/\/gimnasticdetarragona.cat\/es\/wp-json\/wp\/v2\/users\/1"}],"replies":[{"embeddable":true,"href":"https:\/\/gimnasticdetarragona.cat\/es\/wp-json\/wp\/v2\/comments?post=60787"}],"version-history":[{"count":0,"href":"https:\/\/gimnasticdetarragona.cat\/es\/wp-json\/wp\/v2\/posts\/60787\/revisions"}],"wp:featuredmedia":[{"embeddable":true,"href":"https:\/\/gimnasticdetarragona.cat\/es\/wp-json\/wp\/v2\/media\/60784"}],"wp:attachment":[{"href":"https:\/\/gimnasticdetarragona.cat\/es\/wp-json\/wp\/v2\/media?parent=60787"}],"wp:term":[{"taxonomy":"category","embeddable":true,"href":"https:\/\/gimnasticdetarragona.cat\/es\/wp-json\/wp\/v2\/categories?post=60787"},{"taxonomy":"post_tag","embeddable":true,"href":"https:\/\/gimnasticdetarragona.cat\/es\/wp-json\/wp\/v2\/tags?post=60787"}],"curies":[{"name":"wp","href":"https:\/\/api.w.org\/{rel}","templated":true}]}}