{"id":60827,"date":"2016-08-28T22:46:49","date_gmt":"2016-08-28T22:46:49","guid":{"rendered":"https:\/\/clone.gimnasticdetarragona.cat\/sd-huesca-1-1-nastic\/"},"modified":"2016-08-28T22:46:49","modified_gmt":"2016-08-28T22:46:49","slug":"sd-huesca-1-1-nastic","status":"publish","type":"post","link":"https:\/\/gimnasticdetarragona.cat\/es\/sd-huesca-1-1-nastic\/","title":{"rendered":"SD Huesca 1 &#8211; 1 N\u00e0stic"},"content":{"rendered":"<div id=\"gt-res-content\">\n<div dir=\"ltr\" style=\"text-align: justify;\">\n<p><span id=\"result_box\" class=\"\" lang=\"es\"><span title=\"El conjunt entrenat per Vicente Moreno suma el segon empat consecutiu en aquesta arrencada de LaLiga 1|2|3.\">El conjunto entrenado por Vicente Moreno suma el segundo empate consecutivo en este arranque de LaLiga 1|2|3. <\/span><span title=\"El gol de M. Rharsalla en els instants finals de partit permet que el N\u00e0stic puntu\u00ef novament, despr\u00e9s de disputar el primer partit oficial lluny de Tarragona. \">El gol de M. Rharsalla en los instantes finales de partido permite que el N\u00e0stic punt\u00fae nuevamente, despu\u00e9s de disputar el primer partido oficial lejos de Tarragona.<\/span><\/span><\/p>\n<p><span title=\"Partit amb molta lluita i ofici a la zona central del terreny de joc, entre dos conjunts que buscaven la primera vict\u00f2ria en aquesta segona jornada de competici\u00f3.\">Partido con mucha lucha y oficio en la zona central del terreno de juego, entre dos conjuntos que buscaban la primera victoria en esta segunda jornada de competici\u00f3n. <\/span><span title=\"La primera aproximaci\u00f3 grana ha arribat de les botes de Ferran GP, al minut 7. La centrada des de la banda del valenci\u00e0 la refusava la defensa.\">La primera aproximaci\u00f3n grana ha llegado de las botas de Ferran GP, en el minuto 7. El centro desde la banda del valenciano lo rechazaba la defensa. <\/span><span title=\"Tres minuts despr\u00e9s, Ferreiro tenia la primera ocasi\u00f3 per als locals, per\u00f2 no encertava a rematar la pilota.\">Tres minutos despu\u00e9s, Ferreiro ten\u00eda la primera ocasi\u00f3n para los locales, pero no acertaba a rematar la pelota. <\/span><span title=\"En el minut 12, Gerard Valent\u00edn es desfeia de tres jugadors rivals i, des de dintre de l\u2019\u00e0rea, rematava en busca del gol.\">En el minuto 12, Gerard Valent\u00edn se deshac\u00eda de tres jugadores rivales y, desde dentro del \u00e1rea, remataba en busca del gol. <\/span><span title=\"La pilota ha acabat en c\u00f3rner despr\u00e9s de topar amb un defensor.\">El bal\u00f3n ha acabado en c\u00f3rner tras tocar en un defensor. <\/span><span title=\"En les seg\u00fcents accions eren els homes d\u2019Anquela que s\u2019aproximaven.\">En las siguientes acciones eran los hombres de Anquela los que se aproximaban. <\/span><span title=\"En el minut 25, Saja atrapava la rematada de Ferreiro i un minut despr\u00e9s, Suzuki refusava una acci\u00f3 perillosa de Samu S\u00e1iz.\">En el minuto 25, Saja atrapaba el remate de Ferreiro, y un minuto despu\u00e9s, Suzuki rechazaba una acci\u00f3n peligrosa de Samu S\u00e1iz. <\/span><span title=\"I en el 33\u2019, Saja tornava a intervenir mitjan\u00e7ant un ref\u00fas amb els punys a rematada de Gonz\u00e1lez.\">Y en el 33&#8242;, Saja volv\u00eda a intervenir mediante un rechaze con los pu\u00f1os a remate de Gonz\u00e1lez. <\/span><span title=\"Tres minuts despr\u00e9s era Ferran Giner el que ha aparegut per banda esquerra per crear perill.\">Tres minutos despu\u00e9s era Ferran Giner qui\u00e9n ha aparecido por banda izquierda para crear peligro. <\/span><span title=\"La centrada ha acabat en c\u00f3rner.\">La centrada acab\u00f3 en c\u00f3rner. <\/span><span title=\"I, en l\u2019acci\u00f3 seg\u00fcent, tornava ha apar\u00e8ixer el valenci\u00e0 per tallar un contraatac dels locals de 4 per a 2 jugadors grana.\">Y, en la acci\u00f3n siguiente, volv\u00eda ha aparecer el valenciano para cortar un contragolpe de los locales de 4 para 2 jugadores grana. <\/span><span title=\"L\u2019\u00faltima acci\u00f3 perillosa de la primera meitat ha estat favorable als nastiquers.\">La \u00faltima acci\u00f3n peligrosa de la primera mitad fue favorable a los nastiquers. <\/span><span title=\"Delgado, que avui debutava en partit oficial, ho intentava des de la frontal a pilota aturada.\">Delgado, que hoy debutaba en partido oficial, lo intentaba desde la frontal a bal\u00f3n parado. <\/span><span title=\"L\u2019esf\u00e8ric sortia per sobre el travesser.\">El esf\u00e9rico sal\u00eda por sobre el travesa\u00f1o. <\/span><span title=\"Amb l\u2019empat inicial s\u2019ha arribat al temps de descans. \">Con el empate inicial se lleg\u00f3 al tiempo de descanso.<\/span><\/p>\n<p><span title=\"A la represa, el perill dels tarragonins arribava per banda esquerra.\">En la reanudaci\u00f3n, el peligro de los tarraconenses llegaba por banda izquierda. <\/span><span title=\"La centrada de Mossa no trobava rematador en el 54. Instants despr\u00e9s, el mateix Mossa blocava una rematada dels aragonesos que buscava la porteria de Saja;\">El centro de Mossa no encontraba rematador en el 54. Instantes despu\u00e9s, el mismo Mossa bloqueaba un remate de los aragoneses que buscaba la porter\u00eda de Saja; <\/span><span title=\"Madinda allunyava el perill.\">Madinda alejaba el peligro. <\/span><span title=\"El primer canvi de Vicente Moreno ha estat al minut 60, quan Delgado ha deixat el seu lloc a Uche.\">El primer cambio de Vicente Moreno ha sido en el minuto 60, cuando Delgado ha dejado su lugar a Uche. <\/span><span title=\"Quatre minuts despr\u00e9s a punt estava d\u2019arribar el primer gol d\u2019un altre debutant grana d\u2019avui, Albert Lopo.\">Cuatro minutos despu\u00e9s a punto estaba de llegar el primer gol de otro debutante grana de hoy, Albert Lopo. <\/span><span title=\"La centrada a pilota aturada ha estat de Ferran GP i el cop de cap del defensor catal\u00e0 s\u2019escapava per sobre la porteria d\u2019Herrera.\">La centrada a bal\u00f3n parado ha sido de Ferran GP y el cabezazo del defensor catal\u00e1n se escapaba por encima de la porter\u00eda de Herrera. <\/span><span title=\"En el 68\u2019 es produ\u00efa un altre debut, Maloku vestia per primer amb la samarreta oficial del N\u00e0stic.\">En el 68&#8242; se produc\u00eda otro debut. Maloku vest\u00eda por primera con la camiseta oficial del N\u00e0stic. <\/span><span title=\"J. Assoubre ha estat el jugador substitu\u00eft.\">J. Assoubre ha sido el jugador sustituido. <\/span><span title=\"I tres minuts despr\u00e9s, Uche no arribava per molt poc per xutar a gol una bona assist\u00e8ncia del mateix Maloku.\">Y tres minutos despu\u00e9s, Uche no llegaba por muy poco para chutar a gol una buena asistencia del mismo Maloku. <\/span><span title=\"El porter Herrera s\u2019anticipava al davanter nigeri\u00e0.\">El portero Herrera se anticipaba el delantero nigeriano. <\/span><span title=\"Ja en la recta final, Lopo es mostrava contundent en dues accions on esva\u00efa el perill de la SD Huesca.\">Ya en la recta final, Lopo se mostraba contundente en dos acciones donde desvanec\u00eda el peligro de la SD Huesca. <\/span><span title=\"Per\u00f2 al minut 81 arribava el primer gol.\">Pero en el minuto 81 llegaba el primer gol. <\/span><span title=\"Ha estat el local Samu S\u00e1iz qui posava la pilota lluny de Saja, despr\u00e9s d\u2019una jugada ofensiva.\">Ha sido el local Samu S\u00e1iz quien pon\u00eda el bal\u00f3n lejos de Saja, tras una jugada ofensiva. <\/span><span title=\"Vicente Moreno movia la banqueta per buscar la igualada.\">Vicente Moreno mov\u00eda el banquillo para buscar la igualada. <\/span><span title=\"M. Rharsalla ha accedit al terreny de joc ocupant el lloc de Ferran GP.\">M. Rharsalla ha accedido al terreno de juego ocupando el puesto de Ferran GP. <\/span><span title=\"Ja en el minut 90, Madina ha provat de sorprendre a Herrera en un llan\u00e7ament a pilota aturada, escorat a la banda.\">Ya en el minuto 90, Madina ha intentado sorprender a Herrera en un lanzamiento a bal\u00f3n parado, escorado a la banda. <\/span><span title=\"El porter blaugrana enviava a c\u00f3rner.\">El portero azulgrana enviaba a c\u00f3rner. <\/span><span title=\"I en la jugada posterior, una pilota que li queia a Mossa, acabava amb el gol de M. Rharsalla.\">Y en la jugada posterior, una pelota que le ca\u00eda a Mossa, acababa con el gol de M. Rharsalla. <\/span><span title=\"L\u2019hispano-marroqu\u00ed ha rematat amb cama esquerra la centrada des de la banda contr\u00e0ria i ha aconseguit el primer gol oficial de grana.\">El hispano-marroqu\u00ed remat\u00f3 con pierna izquierda el centro desde el lado contrario y as\u00ed consegu\u00eda el primer gol oficial de grana. <\/span><span title=\"En el temps afegit hauria pogut arribar el gol dels aragonesos.\">En el tiempo a\u00f1adido pudo llegar el gol de los aragoneses. <\/span><span title=\"Una clara acci\u00f3 de gol de Cmiljanic ha estat refusada per Saja.\">Una clara acci\u00f3n de gol de Cmiljanic fu\u00e9 rechazada por Saja. <\/span><span title=\"Finalment i despr\u00e9s de quatre minuts d\u2019afegit, s\u2019ha arribat a la conclusi\u00f3 del matx. \">Finalmente y despu\u00e9s de cuatro minutos de a\u00f1adido, se ha llegado a la conclusi\u00f3n del encuentro.<\/span><\/p>\n<p><span title=\"El N\u00e0stic afrontar\u00e0 la jornada 3 el diumenge vinent davant el Levante UD.\">El N\u00e0stic afrontar\u00e1 la jornada 3 el domingo pr\u00f3ximo ante el Levante UD. <\/span><span title=\"El partit davant els valencians es disputar\u00e0 el diumenge 4 de setembre, a les 18 hores, al Nou Estadi. \">El partido ante los valencianos se disputar\u00e1 el domingo 4 de septiembre, a las 18 horas, en el Nou Estadi.<\/span><\/p>\n<p><span title=\"Alineacions \"><strong>Alineaciones<\/strong><\/span><\/p>\n<p><span title=\"SD Huesca: Herrera, Jair, Carlos David, Aguilera, Ferreiro, Bambock (Melero, 68\u2019), Samu S\u00e1iz (Camacho, 83\u2019), C\u00e9sar, Urko Vera (Cmiljanic, 81\u2019), Gonz\u00e1lez i Nagore. \">SD Huesca: Herrera, Jair, Carlos David, Aguilera, Ferreiro, Bambock (Melero, 68&#8242;), Samu S\u00e1iz (Camacho, 83&#8242;), C\u00e9sar, Urko Vera (Cmiljanic, 81&#8242;), Gonz\u00e1lez y Nagore.<\/span><\/p>\n<p><span title=\"N\u00e0stic: Saja, Gerard V, Suzuki, Lopo, Xavi Molina, Mossa, L. Madinda, J. Assoubre (Maloku, 68'), Ferran GP (M. Rharsalla, 82'), Delgado (Uche, 60') i \u00c0lex\">N\u00e0stic: Saja, Gerard V, Suzuki, Lopo, Xavi Molina, Mossa, L. Madinda, J. Assoubre (Maloku, 68&#8242;), Ferran G.P. (M. Rharsalla, 82&#8242;), Delgado (Uche, 60&#8242;) y Alex <\/span><span title=\"L\u00f3pez. \">L\u00f3pez.<\/span><\/p>\n<p><span title=\"Gols \"><strong>Goles<\/strong><\/span><\/p>\n<p><span title=\"1-0, Samu S\u00e1iz (81\u2019);\">1-0, Samu S\u00e1iz (81&#8242;); <\/span><span title=\"1-1, M. Rharsalla (90\u2019). \">1-1, M. Rharsalla (90&#8242;).<\/span><\/p>\n<p><span title=\"Targetes \"><strong>Tarjetas<\/strong><\/span><\/p>\n<p><span title=\"Carlos David (29\u2019), Delgado (34\u2019), Xavi Molina (38\u2019), Gonz\u00e1lez (59\u2019), Uche (72\u2019) i Samu S\u00e1iz (77\u2019). \">Carlos David (29&#8242;), Delgado (34&#8242;), Xavi Molina (38&#8242;), Gonz\u00e1lez (59&#8242;), Uche (72&#8242;) y Samu S\u00e1iz (77&#8242;).<\/span><\/p>\n<p><span title=\"\u00c0rbitre \"><strong>\u00c1rbitro<\/strong><\/span><\/p>\n<p><span title=\"Sr.\">Sr. <\/span><span title=\"David P\u00e9rez Pallas (Col\u00b7legi gallec) \">David P\u00e9rez Pallas (Colegio gallego)<\/span><\/p>\n<p><span title=\"Partit corresponent a la jornada 2 de LaLiga 1|2|3.\">Partido correspondiente a la jornada 2 de LaLiga 1|2|3. <\/span><span title=\"El Alcoraz.\">El Alcoraz. <\/span><span title=\"Abans de l\u2019inici del partit s\u2019ha guardat un minut de silenci en record de les v\u00edctimes del terratr\u00e8mol d\u2019It\u00e0lia.\">Antes del inicio del partido se ha guardado un minuto de silencio en recuerdo de las v\u00edctimas del terremoto de Italia.<\/span><\/p>\n<\/div>\n<\/div>\n","protected":false},"excerpt":{"rendered":"<p>El conjunto entrenado por Vicente Moreno suma el segundo empate consecutivo en este arranque de LaLiga 1|2|3. El gol de M. Rharsalla en los instantes finales de partido permite que el N\u00e0stic punt\u00fae nuevamente, despu\u00e9s de disputar el primer partido oficial lejos de Tarragona.<\/p>\n","protected":false},"author":1,"featured_media":60824,"comment_status":"open","ping_status":"open","sticky":false,"template":"","format":"standard","meta":{"_acf_changed":false,"footnotes":""},"categories":[113,126],"tags":[],"class_list":["post-60827","post","type-post","status-publish","format-standard","has-post-thumbnail","hentry","category-actualidad","category-primer-equipo"],"acf":[],"yoast_head":"<!-- This site is optimized with the Yoast SEO plugin v27.3 - https:\/\/yoast.com\/product\/yoast-seo-wordpress\/ -->\n<title>SD Huesca 1 - 1 N\u00e0stic - Gimn\u00e0stic de Tarragona SAD<\/title>\n<meta name=\"robots\" content=\"index, follow, max-snippet:-1, max-image-preview:large, max-video-preview:-1\" \/>\n<link rel=\"canonical\" href=\"https:\/\/gimnasticdetarragona.cat\/es\/sd-huesca-1-1-nastic\/\" \/>\n<meta property=\"og:locale\" content=\"es_ES\" \/>\n<meta property=\"og:type\" content=\"article\" \/>\n<meta property=\"og:title\" content=\"SD Huesca 1 - 1 N\u00e0stic - Gimn\u00e0stic de Tarragona SAD\" \/>\n<meta property=\"og:description\" content=\"El conjunto entrenado por Vicente Moreno suma el segundo empate consecutivo en este arranque de LaLiga 1|2|3. El gol de M. Rharsalla en los instantes finales de partido permite que el N\u00e0stic punt\u00fae nuevamente, despu\u00e9s de disputar el primer partido oficial lejos de Tarragona.\" \/>\n<meta property=\"og:url\" content=\"https:\/\/gimnasticdetarragona.cat\/es\/sd-huesca-1-1-nastic\/\" \/>\n<meta property=\"og:site_name\" content=\"Gimn\u00e0stic de Tarragona SAD\" \/>\n<meta property=\"article:published_time\" content=\"2016-08-28T22:46:49+00:00\" \/>\n<meta property=\"og:image\" content=\"https:\/\/gimnasticdetarragona.cat\/wp-content\/uploads\/2022\/06\/05234134112516.jpg\" \/>\n\t<meta property=\"og:image:width\" content=\"640\" \/>\n\t<meta property=\"og:image:height\" content=\"360\" \/>\n\t<meta property=\"og:image:type\" content=\"image\/jpeg\" \/>\n<meta name=\"author\" content=\"desarrollo\" \/>\n<meta name=\"twitter:card\" content=\"summary_large_image\" \/>\n<meta name=\"twitter:creator\" content=\"@NASTICTARRAGONA\" \/>\n<meta name=\"twitter:site\" content=\"@NASTICTARRAGONA\" \/>\n<meta name=\"twitter:label1\" content=\"Escrito por\" \/>\n\t<meta name=\"twitter:data1\" content=\"desarrollo\" \/>\n\t<meta name=\"twitter:label2\" content=\"Tiempo de lectura\" \/>\n\t<meta name=\"twitter:data2\" content=\"4 minutos\" \/>\n<script type=\"application\/ld+json\" class=\"yoast-schema-graph\">{\"@context\":\"https:\\\/\\\/schema.org\",\"@graph\":[{\"@type\":\"Article\",\"@id\":\"https:\\\/\\\/gimnasticdetarragona.cat\\\/es\\\/sd-huesca-1-1-nastic\\\/#article\",\"isPartOf\":{\"@id\":\"https:\\\/\\\/gimnasticdetarragona.cat\\\/es\\\/sd-huesca-1-1-nastic\\\/\"},\"author\":{\"name\":\"desarrollo\",\"@id\":\"https:\\\/\\\/gimnasticdetarragona.cat\\\/es\\\/#\\\/schema\\\/person\\\/47b6a637abf88f9bd835540f20ea069e\"},\"headline\":\"SD Huesca 1 &#8211; 1 N\u00e0stic\",\"datePublished\":\"2016-08-28T22:46:49+00:00\",\"mainEntityOfPage\":{\"@id\":\"https:\\\/\\\/gimnasticdetarragona.cat\\\/es\\\/sd-huesca-1-1-nastic\\\/\"},\"wordCount\":812,\"commentCount\":0,\"publisher\":{\"@id\":\"https:\\\/\\\/gimnasticdetarragona.cat\\\/es\\\/#organization\"},\"image\":{\"@id\":\"https:\\\/\\\/gimnasticdetarragona.cat\\\/es\\\/sd-huesca-1-1-nastic\\\/#primaryimage\"},\"thumbnailUrl\":\"https:\\\/\\\/gimnasticdetarragona.cat\\\/wp-content\\\/uploads\\\/2022\\\/06\\\/05234134112516.jpg\",\"articleSection\":[\"Actualidad\",\"Primer Equipo\"],\"inLanguage\":\"es\"},{\"@type\":\"WebPage\",\"@id\":\"https:\\\/\\\/gimnasticdetarragona.cat\\\/es\\\/sd-huesca-1-1-nastic\\\/\",\"url\":\"https:\\\/\\\/gimnasticdetarragona.cat\\\/es\\\/sd-huesca-1-1-nastic\\\/\",\"name\":\"SD Huesca 1 - 1 N\u00e0stic - Gimn\u00e0stic de Tarragona SAD\",\"isPartOf\":{\"@id\":\"https:\\\/\\\/gimnasticdetarragona.cat\\\/es\\\/#website\"},\"primaryImageOfPage\":{\"@id\":\"https:\\\/\\\/gimnasticdetarragona.cat\\\/es\\\/sd-huesca-1-1-nastic\\\/#primaryimage\"},\"image\":{\"@id\":\"https:\\\/\\\/gimnasticdetarragona.cat\\\/es\\\/sd-huesca-1-1-nastic\\\/#primaryimage\"},\"thumbnailUrl\":\"https:\\\/\\\/gimnasticdetarragona.cat\\\/wp-content\\\/uploads\\\/2022\\\/06\\\/05234134112516.jpg\",\"datePublished\":\"2016-08-28T22:46:49+00:00\",\"breadcrumb\":{\"@id\":\"https:\\\/\\\/gimnasticdetarragona.cat\\\/es\\\/sd-huesca-1-1-nastic\\\/#breadcrumb\"},\"inLanguage\":\"es\",\"potentialAction\":[{\"@type\":\"ReadAction\",\"target\":[\"https:\\\/\\\/gimnasticdetarragona.cat\\\/es\\\/sd-huesca-1-1-nastic\\\/\"]}]},{\"@type\":\"ImageObject\",\"inLanguage\":\"es\",\"@id\":\"https:\\\/\\\/gimnasticdetarragona.cat\\\/es\\\/sd-huesca-1-1-nastic\\\/#primaryimage\",\"url\":\"https:\\\/\\\/gimnasticdetarragona.cat\\\/wp-content\\\/uploads\\\/2022\\\/06\\\/05234134112516.jpg\",\"contentUrl\":\"https:\\\/\\\/gimnasticdetarragona.cat\\\/wp-content\\\/uploads\\\/2022\\\/06\\\/05234134112516.jpg\",\"width\":640,\"height\":360},{\"@type\":\"BreadcrumbList\",\"@id\":\"https:\\\/\\\/gimnasticdetarragona.cat\\\/es\\\/sd-huesca-1-1-nastic\\\/#breadcrumb\",\"itemListElement\":[{\"@type\":\"ListItem\",\"position\":1,\"name\":\"Inici\",\"item\":\"https:\\\/\\\/gimnasticdetarragona.cat\\\/es\\\/nastic\\\/\"},{\"@type\":\"ListItem\",\"position\":2,\"name\":\"SD Huesca 1 &#8211; 1 N\u00e0stic\"}]},{\"@type\":\"WebSite\",\"@id\":\"https:\\\/\\\/gimnasticdetarragona.cat\\\/es\\\/#website\",\"url\":\"https:\\\/\\\/gimnasticdetarragona.cat\\\/es\\\/\",\"name\":\"Gimn\u00e0stic de Tarragona SAD\",\"description\":\"Gimn\u00e0stic de Tarragona\",\"publisher\":{\"@id\":\"https:\\\/\\\/gimnasticdetarragona.cat\\\/es\\\/#organization\"},\"potentialAction\":[{\"@type\":\"SearchAction\",\"target\":{\"@type\":\"EntryPoint\",\"urlTemplate\":\"https:\\\/\\\/gimnasticdetarragona.cat\\\/es\\\/?s={search_term_string}\"},\"query-input\":{\"@type\":\"PropertyValueSpecification\",\"valueRequired\":true,\"valueName\":\"search_term_string\"}}],\"inLanguage\":\"es\"},{\"@type\":\"Organization\",\"@id\":\"https:\\\/\\\/gimnasticdetarragona.cat\\\/es\\\/#organization\",\"name\":\"GIMN\u00c0STIC DE TARRAGONA\",\"alternateName\":\"N\u00c0STIC\",\"url\":\"https:\\\/\\\/gimnasticdetarragona.cat\\\/es\\\/\",\"logo\":{\"@type\":\"ImageObject\",\"inLanguage\":\"es\",\"@id\":\"https:\\\/\\\/gimnasticdetarragona.cat\\\/es\\\/#\\\/schema\\\/logo\\\/image\\\/\",\"url\":\"https:\\\/\\\/gimnasticdetarragona.cat\\\/wp-content\\\/uploads\\\/2022\\\/06\\\/cropped-logo-gimnastic.png\",\"contentUrl\":\"https:\\\/\\\/gimnasticdetarragona.cat\\\/wp-content\\\/uploads\\\/2022\\\/06\\\/cropped-logo-gimnastic.png\",\"width\":224,\"height\":83,\"caption\":\"GIMN\u00c0STIC DE TARRAGONA\"},\"image\":{\"@id\":\"https:\\\/\\\/gimnasticdetarragona.cat\\\/es\\\/#\\\/schema\\\/logo\\\/image\\\/\"},\"sameAs\":[\"https:\\\/\\\/x.com\\\/NASTICTARRAGONA\",\"https:\\\/\\\/www.instagram.com\\\/nastictarragona\\\/\"]},{\"@type\":\"Person\",\"@id\":\"https:\\\/\\\/gimnasticdetarragona.cat\\\/es\\\/#\\\/schema\\\/person\\\/47b6a637abf88f9bd835540f20ea069e\",\"name\":\"desarrollo\",\"sameAs\":[\"https:\\\/\\\/clone.gimnasticdetarragona.cat\"]}]}<\/script>\n<!-- \/ Yoast SEO plugin. -->","yoast_head_json":{"title":"SD Huesca 1 - 1 N\u00e0stic - Gimn\u00e0stic de Tarragona SAD","robots":{"index":"index","follow":"follow","max-snippet":"max-snippet:-1","max-image-preview":"max-image-preview:large","max-video-preview":"max-video-preview:-1"},"canonical":"https:\/\/gimnasticdetarragona.cat\/es\/sd-huesca-1-1-nastic\/","og_locale":"es_ES","og_type":"article","og_title":"SD Huesca 1 - 1 N\u00e0stic - Gimn\u00e0stic de Tarragona SAD","og_description":"El conjunto entrenado por Vicente Moreno suma el segundo empate consecutivo en este arranque de LaLiga 1|2|3. El gol de M. Rharsalla en los instantes finales de partido permite que el N\u00e0stic punt\u00fae nuevamente, despu\u00e9s de disputar el primer partido oficial lejos de Tarragona.","og_url":"https:\/\/gimnasticdetarragona.cat\/es\/sd-huesca-1-1-nastic\/","og_site_name":"Gimn\u00e0stic de Tarragona SAD","article_published_time":"2016-08-28T22:46:49+00:00","og_image":[{"width":640,"height":360,"url":"https:\/\/gimnasticdetarragona.cat\/wp-content\/uploads\/2022\/06\/05234134112516.jpg","type":"image\/jpeg"}],"author":"desarrollo","twitter_card":"summary_large_image","twitter_creator":"@NASTICTARRAGONA","twitter_site":"@NASTICTARRAGONA","twitter_misc":{"Escrito por":"desarrollo","Tiempo de lectura":"4 minutos"},"schema":{"@context":"https:\/\/schema.org","@graph":[{"@type":"Article","@id":"https:\/\/gimnasticdetarragona.cat\/es\/sd-huesca-1-1-nastic\/#article","isPartOf":{"@id":"https:\/\/gimnasticdetarragona.cat\/es\/sd-huesca-1-1-nastic\/"},"author":{"name":"desarrollo","@id":"https:\/\/gimnasticdetarragona.cat\/es\/#\/schema\/person\/47b6a637abf88f9bd835540f20ea069e"},"headline":"SD Huesca 1 &#8211; 1 N\u00e0stic","datePublished":"2016-08-28T22:46:49+00:00","mainEntityOfPage":{"@id":"https:\/\/gimnasticdetarragona.cat\/es\/sd-huesca-1-1-nastic\/"},"wordCount":812,"commentCount":0,"publisher":{"@id":"https:\/\/gimnasticdetarragona.cat\/es\/#organization"},"image":{"@id":"https:\/\/gimnasticdetarragona.cat\/es\/sd-huesca-1-1-nastic\/#primaryimage"},"thumbnailUrl":"https:\/\/gimnasticdetarragona.cat\/wp-content\/uploads\/2022\/06\/05234134112516.jpg","articleSection":["Actualidad","Primer Equipo"],"inLanguage":"es"},{"@type":"WebPage","@id":"https:\/\/gimnasticdetarragona.cat\/es\/sd-huesca-1-1-nastic\/","url":"https:\/\/gimnasticdetarragona.cat\/es\/sd-huesca-1-1-nastic\/","name":"SD Huesca 1 - 1 N\u00e0stic - Gimn\u00e0stic de Tarragona SAD","isPartOf":{"@id":"https:\/\/gimnasticdetarragona.cat\/es\/#website"},"primaryImageOfPage":{"@id":"https:\/\/gimnasticdetarragona.cat\/es\/sd-huesca-1-1-nastic\/#primaryimage"},"image":{"@id":"https:\/\/gimnasticdetarragona.cat\/es\/sd-huesca-1-1-nastic\/#primaryimage"},"thumbnailUrl":"https:\/\/gimnasticdetarragona.cat\/wp-content\/uploads\/2022\/06\/05234134112516.jpg","datePublished":"2016-08-28T22:46:49+00:00","breadcrumb":{"@id":"https:\/\/gimnasticdetarragona.cat\/es\/sd-huesca-1-1-nastic\/#breadcrumb"},"inLanguage":"es","potentialAction":[{"@type":"ReadAction","target":["https:\/\/gimnasticdetarragona.cat\/es\/sd-huesca-1-1-nastic\/"]}]},{"@type":"ImageObject","inLanguage":"es","@id":"https:\/\/gimnasticdetarragona.cat\/es\/sd-huesca-1-1-nastic\/#primaryimage","url":"https:\/\/gimnasticdetarragona.cat\/wp-content\/uploads\/2022\/06\/05234134112516.jpg","contentUrl":"https:\/\/gimnasticdetarragona.cat\/wp-content\/uploads\/2022\/06\/05234134112516.jpg","width":640,"height":360},{"@type":"BreadcrumbList","@id":"https:\/\/gimnasticdetarragona.cat\/es\/sd-huesca-1-1-nastic\/#breadcrumb","itemListElement":[{"@type":"ListItem","position":1,"name":"Inici","item":"https:\/\/gimnasticdetarragona.cat\/es\/nastic\/"},{"@type":"ListItem","position":2,"name":"SD Huesca 1 &#8211; 1 N\u00e0stic"}]},{"@type":"WebSite","@id":"https:\/\/gimnasticdetarragona.cat\/es\/#website","url":"https:\/\/gimnasticdetarragona.cat\/es\/","name":"Gimn\u00e0stic de Tarragona SAD","description":"Gimn\u00e0stic de Tarragona","publisher":{"@id":"https:\/\/gimnasticdetarragona.cat\/es\/#organization"},"potentialAction":[{"@type":"SearchAction","target":{"@type":"EntryPoint","urlTemplate":"https:\/\/gimnasticdetarragona.cat\/es\/?s={search_term_string}"},"query-input":{"@type":"PropertyValueSpecification","valueRequired":true,"valueName":"search_term_string"}}],"inLanguage":"es"},{"@type":"Organization","@id":"https:\/\/gimnasticdetarragona.cat\/es\/#organization","name":"GIMN\u00c0STIC DE TARRAGONA","alternateName":"N\u00c0STIC","url":"https:\/\/gimnasticdetarragona.cat\/es\/","logo":{"@type":"ImageObject","inLanguage":"es","@id":"https:\/\/gimnasticdetarragona.cat\/es\/#\/schema\/logo\/image\/","url":"https:\/\/gimnasticdetarragona.cat\/wp-content\/uploads\/2022\/06\/cropped-logo-gimnastic.png","contentUrl":"https:\/\/gimnasticdetarragona.cat\/wp-content\/uploads\/2022\/06\/cropped-logo-gimnastic.png","width":224,"height":83,"caption":"GIMN\u00c0STIC DE TARRAGONA"},"image":{"@id":"https:\/\/gimnasticdetarragona.cat\/es\/#\/schema\/logo\/image\/"},"sameAs":["https:\/\/x.com\/NASTICTARRAGONA","https:\/\/www.instagram.com\/nastictarragona\/"]},{"@type":"Person","@id":"https:\/\/gimnasticdetarragona.cat\/es\/#\/schema\/person\/47b6a637abf88f9bd835540f20ea069e","name":"desarrollo","sameAs":["https:\/\/clone.gimnasticdetarragona.cat"]}]}},"_links":{"self":[{"href":"https:\/\/gimnasticdetarragona.cat\/es\/wp-json\/wp\/v2\/posts\/60827","targetHints":{"allow":["GET"]}}],"collection":[{"href":"https:\/\/gimnasticdetarragona.cat\/es\/wp-json\/wp\/v2\/posts"}],"about":[{"href":"https:\/\/gimnasticdetarragona.cat\/es\/wp-json\/wp\/v2\/types\/post"}],"author":[{"embeddable":true,"href":"https:\/\/gimnasticdetarragona.cat\/es\/wp-json\/wp\/v2\/users\/1"}],"replies":[{"embeddable":true,"href":"https:\/\/gimnasticdetarragona.cat\/es\/wp-json\/wp\/v2\/comments?post=60827"}],"version-history":[{"count":0,"href":"https:\/\/gimnasticdetarragona.cat\/es\/wp-json\/wp\/v2\/posts\/60827\/revisions"}],"wp:featuredmedia":[{"embeddable":true,"href":"https:\/\/gimnasticdetarragona.cat\/es\/wp-json\/wp\/v2\/media\/60824"}],"wp:attachment":[{"href":"https:\/\/gimnasticdetarragona.cat\/es\/wp-json\/wp\/v2\/media?parent=60827"}],"wp:term":[{"taxonomy":"category","embeddable":true,"href":"https:\/\/gimnasticdetarragona.cat\/es\/wp-json\/wp\/v2\/categories?post=60827"},{"taxonomy":"post_tag","embeddable":true,"href":"https:\/\/gimnasticdetarragona.cat\/es\/wp-json\/wp\/v2\/tags?post=60827"}],"curies":[{"name":"wp","href":"https:\/\/api.w.org\/{rel}","templated":true}]}}