{"id":60865,"date":"2016-08-21T21:33:55","date_gmt":"2016-08-21T21:33:55","guid":{"rendered":"https:\/\/clone.gimnasticdetarragona.cat\/nastic-2-2-cd-lugo-cronica\/"},"modified":"2016-08-21T21:33:55","modified_gmt":"2016-08-21T21:33:55","slug":"nastic-2-2-cd-lugo-cronica","status":"publish","type":"post","link":"https:\/\/gimnasticdetarragona.cat\/es\/nastic-2-2-cd-lugo-cronica\/","title":{"rendered":"N\u00e0stic 2 &#8211; 2 CD Lugo"},"content":{"rendered":"<p style=\"text-align: justify;\">El N\u00e0stic empata a dos contra el CD Lugo en el estreno de la nueva temporada en Laliga 1|2|3. El conjunto entrenado por Vicente Moreno\u00a0se\u00a0estrenaba hoy en la nueva temporada ante la afici\u00f3n con un once inicial con cuatro fichajes de la presente campa\u00f1a, pero manteniendo el bloque de la temporada pasada.<\/p>\n<p style=\"text-align: justify;\">La primera mitad comenz\u00f3 con un N\u00e0stic enchufado en el estreno. En el minuto 12 se produjo la primera llegada clara de los grana. En una jugada personal, Valent\u00edn ha desbordado y ha empalmado un potente disparo que se march\u00f3, por poco, por encima de la porter\u00eda del Lugo. Dos minutos m\u00e1s tarde, los locales han gozado de una nueva ocasi\u00f3n de gol. Despu\u00e9s de un centro de Tejera, la defensa visitante despej\u00f3 y el bal\u00f3n fue a los pies de Jos\u00e9 Carlos que ha estado a punto de batir a Jos\u00e9 Juan. El disparo, sin embargo, ha salido a la derecha del portero.<\/p>\n<p style=\"text-align: justify;\">El N\u00e0stic controlaba la posesi\u00f3n pero fue el Lugo quien se ha adelantado en el marcador gracias a un error local. Los de moreno han perdido el bal\u00f3n en campo propio y Pedraza no perdon\u00f3, poniendo el 0-1 en el marcador. Los grana han seguido insistiendo y en el 27&#8242; han estado a punto de aprovechar un bal\u00f3n recuperado en el centro del campo para hacer el gol del empate. El disparo de Jos\u00e9 Carlos lo ha enviado la defensa a c\u00f3rner. Y en el 33&#8242;, tras un saque de esquina, la pelota ha llegado a Tejera que ha chutado por encima de la porter\u00eda. Tres minutos despu\u00e9s, el \u00e1rbitro ha pitado penalti favorable al conjunto entrenado por Luis C\u00e9sar Sampedro. Joselu ha enga\u00f1ado a Saja y puso el 0-2. Tras el gol, Vicente Moreno ha movido el banquillo y dio entrada a Cristian Lobato por Zahibo, pero el marcador ya no ha variado. Al descanso se lleg\u00f3 con ventaja favorable a favor del equipo gallego.<\/p>\n<p style=\"text-align: justify;\">En la reanudaci\u00f3n los grana han salido muy intensos, presionando mucho la salida de bal\u00f3n del Lugo y disfrutando de buenas llegadas. En el 50&#8242; Rharsalla lo intent\u00f3 con un disparo cruzado pero su remate se march\u00f3 desviado. Un minuto m\u00e1s tarde, se produjo un nuevo cambio en las filas locales. Jos\u00e9 Carlos ha dejado su lugar a Jean Luc. El r\u00e1pido delantero africano ha conseguido generar superioridades por su parte desde el primer minuto que estuvo en el campo. El N\u00e0stic lo ha seguido probando con convicci\u00f3n. En el 56&#8242;, \u00c1lex L\u00f3pez, muy participativo durante todo el partido, ha sido quien lo ha probado sin fortuna, y en el 69&#8242;, de cabeza, ha sido Molina quien ha buscado recortar diferencias, pero su remate tampoco ha encontrado la porter\u00eda. En el 65&#8242;, Alex ha vuelto a ser protagonista despu\u00e9s de que un defensa gallego le hiciera caer dentro del \u00e1rea provocando penalti. Uche, que hab\u00eda entrado en el campo unos minutos antes, ha sido el encargado de hacer efectiva esta pena m\u00e1xima. El nigeriano no ha fallado y se ha estrenado como goleador grana. A partir del gol, el N\u00e0stic ha sido muy superior al Lugo, llegando con claridad, sobre todo por la banda derecha, donde Jean Luc y Valent\u00edn consegu\u00edan imponerse a la defensa visitante. Los grana, en los \u00faltimos metros, no materializaban esta superioridad en goles. En el 86&#8242;, el N\u00e0stic ha tenido la ocasi\u00f3n m\u00e1s clara de la segunda mitad. Un gran centro de Madinda no la ha convertido \u00c1lex L\u00f3pez en gol por poco. El\u00a0buen remate se march\u00f3 rozando el poste izquierdo de la porter\u00eda de Jos\u00e9 Juan.<\/p>\n<p style=\"text-align: justify;\">Finalmente, la insistencia local ha tenido premio y ya en el tiempo de a\u00f1adido, Valent\u00edn ha desbordado por banda sirviendo un gran centro que \u00c1lex L\u00f3pez, anticip\u00e1ndose a la defensa, ha convertido en el gol del empate. Los de Vicente Moreno lo han seguido intentando en busca del gol de la victoria pero el marcador ya no ha variado. Al final, empate a dos goles en un partido en que el N\u00e0stic ha tenido que sudar para remontar un 0-2 en contra.<\/p>\n<p style=\"text-align: justify;\">La pr\u00f3xima semana, el N\u00e0stic se desplazar\u00e1 a Huesca para jugar la segunda jornada de Laliga 1|2|3. El encuentro se disputar\u00e1 el domingo 28 de agosto, a las 19 horas, en El Alcoraz.<\/p>\n<p style=\"text-align: justify;\"><strong>Alineaciones<\/strong><\/p>\n<p style=\"text-align: justify;\">N\u00e0stic: Saja, Gerard V, Suzuki, Xavi Molina, Mossa, Tejera, Zahiho (C. Lobato, 36 &#8216;), L. Madinda, M. Rharsalla (Uche, 57&#8217;), Jose Carlos (Jean Luc, 51 &#8216;) y Alex L\u00f3pez.<\/p>\n<p style=\"text-align: justify;\">CD Lugo: Jos\u00e9 Juan, Carlos Pita, Carlos Hern\u00e1ndez, Igor Mart\u00ednez (Leuka, 82 &#8216;), Seoane, Campillo (Dealbert, 87&#8217;), Manu, Pedraza (Iriome, 67 &#8216;), Joselu, Miguel y Jordi Calavera.<\/p>\n<p style=\"text-align: justify;\"><strong>Goles<\/strong><\/p>\n<p style=\"text-align: justify;\">0-1, Pedraza (21 &#8216;); 0-2, Joselu (36 &#8216;, p); 1-2, Uche (66 &#8216;, p); 2-2, \u00c1lex L\u00f3pez (91 &#8216;).<\/p>\n<p style=\"text-align: justify;\"><strong>Tarjetas<\/strong><\/p>\n<p style=\"text-align: justify;\">Molina (35 &#8216;), Miguel (65&#8217;)<\/p>\n<p style=\"text-align: justify;\"><strong>\u00c1rbitro<\/strong><\/p>\n<p style=\"text-align: justify;\">Sr. Guillermo Cuadra Fern\u00e1ndez (Colegio balear)<\/p>\n<p style=\"text-align: justify;\">Partido correspondiente a la jornada 1 de Laliga 1| 2|3. Nou Estadi, 4.846 espectadores.<\/p>\n","protected":false},"excerpt":{"rendered":"<p>El N\u00e0stic empata a dos contra el CD Lugo en el estreno de la nueva temporada en Laliga 1|2|3. El conjunto entrenado por Vicente Moreno se estrenaba hoy en la nueva temporada ante la afici\u00f3n con un once inicial con cuatro fichajes de la presente campa\u00f1a, pero manteniendo el bloque de la temporada pasada.<\/p>\n","protected":false},"author":1,"featured_media":60862,"comment_status":"open","ping_status":"open","sticky":false,"template":"","format":"standard","meta":{"_acf_changed":false,"footnotes":""},"categories":[113,126],"tags":[],"class_list":["post-60865","post","type-post","status-publish","format-standard","has-post-thumbnail","hentry","category-actualidad","category-primer-equipo"],"acf":[],"yoast_head":"<!-- This site is optimized with the Yoast SEO plugin v27.3 - https:\/\/yoast.com\/product\/yoast-seo-wordpress\/ -->\n<title>N\u00e0stic 2 - 2 CD Lugo - Gimn\u00e0stic de Tarragona SAD<\/title>\n<meta name=\"robots\" content=\"index, follow, max-snippet:-1, max-image-preview:large, max-video-preview:-1\" \/>\n<link rel=\"canonical\" href=\"https:\/\/gimnasticdetarragona.cat\/es\/nastic-2-2-cd-lugo-cronica\/\" \/>\n<meta property=\"og:locale\" content=\"es_ES\" \/>\n<meta property=\"og:type\" content=\"article\" \/>\n<meta property=\"og:title\" content=\"N\u00e0stic 2 - 2 CD Lugo - Gimn\u00e0stic de Tarragona SAD\" \/>\n<meta property=\"og:description\" content=\"El N\u00e0stic empata a dos contra el CD Lugo en el estreno de la nueva temporada en Laliga 1|2|3. El conjunto entrenado por Vicente Moreno se estrenaba hoy en la nueva temporada ante la afici\u00f3n con un once inicial con cuatro fichajes de la presente campa\u00f1a, pero manteniendo el bloque de la temporada pasada.\" \/>\n<meta property=\"og:url\" content=\"https:\/\/gimnasticdetarragona.cat\/es\/nastic-2-2-cd-lugo-cronica\/\" \/>\n<meta property=\"og:site_name\" content=\"Gimn\u00e0stic de Tarragona SAD\" \/>\n<meta property=\"article:published_time\" content=\"2016-08-21T21:33:55+00:00\" \/>\n<meta property=\"og:image\" content=\"https:\/\/gimnasticdetarragona.cat\/wp-content\/uploads\/2022\/06\/05234129112225.png\" \/>\n\t<meta property=\"og:image:width\" content=\"1231\" \/>\n\t<meta property=\"og:image:height\" content=\"612\" \/>\n\t<meta property=\"og:image:type\" content=\"image\/png\" \/>\n<meta name=\"author\" content=\"desarrollo\" \/>\n<meta name=\"twitter:card\" content=\"summary_large_image\" \/>\n<meta name=\"twitter:creator\" content=\"@NASTICTARRAGONA\" \/>\n<meta name=\"twitter:site\" content=\"@NASTICTARRAGONA\" \/>\n<meta name=\"twitter:label1\" content=\"Escrito por\" \/>\n\t<meta name=\"twitter:data1\" content=\"desarrollo\" \/>\n\t<meta name=\"twitter:label2\" content=\"Tiempo de lectura\" \/>\n\t<meta name=\"twitter:data2\" content=\"4 minutos\" \/>\n<script type=\"application\/ld+json\" class=\"yoast-schema-graph\">{\"@context\":\"https:\\\/\\\/schema.org\",\"@graph\":[{\"@type\":\"Article\",\"@id\":\"https:\\\/\\\/gimnasticdetarragona.cat\\\/es\\\/nastic-2-2-cd-lugo-cronica\\\/#article\",\"isPartOf\":{\"@id\":\"https:\\\/\\\/gimnasticdetarragona.cat\\\/es\\\/nastic-2-2-cd-lugo-cronica\\\/\"},\"author\":{\"name\":\"desarrollo\",\"@id\":\"https:\\\/\\\/gimnasticdetarragona.cat\\\/es\\\/#\\\/schema\\\/person\\\/47b6a637abf88f9bd835540f20ea069e\"},\"headline\":\"N\u00e0stic 2 &#8211; 2 CD Lugo\",\"datePublished\":\"2016-08-21T21:33:55+00:00\",\"mainEntityOfPage\":{\"@id\":\"https:\\\/\\\/gimnasticdetarragona.cat\\\/es\\\/nastic-2-2-cd-lugo-cronica\\\/\"},\"wordCount\":835,\"commentCount\":0,\"publisher\":{\"@id\":\"https:\\\/\\\/gimnasticdetarragona.cat\\\/es\\\/#organization\"},\"image\":{\"@id\":\"https:\\\/\\\/gimnasticdetarragona.cat\\\/es\\\/nastic-2-2-cd-lugo-cronica\\\/#primaryimage\"},\"thumbnailUrl\":\"https:\\\/\\\/gimnasticdetarragona.cat\\\/wp-content\\\/uploads\\\/2022\\\/06\\\/05234129112225.png\",\"articleSection\":[\"Actualidad\",\"Primer Equipo\"],\"inLanguage\":\"es\"},{\"@type\":\"WebPage\",\"@id\":\"https:\\\/\\\/gimnasticdetarragona.cat\\\/es\\\/nastic-2-2-cd-lugo-cronica\\\/\",\"url\":\"https:\\\/\\\/gimnasticdetarragona.cat\\\/es\\\/nastic-2-2-cd-lugo-cronica\\\/\",\"name\":\"N\u00e0stic 2 - 2 CD Lugo - Gimn\u00e0stic de Tarragona SAD\",\"isPartOf\":{\"@id\":\"https:\\\/\\\/gimnasticdetarragona.cat\\\/es\\\/#website\"},\"primaryImageOfPage\":{\"@id\":\"https:\\\/\\\/gimnasticdetarragona.cat\\\/es\\\/nastic-2-2-cd-lugo-cronica\\\/#primaryimage\"},\"image\":{\"@id\":\"https:\\\/\\\/gimnasticdetarragona.cat\\\/es\\\/nastic-2-2-cd-lugo-cronica\\\/#primaryimage\"},\"thumbnailUrl\":\"https:\\\/\\\/gimnasticdetarragona.cat\\\/wp-content\\\/uploads\\\/2022\\\/06\\\/05234129112225.png\",\"datePublished\":\"2016-08-21T21:33:55+00:00\",\"breadcrumb\":{\"@id\":\"https:\\\/\\\/gimnasticdetarragona.cat\\\/es\\\/nastic-2-2-cd-lugo-cronica\\\/#breadcrumb\"},\"inLanguage\":\"es\",\"potentialAction\":[{\"@type\":\"ReadAction\",\"target\":[\"https:\\\/\\\/gimnasticdetarragona.cat\\\/es\\\/nastic-2-2-cd-lugo-cronica\\\/\"]}]},{\"@type\":\"ImageObject\",\"inLanguage\":\"es\",\"@id\":\"https:\\\/\\\/gimnasticdetarragona.cat\\\/es\\\/nastic-2-2-cd-lugo-cronica\\\/#primaryimage\",\"url\":\"https:\\\/\\\/gimnasticdetarragona.cat\\\/wp-content\\\/uploads\\\/2022\\\/06\\\/05234129112225.png\",\"contentUrl\":\"https:\\\/\\\/gimnasticdetarragona.cat\\\/wp-content\\\/uploads\\\/2022\\\/06\\\/05234129112225.png\",\"width\":1231,\"height\":612},{\"@type\":\"BreadcrumbList\",\"@id\":\"https:\\\/\\\/gimnasticdetarragona.cat\\\/es\\\/nastic-2-2-cd-lugo-cronica\\\/#breadcrumb\",\"itemListElement\":[{\"@type\":\"ListItem\",\"position\":1,\"name\":\"Inici\",\"item\":\"https:\\\/\\\/gimnasticdetarragona.cat\\\/es\\\/nastic\\\/\"},{\"@type\":\"ListItem\",\"position\":2,\"name\":\"N\u00e0stic 2 &#8211; 2 CD Lugo\"}]},{\"@type\":\"WebSite\",\"@id\":\"https:\\\/\\\/gimnasticdetarragona.cat\\\/es\\\/#website\",\"url\":\"https:\\\/\\\/gimnasticdetarragona.cat\\\/es\\\/\",\"name\":\"Gimn\u00e0stic de Tarragona SAD\",\"description\":\"Gimn\u00e0stic de Tarragona\",\"publisher\":{\"@id\":\"https:\\\/\\\/gimnasticdetarragona.cat\\\/es\\\/#organization\"},\"potentialAction\":[{\"@type\":\"SearchAction\",\"target\":{\"@type\":\"EntryPoint\",\"urlTemplate\":\"https:\\\/\\\/gimnasticdetarragona.cat\\\/es\\\/?s={search_term_string}\"},\"query-input\":{\"@type\":\"PropertyValueSpecification\",\"valueRequired\":true,\"valueName\":\"search_term_string\"}}],\"inLanguage\":\"es\"},{\"@type\":\"Organization\",\"@id\":\"https:\\\/\\\/gimnasticdetarragona.cat\\\/es\\\/#organization\",\"name\":\"GIMN\u00c0STIC DE TARRAGONA\",\"alternateName\":\"N\u00c0STIC\",\"url\":\"https:\\\/\\\/gimnasticdetarragona.cat\\\/es\\\/\",\"logo\":{\"@type\":\"ImageObject\",\"inLanguage\":\"es\",\"@id\":\"https:\\\/\\\/gimnasticdetarragona.cat\\\/es\\\/#\\\/schema\\\/logo\\\/image\\\/\",\"url\":\"https:\\\/\\\/gimnasticdetarragona.cat\\\/wp-content\\\/uploads\\\/2022\\\/06\\\/cropped-logo-gimnastic.png\",\"contentUrl\":\"https:\\\/\\\/gimnasticdetarragona.cat\\\/wp-content\\\/uploads\\\/2022\\\/06\\\/cropped-logo-gimnastic.png\",\"width\":224,\"height\":83,\"caption\":\"GIMN\u00c0STIC DE TARRAGONA\"},\"image\":{\"@id\":\"https:\\\/\\\/gimnasticdetarragona.cat\\\/es\\\/#\\\/schema\\\/logo\\\/image\\\/\"},\"sameAs\":[\"https:\\\/\\\/x.com\\\/NASTICTARRAGONA\",\"https:\\\/\\\/www.instagram.com\\\/nastictarragona\\\/\"]},{\"@type\":\"Person\",\"@id\":\"https:\\\/\\\/gimnasticdetarragona.cat\\\/es\\\/#\\\/schema\\\/person\\\/47b6a637abf88f9bd835540f20ea069e\",\"name\":\"desarrollo\",\"sameAs\":[\"https:\\\/\\\/clone.gimnasticdetarragona.cat\"]}]}<\/script>\n<!-- \/ Yoast SEO plugin. -->","yoast_head_json":{"title":"N\u00e0stic 2 - 2 CD Lugo - Gimn\u00e0stic de Tarragona SAD","robots":{"index":"index","follow":"follow","max-snippet":"max-snippet:-1","max-image-preview":"max-image-preview:large","max-video-preview":"max-video-preview:-1"},"canonical":"https:\/\/gimnasticdetarragona.cat\/es\/nastic-2-2-cd-lugo-cronica\/","og_locale":"es_ES","og_type":"article","og_title":"N\u00e0stic 2 - 2 CD Lugo - Gimn\u00e0stic de Tarragona SAD","og_description":"El N\u00e0stic empata a dos contra el CD Lugo en el estreno de la nueva temporada en Laliga 1|2|3. El conjunto entrenado por Vicente Moreno se estrenaba hoy en la nueva temporada ante la afici\u00f3n con un once inicial con cuatro fichajes de la presente campa\u00f1a, pero manteniendo el bloque de la temporada pasada.","og_url":"https:\/\/gimnasticdetarragona.cat\/es\/nastic-2-2-cd-lugo-cronica\/","og_site_name":"Gimn\u00e0stic de Tarragona SAD","article_published_time":"2016-08-21T21:33:55+00:00","og_image":[{"width":1231,"height":612,"url":"https:\/\/gimnasticdetarragona.cat\/wp-content\/uploads\/2022\/06\/05234129112225.png","type":"image\/png"}],"author":"desarrollo","twitter_card":"summary_large_image","twitter_creator":"@NASTICTARRAGONA","twitter_site":"@NASTICTARRAGONA","twitter_misc":{"Escrito por":"desarrollo","Tiempo de lectura":"4 minutos"},"schema":{"@context":"https:\/\/schema.org","@graph":[{"@type":"Article","@id":"https:\/\/gimnasticdetarragona.cat\/es\/nastic-2-2-cd-lugo-cronica\/#article","isPartOf":{"@id":"https:\/\/gimnasticdetarragona.cat\/es\/nastic-2-2-cd-lugo-cronica\/"},"author":{"name":"desarrollo","@id":"https:\/\/gimnasticdetarragona.cat\/es\/#\/schema\/person\/47b6a637abf88f9bd835540f20ea069e"},"headline":"N\u00e0stic 2 &#8211; 2 CD Lugo","datePublished":"2016-08-21T21:33:55+00:00","mainEntityOfPage":{"@id":"https:\/\/gimnasticdetarragona.cat\/es\/nastic-2-2-cd-lugo-cronica\/"},"wordCount":835,"commentCount":0,"publisher":{"@id":"https:\/\/gimnasticdetarragona.cat\/es\/#organization"},"image":{"@id":"https:\/\/gimnasticdetarragona.cat\/es\/nastic-2-2-cd-lugo-cronica\/#primaryimage"},"thumbnailUrl":"https:\/\/gimnasticdetarragona.cat\/wp-content\/uploads\/2022\/06\/05234129112225.png","articleSection":["Actualidad","Primer Equipo"],"inLanguage":"es"},{"@type":"WebPage","@id":"https:\/\/gimnasticdetarragona.cat\/es\/nastic-2-2-cd-lugo-cronica\/","url":"https:\/\/gimnasticdetarragona.cat\/es\/nastic-2-2-cd-lugo-cronica\/","name":"N\u00e0stic 2 - 2 CD Lugo - Gimn\u00e0stic de Tarragona SAD","isPartOf":{"@id":"https:\/\/gimnasticdetarragona.cat\/es\/#website"},"primaryImageOfPage":{"@id":"https:\/\/gimnasticdetarragona.cat\/es\/nastic-2-2-cd-lugo-cronica\/#primaryimage"},"image":{"@id":"https:\/\/gimnasticdetarragona.cat\/es\/nastic-2-2-cd-lugo-cronica\/#primaryimage"},"thumbnailUrl":"https:\/\/gimnasticdetarragona.cat\/wp-content\/uploads\/2022\/06\/05234129112225.png","datePublished":"2016-08-21T21:33:55+00:00","breadcrumb":{"@id":"https:\/\/gimnasticdetarragona.cat\/es\/nastic-2-2-cd-lugo-cronica\/#breadcrumb"},"inLanguage":"es","potentialAction":[{"@type":"ReadAction","target":["https:\/\/gimnasticdetarragona.cat\/es\/nastic-2-2-cd-lugo-cronica\/"]}]},{"@type":"ImageObject","inLanguage":"es","@id":"https:\/\/gimnasticdetarragona.cat\/es\/nastic-2-2-cd-lugo-cronica\/#primaryimage","url":"https:\/\/gimnasticdetarragona.cat\/wp-content\/uploads\/2022\/06\/05234129112225.png","contentUrl":"https:\/\/gimnasticdetarragona.cat\/wp-content\/uploads\/2022\/06\/05234129112225.png","width":1231,"height":612},{"@type":"BreadcrumbList","@id":"https:\/\/gimnasticdetarragona.cat\/es\/nastic-2-2-cd-lugo-cronica\/#breadcrumb","itemListElement":[{"@type":"ListItem","position":1,"name":"Inici","item":"https:\/\/gimnasticdetarragona.cat\/es\/nastic\/"},{"@type":"ListItem","position":2,"name":"N\u00e0stic 2 &#8211; 2 CD Lugo"}]},{"@type":"WebSite","@id":"https:\/\/gimnasticdetarragona.cat\/es\/#website","url":"https:\/\/gimnasticdetarragona.cat\/es\/","name":"Gimn\u00e0stic de Tarragona SAD","description":"Gimn\u00e0stic de Tarragona","publisher":{"@id":"https:\/\/gimnasticdetarragona.cat\/es\/#organization"},"potentialAction":[{"@type":"SearchAction","target":{"@type":"EntryPoint","urlTemplate":"https:\/\/gimnasticdetarragona.cat\/es\/?s={search_term_string}"},"query-input":{"@type":"PropertyValueSpecification","valueRequired":true,"valueName":"search_term_string"}}],"inLanguage":"es"},{"@type":"Organization","@id":"https:\/\/gimnasticdetarragona.cat\/es\/#organization","name":"GIMN\u00c0STIC DE TARRAGONA","alternateName":"N\u00c0STIC","url":"https:\/\/gimnasticdetarragona.cat\/es\/","logo":{"@type":"ImageObject","inLanguage":"es","@id":"https:\/\/gimnasticdetarragona.cat\/es\/#\/schema\/logo\/image\/","url":"https:\/\/gimnasticdetarragona.cat\/wp-content\/uploads\/2022\/06\/cropped-logo-gimnastic.png","contentUrl":"https:\/\/gimnasticdetarragona.cat\/wp-content\/uploads\/2022\/06\/cropped-logo-gimnastic.png","width":224,"height":83,"caption":"GIMN\u00c0STIC DE TARRAGONA"},"image":{"@id":"https:\/\/gimnasticdetarragona.cat\/es\/#\/schema\/logo\/image\/"},"sameAs":["https:\/\/x.com\/NASTICTARRAGONA","https:\/\/www.instagram.com\/nastictarragona\/"]},{"@type":"Person","@id":"https:\/\/gimnasticdetarragona.cat\/es\/#\/schema\/person\/47b6a637abf88f9bd835540f20ea069e","name":"desarrollo","sameAs":["https:\/\/clone.gimnasticdetarragona.cat"]}]}},"_links":{"self":[{"href":"https:\/\/gimnasticdetarragona.cat\/es\/wp-json\/wp\/v2\/posts\/60865","targetHints":{"allow":["GET"]}}],"collection":[{"href":"https:\/\/gimnasticdetarragona.cat\/es\/wp-json\/wp\/v2\/posts"}],"about":[{"href":"https:\/\/gimnasticdetarragona.cat\/es\/wp-json\/wp\/v2\/types\/post"}],"author":[{"embeddable":true,"href":"https:\/\/gimnasticdetarragona.cat\/es\/wp-json\/wp\/v2\/users\/1"}],"replies":[{"embeddable":true,"href":"https:\/\/gimnasticdetarragona.cat\/es\/wp-json\/wp\/v2\/comments?post=60865"}],"version-history":[{"count":0,"href":"https:\/\/gimnasticdetarragona.cat\/es\/wp-json\/wp\/v2\/posts\/60865\/revisions"}],"wp:featuredmedia":[{"embeddable":true,"href":"https:\/\/gimnasticdetarragona.cat\/es\/wp-json\/wp\/v2\/media\/60862"}],"wp:attachment":[{"href":"https:\/\/gimnasticdetarragona.cat\/es\/wp-json\/wp\/v2\/media?parent=60865"}],"wp:term":[{"taxonomy":"category","embeddable":true,"href":"https:\/\/gimnasticdetarragona.cat\/es\/wp-json\/wp\/v2\/categories?post=60865"},{"taxonomy":"post_tag","embeddable":true,"href":"https:\/\/gimnasticdetarragona.cat\/es\/wp-json\/wp\/v2\/tags?post=60865"}],"curies":[{"name":"wp","href":"https:\/\/api.w.org\/{rel}","templated":true}]}}