{"id":61041,"date":"2016-07-28T19:55:09","date_gmt":"2016-07-28T19:55:09","guid":{"rendered":"https:\/\/clone.gimnasticdetarragona.cat\/dissabte-a-la-venda-les-noves-samarretes\/"},"modified":"2016-07-28T19:55:09","modified_gmt":"2016-07-28T19:55:09","slug":"dissabte-a-la-venda-les-noves-samarretes","status":"publish","type":"post","link":"https:\/\/gimnasticdetarragona.cat\/es\/dissabte-a-la-venda-les-noves-samarretes\/","title":{"rendered":"Ya a la venta las nuevas camisetas"},"content":{"rendered":"<p>El s\u00e1bado, coincidiendo con el partido contra el Zaragoza, se podar\u00e1n a la venta las equipaciones de la temporada 16\/17.<\/p>\n<p>Todos aquellos aficionados que quieran adquirir las camisetas de la nueva temporada podr\u00e1n hacerlo en la N\u00e0stic Hummel Store, a aprtir de dos horas antes del partido; o en la tienda online del N\u00e0stic. (20:30 horas, Partido N\u00e0stic-Zaragoza; 18:30 horas, apertura tienda). El precio de las camisetas es de 60 \u20ac, personalizaci\u00f3n aparte.<\/p>\n<p>Por otra parte, siguen las promociones de hasta el 50% en ropa de la temporada pasada, tanto en la N\u00e0stic Hummel Store como en la tienda online.<\/p>\n","protected":false},"excerpt":{"rendered":"<p>El s\u00e1bado, coincidiendo con el partido contra el Zaragoza, se podar\u00e1n a la venta las equipaciones de la temporada 16\/17.<\/p>\n","protected":false},"author":1,"featured_media":61038,"comment_status":"open","ping_status":"open","sticky":false,"template":"","format":"standard","meta":{"_acf_changed":false,"footnotes":""},"categories":[113],"tags":[],"class_list":["post-61041","post","type-post","status-publish","format-standard","has-post-thumbnail","hentry","category-actualidad"],"acf":[],"yoast_head":"<!-- This site is optimized with the Yoast SEO plugin v27.3 - https:\/\/yoast.com\/product\/yoast-seo-wordpress\/ -->\n<title>Ya a la venta las nuevas camisetas - Gimn\u00e0stic de Tarragona SAD<\/title>\n<meta name=\"robots\" content=\"index, follow, max-snippet:-1, max-image-preview:large, max-video-preview:-1\" \/>\n<link rel=\"canonical\" href=\"https:\/\/gimnasticdetarragona.cat\/es\/dissabte-a-la-venda-les-noves-samarretes\/\" \/>\n<meta property=\"og:locale\" content=\"es_ES\" \/>\n<meta property=\"og:type\" content=\"article\" \/>\n<meta property=\"og:title\" content=\"Ya a la venta las nuevas camisetas - Gimn\u00e0stic de Tarragona SAD\" \/>\n<meta property=\"og:description\" content=\"El s\u00e1bado, coincidiendo con el partido contra el Zaragoza, se podar\u00e1n a la venta las equipaciones de la temporada 16\/17.\" \/>\n<meta property=\"og:url\" content=\"https:\/\/gimnasticdetarragona.cat\/es\/dissabte-a-la-venda-les-noves-samarretes\/\" \/>\n<meta property=\"og:site_name\" content=\"Gimn\u00e0stic de Tarragona SAD\" \/>\n<meta property=\"article:published_time\" content=\"2016-07-28T19:55:09+00:00\" \/>\n<meta property=\"og:image\" content=\"https:\/\/gimnasticdetarragona.cat\/wp-content\/uploads\/2022\/06\/05234035110677.png\" \/>\n\t<meta property=\"og:image:width\" content=\"1200\" \/>\n\t<meta property=\"og:image:height\" content=\"627\" \/>\n\t<meta property=\"og:image:type\" content=\"image\/png\" \/>\n<meta name=\"author\" content=\"desarrollo\" \/>\n<meta name=\"twitter:card\" content=\"summary_large_image\" \/>\n<meta name=\"twitter:creator\" content=\"@NASTICTARRAGONA\" \/>\n<meta name=\"twitter:site\" content=\"@NASTICTARRAGONA\" \/>\n<meta name=\"twitter:label1\" content=\"Escrito por\" \/>\n\t<meta name=\"twitter:data1\" content=\"desarrollo\" \/>\n\t<meta name=\"twitter:label2\" content=\"Tiempo de lectura\" \/>\n\t<meta name=\"twitter:data2\" content=\"1 minuto\" \/>\n<script type=\"application\/ld+json\" class=\"yoast-schema-graph\">{\"@context\":\"https:\\\/\\\/schema.org\",\"@graph\":[{\"@type\":\"Article\",\"@id\":\"https:\\\/\\\/gimnasticdetarragona.cat\\\/es\\\/dissabte-a-la-venda-les-noves-samarretes\\\/#article\",\"isPartOf\":{\"@id\":\"https:\\\/\\\/gimnasticdetarragona.cat\\\/es\\\/dissabte-a-la-venda-les-noves-samarretes\\\/\"},\"author\":{\"name\":\"desarrollo\",\"@id\":\"https:\\\/\\\/gimnasticdetarragona.cat\\\/es\\\/#\\\/schema\\\/person\\\/47b6a637abf88f9bd835540f20ea069e\"},\"headline\":\"Ya a la venta las nuevas camisetas\",\"datePublished\":\"2016-07-28T19:55:09+00:00\",\"mainEntityOfPage\":{\"@id\":\"https:\\\/\\\/gimnasticdetarragona.cat\\\/es\\\/dissabte-a-la-venda-les-noves-samarretes\\\/\"},\"wordCount\":109,\"commentCount\":0,\"publisher\":{\"@id\":\"https:\\\/\\\/gimnasticdetarragona.cat\\\/es\\\/#organization\"},\"image\":{\"@id\":\"https:\\\/\\\/gimnasticdetarragona.cat\\\/es\\\/dissabte-a-la-venda-les-noves-samarretes\\\/#primaryimage\"},\"thumbnailUrl\":\"https:\\\/\\\/gimnasticdetarragona.cat\\\/wp-content\\\/uploads\\\/2022\\\/06\\\/05234035110677.png\",\"articleSection\":[\"Actualidad\"],\"inLanguage\":\"es\"},{\"@type\":\"WebPage\",\"@id\":\"https:\\\/\\\/gimnasticdetarragona.cat\\\/es\\\/dissabte-a-la-venda-les-noves-samarretes\\\/\",\"url\":\"https:\\\/\\\/gimnasticdetarragona.cat\\\/es\\\/dissabte-a-la-venda-les-noves-samarretes\\\/\",\"name\":\"Ya a la venta las nuevas camisetas - Gimn\u00e0stic de Tarragona SAD\",\"isPartOf\":{\"@id\":\"https:\\\/\\\/gimnasticdetarragona.cat\\\/es\\\/#website\"},\"primaryImageOfPage\":{\"@id\":\"https:\\\/\\\/gimnasticdetarragona.cat\\\/es\\\/dissabte-a-la-venda-les-noves-samarretes\\\/#primaryimage\"},\"image\":{\"@id\":\"https:\\\/\\\/gimnasticdetarragona.cat\\\/es\\\/dissabte-a-la-venda-les-noves-samarretes\\\/#primaryimage\"},\"thumbnailUrl\":\"https:\\\/\\\/gimnasticdetarragona.cat\\\/wp-content\\\/uploads\\\/2022\\\/06\\\/05234035110677.png\",\"datePublished\":\"2016-07-28T19:55:09+00:00\",\"breadcrumb\":{\"@id\":\"https:\\\/\\\/gimnasticdetarragona.cat\\\/es\\\/dissabte-a-la-venda-les-noves-samarretes\\\/#breadcrumb\"},\"inLanguage\":\"es\",\"potentialAction\":[{\"@type\":\"ReadAction\",\"target\":[\"https:\\\/\\\/gimnasticdetarragona.cat\\\/es\\\/dissabte-a-la-venda-les-noves-samarretes\\\/\"]}]},{\"@type\":\"ImageObject\",\"inLanguage\":\"es\",\"@id\":\"https:\\\/\\\/gimnasticdetarragona.cat\\\/es\\\/dissabte-a-la-venda-les-noves-samarretes\\\/#primaryimage\",\"url\":\"https:\\\/\\\/gimnasticdetarragona.cat\\\/wp-content\\\/uploads\\\/2022\\\/06\\\/05234035110677.png\",\"contentUrl\":\"https:\\\/\\\/gimnasticdetarragona.cat\\\/wp-content\\\/uploads\\\/2022\\\/06\\\/05234035110677.png\",\"width\":1200,\"height\":627},{\"@type\":\"BreadcrumbList\",\"@id\":\"https:\\\/\\\/gimnasticdetarragona.cat\\\/es\\\/dissabte-a-la-venda-les-noves-samarretes\\\/#breadcrumb\",\"itemListElement\":[{\"@type\":\"ListItem\",\"position\":1,\"name\":\"Inici\",\"item\":\"https:\\\/\\\/gimnasticdetarragona.cat\\\/es\\\/nastic\\\/\"},{\"@type\":\"ListItem\",\"position\":2,\"name\":\"Ya a la venta las nuevas camisetas\"}]},{\"@type\":\"WebSite\",\"@id\":\"https:\\\/\\\/gimnasticdetarragona.cat\\\/es\\\/#website\",\"url\":\"https:\\\/\\\/gimnasticdetarragona.cat\\\/es\\\/\",\"name\":\"Gimn\u00e0stic de Tarragona SAD\",\"description\":\"Gimn\u00e0stic de Tarragona\",\"publisher\":{\"@id\":\"https:\\\/\\\/gimnasticdetarragona.cat\\\/es\\\/#organization\"},\"potentialAction\":[{\"@type\":\"SearchAction\",\"target\":{\"@type\":\"EntryPoint\",\"urlTemplate\":\"https:\\\/\\\/gimnasticdetarragona.cat\\\/es\\\/?s={search_term_string}\"},\"query-input\":{\"@type\":\"PropertyValueSpecification\",\"valueRequired\":true,\"valueName\":\"search_term_string\"}}],\"inLanguage\":\"es\"},{\"@type\":\"Organization\",\"@id\":\"https:\\\/\\\/gimnasticdetarragona.cat\\\/es\\\/#organization\",\"name\":\"GIMN\u00c0STIC DE TARRAGONA\",\"alternateName\":\"N\u00c0STIC\",\"url\":\"https:\\\/\\\/gimnasticdetarragona.cat\\\/es\\\/\",\"logo\":{\"@type\":\"ImageObject\",\"inLanguage\":\"es\",\"@id\":\"https:\\\/\\\/gimnasticdetarragona.cat\\\/es\\\/#\\\/schema\\\/logo\\\/image\\\/\",\"url\":\"https:\\\/\\\/gimnasticdetarragona.cat\\\/wp-content\\\/uploads\\\/2022\\\/06\\\/cropped-logo-gimnastic.png\",\"contentUrl\":\"https:\\\/\\\/gimnasticdetarragona.cat\\\/wp-content\\\/uploads\\\/2022\\\/06\\\/cropped-logo-gimnastic.png\",\"width\":224,\"height\":83,\"caption\":\"GIMN\u00c0STIC DE TARRAGONA\"},\"image\":{\"@id\":\"https:\\\/\\\/gimnasticdetarragona.cat\\\/es\\\/#\\\/schema\\\/logo\\\/image\\\/\"},\"sameAs\":[\"https:\\\/\\\/x.com\\\/NASTICTARRAGONA\",\"https:\\\/\\\/www.instagram.com\\\/nastictarragona\\\/\"]},{\"@type\":\"Person\",\"@id\":\"https:\\\/\\\/gimnasticdetarragona.cat\\\/es\\\/#\\\/schema\\\/person\\\/47b6a637abf88f9bd835540f20ea069e\",\"name\":\"desarrollo\",\"sameAs\":[\"https:\\\/\\\/clone.gimnasticdetarragona.cat\"]}]}<\/script>\n<!-- \/ Yoast SEO plugin. -->","yoast_head_json":{"title":"Ya a la venta las nuevas camisetas - Gimn\u00e0stic de Tarragona SAD","robots":{"index":"index","follow":"follow","max-snippet":"max-snippet:-1","max-image-preview":"max-image-preview:large","max-video-preview":"max-video-preview:-1"},"canonical":"https:\/\/gimnasticdetarragona.cat\/es\/dissabte-a-la-venda-les-noves-samarretes\/","og_locale":"es_ES","og_type":"article","og_title":"Ya a la venta las nuevas camisetas - Gimn\u00e0stic de Tarragona SAD","og_description":"El s\u00e1bado, coincidiendo con el partido contra el Zaragoza, se podar\u00e1n a la venta las equipaciones de la temporada 16\/17.","og_url":"https:\/\/gimnasticdetarragona.cat\/es\/dissabte-a-la-venda-les-noves-samarretes\/","og_site_name":"Gimn\u00e0stic de Tarragona SAD","article_published_time":"2016-07-28T19:55:09+00:00","og_image":[{"width":1200,"height":627,"url":"https:\/\/gimnasticdetarragona.cat\/wp-content\/uploads\/2022\/06\/05234035110677.png","type":"image\/png"}],"author":"desarrollo","twitter_card":"summary_large_image","twitter_creator":"@NASTICTARRAGONA","twitter_site":"@NASTICTARRAGONA","twitter_misc":{"Escrito por":"desarrollo","Tiempo de lectura":"1 minuto"},"schema":{"@context":"https:\/\/schema.org","@graph":[{"@type":"Article","@id":"https:\/\/gimnasticdetarragona.cat\/es\/dissabte-a-la-venda-les-noves-samarretes\/#article","isPartOf":{"@id":"https:\/\/gimnasticdetarragona.cat\/es\/dissabte-a-la-venda-les-noves-samarretes\/"},"author":{"name":"desarrollo","@id":"https:\/\/gimnasticdetarragona.cat\/es\/#\/schema\/person\/47b6a637abf88f9bd835540f20ea069e"},"headline":"Ya a la venta las nuevas camisetas","datePublished":"2016-07-28T19:55:09+00:00","mainEntityOfPage":{"@id":"https:\/\/gimnasticdetarragona.cat\/es\/dissabte-a-la-venda-les-noves-samarretes\/"},"wordCount":109,"commentCount":0,"publisher":{"@id":"https:\/\/gimnasticdetarragona.cat\/es\/#organization"},"image":{"@id":"https:\/\/gimnasticdetarragona.cat\/es\/dissabte-a-la-venda-les-noves-samarretes\/#primaryimage"},"thumbnailUrl":"https:\/\/gimnasticdetarragona.cat\/wp-content\/uploads\/2022\/06\/05234035110677.png","articleSection":["Actualidad"],"inLanguage":"es"},{"@type":"WebPage","@id":"https:\/\/gimnasticdetarragona.cat\/es\/dissabte-a-la-venda-les-noves-samarretes\/","url":"https:\/\/gimnasticdetarragona.cat\/es\/dissabte-a-la-venda-les-noves-samarretes\/","name":"Ya a la venta las nuevas camisetas - Gimn\u00e0stic de Tarragona SAD","isPartOf":{"@id":"https:\/\/gimnasticdetarragona.cat\/es\/#website"},"primaryImageOfPage":{"@id":"https:\/\/gimnasticdetarragona.cat\/es\/dissabte-a-la-venda-les-noves-samarretes\/#primaryimage"},"image":{"@id":"https:\/\/gimnasticdetarragona.cat\/es\/dissabte-a-la-venda-les-noves-samarretes\/#primaryimage"},"thumbnailUrl":"https:\/\/gimnasticdetarragona.cat\/wp-content\/uploads\/2022\/06\/05234035110677.png","datePublished":"2016-07-28T19:55:09+00:00","breadcrumb":{"@id":"https:\/\/gimnasticdetarragona.cat\/es\/dissabte-a-la-venda-les-noves-samarretes\/#breadcrumb"},"inLanguage":"es","potentialAction":[{"@type":"ReadAction","target":["https:\/\/gimnasticdetarragona.cat\/es\/dissabte-a-la-venda-les-noves-samarretes\/"]}]},{"@type":"ImageObject","inLanguage":"es","@id":"https:\/\/gimnasticdetarragona.cat\/es\/dissabte-a-la-venda-les-noves-samarretes\/#primaryimage","url":"https:\/\/gimnasticdetarragona.cat\/wp-content\/uploads\/2022\/06\/05234035110677.png","contentUrl":"https:\/\/gimnasticdetarragona.cat\/wp-content\/uploads\/2022\/06\/05234035110677.png","width":1200,"height":627},{"@type":"BreadcrumbList","@id":"https:\/\/gimnasticdetarragona.cat\/es\/dissabte-a-la-venda-les-noves-samarretes\/#breadcrumb","itemListElement":[{"@type":"ListItem","position":1,"name":"Inici","item":"https:\/\/gimnasticdetarragona.cat\/es\/nastic\/"},{"@type":"ListItem","position":2,"name":"Ya a la venta las nuevas camisetas"}]},{"@type":"WebSite","@id":"https:\/\/gimnasticdetarragona.cat\/es\/#website","url":"https:\/\/gimnasticdetarragona.cat\/es\/","name":"Gimn\u00e0stic de Tarragona SAD","description":"Gimn\u00e0stic de Tarragona","publisher":{"@id":"https:\/\/gimnasticdetarragona.cat\/es\/#organization"},"potentialAction":[{"@type":"SearchAction","target":{"@type":"EntryPoint","urlTemplate":"https:\/\/gimnasticdetarragona.cat\/es\/?s={search_term_string}"},"query-input":{"@type":"PropertyValueSpecification","valueRequired":true,"valueName":"search_term_string"}}],"inLanguage":"es"},{"@type":"Organization","@id":"https:\/\/gimnasticdetarragona.cat\/es\/#organization","name":"GIMN\u00c0STIC DE TARRAGONA","alternateName":"N\u00c0STIC","url":"https:\/\/gimnasticdetarragona.cat\/es\/","logo":{"@type":"ImageObject","inLanguage":"es","@id":"https:\/\/gimnasticdetarragona.cat\/es\/#\/schema\/logo\/image\/","url":"https:\/\/gimnasticdetarragona.cat\/wp-content\/uploads\/2022\/06\/cropped-logo-gimnastic.png","contentUrl":"https:\/\/gimnasticdetarragona.cat\/wp-content\/uploads\/2022\/06\/cropped-logo-gimnastic.png","width":224,"height":83,"caption":"GIMN\u00c0STIC DE TARRAGONA"},"image":{"@id":"https:\/\/gimnasticdetarragona.cat\/es\/#\/schema\/logo\/image\/"},"sameAs":["https:\/\/x.com\/NASTICTARRAGONA","https:\/\/www.instagram.com\/nastictarragona\/"]},{"@type":"Person","@id":"https:\/\/gimnasticdetarragona.cat\/es\/#\/schema\/person\/47b6a637abf88f9bd835540f20ea069e","name":"desarrollo","sameAs":["https:\/\/clone.gimnasticdetarragona.cat"]}]}},"_links":{"self":[{"href":"https:\/\/gimnasticdetarragona.cat\/es\/wp-json\/wp\/v2\/posts\/61041","targetHints":{"allow":["GET"]}}],"collection":[{"href":"https:\/\/gimnasticdetarragona.cat\/es\/wp-json\/wp\/v2\/posts"}],"about":[{"href":"https:\/\/gimnasticdetarragona.cat\/es\/wp-json\/wp\/v2\/types\/post"}],"author":[{"embeddable":true,"href":"https:\/\/gimnasticdetarragona.cat\/es\/wp-json\/wp\/v2\/users\/1"}],"replies":[{"embeddable":true,"href":"https:\/\/gimnasticdetarragona.cat\/es\/wp-json\/wp\/v2\/comments?post=61041"}],"version-history":[{"count":0,"href":"https:\/\/gimnasticdetarragona.cat\/es\/wp-json\/wp\/v2\/posts\/61041\/revisions"}],"wp:featuredmedia":[{"embeddable":true,"href":"https:\/\/gimnasticdetarragona.cat\/es\/wp-json\/wp\/v2\/media\/61038"}],"wp:attachment":[{"href":"https:\/\/gimnasticdetarragona.cat\/es\/wp-json\/wp\/v2\/media?parent=61041"}],"wp:term":[{"taxonomy":"category","embeddable":true,"href":"https:\/\/gimnasticdetarragona.cat\/es\/wp-json\/wp\/v2\/categories?post=61041"},{"taxonomy":"post_tag","embeddable":true,"href":"https:\/\/gimnasticdetarragona.cat\/es\/wp-json\/wp\/v2\/tags?post=61041"}],"curies":[{"name":"wp","href":"https:\/\/api.w.org\/{rel}","templated":true}]}}