{"id":61049,"date":"2016-07-28T17:19:03","date_gmt":"2016-07-28T17:19:03","guid":{"rendered":"https:\/\/clone.gimnasticdetarragona.cat\/nou-dispositiu-dacces-al-nou-estadi-en-dies-de-partit\/"},"modified":"2016-07-28T17:19:03","modified_gmt":"2016-07-28T17:19:03","slug":"nou-dispositiu-dacces-al-nou-estadi-en-dies-de-partit","status":"publish","type":"post","link":"https:\/\/gimnasticdetarragona.cat\/es\/nou-dispositiu-dacces-al-nou-estadi-en-dies-de-partit\/","title":{"rendered":"Nuevo dispositivo de acceso al Nou Estadi en d\u00edas de partido"},"content":{"rendered":"<p style=\"text-align: justify;\">\n<p style=\"text-align: justify;\"><strong>Este s\u00e1bado, coincidiendo con el partido contra el Zaragoza, se estrenar\u00e1 el nuevo dispositivo de circulaci\u00f3n para el acceso y salida al Nou Estadi\u00a0en d\u00edas de partido.<\/strong><\/p>\n<p style=\"text-align: justify;\">El dispositivo, dise\u00f1ado por la Guardia Urbana de Tarragona, tiene como objetivo prioritario mejorar la fluidez en la circulaci\u00f3n en la zona del Nou Estadi los d\u00edas de partido.<\/p>\n<p style=\"text-align: justify;\">La gran novedad ser\u00e1 la creaci\u00f3n de tres v\u00edas diferenciadas de acceso a las zonas de aparcamiento cercanas al estadio. Con esta medida se pretende canalizar la entrada y la salida de los veh\u00edculos de cada zona facilitando la circulaci\u00f3n.<\/p>\n<p style=\"text-align: justify;\">La primera de las v\u00edas dar\u00e1 acceso a las zonas de aparcamiento situadas entre el estadio y la Vall de la Arrabassada, comprendiendo al espacio de aparcamiento de las viviendas del N\u00e0stic, el aparcamiento de la antigua nacional 340 y el conocido como p\u00e1rking\u00a0de las monjas. A estos espacio se acceder\u00e1 por la Vall de la Arrabassada.<\/p>\n<p style=\"text-align: justify;\">La segunda v\u00eda de acceso dar\u00e1 entrada a los p\u00e1rkings situados en la zona de la ITV, comprendiendo los espacios situados entre el Tenis del N\u00e0stic y la ITV, y el espacio situado justo enfrente de la ITV. Para acceder a esta aparcamientos habr\u00e1 \u00a0que venir desde la autov\u00eda.<\/p>\n<p style=\"text-align: justify;\">Finalmente, la tercera v\u00eda dar\u00e1 acceso a la zona reservada para motos, situada justo antes del acceso al Nuevo Estadio, as\u00ed como los p\u00e1rkings de prensa y de abonados, situados dentro las instalaciones del N\u00e0stic. Las motos, la prensa y los abonados podr\u00e1n acceder tanto porla Vall de la Arrabassada como desde la autov\u00eda.<\/p>\n<p style=\"text-align: justify;\">Este dispositivo, que se estrenar\u00e1 el s\u00e1bado, ser\u00e1 el mismo que se utilizar\u00e1 durante la temporada oficial, incorporando las posibles modificaciones que permitan mejorar a\u00fan m\u00e1s la circulaci\u00f3n en d\u00eda de partido.<\/p>\n<p style=\"text-align: justify;\">Desde el Gimn\u00e0stic, se recuerda a los socios y aficionados que, m\u00e1s all\u00e1 de cualquier dispositivo de circulaci\u00f3n, la mejor medida para evitar las colas en la entrada a las zonas de aparcamiento del Nou Estadi es llegar al campo con tiempo.<\/p>\n<p style=\"text-align: justify;\"><img fetchpriority=\"high\" decoding=\"async\" class=\"alignnone size-full wp-image-110643\" src=\"http:\/\/www.gimnasticdetarragona.cat\/wp-content\/uploads\/2016\/07\/flyer-entrades.jpg\" alt=\"flyer-entrades\" width=\"1240\" height=\"874\" \/><\/p>\n<p style=\"text-align: justify;\"><img decoding=\"async\" class=\"alignnone size-full wp-image-110645\" src=\"http:\/\/www.gimnasticdetarragona.cat\/wp-content\/uploads\/2016\/07\/flyer-sortides.jpg\" alt=\"flyer-sortides\" width=\"1240\" height=\"874\" \/><\/p>\n","protected":false},"excerpt":{"rendered":"<p>Aquest dissabte, coincidint amb el partit contra el Zaragoza, s\u2019estrenar\u00e0 el nou dispositiu de circulaci\u00f3 per l\u2019acc\u00e9s i sortida al Nou Estadi en dies de partit.<\/p>\n","protected":false},"author":1,"featured_media":61046,"comment_status":"open","ping_status":"open","sticky":false,"template":"","format":"standard","meta":{"_acf_changed":false,"footnotes":""},"categories":[113],"tags":[],"class_list":["post-61049","post","type-post","status-publish","format-standard","has-post-thumbnail","hentry","category-actualidad"],"acf":[],"yoast_head":"<!-- This site is optimized with the Yoast SEO plugin v27.3 - https:\/\/yoast.com\/product\/yoast-seo-wordpress\/ -->\n<title>Nuevo dispositivo de acceso al Nou Estadi en d\u00edas de partido - Gimn\u00e0stic de Tarragona SAD<\/title>\n<meta name=\"robots\" content=\"index, follow, max-snippet:-1, max-image-preview:large, max-video-preview:-1\" \/>\n<link rel=\"canonical\" href=\"https:\/\/gimnasticdetarragona.cat\/es\/nou-dispositiu-dacces-al-nou-estadi-en-dies-de-partit\/\" \/>\n<meta property=\"og:locale\" content=\"es_ES\" \/>\n<meta property=\"og:type\" content=\"article\" \/>\n<meta property=\"og:title\" content=\"Nuevo dispositivo de acceso al Nou Estadi en d\u00edas de partido - Gimn\u00e0stic de Tarragona SAD\" \/>\n<meta property=\"og:description\" content=\"Aquest dissabte, coincidint amb el partit contra el Zaragoza, s\u2019estrenar\u00e0 el nou dispositiu de circulaci\u00f3 per l\u2019acc\u00e9s i sortida al Nou Estadi en dies de partit.\" \/>\n<meta property=\"og:url\" content=\"https:\/\/gimnasticdetarragona.cat\/es\/nou-dispositiu-dacces-al-nou-estadi-en-dies-de-partit\/\" \/>\n<meta property=\"og:site_name\" content=\"Gimn\u00e0stic de Tarragona SAD\" \/>\n<meta property=\"article:published_time\" content=\"2016-07-28T17:19:03+00:00\" \/>\n<meta property=\"og:image\" content=\"https:\/\/gimnasticdetarragona.cat\/wp-content\/uploads\/2022\/06\/05234029110649.jpg\" \/>\n\t<meta property=\"og:image:width\" content=\"1240\" \/>\n\t<meta property=\"og:image:height\" content=\"874\" \/>\n\t<meta property=\"og:image:type\" content=\"image\/jpeg\" \/>\n<meta name=\"author\" content=\"desarrollo\" \/>\n<meta name=\"twitter:card\" content=\"summary_large_image\" \/>\n<meta name=\"twitter:creator\" content=\"@NASTICTARRAGONA\" \/>\n<meta name=\"twitter:site\" content=\"@NASTICTARRAGONA\" \/>\n<meta name=\"twitter:label1\" content=\"Escrito por\" \/>\n\t<meta name=\"twitter:data1\" content=\"desarrollo\" \/>\n\t<meta name=\"twitter:label2\" content=\"Tiempo de lectura\" \/>\n\t<meta name=\"twitter:data2\" content=\"2 minutos\" \/>\n<script type=\"application\/ld+json\" class=\"yoast-schema-graph\">{\"@context\":\"https:\\\/\\\/schema.org\",\"@graph\":[{\"@type\":\"Article\",\"@id\":\"https:\\\/\\\/gimnasticdetarragona.cat\\\/es\\\/nou-dispositiu-dacces-al-nou-estadi-en-dies-de-partit\\\/#article\",\"isPartOf\":{\"@id\":\"https:\\\/\\\/gimnasticdetarragona.cat\\\/es\\\/nou-dispositiu-dacces-al-nou-estadi-en-dies-de-partit\\\/\"},\"author\":{\"name\":\"desarrollo\",\"@id\":\"https:\\\/\\\/gimnasticdetarragona.cat\\\/es\\\/#\\\/schema\\\/person\\\/47b6a637abf88f9bd835540f20ea069e\"},\"headline\":\"Nuevo dispositivo de acceso al Nou Estadi en d\u00edas de partido\",\"datePublished\":\"2016-07-28T17:19:03+00:00\",\"mainEntityOfPage\":{\"@id\":\"https:\\\/\\\/gimnasticdetarragona.cat\\\/es\\\/nou-dispositiu-dacces-al-nou-estadi-en-dies-de-partit\\\/\"},\"wordCount\":373,\"commentCount\":0,\"publisher\":{\"@id\":\"https:\\\/\\\/gimnasticdetarragona.cat\\\/es\\\/#organization\"},\"image\":{\"@id\":\"https:\\\/\\\/gimnasticdetarragona.cat\\\/es\\\/nou-dispositiu-dacces-al-nou-estadi-en-dies-de-partit\\\/#primaryimage\"},\"thumbnailUrl\":\"https:\\\/\\\/gimnasticdetarragona.cat\\\/wp-content\\\/uploads\\\/2022\\\/06\\\/05234029110649.jpg\",\"articleSection\":[\"Actualidad\"],\"inLanguage\":\"es\"},{\"@type\":\"WebPage\",\"@id\":\"https:\\\/\\\/gimnasticdetarragona.cat\\\/es\\\/nou-dispositiu-dacces-al-nou-estadi-en-dies-de-partit\\\/\",\"url\":\"https:\\\/\\\/gimnasticdetarragona.cat\\\/es\\\/nou-dispositiu-dacces-al-nou-estadi-en-dies-de-partit\\\/\",\"name\":\"Nuevo dispositivo de acceso al Nou Estadi en d\u00edas de partido - Gimn\u00e0stic de Tarragona SAD\",\"isPartOf\":{\"@id\":\"https:\\\/\\\/gimnasticdetarragona.cat\\\/es\\\/#website\"},\"primaryImageOfPage\":{\"@id\":\"https:\\\/\\\/gimnasticdetarragona.cat\\\/es\\\/nou-dispositiu-dacces-al-nou-estadi-en-dies-de-partit\\\/#primaryimage\"},\"image\":{\"@id\":\"https:\\\/\\\/gimnasticdetarragona.cat\\\/es\\\/nou-dispositiu-dacces-al-nou-estadi-en-dies-de-partit\\\/#primaryimage\"},\"thumbnailUrl\":\"https:\\\/\\\/gimnasticdetarragona.cat\\\/wp-content\\\/uploads\\\/2022\\\/06\\\/05234029110649.jpg\",\"datePublished\":\"2016-07-28T17:19:03+00:00\",\"breadcrumb\":{\"@id\":\"https:\\\/\\\/gimnasticdetarragona.cat\\\/es\\\/nou-dispositiu-dacces-al-nou-estadi-en-dies-de-partit\\\/#breadcrumb\"},\"inLanguage\":\"es\",\"potentialAction\":[{\"@type\":\"ReadAction\",\"target\":[\"https:\\\/\\\/gimnasticdetarragona.cat\\\/es\\\/nou-dispositiu-dacces-al-nou-estadi-en-dies-de-partit\\\/\"]}]},{\"@type\":\"ImageObject\",\"inLanguage\":\"es\",\"@id\":\"https:\\\/\\\/gimnasticdetarragona.cat\\\/es\\\/nou-dispositiu-dacces-al-nou-estadi-en-dies-de-partit\\\/#primaryimage\",\"url\":\"https:\\\/\\\/gimnasticdetarragona.cat\\\/wp-content\\\/uploads\\\/2022\\\/06\\\/05234029110649.jpg\",\"contentUrl\":\"https:\\\/\\\/gimnasticdetarragona.cat\\\/wp-content\\\/uploads\\\/2022\\\/06\\\/05234029110649.jpg\",\"width\":1240,\"height\":874},{\"@type\":\"BreadcrumbList\",\"@id\":\"https:\\\/\\\/gimnasticdetarragona.cat\\\/es\\\/nou-dispositiu-dacces-al-nou-estadi-en-dies-de-partit\\\/#breadcrumb\",\"itemListElement\":[{\"@type\":\"ListItem\",\"position\":1,\"name\":\"Inici\",\"item\":\"https:\\\/\\\/gimnasticdetarragona.cat\\\/es\\\/nastic\\\/\"},{\"@type\":\"ListItem\",\"position\":2,\"name\":\"Nuevo dispositivo de acceso al Nou Estadi en d\u00edas de partido\"}]},{\"@type\":\"WebSite\",\"@id\":\"https:\\\/\\\/gimnasticdetarragona.cat\\\/es\\\/#website\",\"url\":\"https:\\\/\\\/gimnasticdetarragona.cat\\\/es\\\/\",\"name\":\"Gimn\u00e0stic de Tarragona SAD\",\"description\":\"Gimn\u00e0stic de Tarragona\",\"publisher\":{\"@id\":\"https:\\\/\\\/gimnasticdetarragona.cat\\\/es\\\/#organization\"},\"potentialAction\":[{\"@type\":\"SearchAction\",\"target\":{\"@type\":\"EntryPoint\",\"urlTemplate\":\"https:\\\/\\\/gimnasticdetarragona.cat\\\/es\\\/?s={search_term_string}\"},\"query-input\":{\"@type\":\"PropertyValueSpecification\",\"valueRequired\":true,\"valueName\":\"search_term_string\"}}],\"inLanguage\":\"es\"},{\"@type\":\"Organization\",\"@id\":\"https:\\\/\\\/gimnasticdetarragona.cat\\\/es\\\/#organization\",\"name\":\"GIMN\u00c0STIC DE TARRAGONA\",\"alternateName\":\"N\u00c0STIC\",\"url\":\"https:\\\/\\\/gimnasticdetarragona.cat\\\/es\\\/\",\"logo\":{\"@type\":\"ImageObject\",\"inLanguage\":\"es\",\"@id\":\"https:\\\/\\\/gimnasticdetarragona.cat\\\/es\\\/#\\\/schema\\\/logo\\\/image\\\/\",\"url\":\"https:\\\/\\\/gimnasticdetarragona.cat\\\/wp-content\\\/uploads\\\/2022\\\/06\\\/cropped-logo-gimnastic.png\",\"contentUrl\":\"https:\\\/\\\/gimnasticdetarragona.cat\\\/wp-content\\\/uploads\\\/2022\\\/06\\\/cropped-logo-gimnastic.png\",\"width\":224,\"height\":83,\"caption\":\"GIMN\u00c0STIC DE TARRAGONA\"},\"image\":{\"@id\":\"https:\\\/\\\/gimnasticdetarragona.cat\\\/es\\\/#\\\/schema\\\/logo\\\/image\\\/\"},\"sameAs\":[\"https:\\\/\\\/x.com\\\/NASTICTARRAGONA\",\"https:\\\/\\\/www.instagram.com\\\/nastictarragona\\\/\"]},{\"@type\":\"Person\",\"@id\":\"https:\\\/\\\/gimnasticdetarragona.cat\\\/es\\\/#\\\/schema\\\/person\\\/47b6a637abf88f9bd835540f20ea069e\",\"name\":\"desarrollo\",\"sameAs\":[\"https:\\\/\\\/clone.gimnasticdetarragona.cat\"]}]}<\/script>\n<!-- \/ Yoast SEO plugin. -->","yoast_head_json":{"title":"Nuevo dispositivo de acceso al Nou Estadi en d\u00edas de partido - Gimn\u00e0stic de Tarragona SAD","robots":{"index":"index","follow":"follow","max-snippet":"max-snippet:-1","max-image-preview":"max-image-preview:large","max-video-preview":"max-video-preview:-1"},"canonical":"https:\/\/gimnasticdetarragona.cat\/es\/nou-dispositiu-dacces-al-nou-estadi-en-dies-de-partit\/","og_locale":"es_ES","og_type":"article","og_title":"Nuevo dispositivo de acceso al Nou Estadi en d\u00edas de partido - Gimn\u00e0stic de Tarragona SAD","og_description":"Aquest dissabte, coincidint amb el partit contra el Zaragoza, s\u2019estrenar\u00e0 el nou dispositiu de circulaci\u00f3 per l\u2019acc\u00e9s i sortida al Nou Estadi en dies de partit.","og_url":"https:\/\/gimnasticdetarragona.cat\/es\/nou-dispositiu-dacces-al-nou-estadi-en-dies-de-partit\/","og_site_name":"Gimn\u00e0stic de Tarragona SAD","article_published_time":"2016-07-28T17:19:03+00:00","og_image":[{"width":1240,"height":874,"url":"https:\/\/gimnasticdetarragona.cat\/wp-content\/uploads\/2022\/06\/05234029110649.jpg","type":"image\/jpeg"}],"author":"desarrollo","twitter_card":"summary_large_image","twitter_creator":"@NASTICTARRAGONA","twitter_site":"@NASTICTARRAGONA","twitter_misc":{"Escrito por":"desarrollo","Tiempo de lectura":"2 minutos"},"schema":{"@context":"https:\/\/schema.org","@graph":[{"@type":"Article","@id":"https:\/\/gimnasticdetarragona.cat\/es\/nou-dispositiu-dacces-al-nou-estadi-en-dies-de-partit\/#article","isPartOf":{"@id":"https:\/\/gimnasticdetarragona.cat\/es\/nou-dispositiu-dacces-al-nou-estadi-en-dies-de-partit\/"},"author":{"name":"desarrollo","@id":"https:\/\/gimnasticdetarragona.cat\/es\/#\/schema\/person\/47b6a637abf88f9bd835540f20ea069e"},"headline":"Nuevo dispositivo de acceso al Nou Estadi en d\u00edas de partido","datePublished":"2016-07-28T17:19:03+00:00","mainEntityOfPage":{"@id":"https:\/\/gimnasticdetarragona.cat\/es\/nou-dispositiu-dacces-al-nou-estadi-en-dies-de-partit\/"},"wordCount":373,"commentCount":0,"publisher":{"@id":"https:\/\/gimnasticdetarragona.cat\/es\/#organization"},"image":{"@id":"https:\/\/gimnasticdetarragona.cat\/es\/nou-dispositiu-dacces-al-nou-estadi-en-dies-de-partit\/#primaryimage"},"thumbnailUrl":"https:\/\/gimnasticdetarragona.cat\/wp-content\/uploads\/2022\/06\/05234029110649.jpg","articleSection":["Actualidad"],"inLanguage":"es"},{"@type":"WebPage","@id":"https:\/\/gimnasticdetarragona.cat\/es\/nou-dispositiu-dacces-al-nou-estadi-en-dies-de-partit\/","url":"https:\/\/gimnasticdetarragona.cat\/es\/nou-dispositiu-dacces-al-nou-estadi-en-dies-de-partit\/","name":"Nuevo dispositivo de acceso al Nou Estadi en d\u00edas de partido - Gimn\u00e0stic de Tarragona SAD","isPartOf":{"@id":"https:\/\/gimnasticdetarragona.cat\/es\/#website"},"primaryImageOfPage":{"@id":"https:\/\/gimnasticdetarragona.cat\/es\/nou-dispositiu-dacces-al-nou-estadi-en-dies-de-partit\/#primaryimage"},"image":{"@id":"https:\/\/gimnasticdetarragona.cat\/es\/nou-dispositiu-dacces-al-nou-estadi-en-dies-de-partit\/#primaryimage"},"thumbnailUrl":"https:\/\/gimnasticdetarragona.cat\/wp-content\/uploads\/2022\/06\/05234029110649.jpg","datePublished":"2016-07-28T17:19:03+00:00","breadcrumb":{"@id":"https:\/\/gimnasticdetarragona.cat\/es\/nou-dispositiu-dacces-al-nou-estadi-en-dies-de-partit\/#breadcrumb"},"inLanguage":"es","potentialAction":[{"@type":"ReadAction","target":["https:\/\/gimnasticdetarragona.cat\/es\/nou-dispositiu-dacces-al-nou-estadi-en-dies-de-partit\/"]}]},{"@type":"ImageObject","inLanguage":"es","@id":"https:\/\/gimnasticdetarragona.cat\/es\/nou-dispositiu-dacces-al-nou-estadi-en-dies-de-partit\/#primaryimage","url":"https:\/\/gimnasticdetarragona.cat\/wp-content\/uploads\/2022\/06\/05234029110649.jpg","contentUrl":"https:\/\/gimnasticdetarragona.cat\/wp-content\/uploads\/2022\/06\/05234029110649.jpg","width":1240,"height":874},{"@type":"BreadcrumbList","@id":"https:\/\/gimnasticdetarragona.cat\/es\/nou-dispositiu-dacces-al-nou-estadi-en-dies-de-partit\/#breadcrumb","itemListElement":[{"@type":"ListItem","position":1,"name":"Inici","item":"https:\/\/gimnasticdetarragona.cat\/es\/nastic\/"},{"@type":"ListItem","position":2,"name":"Nuevo dispositivo de acceso al Nou Estadi en d\u00edas de partido"}]},{"@type":"WebSite","@id":"https:\/\/gimnasticdetarragona.cat\/es\/#website","url":"https:\/\/gimnasticdetarragona.cat\/es\/","name":"Gimn\u00e0stic de Tarragona SAD","description":"Gimn\u00e0stic de Tarragona","publisher":{"@id":"https:\/\/gimnasticdetarragona.cat\/es\/#organization"},"potentialAction":[{"@type":"SearchAction","target":{"@type":"EntryPoint","urlTemplate":"https:\/\/gimnasticdetarragona.cat\/es\/?s={search_term_string}"},"query-input":{"@type":"PropertyValueSpecification","valueRequired":true,"valueName":"search_term_string"}}],"inLanguage":"es"},{"@type":"Organization","@id":"https:\/\/gimnasticdetarragona.cat\/es\/#organization","name":"GIMN\u00c0STIC DE TARRAGONA","alternateName":"N\u00c0STIC","url":"https:\/\/gimnasticdetarragona.cat\/es\/","logo":{"@type":"ImageObject","inLanguage":"es","@id":"https:\/\/gimnasticdetarragona.cat\/es\/#\/schema\/logo\/image\/","url":"https:\/\/gimnasticdetarragona.cat\/wp-content\/uploads\/2022\/06\/cropped-logo-gimnastic.png","contentUrl":"https:\/\/gimnasticdetarragona.cat\/wp-content\/uploads\/2022\/06\/cropped-logo-gimnastic.png","width":224,"height":83,"caption":"GIMN\u00c0STIC DE TARRAGONA"},"image":{"@id":"https:\/\/gimnasticdetarragona.cat\/es\/#\/schema\/logo\/image\/"},"sameAs":["https:\/\/x.com\/NASTICTARRAGONA","https:\/\/www.instagram.com\/nastictarragona\/"]},{"@type":"Person","@id":"https:\/\/gimnasticdetarragona.cat\/es\/#\/schema\/person\/47b6a637abf88f9bd835540f20ea069e","name":"desarrollo","sameAs":["https:\/\/clone.gimnasticdetarragona.cat"]}]}},"_links":{"self":[{"href":"https:\/\/gimnasticdetarragona.cat\/es\/wp-json\/wp\/v2\/posts\/61049","targetHints":{"allow":["GET"]}}],"collection":[{"href":"https:\/\/gimnasticdetarragona.cat\/es\/wp-json\/wp\/v2\/posts"}],"about":[{"href":"https:\/\/gimnasticdetarragona.cat\/es\/wp-json\/wp\/v2\/types\/post"}],"author":[{"embeddable":true,"href":"https:\/\/gimnasticdetarragona.cat\/es\/wp-json\/wp\/v2\/users\/1"}],"replies":[{"embeddable":true,"href":"https:\/\/gimnasticdetarragona.cat\/es\/wp-json\/wp\/v2\/comments?post=61049"}],"version-history":[{"count":0,"href":"https:\/\/gimnasticdetarragona.cat\/es\/wp-json\/wp\/v2\/posts\/61049\/revisions"}],"wp:featuredmedia":[{"embeddable":true,"href":"https:\/\/gimnasticdetarragona.cat\/es\/wp-json\/wp\/v2\/media\/61046"}],"wp:attachment":[{"href":"https:\/\/gimnasticdetarragona.cat\/es\/wp-json\/wp\/v2\/media?parent=61049"}],"wp:term":[{"taxonomy":"category","embeddable":true,"href":"https:\/\/gimnasticdetarragona.cat\/es\/wp-json\/wp\/v2\/categories?post=61049"},{"taxonomy":"post_tag","embeddable":true,"href":"https:\/\/gimnasticdetarragona.cat\/es\/wp-json\/wp\/v2\/tags?post=61049"}],"curies":[{"name":"wp","href":"https:\/\/api.w.org\/{rel}","templated":true}]}}