{"id":61053,"date":"2016-07-27T22:02:13","date_gmt":"2016-07-27T22:02:13","guid":{"rendered":"https:\/\/clone.gimnasticdetarragona.cat\/fc-asco-2-3-nastic\/"},"modified":"2016-07-27T22:02:13","modified_gmt":"2016-07-27T22:02:13","slug":"fc-asco-2-3-nastic","status":"publish","type":"post","link":"https:\/\/gimnasticdetarragona.cat\/es\/fc-asco-2-3-nastic\/","title":{"rendered":"FC Asc\u00f3 2-3 N\u00e0stic"},"content":{"rendered":"<p style=\"text-align: justify;\"><span id=\"result_box\" class=\"\" lang=\"es\"><span title=\"El N\u00e0stic ha guanyat a l\u2019Asc\u00f3 2-3 en el tercer partit de pretemporada.\n\">El N\u00e0stic ha ganado al Asc\u00f3 2-3 en el tercer partido de pretemporada.<\/span><\/span><\/p>\n<p style=\"text-align: justify;\"><span id=\"result_box\" class=\"\" lang=\"es\"><span title=\"El N\u00e0stic ha comen\u00e7at el partit dominant la possessi\u00f3 de la pilota en front un Asc\u00f3 m\u00e9s replegat.\">El N\u00e0stic ha empezado el partido dominando la posesi\u00f3n del bal\u00f3n frente a un Asc\u00f3 m\u00e1s replegado. <\/span><span title=\"Els granes movien l\u2019esf\u00e8ric amb comoditat per\u00f2 no eren capa\u00e7os d\u2019arribar amb perill a l\u2019\u00e0rea local.\">Los granas mov\u00edan el esf\u00e9rico con comodidad pero no eran capaces de llegar con peligro al \u00e1rea local. <\/span><span title=\"Les millors ocasions de la primera meitat han arribat per la banda dreta a on les combinacions entre Jos\u00e9 Carlos i Kakabadze han provocat diverses accions de perill.\n\">Las mejores ocasiones de la primera mitad han llegado por la banda derecha donde las combinaciones entre Jos\u00e9 Carlos y Kakabadze han provocado varias acciones de peligro.<\/span><\/span><\/p>\n<p style=\"text-align: justify;\"><span id=\"result_box\" class=\"\" lang=\"es\"><span title=\"En el primer quart d\u2019hora de joc els grana han gaudit de dues ocasions clares.\">En el primer cuarto de hora de juego los grana han disfrutado de dos ocasiones claras. <\/span><span title=\"Primer Tejera, a centrada de Kakabadze i despr\u00e9s Jos\u00e9 Carlos ho han intentat sense fortuna.\">Primero Tejera, a centro de Kakabadze y despu\u00e9s Jos\u00e9 Carlos, lo han intentado sin fortuna. <\/span><span title=\"En el minut 20 ha estat \u00c1lex L\u00f3pez qui ha fet treballar al porter local amb un xut a la mitja volta.\">En el minuto 20 ha sido \u00c1lex L\u00f3pez quien ha hecho trabajar al portero local con un disparo a la media vuelta. <\/span><span title=\"En el 28\u2019 Zahibo ho ha provat de lluny amb un potent xut que de nou ha aturat Sergio L\u00f3pez.\n\">En el 28&#8242; Zahibo lo ha probado de lejos con un potente disparo que de nuevo ha parado Sergio L\u00f3pez.<\/span><\/span><\/p>\n<p style=\"text-align: justify;\"><span id=\"result_box\" class=\"\" lang=\"es\"><span title=\"La darrera ocasi\u00f3 abans de la mitja part ha estat per l\u2019Asc\u00f3.\">La \u00faltima ocasi\u00f3n antes del descanso ha sido para el Asc\u00f3. <\/span><span title=\"El local Godia ha rematat i Reina ha allunyat sense masses complicacions.\">El local Godia ha rematado y Reina ha alejado sin demasiadas complicaciones. <\/span><span title=\"Al descans s\u2019ha arribat amb l\u2019empat a 0 incial.\n\">Al descanso se ha llegado con el empate a 0 inicial.<\/span><\/span><\/p>\n<p style=\"text-align: justify;\"><span id=\"result_box\" class=\"\" lang=\"es\"><span title=\"A la segona el N\u00e0stic, que ha canviat tot l\u2019onze, ha sortit molt endollat, pressionant als locals molt amunt.\">En la segunda el N\u00e0stic, que ha cambiado todo el once, ha salido muy enchufado, presionando a los locales muy arriba. <\/span><span title=\"Per\u00f2 en la primera arribada de l\u2019Asc\u00f3 ha arribat el 1-0, despr\u00e9s d\u2019un desajust de la defensa.\n\">Pero en la primera llegada del Asc\u00f3 ha llegado el 1-0, tras un desajuste de la defensa.<\/span><\/span><\/p>\n<p style=\"text-align: justify;\"><span id=\"result_box\" class=\"\" lang=\"es\"><span title=\"La reacci\u00f3 no s\u2019ha fet esperar i en menys de 10\u2019 els de Vicente Moreno han capgirat el marcador.\">La reacci\u00f3n no se ha hecho esperar y en menos de diez minutos los de Vicente Moreno han dado la vuelta al marcador. <\/span><span title=\"Primer Madinda, amb un potent xut despr\u00e9s d\u2019un rebuig de la defensa, i despr\u00e9s Carlos Garc\u00eda aprofitant un passe enrere de Valent\u00edn, han posat el 1-2.\n\">Primero Madinda, con un potente disparo tras un rechace de la defensa, y despu\u00e9s Carlos Garc\u00eda aprovechando un pase atr\u00e1s de Valent\u00edn, han puesto el 1-2.<\/span><\/span><span id=\"result_box\" class=\"\" lang=\"es\"><\/span><\/p>\n<p style=\"text-align: justify;\"><span id=\"result_box\" class=\"\" lang=\"es\"><span title=\"Amb el segon gol el N\u00e0stic ha passat a dominar encara m\u00e9s la possessi\u00f3 davant un Asc\u00f3 que ha fet un pas enrere.\">Con el segundo gol, el N\u00e0stic ha pasado a dominar a\u00fan m\u00e1s la posesi\u00f3n ante un Asc\u00f3 que ha dado un paso atr\u00e1s. <\/span><span title=\"En el 79\u2019 S. Eman\u00e0 s\u2019ha plantat davant per\u00f2 el seu xut ha xocat amb les cames del porter.\">En el 79&#8242; S. Emana se ha plantado delante de la porter\u00eda pero su disparo ha chocado con las piernas del portero. <\/span><span title=\"I un minut m\u00e9s tard ha estat Valent\u00edn qui ho ha intentat per\u00f2 de nou el porter de l\u2019Asc\u00f3, Fuertes, ha evitat el gol.\n\">Y un minuto m\u00e1s tarde ha sido Valent\u00edn quien lo ha intentado pero de nuevo el portero del Asc\u00f3, Fuertes, ha evitado el gol.<\/span><\/span><\/p>\n<p style=\"text-align: justify;\"><span id=\"result_box\" class=\"\" lang=\"es\"><span title=\"I en el 82\u2019 han estat els locals els que han aconseguit marcar.\">Y en el 82&#8242; han sido los locales los que han conseguido marcar. <\/span><span title=\"Gerard Roig\u00e9 ha creuat un potent xut que ha acabat fent entrar a pr\u00f2pia porta el central grana Djetei en un intent per rebutjar la pilota.\n\">Gerard Roig\u00e9 ha cruzado un potente disparo que ha acabado haciendo entrar en propia puerta el central grana Djetei en un intento por despejar el bal\u00f3n.<\/span><\/span><\/p>\n<p style=\"text-align: justify;\"><span id=\"result_box\" class=\"\" lang=\"es\"><span title=\"I quan ja semblava que el partit acabaria en empat, els grana han trenat una bona jugada per banda dreta.\">Y cuando ya parec\u00eda que el partido terminar\u00eda en empate, los grana han trenzado una buena jugada por banda derecha. <\/span><span title=\"Valent\u00edn ha posat una molt bona centrada que S. Eman\u00e1 ha convertit en el gol de la vict\u00f2ria del N\u00e0stic.\n\">Valent\u00edn ha puesto una muy buen centro que S. Eman\u00e1 ha convertido en el gol de la victoria del N\u00e0stic.<\/span><\/span><\/p>\n<p style=\"text-align: justify;\"><span id=\"result_box\" class=\"\" lang=\"es\"><span title=\"El proper partit dels grana ser\u00e0 dissabte 30, a partir de les 20:30 hores, contra el Zaragoza al Nou Estadi.\">El pr\u00f3ximo partido de los grana ser\u00e1 el s\u00e1bado 30, a partir de las 20:30 horas, contra el Zaragoza en el Nou Estadi. <\/span><span title=\"Abans del partit es far\u00e0 la presentaci\u00f3 oficial de l\u2019equip de la temporada 16\/17.\">Antes del partido, a las 19:30 horas, se har\u00e1 la presentaci\u00f3n oficial del equipo de la temporada 16\/17.<\/span><\/span><\/p>\n<p><strong>Alineaciones:<\/strong><\/p>\n<p>CF Asc\u00f3: L\u00f3pez, Pato, Argilaga, Hector, Jose Ramon, Barrufet, Bertomeu, Godia, Toledo, Peque i Guiu.<\/p>\n<p>Segunda mitad: Fuertes, Riki, Tom\u00e0s (Carles, 81\u2019), Socias, Nolla (Oscar Riba, 81\u2019), Marco, Bernat (Marc Blanch, 83\u2019), Masqu\u00e9, Osado, Gerard Roig\u00e9 i Jordi Mart\u00ed.<\/p>\n<p>N\u00e0stic: Reina, Mossa, Molina, J. Carlos, C. Lobato, A. L\u00f3pez, Rharsalla, Suzuki, Zahibo, Tejera i Kakabadze.<\/p>\n<p>Segunda mitad: L\u00f3pez, Ferran, Bouz\u00f3n, Djetei, Gerard, Manolo, C. Garc\u00eda, Madinda, Assoubre, Maloku i S. Eman\u00e1.<\/p>\n<p><strong>Goles.<\/strong><\/p>\n<p>1-0, Riki (61\u2019), 1-1, Madinda (64\u2019), 1-2, C. Garc\u00eda (68\u2019), 2-2, Gerard Roig\u00e9 (82\u2019), 2-3, S. Eman\u00e1 (88\u2019).<\/p>\n<p><strong>Tarjetas. <\/strong><\/p>\n<p>God\u00eda (23\u2019), Peque (44\u2019).<\/p>\n<p>Partido jugado en el Camp Municipal d\u2019Asc\u00f3. 1000 espectadores.<\/p>\n","protected":false},"excerpt":{"rendered":"<p>El N\u00e0stic ha ganado al Asc\u00f3 2-3 en el tercer partido de pretemporada.<\/p>\n","protected":false},"author":1,"featured_media":61050,"comment_status":"open","ping_status":"open","sticky":false,"template":"","format":"standard","meta":{"_acf_changed":false,"footnotes":""},"categories":[113,126],"tags":[],"class_list":["post-61053","post","type-post","status-publish","format-standard","has-post-thumbnail","hentry","category-actualidad","category-primer-equipo"],"acf":[],"yoast_head":"<!-- This site is optimized with the Yoast SEO plugin v27.3 - https:\/\/yoast.com\/product\/yoast-seo-wordpress\/ -->\n<title>FC Asc\u00f3 2-3 N\u00e0stic - Gimn\u00e0stic de Tarragona SAD<\/title>\n<meta name=\"robots\" content=\"index, follow, max-snippet:-1, max-image-preview:large, max-video-preview:-1\" \/>\n<link rel=\"canonical\" href=\"https:\/\/gimnasticdetarragona.cat\/es\/fc-asco-2-3-nastic\/\" \/>\n<meta property=\"og:locale\" content=\"es_ES\" \/>\n<meta property=\"og:type\" content=\"article\" \/>\n<meta property=\"og:title\" content=\"FC Asc\u00f3 2-3 N\u00e0stic - Gimn\u00e0stic de Tarragona SAD\" \/>\n<meta property=\"og:description\" content=\"El N\u00e0stic ha ganado al Asc\u00f3 2-3 en el tercer partido de pretemporada.\" \/>\n<meta property=\"og:url\" content=\"https:\/\/gimnasticdetarragona.cat\/es\/fc-asco-2-3-nastic\/\" \/>\n<meta property=\"og:site_name\" content=\"Gimn\u00e0stic de Tarragona SAD\" \/>\n<meta property=\"article:published_time\" content=\"2016-07-27T22:02:13+00:00\" \/>\n<meta property=\"og:image\" content=\"https:\/\/gimnasticdetarragona.cat\/wp-content\/uploads\/2022\/06\/05234036110626-1024x683.jpg\" \/>\n\t<meta property=\"og:image:width\" content=\"1024\" \/>\n\t<meta property=\"og:image:height\" content=\"683\" \/>\n\t<meta property=\"og:image:type\" content=\"image\/jpeg\" \/>\n<meta name=\"author\" content=\"desarrollo\" \/>\n<meta name=\"twitter:card\" content=\"summary_large_image\" \/>\n<meta name=\"twitter:creator\" content=\"@NASTICTARRAGONA\" \/>\n<meta name=\"twitter:site\" content=\"@NASTICTARRAGONA\" \/>\n<meta name=\"twitter:label1\" content=\"Escrito por\" \/>\n\t<meta name=\"twitter:data1\" content=\"desarrollo\" \/>\n\t<meta name=\"twitter:label2\" content=\"Tiempo de lectura\" \/>\n\t<meta name=\"twitter:data2\" content=\"3 minutos\" \/>\n<script type=\"application\/ld+json\" class=\"yoast-schema-graph\">{\"@context\":\"https:\\\/\\\/schema.org\",\"@graph\":[{\"@type\":\"Article\",\"@id\":\"https:\\\/\\\/gimnasticdetarragona.cat\\\/es\\\/fc-asco-2-3-nastic\\\/#article\",\"isPartOf\":{\"@id\":\"https:\\\/\\\/gimnasticdetarragona.cat\\\/es\\\/fc-asco-2-3-nastic\\\/\"},\"author\":{\"name\":\"desarrollo\",\"@id\":\"https:\\\/\\\/gimnasticdetarragona.cat\\\/es\\\/#\\\/schema\\\/person\\\/47b6a637abf88f9bd835540f20ea069e\"},\"headline\":\"FC Asc\u00f3 2-3 N\u00e0stic\",\"datePublished\":\"2016-07-27T22:02:13+00:00\",\"mainEntityOfPage\":{\"@id\":\"https:\\\/\\\/gimnasticdetarragona.cat\\\/es\\\/fc-asco-2-3-nastic\\\/\"},\"wordCount\":591,\"commentCount\":0,\"publisher\":{\"@id\":\"https:\\\/\\\/gimnasticdetarragona.cat\\\/es\\\/#organization\"},\"image\":{\"@id\":\"https:\\\/\\\/gimnasticdetarragona.cat\\\/es\\\/fc-asco-2-3-nastic\\\/#primaryimage\"},\"thumbnailUrl\":\"https:\\\/\\\/gimnasticdetarragona.cat\\\/wp-content\\\/uploads\\\/2022\\\/06\\\/05234036110626.jpg\",\"articleSection\":[\"Actualidad\",\"Primer Equipo\"],\"inLanguage\":\"es\"},{\"@type\":\"WebPage\",\"@id\":\"https:\\\/\\\/gimnasticdetarragona.cat\\\/es\\\/fc-asco-2-3-nastic\\\/\",\"url\":\"https:\\\/\\\/gimnasticdetarragona.cat\\\/es\\\/fc-asco-2-3-nastic\\\/\",\"name\":\"FC Asc\u00f3 2-3 N\u00e0stic - Gimn\u00e0stic de Tarragona SAD\",\"isPartOf\":{\"@id\":\"https:\\\/\\\/gimnasticdetarragona.cat\\\/es\\\/#website\"},\"primaryImageOfPage\":{\"@id\":\"https:\\\/\\\/gimnasticdetarragona.cat\\\/es\\\/fc-asco-2-3-nastic\\\/#primaryimage\"},\"image\":{\"@id\":\"https:\\\/\\\/gimnasticdetarragona.cat\\\/es\\\/fc-asco-2-3-nastic\\\/#primaryimage\"},\"thumbnailUrl\":\"https:\\\/\\\/gimnasticdetarragona.cat\\\/wp-content\\\/uploads\\\/2022\\\/06\\\/05234036110626.jpg\",\"datePublished\":\"2016-07-27T22:02:13+00:00\",\"breadcrumb\":{\"@id\":\"https:\\\/\\\/gimnasticdetarragona.cat\\\/es\\\/fc-asco-2-3-nastic\\\/#breadcrumb\"},\"inLanguage\":\"es\",\"potentialAction\":[{\"@type\":\"ReadAction\",\"target\":[\"https:\\\/\\\/gimnasticdetarragona.cat\\\/es\\\/fc-asco-2-3-nastic\\\/\"]}]},{\"@type\":\"ImageObject\",\"inLanguage\":\"es\",\"@id\":\"https:\\\/\\\/gimnasticdetarragona.cat\\\/es\\\/fc-asco-2-3-nastic\\\/#primaryimage\",\"url\":\"https:\\\/\\\/gimnasticdetarragona.cat\\\/wp-content\\\/uploads\\\/2022\\\/06\\\/05234036110626.jpg\",\"contentUrl\":\"https:\\\/\\\/gimnasticdetarragona.cat\\\/wp-content\\\/uploads\\\/2022\\\/06\\\/05234036110626.jpg\",\"width\":2500,\"height\":1667},{\"@type\":\"BreadcrumbList\",\"@id\":\"https:\\\/\\\/gimnasticdetarragona.cat\\\/es\\\/fc-asco-2-3-nastic\\\/#breadcrumb\",\"itemListElement\":[{\"@type\":\"ListItem\",\"position\":1,\"name\":\"Inici\",\"item\":\"https:\\\/\\\/gimnasticdetarragona.cat\\\/es\\\/nastic\\\/\"},{\"@type\":\"ListItem\",\"position\":2,\"name\":\"FC Asc\u00f3 2-3 N\u00e0stic\"}]},{\"@type\":\"WebSite\",\"@id\":\"https:\\\/\\\/gimnasticdetarragona.cat\\\/es\\\/#website\",\"url\":\"https:\\\/\\\/gimnasticdetarragona.cat\\\/es\\\/\",\"name\":\"Gimn\u00e0stic de Tarragona SAD\",\"description\":\"Gimn\u00e0stic de Tarragona\",\"publisher\":{\"@id\":\"https:\\\/\\\/gimnasticdetarragona.cat\\\/es\\\/#organization\"},\"potentialAction\":[{\"@type\":\"SearchAction\",\"target\":{\"@type\":\"EntryPoint\",\"urlTemplate\":\"https:\\\/\\\/gimnasticdetarragona.cat\\\/es\\\/?s={search_term_string}\"},\"query-input\":{\"@type\":\"PropertyValueSpecification\",\"valueRequired\":true,\"valueName\":\"search_term_string\"}}],\"inLanguage\":\"es\"},{\"@type\":\"Organization\",\"@id\":\"https:\\\/\\\/gimnasticdetarragona.cat\\\/es\\\/#organization\",\"name\":\"GIMN\u00c0STIC DE TARRAGONA\",\"alternateName\":\"N\u00c0STIC\",\"url\":\"https:\\\/\\\/gimnasticdetarragona.cat\\\/es\\\/\",\"logo\":{\"@type\":\"ImageObject\",\"inLanguage\":\"es\",\"@id\":\"https:\\\/\\\/gimnasticdetarragona.cat\\\/es\\\/#\\\/schema\\\/logo\\\/image\\\/\",\"url\":\"https:\\\/\\\/gimnasticdetarragona.cat\\\/wp-content\\\/uploads\\\/2022\\\/06\\\/cropped-logo-gimnastic.png\",\"contentUrl\":\"https:\\\/\\\/gimnasticdetarragona.cat\\\/wp-content\\\/uploads\\\/2022\\\/06\\\/cropped-logo-gimnastic.png\",\"width\":224,\"height\":83,\"caption\":\"GIMN\u00c0STIC DE TARRAGONA\"},\"image\":{\"@id\":\"https:\\\/\\\/gimnasticdetarragona.cat\\\/es\\\/#\\\/schema\\\/logo\\\/image\\\/\"},\"sameAs\":[\"https:\\\/\\\/x.com\\\/NASTICTARRAGONA\",\"https:\\\/\\\/www.instagram.com\\\/nastictarragona\\\/\"]},{\"@type\":\"Person\",\"@id\":\"https:\\\/\\\/gimnasticdetarragona.cat\\\/es\\\/#\\\/schema\\\/person\\\/47b6a637abf88f9bd835540f20ea069e\",\"name\":\"desarrollo\",\"sameAs\":[\"https:\\\/\\\/clone.gimnasticdetarragona.cat\"]}]}<\/script>\n<!-- \/ Yoast SEO plugin. -->","yoast_head_json":{"title":"FC Asc\u00f3 2-3 N\u00e0stic - Gimn\u00e0stic de Tarragona SAD","robots":{"index":"index","follow":"follow","max-snippet":"max-snippet:-1","max-image-preview":"max-image-preview:large","max-video-preview":"max-video-preview:-1"},"canonical":"https:\/\/gimnasticdetarragona.cat\/es\/fc-asco-2-3-nastic\/","og_locale":"es_ES","og_type":"article","og_title":"FC Asc\u00f3 2-3 N\u00e0stic - Gimn\u00e0stic de Tarragona SAD","og_description":"El N\u00e0stic ha ganado al Asc\u00f3 2-3 en el tercer partido de pretemporada.","og_url":"https:\/\/gimnasticdetarragona.cat\/es\/fc-asco-2-3-nastic\/","og_site_name":"Gimn\u00e0stic de Tarragona SAD","article_published_time":"2016-07-27T22:02:13+00:00","og_image":[{"width":1024,"height":683,"url":"https:\/\/gimnasticdetarragona.cat\/wp-content\/uploads\/2022\/06\/05234036110626-1024x683.jpg","type":"image\/jpeg"}],"author":"desarrollo","twitter_card":"summary_large_image","twitter_creator":"@NASTICTARRAGONA","twitter_site":"@NASTICTARRAGONA","twitter_misc":{"Escrito por":"desarrollo","Tiempo de lectura":"3 minutos"},"schema":{"@context":"https:\/\/schema.org","@graph":[{"@type":"Article","@id":"https:\/\/gimnasticdetarragona.cat\/es\/fc-asco-2-3-nastic\/#article","isPartOf":{"@id":"https:\/\/gimnasticdetarragona.cat\/es\/fc-asco-2-3-nastic\/"},"author":{"name":"desarrollo","@id":"https:\/\/gimnasticdetarragona.cat\/es\/#\/schema\/person\/47b6a637abf88f9bd835540f20ea069e"},"headline":"FC Asc\u00f3 2-3 N\u00e0stic","datePublished":"2016-07-27T22:02:13+00:00","mainEntityOfPage":{"@id":"https:\/\/gimnasticdetarragona.cat\/es\/fc-asco-2-3-nastic\/"},"wordCount":591,"commentCount":0,"publisher":{"@id":"https:\/\/gimnasticdetarragona.cat\/es\/#organization"},"image":{"@id":"https:\/\/gimnasticdetarragona.cat\/es\/fc-asco-2-3-nastic\/#primaryimage"},"thumbnailUrl":"https:\/\/gimnasticdetarragona.cat\/wp-content\/uploads\/2022\/06\/05234036110626.jpg","articleSection":["Actualidad","Primer Equipo"],"inLanguage":"es"},{"@type":"WebPage","@id":"https:\/\/gimnasticdetarragona.cat\/es\/fc-asco-2-3-nastic\/","url":"https:\/\/gimnasticdetarragona.cat\/es\/fc-asco-2-3-nastic\/","name":"FC Asc\u00f3 2-3 N\u00e0stic - Gimn\u00e0stic de Tarragona SAD","isPartOf":{"@id":"https:\/\/gimnasticdetarragona.cat\/es\/#website"},"primaryImageOfPage":{"@id":"https:\/\/gimnasticdetarragona.cat\/es\/fc-asco-2-3-nastic\/#primaryimage"},"image":{"@id":"https:\/\/gimnasticdetarragona.cat\/es\/fc-asco-2-3-nastic\/#primaryimage"},"thumbnailUrl":"https:\/\/gimnasticdetarragona.cat\/wp-content\/uploads\/2022\/06\/05234036110626.jpg","datePublished":"2016-07-27T22:02:13+00:00","breadcrumb":{"@id":"https:\/\/gimnasticdetarragona.cat\/es\/fc-asco-2-3-nastic\/#breadcrumb"},"inLanguage":"es","potentialAction":[{"@type":"ReadAction","target":["https:\/\/gimnasticdetarragona.cat\/es\/fc-asco-2-3-nastic\/"]}]},{"@type":"ImageObject","inLanguage":"es","@id":"https:\/\/gimnasticdetarragona.cat\/es\/fc-asco-2-3-nastic\/#primaryimage","url":"https:\/\/gimnasticdetarragona.cat\/wp-content\/uploads\/2022\/06\/05234036110626.jpg","contentUrl":"https:\/\/gimnasticdetarragona.cat\/wp-content\/uploads\/2022\/06\/05234036110626.jpg","width":2500,"height":1667},{"@type":"BreadcrumbList","@id":"https:\/\/gimnasticdetarragona.cat\/es\/fc-asco-2-3-nastic\/#breadcrumb","itemListElement":[{"@type":"ListItem","position":1,"name":"Inici","item":"https:\/\/gimnasticdetarragona.cat\/es\/nastic\/"},{"@type":"ListItem","position":2,"name":"FC Asc\u00f3 2-3 N\u00e0stic"}]},{"@type":"WebSite","@id":"https:\/\/gimnasticdetarragona.cat\/es\/#website","url":"https:\/\/gimnasticdetarragona.cat\/es\/","name":"Gimn\u00e0stic de Tarragona SAD","description":"Gimn\u00e0stic de Tarragona","publisher":{"@id":"https:\/\/gimnasticdetarragona.cat\/es\/#organization"},"potentialAction":[{"@type":"SearchAction","target":{"@type":"EntryPoint","urlTemplate":"https:\/\/gimnasticdetarragona.cat\/es\/?s={search_term_string}"},"query-input":{"@type":"PropertyValueSpecification","valueRequired":true,"valueName":"search_term_string"}}],"inLanguage":"es"},{"@type":"Organization","@id":"https:\/\/gimnasticdetarragona.cat\/es\/#organization","name":"GIMN\u00c0STIC DE TARRAGONA","alternateName":"N\u00c0STIC","url":"https:\/\/gimnasticdetarragona.cat\/es\/","logo":{"@type":"ImageObject","inLanguage":"es","@id":"https:\/\/gimnasticdetarragona.cat\/es\/#\/schema\/logo\/image\/","url":"https:\/\/gimnasticdetarragona.cat\/wp-content\/uploads\/2022\/06\/cropped-logo-gimnastic.png","contentUrl":"https:\/\/gimnasticdetarragona.cat\/wp-content\/uploads\/2022\/06\/cropped-logo-gimnastic.png","width":224,"height":83,"caption":"GIMN\u00c0STIC DE TARRAGONA"},"image":{"@id":"https:\/\/gimnasticdetarragona.cat\/es\/#\/schema\/logo\/image\/"},"sameAs":["https:\/\/x.com\/NASTICTARRAGONA","https:\/\/www.instagram.com\/nastictarragona\/"]},{"@type":"Person","@id":"https:\/\/gimnasticdetarragona.cat\/es\/#\/schema\/person\/47b6a637abf88f9bd835540f20ea069e","name":"desarrollo","sameAs":["https:\/\/clone.gimnasticdetarragona.cat"]}]}},"_links":{"self":[{"href":"https:\/\/gimnasticdetarragona.cat\/es\/wp-json\/wp\/v2\/posts\/61053","targetHints":{"allow":["GET"]}}],"collection":[{"href":"https:\/\/gimnasticdetarragona.cat\/es\/wp-json\/wp\/v2\/posts"}],"about":[{"href":"https:\/\/gimnasticdetarragona.cat\/es\/wp-json\/wp\/v2\/types\/post"}],"author":[{"embeddable":true,"href":"https:\/\/gimnasticdetarragona.cat\/es\/wp-json\/wp\/v2\/users\/1"}],"replies":[{"embeddable":true,"href":"https:\/\/gimnasticdetarragona.cat\/es\/wp-json\/wp\/v2\/comments?post=61053"}],"version-history":[{"count":0,"href":"https:\/\/gimnasticdetarragona.cat\/es\/wp-json\/wp\/v2\/posts\/61053\/revisions"}],"wp:featuredmedia":[{"embeddable":true,"href":"https:\/\/gimnasticdetarragona.cat\/es\/wp-json\/wp\/v2\/media\/61050"}],"wp:attachment":[{"href":"https:\/\/gimnasticdetarragona.cat\/es\/wp-json\/wp\/v2\/media?parent=61053"}],"wp:term":[{"taxonomy":"category","embeddable":true,"href":"https:\/\/gimnasticdetarragona.cat\/es\/wp-json\/wp\/v2\/categories?post=61053"},{"taxonomy":"post_tag","embeddable":true,"href":"https:\/\/gimnasticdetarragona.cat\/es\/wp-json\/wp\/v2\/tags?post=61053"}],"curies":[{"name":"wp","href":"https:\/\/api.w.org\/{rel}","templated":true}]}}