{"id":61115,"date":"2016-07-20T22:57:15","date_gmt":"2016-07-20T22:57:15","guid":{"rendered":"https:\/\/clone.gimnasticdetarragona.cat\/nastic-1-2-villarreal-cf\/"},"modified":"2016-07-20T22:57:15","modified_gmt":"2016-07-20T22:57:15","slug":"nastic-1-2-villarreal-cf","status":"publish","type":"post","link":"https:\/\/gimnasticdetarragona.cat\/es\/nastic-1-2-villarreal-cf\/","title":{"rendered":"N\u00e0stic 1-2 Villarreal CF"},"content":{"rendered":"<p style=\"text-align: justify;\">El N\u00e0stic ha jugado hoy el primer partido de pretemporada y lo ha hecho contra un rival de entidad, ni m\u00e1s ni menos que el Villarreal.<\/p>\n<p style=\"text-align: justify;\">Los groguets\u00a0se han adelantado en el marcador nada m\u00e1s comenzar el partido, despu\u00e9s de\u00a0un desajuste de la defensa local. Alfonso ha aprovechado un centro por banda derecha, tras el robo de pelota\u00a0de los visitantes, para poner el 1-0 en el marcador.<\/p>\n<p style=\"text-align: justify;\">Los grana han reaccionado y han dominado la posesi\u00f3n en varios\u00a0momentos de partido, llegando al \u00e1rea del Villarreal. En el minuto 6 Juan Mu\u00f1iz se ha plantado solo ante el portero, tras un pase en profundidad por el centro de la defensa, pero su disparo lo ha rechazado\u00a0Barbosa. Y tres minutos m\u00e1s tarde nueva ocasi\u00f3n grana, Lobato ha empalmado el bal\u00f3n a la media vuelta obligando al portero a detener en dos tiempos.<\/p>\n<p style=\"text-align: justify;\">Los locales han seguido sinti\u00e9ndose c\u00f3modos, y en el minuto 16, Eman\u00e1 ha robado\u00a0un bal\u00f3n a la defensa visitante y ha estado a punto de marcar. Dos minutos m\u00e1s tarde, de nuevo el camerun\u00e9s, no ha llegado por poco a un buen centro de Giner.<\/p>\n<p style=\"text-align: justify;\">En el minuto 25 el \u00e1rbitro ha expulsado el lateral grana, Ferran\u00a0Giner, despu\u00e9s de que \u00e9ste hiciera caer a un delantero visitante en una acci\u00f3n de contra. Los locales han tenido que jugar con uno menos hasta el final del partido, a pesar de ser un amistoso, pero a\u00fan as\u00ed han llegado con peligro. De hecho, en el 33&#8242;, ha llegado\u00a0el gol del N\u00e0stic. Juan Mu\u00f1iz centr\u00f3 con precisi\u00f3n y Bouz\u00f3n, en el extremo de la peque\u00f1a, ha colgado de cabeza para que Eman\u00e1 consiguiera el gol del empate.<\/p>\n<p style=\"text-align: justify;\">Los siguientes minutos fueron de dominio grana, escuch\u00e1ndose incluso algunos \u00abol\u00e9\u00bb de la afici\u00f3n que estaba disfrutando con su equipo. La primera mitad acab\u00f3 con el 1-1 y ha servido para ver el estreno de Kakabadze, que ha rendido a un buen nivel.<\/p>\n<p style=\"text-align: justify;\">En la segunda mitad ambos conjunto han cambiado todo el equipo, como es habitual en partidos de pretemporada. Jos\u00e9 Carlos ha debutado con la camiseta grana y ha mostrado\u00a0detalles de calidad arrancando aplausos de la grada. Tambi\u00e9n ha debutado el jugador del filial, Nacho, que ha salido muy enchufado buscando aprovechar sus minutos en esta pretemporada.<\/p>\n<p style=\"text-align: justify;\">Los grana, con uno menos, han salido con ganas de competir el partido y han disfrutado de varias buenas llegadas. La primera, en el minuto 50, mediante una buena jugada personal del debutante Jos\u00e9 Carlos que ha desbordado a su marcador y ha colgado el bal\u00f3n en el \u00e1rea buscando el remate de alg\u00fan compa\u00f1ero. Su centro pero lo ha cortado el portero del Villarreal.<\/p>\n<p style=\"text-align: justify;\">Tres minutos m\u00e1s tarde han sido los visitantes quienes lo han probado con dos potentes disparos, haciendo que Ondoa tuviera que lucirse para evitar el gol. La respuesta local ha llegado\u00a0en el 57 &#8216;. Mossa ha empalmado un buen disparo con la pierna derecha que se ha marchado rozando el larguero de la porter\u00eda de Asenjo.<\/p>\n<p style=\"text-align: justify;\">En el 76&#8242; el Villarreal ha vuelto a adelantarse en el marcador. Soldado ha enviado un disparo colocado a\u00a0la base del poste de la porter\u00eda de Ondoa haciendo in\u00fatil la estirada del camerun\u00e9s. Y en el 81&#8242; el N\u00e0stic ha estado a punto de empatar. El canterano Nacho ha rematado\u00a0tras una jugada personal por la zona central del ataque en que ha dejado atr\u00e1s varios marcadores y su disparo ha acabado\u00a0en c\u00f3rner.<\/p>\n<p style=\"text-align: justify;\">De aqu\u00ed al final el marcador ya no ha cambiado, aunque ambos equipos han disfrutado de alguna ocasi\u00f3n de cierto peligro. El N\u00e0stic ha terminando perdiendo por la m\u00ednima ante un rival de Champions\u00a0en el primer partido de la pretemporada, dejando muy buenas sensaciones entre los aficionados que hoy se han desplazado hasta el Nou Estadi.<\/p>\n<p style=\"text-align: justify;\">El pr\u00f3ximo partido de los grana ser\u00e1 el s\u00e1bado 23, a partir de las 18:30, contra el filial, La Pobla,\u00a0en el Complejo Deportivo F\u00fatbol Salou. La entrada para este partido ser\u00e1 libre.<\/p>\n<p><strong>Alineaciones<\/strong><\/p>\n<p><strong>N\u00e0stic<\/strong>: M. Reina, Kakabadze, I. Bouz\u00f3n, P. Mar\u00ed, Ferran G.P., Zahibo, Tejera, C. Lobato, Juan Mu\u00f1iz, J. Assoubre i S. Eman\u00e1.<\/p>\n<p>Segunda mitad: Ondoa, Gerard, Suzuki, Molina, Mossa, Carlos Garc\u00eda, Madinda, Nacho, Jos\u00e9 Carlos i Rayco.<\/p>\n<p><strong>Villarreal CF<\/strong>: Barbosa, V\u00edctor Ruiz, Alfonso, Cantalapiedra, J. Costa, M. Trigueros, Afif, Bakambu, Pantic, Lozano i Rukavina.<\/p>\n<p>Segunda mitad:\u00a0Asenjo, Mario, N&#8217;Diaye, Bonera, Jokic, Dos Santos, Mario, Larrea, Castillejo, Leo Su\u00e1rez i Soldado.<\/p>\n<p><strong>Tarjetas<\/strong><br \/>\nFerran G.P. (Vermella. 25&#8242;) , M. Trigueros (33\u2019), Iago Bouz\u00f3n (36\u2019), Juan Mu\u00f1iz (45&#8242;), Jokic (72\u2019), Jokic (80\u2019).<\/p>\n<p><strong>Goles<\/strong><\/p>\n<p>0-1, Alfonso (2\u2019); 1-1, S. Eman\u00e1 (32\u2019); 1-2, Soldado\u00a0(76\u2019);<\/p>\n<p><strong>\u00c1rbitro<\/strong><br \/>\nSr. David Medi\u00e9 Jim\u00e9nez<\/p>\n<p>Nou Estadi. Primer partido de pretemporada.<\/p>\n","protected":false},"excerpt":{"rendered":"<p>El N\u00e0stic cau per la m\u00ednima contra un equip de Champions<\/p>\n","protected":false},"author":1,"featured_media":61112,"comment_status":"open","ping_status":"open","sticky":false,"template":"","format":"standard","meta":{"_acf_changed":false,"footnotes":""},"categories":[113,121,126],"tags":[],"class_list":["post-61115","post","type-post","status-publish","format-standard","has-post-thumbnail","hentry","category-actualidad","category-home","category-primer-equipo"],"acf":[],"yoast_head":"<!-- This site is optimized with the Yoast SEO plugin v27.3 - https:\/\/yoast.com\/product\/yoast-seo-wordpress\/ -->\n<title>N\u00e0stic 1-2 Villarreal CF - Gimn\u00e0stic de Tarragona SAD<\/title>\n<meta name=\"robots\" content=\"index, follow, max-snippet:-1, max-image-preview:large, max-video-preview:-1\" \/>\n<link rel=\"canonical\" href=\"https:\/\/gimnasticdetarragona.cat\/es\/nastic-1-2-villarreal-cf\/\" \/>\n<meta property=\"og:locale\" content=\"es_ES\" \/>\n<meta property=\"og:type\" content=\"article\" \/>\n<meta property=\"og:title\" content=\"N\u00e0stic 1-2 Villarreal CF - Gimn\u00e0stic de Tarragona SAD\" \/>\n<meta property=\"og:description\" content=\"El N\u00e0stic cau per la m\u00ednima contra un equip de Champions\" \/>\n<meta property=\"og:url\" content=\"https:\/\/gimnasticdetarragona.cat\/es\/nastic-1-2-villarreal-cf\/\" \/>\n<meta property=\"og:site_name\" content=\"Gimn\u00e0stic de Tarragona SAD\" \/>\n<meta property=\"article:published_time\" content=\"2016-07-20T22:57:15+00:00\" \/>\n<meta property=\"og:image\" content=\"https:\/\/gimnasticdetarragona.cat\/wp-content\/uploads\/2022\/06\/05234001110080-scaled.jpg\" \/>\n\t<meta property=\"og:image:width\" content=\"2560\" \/>\n\t<meta property=\"og:image:height\" content=\"1696\" \/>\n\t<meta property=\"og:image:type\" content=\"image\/jpeg\" \/>\n<meta name=\"author\" content=\"desarrollo\" \/>\n<meta name=\"twitter:card\" content=\"summary_large_image\" \/>\n<meta name=\"twitter:creator\" content=\"@NASTICTARRAGONA\" \/>\n<meta name=\"twitter:site\" content=\"@NASTICTARRAGONA\" \/>\n<meta name=\"twitter:label1\" content=\"Escrito por\" \/>\n\t<meta name=\"twitter:data1\" content=\"desarrollo\" \/>\n\t<meta name=\"twitter:label2\" content=\"Tiempo de lectura\" \/>\n\t<meta name=\"twitter:data2\" content=\"4 minutos\" \/>\n<script type=\"application\/ld+json\" class=\"yoast-schema-graph\">{\"@context\":\"https:\\\/\\\/schema.org\",\"@graph\":[{\"@type\":\"Article\",\"@id\":\"https:\\\/\\\/gimnasticdetarragona.cat\\\/es\\\/nastic-1-2-villarreal-cf\\\/#article\",\"isPartOf\":{\"@id\":\"https:\\\/\\\/gimnasticdetarragona.cat\\\/es\\\/nastic-1-2-villarreal-cf\\\/\"},\"author\":{\"name\":\"desarrollo\",\"@id\":\"https:\\\/\\\/gimnasticdetarragona.cat\\\/es\\\/#\\\/schema\\\/person\\\/47b6a637abf88f9bd835540f20ea069e\"},\"headline\":\"N\u00e0stic 1-2 Villarreal CF\",\"datePublished\":\"2016-07-20T22:57:15+00:00\",\"mainEntityOfPage\":{\"@id\":\"https:\\\/\\\/gimnasticdetarragona.cat\\\/es\\\/nastic-1-2-villarreal-cf\\\/\"},\"wordCount\":818,\"commentCount\":0,\"publisher\":{\"@id\":\"https:\\\/\\\/gimnasticdetarragona.cat\\\/es\\\/#organization\"},\"image\":{\"@id\":\"https:\\\/\\\/gimnasticdetarragona.cat\\\/es\\\/nastic-1-2-villarreal-cf\\\/#primaryimage\"},\"thumbnailUrl\":\"https:\\\/\\\/gimnasticdetarragona.cat\\\/wp-content\\\/uploads\\\/2022\\\/06\\\/05234001110080-scaled.jpg\",\"articleSection\":[\"Actualidad\",\"Home\",\"Primer Equipo\"],\"inLanguage\":\"es\"},{\"@type\":\"WebPage\",\"@id\":\"https:\\\/\\\/gimnasticdetarragona.cat\\\/es\\\/nastic-1-2-villarreal-cf\\\/\",\"url\":\"https:\\\/\\\/gimnasticdetarragona.cat\\\/es\\\/nastic-1-2-villarreal-cf\\\/\",\"name\":\"N\u00e0stic 1-2 Villarreal CF - Gimn\u00e0stic de Tarragona SAD\",\"isPartOf\":{\"@id\":\"https:\\\/\\\/gimnasticdetarragona.cat\\\/es\\\/#website\"},\"primaryImageOfPage\":{\"@id\":\"https:\\\/\\\/gimnasticdetarragona.cat\\\/es\\\/nastic-1-2-villarreal-cf\\\/#primaryimage\"},\"image\":{\"@id\":\"https:\\\/\\\/gimnasticdetarragona.cat\\\/es\\\/nastic-1-2-villarreal-cf\\\/#primaryimage\"},\"thumbnailUrl\":\"https:\\\/\\\/gimnasticdetarragona.cat\\\/wp-content\\\/uploads\\\/2022\\\/06\\\/05234001110080-scaled.jpg\",\"datePublished\":\"2016-07-20T22:57:15+00:00\",\"breadcrumb\":{\"@id\":\"https:\\\/\\\/gimnasticdetarragona.cat\\\/es\\\/nastic-1-2-villarreal-cf\\\/#breadcrumb\"},\"inLanguage\":\"es\",\"potentialAction\":[{\"@type\":\"ReadAction\",\"target\":[\"https:\\\/\\\/gimnasticdetarragona.cat\\\/es\\\/nastic-1-2-villarreal-cf\\\/\"]}]},{\"@type\":\"ImageObject\",\"inLanguage\":\"es\",\"@id\":\"https:\\\/\\\/gimnasticdetarragona.cat\\\/es\\\/nastic-1-2-villarreal-cf\\\/#primaryimage\",\"url\":\"https:\\\/\\\/gimnasticdetarragona.cat\\\/wp-content\\\/uploads\\\/2022\\\/06\\\/05234001110080-scaled.jpg\",\"contentUrl\":\"https:\\\/\\\/gimnasticdetarragona.cat\\\/wp-content\\\/uploads\\\/2022\\\/06\\\/05234001110080-scaled.jpg\",\"width\":2560,\"height\":1696},{\"@type\":\"BreadcrumbList\",\"@id\":\"https:\\\/\\\/gimnasticdetarragona.cat\\\/es\\\/nastic-1-2-villarreal-cf\\\/#breadcrumb\",\"itemListElement\":[{\"@type\":\"ListItem\",\"position\":1,\"name\":\"Inici\",\"item\":\"https:\\\/\\\/gimnasticdetarragona.cat\\\/es\\\/nastic\\\/\"},{\"@type\":\"ListItem\",\"position\":2,\"name\":\"N\u00e0stic 1-2 Villarreal CF\"}]},{\"@type\":\"WebSite\",\"@id\":\"https:\\\/\\\/gimnasticdetarragona.cat\\\/es\\\/#website\",\"url\":\"https:\\\/\\\/gimnasticdetarragona.cat\\\/es\\\/\",\"name\":\"Gimn\u00e0stic de Tarragona SAD\",\"description\":\"Gimn\u00e0stic de Tarragona\",\"publisher\":{\"@id\":\"https:\\\/\\\/gimnasticdetarragona.cat\\\/es\\\/#organization\"},\"potentialAction\":[{\"@type\":\"SearchAction\",\"target\":{\"@type\":\"EntryPoint\",\"urlTemplate\":\"https:\\\/\\\/gimnasticdetarragona.cat\\\/es\\\/?s={search_term_string}\"},\"query-input\":{\"@type\":\"PropertyValueSpecification\",\"valueRequired\":true,\"valueName\":\"search_term_string\"}}],\"inLanguage\":\"es\"},{\"@type\":\"Organization\",\"@id\":\"https:\\\/\\\/gimnasticdetarragona.cat\\\/es\\\/#organization\",\"name\":\"GIMN\u00c0STIC DE TARRAGONA\",\"alternateName\":\"N\u00c0STIC\",\"url\":\"https:\\\/\\\/gimnasticdetarragona.cat\\\/es\\\/\",\"logo\":{\"@type\":\"ImageObject\",\"inLanguage\":\"es\",\"@id\":\"https:\\\/\\\/gimnasticdetarragona.cat\\\/es\\\/#\\\/schema\\\/logo\\\/image\\\/\",\"url\":\"https:\\\/\\\/gimnasticdetarragona.cat\\\/wp-content\\\/uploads\\\/2022\\\/06\\\/cropped-logo-gimnastic.png\",\"contentUrl\":\"https:\\\/\\\/gimnasticdetarragona.cat\\\/wp-content\\\/uploads\\\/2022\\\/06\\\/cropped-logo-gimnastic.png\",\"width\":224,\"height\":83,\"caption\":\"GIMN\u00c0STIC DE TARRAGONA\"},\"image\":{\"@id\":\"https:\\\/\\\/gimnasticdetarragona.cat\\\/es\\\/#\\\/schema\\\/logo\\\/image\\\/\"},\"sameAs\":[\"https:\\\/\\\/x.com\\\/NASTICTARRAGONA\",\"https:\\\/\\\/www.instagram.com\\\/nastictarragona\\\/\"]},{\"@type\":\"Person\",\"@id\":\"https:\\\/\\\/gimnasticdetarragona.cat\\\/es\\\/#\\\/schema\\\/person\\\/47b6a637abf88f9bd835540f20ea069e\",\"name\":\"desarrollo\",\"sameAs\":[\"https:\\\/\\\/clone.gimnasticdetarragona.cat\"]}]}<\/script>\n<!-- \/ Yoast SEO plugin. -->","yoast_head_json":{"title":"N\u00e0stic 1-2 Villarreal CF - Gimn\u00e0stic de Tarragona SAD","robots":{"index":"index","follow":"follow","max-snippet":"max-snippet:-1","max-image-preview":"max-image-preview:large","max-video-preview":"max-video-preview:-1"},"canonical":"https:\/\/gimnasticdetarragona.cat\/es\/nastic-1-2-villarreal-cf\/","og_locale":"es_ES","og_type":"article","og_title":"N\u00e0stic 1-2 Villarreal CF - Gimn\u00e0stic de Tarragona SAD","og_description":"El N\u00e0stic cau per la m\u00ednima contra un equip de Champions","og_url":"https:\/\/gimnasticdetarragona.cat\/es\/nastic-1-2-villarreal-cf\/","og_site_name":"Gimn\u00e0stic de Tarragona SAD","article_published_time":"2016-07-20T22:57:15+00:00","og_image":[{"width":2560,"height":1696,"url":"https:\/\/gimnasticdetarragona.cat\/wp-content\/uploads\/2022\/06\/05234001110080-scaled.jpg","type":"image\/jpeg"}],"author":"desarrollo","twitter_card":"summary_large_image","twitter_creator":"@NASTICTARRAGONA","twitter_site":"@NASTICTARRAGONA","twitter_misc":{"Escrito por":"desarrollo","Tiempo de lectura":"4 minutos"},"schema":{"@context":"https:\/\/schema.org","@graph":[{"@type":"Article","@id":"https:\/\/gimnasticdetarragona.cat\/es\/nastic-1-2-villarreal-cf\/#article","isPartOf":{"@id":"https:\/\/gimnasticdetarragona.cat\/es\/nastic-1-2-villarreal-cf\/"},"author":{"name":"desarrollo","@id":"https:\/\/gimnasticdetarragona.cat\/es\/#\/schema\/person\/47b6a637abf88f9bd835540f20ea069e"},"headline":"N\u00e0stic 1-2 Villarreal CF","datePublished":"2016-07-20T22:57:15+00:00","mainEntityOfPage":{"@id":"https:\/\/gimnasticdetarragona.cat\/es\/nastic-1-2-villarreal-cf\/"},"wordCount":818,"commentCount":0,"publisher":{"@id":"https:\/\/gimnasticdetarragona.cat\/es\/#organization"},"image":{"@id":"https:\/\/gimnasticdetarragona.cat\/es\/nastic-1-2-villarreal-cf\/#primaryimage"},"thumbnailUrl":"https:\/\/gimnasticdetarragona.cat\/wp-content\/uploads\/2022\/06\/05234001110080-scaled.jpg","articleSection":["Actualidad","Home","Primer Equipo"],"inLanguage":"es"},{"@type":"WebPage","@id":"https:\/\/gimnasticdetarragona.cat\/es\/nastic-1-2-villarreal-cf\/","url":"https:\/\/gimnasticdetarragona.cat\/es\/nastic-1-2-villarreal-cf\/","name":"N\u00e0stic 1-2 Villarreal CF - Gimn\u00e0stic de Tarragona SAD","isPartOf":{"@id":"https:\/\/gimnasticdetarragona.cat\/es\/#website"},"primaryImageOfPage":{"@id":"https:\/\/gimnasticdetarragona.cat\/es\/nastic-1-2-villarreal-cf\/#primaryimage"},"image":{"@id":"https:\/\/gimnasticdetarragona.cat\/es\/nastic-1-2-villarreal-cf\/#primaryimage"},"thumbnailUrl":"https:\/\/gimnasticdetarragona.cat\/wp-content\/uploads\/2022\/06\/05234001110080-scaled.jpg","datePublished":"2016-07-20T22:57:15+00:00","breadcrumb":{"@id":"https:\/\/gimnasticdetarragona.cat\/es\/nastic-1-2-villarreal-cf\/#breadcrumb"},"inLanguage":"es","potentialAction":[{"@type":"ReadAction","target":["https:\/\/gimnasticdetarragona.cat\/es\/nastic-1-2-villarreal-cf\/"]}]},{"@type":"ImageObject","inLanguage":"es","@id":"https:\/\/gimnasticdetarragona.cat\/es\/nastic-1-2-villarreal-cf\/#primaryimage","url":"https:\/\/gimnasticdetarragona.cat\/wp-content\/uploads\/2022\/06\/05234001110080-scaled.jpg","contentUrl":"https:\/\/gimnasticdetarragona.cat\/wp-content\/uploads\/2022\/06\/05234001110080-scaled.jpg","width":2560,"height":1696},{"@type":"BreadcrumbList","@id":"https:\/\/gimnasticdetarragona.cat\/es\/nastic-1-2-villarreal-cf\/#breadcrumb","itemListElement":[{"@type":"ListItem","position":1,"name":"Inici","item":"https:\/\/gimnasticdetarragona.cat\/es\/nastic\/"},{"@type":"ListItem","position":2,"name":"N\u00e0stic 1-2 Villarreal CF"}]},{"@type":"WebSite","@id":"https:\/\/gimnasticdetarragona.cat\/es\/#website","url":"https:\/\/gimnasticdetarragona.cat\/es\/","name":"Gimn\u00e0stic de Tarragona SAD","description":"Gimn\u00e0stic de Tarragona","publisher":{"@id":"https:\/\/gimnasticdetarragona.cat\/es\/#organization"},"potentialAction":[{"@type":"SearchAction","target":{"@type":"EntryPoint","urlTemplate":"https:\/\/gimnasticdetarragona.cat\/es\/?s={search_term_string}"},"query-input":{"@type":"PropertyValueSpecification","valueRequired":true,"valueName":"search_term_string"}}],"inLanguage":"es"},{"@type":"Organization","@id":"https:\/\/gimnasticdetarragona.cat\/es\/#organization","name":"GIMN\u00c0STIC DE TARRAGONA","alternateName":"N\u00c0STIC","url":"https:\/\/gimnasticdetarragona.cat\/es\/","logo":{"@type":"ImageObject","inLanguage":"es","@id":"https:\/\/gimnasticdetarragona.cat\/es\/#\/schema\/logo\/image\/","url":"https:\/\/gimnasticdetarragona.cat\/wp-content\/uploads\/2022\/06\/cropped-logo-gimnastic.png","contentUrl":"https:\/\/gimnasticdetarragona.cat\/wp-content\/uploads\/2022\/06\/cropped-logo-gimnastic.png","width":224,"height":83,"caption":"GIMN\u00c0STIC DE TARRAGONA"},"image":{"@id":"https:\/\/gimnasticdetarragona.cat\/es\/#\/schema\/logo\/image\/"},"sameAs":["https:\/\/x.com\/NASTICTARRAGONA","https:\/\/www.instagram.com\/nastictarragona\/"]},{"@type":"Person","@id":"https:\/\/gimnasticdetarragona.cat\/es\/#\/schema\/person\/47b6a637abf88f9bd835540f20ea069e","name":"desarrollo","sameAs":["https:\/\/clone.gimnasticdetarragona.cat"]}]}},"_links":{"self":[{"href":"https:\/\/gimnasticdetarragona.cat\/es\/wp-json\/wp\/v2\/posts\/61115","targetHints":{"allow":["GET"]}}],"collection":[{"href":"https:\/\/gimnasticdetarragona.cat\/es\/wp-json\/wp\/v2\/posts"}],"about":[{"href":"https:\/\/gimnasticdetarragona.cat\/es\/wp-json\/wp\/v2\/types\/post"}],"author":[{"embeddable":true,"href":"https:\/\/gimnasticdetarragona.cat\/es\/wp-json\/wp\/v2\/users\/1"}],"replies":[{"embeddable":true,"href":"https:\/\/gimnasticdetarragona.cat\/es\/wp-json\/wp\/v2\/comments?post=61115"}],"version-history":[{"count":0,"href":"https:\/\/gimnasticdetarragona.cat\/es\/wp-json\/wp\/v2\/posts\/61115\/revisions"}],"wp:featuredmedia":[{"embeddable":true,"href":"https:\/\/gimnasticdetarragona.cat\/es\/wp-json\/wp\/v2\/media\/61112"}],"wp:attachment":[{"href":"https:\/\/gimnasticdetarragona.cat\/es\/wp-json\/wp\/v2\/media?parent=61115"}],"wp:term":[{"taxonomy":"category","embeddable":true,"href":"https:\/\/gimnasticdetarragona.cat\/es\/wp-json\/wp\/v2\/categories?post=61115"},{"taxonomy":"post_tag","embeddable":true,"href":"https:\/\/gimnasticdetarragona.cat\/es\/wp-json\/wp\/v2\/tags?post=61115"}],"curies":[{"name":"wp","href":"https:\/\/api.w.org\/{rel}","templated":true}]}}