{"id":61191,"date":"2016-07-12T16:09:40","date_gmt":"2016-07-12T16:09:40","guid":{"rendered":"https:\/\/clone.gimnasticdetarragona.cat\/emotiu-comiat-pel-capita-xisco-campos\/"},"modified":"2016-07-12T16:09:40","modified_gmt":"2016-07-12T16:09:40","slug":"emotiu-comiat-pel-capita-xisco-campos","status":"publish","type":"post","link":"https:\/\/gimnasticdetarragona.cat\/es\/emotiu-comiat-pel-capita-xisco-campos\/","title":{"rendered":"Emotiva despedida del capit\u00e1n, Xisco Campos"},"content":{"rendered":"<p style=\"text-align: justify;\"><strong>El hasta ahora capit\u00e1n del N\u00e0stic, Xisco Campos, se ha despedido de la afici\u00f3n despu\u00e9s de 6 temporadas vistiendo la camiseta grana<\/strong><\/p>\n<p style=\"text-align: justify;\">El defensa de Binissalem se ha despedido ante los medios en una sala de prensa que han llenado hasta la bandera compa\u00f1eros, amigos y periodistas. Campos, ha defendido la camiseta del N\u00e0stic las \u00faltimas 6 temporadas y es uno de los protagonistas del ascenso a 2A conseguido la campa\u00f1a 2014\/15.<\/p>\n<p style=\"text-align: justify;\">El presidente del Gimn\u00e0stic, Josep Maria Andreu, ha querido agradecer a Xisco su compromiso y su entrega. Adem\u00e1s, ha querido destacar sus valores y el ejemplo que ha supuesto durante estos a\u00f1os de grana. El presidente, adem\u00e1s, ha recordado al Capi que Tarragona y el N\u00e0stic siempre ser\u00e1n su casa.<\/p>\n<p style=\"text-align: justify;\">Un Xisco muy emocionado agradeci\u00f3 a todos el apoyo y la estima recibida durante estos a\u00f1os en Tarragona. El capit\u00e1n ha tenido palabras de agradecimiento para compa\u00f1eros, cuerpo t\u00e9cnico, empleados y afici\u00f3n; destacando, especialmente, sus palabras por Vicente Moreno, a quien consider\u00f3 \u00abel mejor entrenador que he tenido nunca\u00bb y para\u00a0su familia que \u00abson los que siempre me apoyan en los momentos dif\u00edciles\u00bb.<\/p>\n<p style=\"text-align: justify;\">El capit\u00e1n, adem\u00e1s, ha querido lanzar un mensaje a la afici\u00f3n, a quien ha agradecido el apoyo incondicional que siempre le ha brindado y les pidi\u00f3 que sigan animando al equipo como han hecho con \u00e9l ya que est\u00e1 convencido \u00abde que este grupo dar\u00e1 muchas alegr\u00edas \u00ab.<\/p>\n<p style=\"text-align: justify;\">Finalmente, Xisco ha dejado claro que el de hoy no es un adi\u00f3s. \u00abNo es una despedida porque no te puedes despedir de algo que formar\u00e1 parte para siempre de tu vida. Mi familia siempre ser\u00e1 del N\u00e0stic; hasta el final \u00ab.<\/p>\n","protected":false},"excerpt":{"rendered":"<p>El hasta ahora capit\u00e1n del N\u00e0stic, Xisco Campos, se ha despedido de la afici\u00f3n despu\u00e9s de 6 temporadas vistiendo la camiseta grana<\/p>\n","protected":false},"author":1,"featured_media":61188,"comment_status":"open","ping_status":"open","sticky":false,"template":"","format":"standard","meta":{"_acf_changed":false,"footnotes":""},"categories":[113],"tags":[],"class_list":["post-61191","post","type-post","status-publish","format-standard","has-post-thumbnail","hentry","category-actualidad"],"acf":[],"yoast_head":"<!-- This site is optimized with the Yoast SEO plugin v27.3 - https:\/\/yoast.com\/product\/yoast-seo-wordpress\/ -->\n<title>Emotiva despedida del capit\u00e1n, Xisco Campos - Gimn\u00e0stic de Tarragona SAD<\/title>\n<meta name=\"robots\" content=\"index, follow, max-snippet:-1, max-image-preview:large, max-video-preview:-1\" \/>\n<link rel=\"canonical\" href=\"https:\/\/gimnasticdetarragona.cat\/es\/emotiu-comiat-pel-capita-xisco-campos\/\" \/>\n<meta property=\"og:locale\" content=\"es_ES\" \/>\n<meta property=\"og:type\" content=\"article\" \/>\n<meta property=\"og:title\" content=\"Emotiva despedida del capit\u00e1n, Xisco Campos - Gimn\u00e0stic de Tarragona SAD\" \/>\n<meta property=\"og:description\" content=\"El hasta ahora capit\u00e1n del N\u00e0stic, Xisco Campos, se ha despedido de la afici\u00f3n despu\u00e9s de 6 temporadas vistiendo la camiseta grana\" \/>\n<meta property=\"og:url\" content=\"https:\/\/gimnasticdetarragona.cat\/es\/emotiu-comiat-pel-capita-xisco-campos\/\" \/>\n<meta property=\"og:site_name\" content=\"Gimn\u00e0stic de Tarragona SAD\" \/>\n<meta property=\"article:published_time\" content=\"2016-07-12T16:09:40+00:00\" \/>\n<meta property=\"og:image\" content=\"https:\/\/gimnasticdetarragona.cat\/wp-content\/uploads\/2022\/06\/05233933109419.jpg\" \/>\n\t<meta property=\"og:image:width\" content=\"1200\" \/>\n\t<meta property=\"og:image:height\" content=\"573\" \/>\n\t<meta property=\"og:image:type\" content=\"image\/jpeg\" \/>\n<meta name=\"author\" content=\"desarrollo\" \/>\n<meta name=\"twitter:card\" content=\"summary_large_image\" \/>\n<meta name=\"twitter:creator\" content=\"@NASTICTARRAGONA\" \/>\n<meta name=\"twitter:site\" content=\"@NASTICTARRAGONA\" \/>\n<meta name=\"twitter:label1\" content=\"Escrito por\" \/>\n\t<meta name=\"twitter:data1\" content=\"desarrollo\" \/>\n\t<meta name=\"twitter:label2\" content=\"Tiempo de lectura\" \/>\n\t<meta name=\"twitter:data2\" content=\"1 minuto\" \/>\n<script type=\"application\/ld+json\" class=\"yoast-schema-graph\">{\"@context\":\"https:\\\/\\\/schema.org\",\"@graph\":[{\"@type\":\"Article\",\"@id\":\"https:\\\/\\\/gimnasticdetarragona.cat\\\/es\\\/emotiu-comiat-pel-capita-xisco-campos\\\/#article\",\"isPartOf\":{\"@id\":\"https:\\\/\\\/gimnasticdetarragona.cat\\\/es\\\/emotiu-comiat-pel-capita-xisco-campos\\\/\"},\"author\":{\"name\":\"desarrollo\",\"@id\":\"https:\\\/\\\/gimnasticdetarragona.cat\\\/es\\\/#\\\/schema\\\/person\\\/47b6a637abf88f9bd835540f20ea069e\"},\"headline\":\"Emotiva despedida del capit\u00e1n, Xisco Campos\",\"datePublished\":\"2016-07-12T16:09:40+00:00\",\"mainEntityOfPage\":{\"@id\":\"https:\\\/\\\/gimnasticdetarragona.cat\\\/es\\\/emotiu-comiat-pel-capita-xisco-campos\\\/\"},\"wordCount\":303,\"commentCount\":0,\"publisher\":{\"@id\":\"https:\\\/\\\/gimnasticdetarragona.cat\\\/es\\\/#organization\"},\"image\":{\"@id\":\"https:\\\/\\\/gimnasticdetarragona.cat\\\/es\\\/emotiu-comiat-pel-capita-xisco-campos\\\/#primaryimage\"},\"thumbnailUrl\":\"https:\\\/\\\/gimnasticdetarragona.cat\\\/wp-content\\\/uploads\\\/2022\\\/06\\\/05233933109419.jpg\",\"articleSection\":[\"Actualidad\"],\"inLanguage\":\"es\"},{\"@type\":\"WebPage\",\"@id\":\"https:\\\/\\\/gimnasticdetarragona.cat\\\/es\\\/emotiu-comiat-pel-capita-xisco-campos\\\/\",\"url\":\"https:\\\/\\\/gimnasticdetarragona.cat\\\/es\\\/emotiu-comiat-pel-capita-xisco-campos\\\/\",\"name\":\"Emotiva despedida del capit\u00e1n, Xisco Campos - Gimn\u00e0stic de Tarragona SAD\",\"isPartOf\":{\"@id\":\"https:\\\/\\\/gimnasticdetarragona.cat\\\/es\\\/#website\"},\"primaryImageOfPage\":{\"@id\":\"https:\\\/\\\/gimnasticdetarragona.cat\\\/es\\\/emotiu-comiat-pel-capita-xisco-campos\\\/#primaryimage\"},\"image\":{\"@id\":\"https:\\\/\\\/gimnasticdetarragona.cat\\\/es\\\/emotiu-comiat-pel-capita-xisco-campos\\\/#primaryimage\"},\"thumbnailUrl\":\"https:\\\/\\\/gimnasticdetarragona.cat\\\/wp-content\\\/uploads\\\/2022\\\/06\\\/05233933109419.jpg\",\"datePublished\":\"2016-07-12T16:09:40+00:00\",\"breadcrumb\":{\"@id\":\"https:\\\/\\\/gimnasticdetarragona.cat\\\/es\\\/emotiu-comiat-pel-capita-xisco-campos\\\/#breadcrumb\"},\"inLanguage\":\"es\",\"potentialAction\":[{\"@type\":\"ReadAction\",\"target\":[\"https:\\\/\\\/gimnasticdetarragona.cat\\\/es\\\/emotiu-comiat-pel-capita-xisco-campos\\\/\"]}]},{\"@type\":\"ImageObject\",\"inLanguage\":\"es\",\"@id\":\"https:\\\/\\\/gimnasticdetarragona.cat\\\/es\\\/emotiu-comiat-pel-capita-xisco-campos\\\/#primaryimage\",\"url\":\"https:\\\/\\\/gimnasticdetarragona.cat\\\/wp-content\\\/uploads\\\/2022\\\/06\\\/05233933109419.jpg\",\"contentUrl\":\"https:\\\/\\\/gimnasticdetarragona.cat\\\/wp-content\\\/uploads\\\/2022\\\/06\\\/05233933109419.jpg\",\"width\":1200,\"height\":573},{\"@type\":\"BreadcrumbList\",\"@id\":\"https:\\\/\\\/gimnasticdetarragona.cat\\\/es\\\/emotiu-comiat-pel-capita-xisco-campos\\\/#breadcrumb\",\"itemListElement\":[{\"@type\":\"ListItem\",\"position\":1,\"name\":\"Inici\",\"item\":\"https:\\\/\\\/gimnasticdetarragona.cat\\\/es\\\/nastic\\\/\"},{\"@type\":\"ListItem\",\"position\":2,\"name\":\"Emotiva despedida del capit\u00e1n, Xisco Campos\"}]},{\"@type\":\"WebSite\",\"@id\":\"https:\\\/\\\/gimnasticdetarragona.cat\\\/es\\\/#website\",\"url\":\"https:\\\/\\\/gimnasticdetarragona.cat\\\/es\\\/\",\"name\":\"Gimn\u00e0stic de Tarragona SAD\",\"description\":\"Gimn\u00e0stic de Tarragona\",\"publisher\":{\"@id\":\"https:\\\/\\\/gimnasticdetarragona.cat\\\/es\\\/#organization\"},\"potentialAction\":[{\"@type\":\"SearchAction\",\"target\":{\"@type\":\"EntryPoint\",\"urlTemplate\":\"https:\\\/\\\/gimnasticdetarragona.cat\\\/es\\\/?s={search_term_string}\"},\"query-input\":{\"@type\":\"PropertyValueSpecification\",\"valueRequired\":true,\"valueName\":\"search_term_string\"}}],\"inLanguage\":\"es\"},{\"@type\":\"Organization\",\"@id\":\"https:\\\/\\\/gimnasticdetarragona.cat\\\/es\\\/#organization\",\"name\":\"GIMN\u00c0STIC DE TARRAGONA\",\"alternateName\":\"N\u00c0STIC\",\"url\":\"https:\\\/\\\/gimnasticdetarragona.cat\\\/es\\\/\",\"logo\":{\"@type\":\"ImageObject\",\"inLanguage\":\"es\",\"@id\":\"https:\\\/\\\/gimnasticdetarragona.cat\\\/es\\\/#\\\/schema\\\/logo\\\/image\\\/\",\"url\":\"https:\\\/\\\/gimnasticdetarragona.cat\\\/wp-content\\\/uploads\\\/2022\\\/06\\\/cropped-logo-gimnastic.png\",\"contentUrl\":\"https:\\\/\\\/gimnasticdetarragona.cat\\\/wp-content\\\/uploads\\\/2022\\\/06\\\/cropped-logo-gimnastic.png\",\"width\":224,\"height\":83,\"caption\":\"GIMN\u00c0STIC DE TARRAGONA\"},\"image\":{\"@id\":\"https:\\\/\\\/gimnasticdetarragona.cat\\\/es\\\/#\\\/schema\\\/logo\\\/image\\\/\"},\"sameAs\":[\"https:\\\/\\\/x.com\\\/NASTICTARRAGONA\",\"https:\\\/\\\/www.instagram.com\\\/nastictarragona\\\/\"]},{\"@type\":\"Person\",\"@id\":\"https:\\\/\\\/gimnasticdetarragona.cat\\\/es\\\/#\\\/schema\\\/person\\\/47b6a637abf88f9bd835540f20ea069e\",\"name\":\"desarrollo\",\"sameAs\":[\"https:\\\/\\\/clone.gimnasticdetarragona.cat\"]}]}<\/script>\n<!-- \/ Yoast SEO plugin. -->","yoast_head_json":{"title":"Emotiva despedida del capit\u00e1n, Xisco Campos - Gimn\u00e0stic de Tarragona SAD","robots":{"index":"index","follow":"follow","max-snippet":"max-snippet:-1","max-image-preview":"max-image-preview:large","max-video-preview":"max-video-preview:-1"},"canonical":"https:\/\/gimnasticdetarragona.cat\/es\/emotiu-comiat-pel-capita-xisco-campos\/","og_locale":"es_ES","og_type":"article","og_title":"Emotiva despedida del capit\u00e1n, Xisco Campos - Gimn\u00e0stic de Tarragona SAD","og_description":"El hasta ahora capit\u00e1n del N\u00e0stic, Xisco Campos, se ha despedido de la afici\u00f3n despu\u00e9s de 6 temporadas vistiendo la camiseta grana","og_url":"https:\/\/gimnasticdetarragona.cat\/es\/emotiu-comiat-pel-capita-xisco-campos\/","og_site_name":"Gimn\u00e0stic de Tarragona SAD","article_published_time":"2016-07-12T16:09:40+00:00","og_image":[{"width":1200,"height":573,"url":"https:\/\/gimnasticdetarragona.cat\/wp-content\/uploads\/2022\/06\/05233933109419.jpg","type":"image\/jpeg"}],"author":"desarrollo","twitter_card":"summary_large_image","twitter_creator":"@NASTICTARRAGONA","twitter_site":"@NASTICTARRAGONA","twitter_misc":{"Escrito por":"desarrollo","Tiempo de lectura":"1 minuto"},"schema":{"@context":"https:\/\/schema.org","@graph":[{"@type":"Article","@id":"https:\/\/gimnasticdetarragona.cat\/es\/emotiu-comiat-pel-capita-xisco-campos\/#article","isPartOf":{"@id":"https:\/\/gimnasticdetarragona.cat\/es\/emotiu-comiat-pel-capita-xisco-campos\/"},"author":{"name":"desarrollo","@id":"https:\/\/gimnasticdetarragona.cat\/es\/#\/schema\/person\/47b6a637abf88f9bd835540f20ea069e"},"headline":"Emotiva despedida del capit\u00e1n, Xisco Campos","datePublished":"2016-07-12T16:09:40+00:00","mainEntityOfPage":{"@id":"https:\/\/gimnasticdetarragona.cat\/es\/emotiu-comiat-pel-capita-xisco-campos\/"},"wordCount":303,"commentCount":0,"publisher":{"@id":"https:\/\/gimnasticdetarragona.cat\/es\/#organization"},"image":{"@id":"https:\/\/gimnasticdetarragona.cat\/es\/emotiu-comiat-pel-capita-xisco-campos\/#primaryimage"},"thumbnailUrl":"https:\/\/gimnasticdetarragona.cat\/wp-content\/uploads\/2022\/06\/05233933109419.jpg","articleSection":["Actualidad"],"inLanguage":"es"},{"@type":"WebPage","@id":"https:\/\/gimnasticdetarragona.cat\/es\/emotiu-comiat-pel-capita-xisco-campos\/","url":"https:\/\/gimnasticdetarragona.cat\/es\/emotiu-comiat-pel-capita-xisco-campos\/","name":"Emotiva despedida del capit\u00e1n, Xisco Campos - Gimn\u00e0stic de Tarragona SAD","isPartOf":{"@id":"https:\/\/gimnasticdetarragona.cat\/es\/#website"},"primaryImageOfPage":{"@id":"https:\/\/gimnasticdetarragona.cat\/es\/emotiu-comiat-pel-capita-xisco-campos\/#primaryimage"},"image":{"@id":"https:\/\/gimnasticdetarragona.cat\/es\/emotiu-comiat-pel-capita-xisco-campos\/#primaryimage"},"thumbnailUrl":"https:\/\/gimnasticdetarragona.cat\/wp-content\/uploads\/2022\/06\/05233933109419.jpg","datePublished":"2016-07-12T16:09:40+00:00","breadcrumb":{"@id":"https:\/\/gimnasticdetarragona.cat\/es\/emotiu-comiat-pel-capita-xisco-campos\/#breadcrumb"},"inLanguage":"es","potentialAction":[{"@type":"ReadAction","target":["https:\/\/gimnasticdetarragona.cat\/es\/emotiu-comiat-pel-capita-xisco-campos\/"]}]},{"@type":"ImageObject","inLanguage":"es","@id":"https:\/\/gimnasticdetarragona.cat\/es\/emotiu-comiat-pel-capita-xisco-campos\/#primaryimage","url":"https:\/\/gimnasticdetarragona.cat\/wp-content\/uploads\/2022\/06\/05233933109419.jpg","contentUrl":"https:\/\/gimnasticdetarragona.cat\/wp-content\/uploads\/2022\/06\/05233933109419.jpg","width":1200,"height":573},{"@type":"BreadcrumbList","@id":"https:\/\/gimnasticdetarragona.cat\/es\/emotiu-comiat-pel-capita-xisco-campos\/#breadcrumb","itemListElement":[{"@type":"ListItem","position":1,"name":"Inici","item":"https:\/\/gimnasticdetarragona.cat\/es\/nastic\/"},{"@type":"ListItem","position":2,"name":"Emotiva despedida del capit\u00e1n, Xisco Campos"}]},{"@type":"WebSite","@id":"https:\/\/gimnasticdetarragona.cat\/es\/#website","url":"https:\/\/gimnasticdetarragona.cat\/es\/","name":"Gimn\u00e0stic de Tarragona SAD","description":"Gimn\u00e0stic de Tarragona","publisher":{"@id":"https:\/\/gimnasticdetarragona.cat\/es\/#organization"},"potentialAction":[{"@type":"SearchAction","target":{"@type":"EntryPoint","urlTemplate":"https:\/\/gimnasticdetarragona.cat\/es\/?s={search_term_string}"},"query-input":{"@type":"PropertyValueSpecification","valueRequired":true,"valueName":"search_term_string"}}],"inLanguage":"es"},{"@type":"Organization","@id":"https:\/\/gimnasticdetarragona.cat\/es\/#organization","name":"GIMN\u00c0STIC DE TARRAGONA","alternateName":"N\u00c0STIC","url":"https:\/\/gimnasticdetarragona.cat\/es\/","logo":{"@type":"ImageObject","inLanguage":"es","@id":"https:\/\/gimnasticdetarragona.cat\/es\/#\/schema\/logo\/image\/","url":"https:\/\/gimnasticdetarragona.cat\/wp-content\/uploads\/2022\/06\/cropped-logo-gimnastic.png","contentUrl":"https:\/\/gimnasticdetarragona.cat\/wp-content\/uploads\/2022\/06\/cropped-logo-gimnastic.png","width":224,"height":83,"caption":"GIMN\u00c0STIC DE TARRAGONA"},"image":{"@id":"https:\/\/gimnasticdetarragona.cat\/es\/#\/schema\/logo\/image\/"},"sameAs":["https:\/\/x.com\/NASTICTARRAGONA","https:\/\/www.instagram.com\/nastictarragona\/"]},{"@type":"Person","@id":"https:\/\/gimnasticdetarragona.cat\/es\/#\/schema\/person\/47b6a637abf88f9bd835540f20ea069e","name":"desarrollo","sameAs":["https:\/\/clone.gimnasticdetarragona.cat"]}]}},"_links":{"self":[{"href":"https:\/\/gimnasticdetarragona.cat\/es\/wp-json\/wp\/v2\/posts\/61191","targetHints":{"allow":["GET"]}}],"collection":[{"href":"https:\/\/gimnasticdetarragona.cat\/es\/wp-json\/wp\/v2\/posts"}],"about":[{"href":"https:\/\/gimnasticdetarragona.cat\/es\/wp-json\/wp\/v2\/types\/post"}],"author":[{"embeddable":true,"href":"https:\/\/gimnasticdetarragona.cat\/es\/wp-json\/wp\/v2\/users\/1"}],"replies":[{"embeddable":true,"href":"https:\/\/gimnasticdetarragona.cat\/es\/wp-json\/wp\/v2\/comments?post=61191"}],"version-history":[{"count":0,"href":"https:\/\/gimnasticdetarragona.cat\/es\/wp-json\/wp\/v2\/posts\/61191\/revisions"}],"wp:featuredmedia":[{"embeddable":true,"href":"https:\/\/gimnasticdetarragona.cat\/es\/wp-json\/wp\/v2\/media\/61188"}],"wp:attachment":[{"href":"https:\/\/gimnasticdetarragona.cat\/es\/wp-json\/wp\/v2\/media?parent=61191"}],"wp:term":[{"taxonomy":"category","embeddable":true,"href":"https:\/\/gimnasticdetarragona.cat\/es\/wp-json\/wp\/v2\/categories?post=61191"},{"taxonomy":"post_tag","embeddable":true,"href":"https:\/\/gimnasticdetarragona.cat\/es\/wp-json\/wp\/v2\/tags?post=61191"}],"curies":[{"name":"wp","href":"https:\/\/api.w.org\/{rel}","templated":true}]}}